{"id":33801,"date":"2026-03-27T10:14:49","date_gmt":"2026-03-27T10:14:49","guid":{"rendered":"https:\/\/szekacs.lutheran.hu\/iskola\/?p=33801"},"modified":"2026-03-27T10:14:49","modified_gmt":"2026-03-27T10:14:49","slug":"szekacs-verseny-2026","status":"publish","type":"post","link":"https:\/\/szekacs.lutheran.hu\/iskola\/szekacs-verseny-2026\/","title":{"rendered":"Sz\u00e9k\u00e1cs versenyek zajlottak"},"content":{"rendered":"<p>Az iskola n\u00e9vad\u00f3j\u00e1hoz k\u00f6t\u0151d\u0151 Sz\u00e9k\u00e1cs-h\u00e9ten zajlottak ebben az esztend\u0151ben is a Sz\u00e9k\u00e1cs tanulm\u00e1nyi versenyek.<\/p>\n<p>Nagyon sok ter\u00fcleten m\u00e9rett\u00e9k meg magukat di\u00e1kjaink, itt vannak az eredm\u00e9nyek:<\/p>\n<p><u>ANGOL RAJZVERSENY<\/u><\/p>\n<p><strong>1. \u00e9vfolyam<\/strong><\/p>\n<ol>\n<li>Liziczai No\u00e9mi &#8211; 1.b<\/li>\n<li>P\u00e1ger Erik &#8211; 1.b<\/li>\n<li>P\u00e1ger Norman &#8211; 1.a<\/li>\n<\/ol>\n<p><strong>2. \u00e9vfolyam<\/strong><\/p>\n<ol>\n<li>Bar\u00e1k Bernadett &#8211; 2.b<\/li>\n<li>Fazekas Natasa Mira &#8211; 2.a<\/li>\n<li>Skita Dia Rebeka &#8211; 2.a<\/li>\n<\/ol>\n<p><strong>3. \u00e9vfolyam<\/strong><\/p>\n<ol>\n<li>Somogyi Nat\u00e1lia &#8211; 3.a<\/li>\n<li>M\u00e1k Mil\u00e9na &#8211; 3.a<\/li>\n<\/ol>\n<p><strong>4. \u00e9vfolyam<\/strong><\/p>\n<ol>\n<li>Tompa Bogl\u00e1rka &#8211; 4.a<\/li>\n<li>Kov\u00e1cs Mira &#8211; 4.a<\/li>\n<li>K\u00e1lm\u00e1n R\u00f3za Anna &#8211; 4.a \u00e9s Kov\u00e1cs Mira Csilla &#8211; 4.b<\/li>\n<\/ol>\n<p>&nbsp;<\/p>\n<p><u>ANGOL VERSMOND\u00d3 VERSENY<\/u><\/p>\n<p><strong>2. \u00e9vfolyam<\/strong><\/p>\n<ol>\n<li>Skita Dia Rebeka &#8211; 2.a<\/li>\n<li>Nassif Benedek &#8211; 2.b<\/li>\n<li>Jani Zsanna &#8211; 2.a<\/li>\n<\/ol>\n<p><strong>3. \u00e9vfolyam<\/strong><\/p>\n<ol>\n<li>Herczeg Lara &#8211; 3.a<\/li>\n<li>Marcs\u00f3 Luca &#8211; 3.a<\/li>\n<li>Rosta Levente &#8211; 3.b<\/li>\n<\/ol>\n<p><strong>4. \u00e9vfolyam<\/strong><\/p>\n<ol>\n<li>Farag\u00f3 Csongor &#8211; 4.b<\/li>\n<li>Kov\u00e1cs Zente P\u00e9ter &#8211; 4.a<\/li>\n<li>Vincze Oliv\u00e9r \u2013 4.c<\/li>\n<\/ol>\n<p>&nbsp;<\/p>\n<p><u>MATEMATIKAVERSENY<\/u><\/p>\n<p><strong>3. \u00e9vfolyam<\/strong><\/p>\n<ol>\n<li>Szab\u00f3 Em\u00edlia &#8211; 3.b<\/li>\n<li>K\u00e1d\u00e1r Levente &#8211; 3.c<\/li>\n<li>Heged\u0171s Bence &#8211; 3.b<\/li>\n<\/ol>\n<p><strong>4. \u00e9vfolyam<\/strong><\/p>\n<ol>\n<li>Jani Luca &#8211; 4.a<\/li>\n<li>Tar Kira Tiara &#8211; 4.c<\/li>\n<li>Sarkadi Egon &#8211; 4.b<\/li>\n<\/ol>\n<p>&nbsp;<\/p>\n<p><u>KOR\u00c1L\u00c9NEKL\u00c9SI VERSENY<\/u><\/p>\n<p><strong>3. \u00e9vfolyam<\/strong><\/p>\n<p>2. Vild Anna &#8211; 3.b \u00e9s Malatinszky Dorka &#8211; 3.b<\/p>\n<p><strong>4. \u00e9vfolyam<\/strong><\/p>\n<ol>\n<li>D\u00e9nes Gerg\u0151 &#8211; 4.b<\/li>\n<li>K\u00e1lm\u00e1n R\u00f3za Anna &#8211; 4.a<\/li>\n<li>Tompa Nikolett Ilona &#8211; 4.a<\/li>\n<\/ol>\n<p><strong>5-6. \u00e9vfolyam<\/strong><\/p>\n<ol>\n<li>H\u00e9jja Izabella &#8211; 5.b \u00e9s K\u00f3ti Dorina &#8211; 6.b<\/li>\n<li>Skorka L\u00e1szl\u00f3 \u2013 5.b<\/li>\n<li>Horv\u00e1th Anna \u2013 6.b<\/li>\n<\/ol>\n<p><strong>7. \u00e9vfolyam<\/strong><\/p>\n<p>2. Papp Csenge &#8211; 7.a \u00e9s Sz\u0151ke Anna Katalin &#8211; 7.a<\/p>\n<p>&nbsp;<\/p>\n<p><u>\u00cdR\u00c1S-HELYES\u00cdR\u00c1S VERSENY<\/u><\/p>\n<p><strong>1. \u00e9vfolyam<\/strong><\/p>\n<ol>\n<li>S\u00e1ndor Adelin &#8211; 1.a \u00e9s Kov\u00e1cs Lili &#8211; 1.a<\/li>\n<li>M\u00e1t\u00e9 Kriszti\u00e1n &#8211; 1.b<\/li>\n<li>Fodor Gr\u00e9ta &#8211; 1.b<\/li>\n<\/ol>\n<p><strong>\u00a02. <\/strong><strong>\u00e9vfolyam<\/strong><\/p>\n<ol>\n<li>Bar\u00e1k Bernadett &#8211; 2.b<\/li>\n<li>Skita Dia Rebeka &#8211; 2.a<\/li>\n<li>\u00a0Fazekas Natasa Mira &#8211; 2.a \u00e9s Gyarmati Zs\u00f3fia &#8211; 2.b \u00e9s Molin Simon &#8211; 2.c<\/li>\n<\/ol>\n<p><strong>3. \u00e9vfolyam<\/strong><\/p>\n<ol>\n<li>Szab\u00f3 Em\u00edlia &#8211; 3.b<\/li>\n<li>T\u00f3th Lilien &#8211; 3.a<\/li>\n<li>Szuromi Zsolt &#8211; 3.a<\/li>\n<\/ol>\n<p><strong>4. \u00e9vfolyam<\/strong><\/p>\n<ol>\n<li>Podmaniczki Frigyes &#8211; 4.a<\/li>\n<li>Domsik L\u00e1szl\u00f3 P\u00e9ter &#8211; 4.c<\/li>\n<li>Jani Luca &#8211; 4.a<\/li>\n<\/ol>\n<p><u>\u00c9NEKVERSENY <\/u><\/p>\n<p><strong>3. \u00e9vfolyam<\/strong><\/p>\n<ol>\n<li>T\u00f3th Lilien &#8211; 3.a<\/li>\n<li>P\u00e9ter Marcell &#8211; 3.b<\/li>\n<li>R\u00e1cz L\u00e1szl\u00f3 &#8211; 3.b<\/li>\n<\/ol>\n<p><strong>4. \u00e9vfolyam <\/strong><\/p>\n<ol>\n<li>Darabont M\u00e1rk &#8211; 4.a \u00e9s Tompa S\u00e1ra &#8211; 4.c<\/li>\n<li>D\u00e9nes Gerg\u0151 &#8211; 4.b \u00e9s T\u00f3th Hannah &#8211; 4.a<\/li>\n<li>Domsik L\u00e1szl\u00f3 &#8211; 4.c<\/li>\n<\/ol>\n<p><a href=\"https:\/\/szekacs.lutheran.hu\/iskola\/wp-content\/uploads\/2026\/03\/Szekacs-1.jpg\"><img loading=\"lazy\" decoding=\"async\" class=\"alignleft size-medium wp-image-33802\" src=\"https:\/\/szekacs.lutheran.hu\/iskola\/wp-content\/uploads\/2026\/03\/Szekacs-1-300x225.jpg\" alt=\"\" width=\"300\" height=\"225\" srcset=\"https:\/\/szekacs.lutheran.hu\/iskola\/wp-content\/uploads\/2026\/03\/Szekacs-1-300x225.jpg 300w, https:\/\/szekacs.lutheran.hu\/iskola\/wp-content\/uploads\/2026\/03\/Szekacs-1-1024x768.jpg 1024w, https:\/\/szekacs.lutheran.hu\/iskola\/wp-content\/uploads\/2026\/03\/Szekacs-1-768x576.jpg 768w, https:\/\/szekacs.lutheran.hu\/iskola\/wp-content\/uploads\/2026\/03\/Szekacs-1-1536x1152.jpg 1536w, https:\/\/szekacs.lutheran.hu\/iskola\/wp-content\/uploads\/2026\/03\/Szekacs-1-580x435.jpg 580w, https:\/\/szekacs.lutheran.hu\/iskola\/wp-content\/uploads\/2026\/03\/Szekacs-1-860x645.jpg 860w, https:\/\/szekacs.lutheran.hu\/iskola\/wp-content\/uploads\/2026\/03\/Szekacs-1-1160x870.jpg 1160w, https:\/\/szekacs.lutheran.hu\/iskola\/wp-content\/uploads\/2026\/03\/Szekacs-1-1320x990.jpg 1320w, https:\/\/szekacs.lutheran.hu\/iskola\/wp-content\/uploads\/2026\/03\/Szekacs-1.jpg 2048w\" sizes=\"auto, (max-width: 300px) 100vw, 300px\" \/><\/a> <a href=\"https:\/\/szekacs.lutheran.hu\/iskola\/wp-content\/uploads\/2026\/03\/Szekacs-2.jpg\"><img loading=\"lazy\" decoding=\"async\" class=\"alignleft size-medium wp-image-33803\" src=\"https:\/\/szekacs.lutheran.hu\/iskola\/wp-content\/uploads\/2026\/03\/Szekacs-2-300x225.jpg\" alt=\"\" width=\"300\" height=\"225\" srcset=\"https:\/\/szekacs.lutheran.hu\/iskola\/wp-content\/uploads\/2026\/03\/Szekacs-2-300x225.jpg 300w, https:\/\/szekacs.lutheran.hu\/iskola\/wp-content\/uploads\/2026\/03\/Szekacs-2-1024x768.jpg 1024w, https:\/\/szekacs.lutheran.hu\/iskola\/wp-content\/uploads\/2026\/03\/Szekacs-2-768x576.jpg 768w, https:\/\/szekacs.lutheran.hu\/iskola\/wp-content\/uploads\/2026\/03\/Szekacs-2-1536x1152.jpg 1536w, https:\/\/szekacs.lutheran.hu\/iskola\/wp-content\/uploads\/2026\/03\/Szekacs-2-580x435.jpg 580w, https:\/\/szekacs.lutheran.hu\/iskola\/wp-content\/uploads\/2026\/03\/Szekacs-2-860x645.jpg 860w, https:\/\/szekacs.lutheran.hu\/iskola\/wp-content\/uploads\/2026\/03\/Szekacs-2-1160x870.jpg 1160w, https:\/\/szekacs.lutheran.hu\/iskola\/wp-content\/uploads\/2026\/03\/Szekacs-2-1320x990.jpg 1320w, https:\/\/szekacs.lutheran.hu\/iskola\/wp-content\/uploads\/2026\/03\/Szekacs-2.jpg 2048w\" sizes=\"auto, (max-width: 300px) 100vw, 300px\" \/><\/a><\/p>\n<p>&nbsp;<\/p>\n","protected":false},"excerpt":{"rendered":"<p>Az iskola n\u00e9vad\u00f3j\u00e1hoz k\u00f6t\u0151d\u0151 Sz\u00e9k\u00e1cs-h\u00e9ten zajlottak ebben az esztend\u0151ben is a Sz\u00e9k\u00e1cs tanulm\u00e1nyi versenyek. Nagyon sok ter\u00fcleten m\u00e9rett\u00e9k meg magukat&#8230;<\/p>\n","protected":false},"author":1,"featured_media":33804,"comment_status":"closed","ping_status":"closed","sticky":false,"template":"","format":"standard","meta":{"footnotes":""},"categories":[42,43],"tags":[],"class_list":["post-33801","post","type-post","status-publish","format-standard","has-post-thumbnail","hentry","category-aktualis","category-iskolai-elet"],"yoast_head":"<!-- This site is optimized with the Yoast SEO plugin v26.2 - https:\/\/yoast.com\/wordpress\/plugins\/seo\/ -->\n<title>Sz\u00e9k\u00e1cs versenyek zajlottak - Sz\u00e9k\u00e1cs J\u00f3zsef Evang\u00e9likus \u00d3voda, \u00c1ltal\u00e1nos Iskola \u00e9s Gimn\u00e1zium<\/title>\n<meta name=\"robots\" content=\"index, follow, max-snippet:-1, max-image-preview:large, max-video-preview:-1\" \/>\n<link rel=\"canonical\" href=\"https:\/\/szekacs.lutheran.hu\/iskola\/szekacs-verseny-2026\/\" \/>\n<meta property=\"og:locale\" content=\"hu_HU\" \/>\n<meta property=\"og:type\" content=\"article\" \/>\n<meta property=\"og:title\" content=\"Sz\u00e9k\u00e1cs versenyek zajlottak - Sz\u00e9k\u00e1cs J\u00f3zsef Evang\u00e9likus \u00d3voda, \u00c1ltal\u00e1nos Iskola \u00e9s Gimn\u00e1zium\" \/>\n<meta property=\"og:description\" content=\"Az iskola n\u00e9vad\u00f3j\u00e1hoz k\u00f6t\u0151d\u0151 Sz\u00e9k\u00e1cs-h\u00e9ten zajlottak ebben az esztend\u0151ben is a Sz\u00e9k\u00e1cs tanulm\u00e1nyi versenyek. Nagyon sok ter\u00fcleten m\u00e9rett\u00e9k meg magukat...\" \/>\n<meta property=\"og:url\" content=\"https:\/\/szekacs.lutheran.hu\/iskola\/szekacs-verseny-2026\/\" \/>\n<meta property=\"og:site_name\" content=\"Sz\u00e9k\u00e1cs J\u00f3zsef Evang\u00e9likus \u00d3voda, \u00c1ltal\u00e1nos Iskola \u00e9s Gimn\u00e1zium\" \/>\n<meta property=\"article:published_time\" content=\"2026-03-27T10:14:49+00:00\" \/>\n<meta property=\"og:image\" content=\"https:\/\/szekacs.lutheran.hu\/iskola\/wp-content\/uploads\/2026\/03\/Sz-T-V.jpg\" \/>\n\t<meta property=\"og:image:width\" content=\"1280\" \/>\n\t<meta property=\"og:image:height\" content=\"720\" \/>\n\t<meta property=\"og:image:type\" content=\"image\/jpeg\" \/>\n<meta name=\"author\" content=\"admin\" \/>\n<meta name=\"twitter:card\" content=\"summary_large_image\" \/>\n<meta name=\"twitter:label1\" content=\"Szerz\u0151:\" \/>\n\t<meta name=\"twitter:data1\" content=\"admin\" \/>\n\t<meta name=\"twitter:label2\" content=\"Becs\u00fclt olvas\u00e1si id\u0151\" \/>\n\t<meta name=\"twitter:data2\" content=\"3 perc\" \/>\n<script type=\"application\/ld+json\" class=\"yoast-schema-graph\">{\"@context\":\"https:\/\/schema.org\",\"@graph\":[{\"@type\":\"WebPage\",\"@id\":\"https:\/\/szekacs.lutheran.hu\/iskola\/szekacs-verseny-2026\/\",\"url\":\"https:\/\/szekacs.lutheran.hu\/iskola\/szekacs-verseny-2026\/\",\"name\":\"Sz\u00e9k\u00e1cs versenyek zajlottak - Sz\u00e9k\u00e1cs J\u00f3zsef Evang\u00e9likus \u00d3voda, \u00c1ltal\u00e1nos Iskola \u00e9s Gimn\u00e1zium\",\"isPartOf\":{\"@id\":\"https:\/\/szekacs.lutheran.hu\/iskola\/#website\"},\"primaryImageOfPage\":{\"@id\":\"https:\/\/szekacs.lutheran.hu\/iskola\/szekacs-verseny-2026\/#primaryimage\"},\"image\":{\"@id\":\"https:\/\/szekacs.lutheran.hu\/iskola\/szekacs-verseny-2026\/#primaryimage\"},\"thumbnailUrl\":\"https:\/\/szekacs.lutheran.hu\/iskola\/wp-content\/uploads\/2026\/03\/Sz-T-V.jpg\",\"datePublished\":\"2026-03-27T10:14:49+00:00\",\"author\":{\"@id\":\"https:\/\/szekacs.lutheran.hu\/iskola\/#\/schema\/person\/c2ed2e14631babb098c586494bc7d5df\"},\"breadcrumb\":{\"@id\":\"https:\/\/szekacs.lutheran.hu\/iskola\/szekacs-verseny-2026\/#breadcrumb\"},\"inLanguage\":\"hu\",\"potentialAction\":[{\"@type\":\"ReadAction\",\"target\":[\"https:\/\/szekacs.lutheran.hu\/iskola\/szekacs-verseny-2026\/\"]}]},{\"@type\":\"ImageObject\",\"inLanguage\":\"hu\",\"@id\":\"https:\/\/szekacs.lutheran.hu\/iskola\/szekacs-verseny-2026\/#primaryimage\",\"url\":\"https:\/\/szekacs.lutheran.hu\/iskola\/wp-content\/uploads\/2026\/03\/Sz-T-V.jpg\",\"contentUrl\":\"https:\/\/szekacs.lutheran.hu\/iskola\/wp-content\/uploads\/2026\/03\/Sz-T-V.jpg\",\"width\":1280,\"height\":720},{\"@type\":\"BreadcrumbList\",\"@id\":\"https:\/\/szekacs.lutheran.hu\/iskola\/szekacs-verseny-2026\/#breadcrumb\",\"itemListElement\":[{\"@type\":\"ListItem\",\"position\":1,\"name\":\"Home\",\"item\":\"https:\/\/szekacs.lutheran.hu\/iskola\/\"},{\"@type\":\"ListItem\",\"position\":2,\"name\":\"Sz\u00e9k\u00e1cs versenyek zajlottak\"}]},{\"@type\":\"WebSite\",\"@id\":\"https:\/\/szekacs.lutheran.hu\/iskola\/#website\",\"url\":\"https:\/\/szekacs.lutheran.hu\/iskola\/\",\"name\":\"Sz\u00e9k\u00e1cs J\u00f3zsef Evang\u00e9likus \u00d3voda, \u00c1ltal\u00e1nos Iskola \u00e9s Gimn\u00e1zium\",\"description\":\"\",\"potentialAction\":[{\"@type\":\"SearchAction\",\"target\":{\"@type\":\"EntryPoint\",\"urlTemplate\":\"https:\/\/szekacs.lutheran.hu\/iskola\/?s={search_term_string}\"},\"query-input\":{\"@type\":\"PropertyValueSpecification\",\"valueRequired\":true,\"valueName\":\"search_term_string\"}}],\"inLanguage\":\"hu\"},{\"@type\":\"Person\",\"@id\":\"https:\/\/szekacs.lutheran.hu\/iskola\/#\/schema\/person\/c2ed2e14631babb098c586494bc7d5df\",\"name\":\"admin\",\"image\":{\"@type\":\"ImageObject\",\"inLanguage\":\"hu\",\"@id\":\"https:\/\/szekacs.lutheran.hu\/iskola\/#\/schema\/person\/image\/\",\"url\":\"https:\/\/secure.gravatar.com\/avatar\/2d9a947cd9a162ca4e5eb73e817e43edd8dcbc6e501b39fb999fb53d65e181f4?s=96&d=mm&r=g\",\"contentUrl\":\"https:\/\/secure.gravatar.com\/avatar\/2d9a947cd9a162ca4e5eb73e817e43edd8dcbc6e501b39fb999fb53d65e181f4?s=96&d=mm&r=g\",\"caption\":\"admin\"},\"url\":\"https:\/\/szekacs.lutheran.hu\/iskola\/author\/admin\/\"}]}<\/script>\n<!-- \/ Yoast SEO plugin. -->","yoast_head_json":{"title":"Sz\u00e9k\u00e1cs versenyek zajlottak - Sz\u00e9k\u00e1cs J\u00f3zsef Evang\u00e9likus \u00d3voda, \u00c1ltal\u00e1nos Iskola \u00e9s Gimn\u00e1zium","robots":{"index":"index","follow":"follow","max-snippet":"max-snippet:-1","max-image-preview":"max-image-preview:large","max-video-preview":"max-video-preview:-1"},"canonical":"https:\/\/szekacs.lutheran.hu\/iskola\/szekacs-verseny-2026\/","og_locale":"hu_HU","og_type":"article","og_title":"Sz\u00e9k\u00e1cs versenyek zajlottak - Sz\u00e9k\u00e1cs J\u00f3zsef Evang\u00e9likus \u00d3voda, \u00c1ltal\u00e1nos Iskola \u00e9s Gimn\u00e1zium","og_description":"Az iskola n\u00e9vad\u00f3j\u00e1hoz k\u00f6t\u0151d\u0151 Sz\u00e9k\u00e1cs-h\u00e9ten zajlottak ebben az esztend\u0151ben is a Sz\u00e9k\u00e1cs tanulm\u00e1nyi versenyek. Nagyon sok ter\u00fcleten m\u00e9rett\u00e9k meg magukat...","og_url":"https:\/\/szekacs.lutheran.hu\/iskola\/szekacs-verseny-2026\/","og_site_name":"Sz\u00e9k\u00e1cs J\u00f3zsef Evang\u00e9likus \u00d3voda, \u00c1ltal\u00e1nos Iskola \u00e9s Gimn\u00e1zium","article_published_time":"2026-03-27T10:14:49+00:00","og_image":[{"width":1280,"height":720,"url":"https:\/\/szekacs.lutheran.hu\/iskola\/wp-content\/uploads\/2026\/03\/Sz-T-V.jpg","type":"image\/jpeg"}],"author":"admin","twitter_card":"summary_large_image","twitter_misc":{"Szerz\u0151:":"admin","Becs\u00fclt olvas\u00e1si id\u0151":"3 perc"},"schema":{"@context":"https:\/\/schema.org","@graph":[{"@type":"WebPage","@id":"https:\/\/szekacs.lutheran.hu\/iskola\/szekacs-verseny-2026\/","url":"https:\/\/szekacs.lutheran.hu\/iskola\/szekacs-verseny-2026\/","name":"Sz\u00e9k\u00e1cs versenyek zajlottak - Sz\u00e9k\u00e1cs J\u00f3zsef Evang\u00e9likus \u00d3voda, \u00c1ltal\u00e1nos Iskola \u00e9s Gimn\u00e1zium","isPartOf":{"@id":"https:\/\/szekacs.lutheran.hu\/iskola\/#website"},"primaryImageOfPage":{"@id":"https:\/\/szekacs.lutheran.hu\/iskola\/szekacs-verseny-2026\/#primaryimage"},"image":{"@id":"https:\/\/szekacs.lutheran.hu\/iskola\/szekacs-verseny-2026\/#primaryimage"},"thumbnailUrl":"https:\/\/szekacs.lutheran.hu\/iskola\/wp-content\/uploads\/2026\/03\/Sz-T-V.jpg","datePublished":"2026-03-27T10:14:49+00:00","author":{"@id":"https:\/\/szekacs.lutheran.hu\/iskola\/#\/schema\/person\/c2ed2e14631babb098c586494bc7d5df"},"breadcrumb":{"@id":"https:\/\/szekacs.lutheran.hu\/iskola\/szekacs-verseny-2026\/#breadcrumb"},"inLanguage":"hu","potentialAction":[{"@type":"ReadAction","target":["https:\/\/szekacs.lutheran.hu\/iskola\/szekacs-verseny-2026\/"]}]},{"@type":"ImageObject","inLanguage":"hu","@id":"https:\/\/szekacs.lutheran.hu\/iskola\/szekacs-verseny-2026\/#primaryimage","url":"https:\/\/szekacs.lutheran.hu\/iskola\/wp-content\/uploads\/2026\/03\/Sz-T-V.jpg","contentUrl":"https:\/\/szekacs.lutheran.hu\/iskola\/wp-content\/uploads\/2026\/03\/Sz-T-V.jpg","width":1280,"height":720},{"@type":"BreadcrumbList","@id":"https:\/\/szekacs.lutheran.hu\/iskola\/szekacs-verseny-2026\/#breadcrumb","itemListElement":[{"@type":"ListItem","position":1,"name":"Home","item":"https:\/\/szekacs.lutheran.hu\/iskola\/"},{"@type":"ListItem","position":2,"name":"Sz\u00e9k\u00e1cs versenyek zajlottak"}]},{"@type":"WebSite","@id":"https:\/\/szekacs.lutheran.hu\/iskola\/#website","url":"https:\/\/szekacs.lutheran.hu\/iskola\/","name":"Sz\u00e9k\u00e1cs J\u00f3zsef Evang\u00e9likus \u00d3voda, \u00c1ltal\u00e1nos Iskola \u00e9s Gimn\u00e1zium","description":"","potentialAction":[{"@type":"SearchAction","target":{"@type":"EntryPoint","urlTemplate":"https:\/\/szekacs.lutheran.hu\/iskola\/?s={search_term_string}"},"query-input":{"@type":"PropertyValueSpecification","valueRequired":true,"valueName":"search_term_string"}}],"inLanguage":"hu"},{"@type":"Person","@id":"https:\/\/szekacs.lutheran.hu\/iskola\/#\/schema\/person\/c2ed2e14631babb098c586494bc7d5df","name":"admin","image":{"@type":"ImageObject","inLanguage":"hu","@id":"https:\/\/szekacs.lutheran.hu\/iskola\/#\/schema\/person\/image\/","url":"https:\/\/secure.gravatar.com\/avatar\/2d9a947cd9a162ca4e5eb73e817e43edd8dcbc6e501b39fb999fb53d65e181f4?s=96&d=mm&r=g","contentUrl":"https:\/\/secure.gravatar.com\/avatar\/2d9a947cd9a162ca4e5eb73e817e43edd8dcbc6e501b39fb999fb53d65e181f4?s=96&d=mm&r=g","caption":"admin"},"url":"https:\/\/szekacs.lutheran.hu\/iskola\/author\/admin\/"}]}},"_links":{"self":[{"href":"https:\/\/szekacs.lutheran.hu\/iskola\/wp-json\/wp\/v2\/posts\/33801","targetHints":{"allow":["GET"]}}],"collection":[{"href":"https:\/\/szekacs.lutheran.hu\/iskola\/wp-json\/wp\/v2\/posts"}],"about":[{"href":"https:\/\/szekacs.lutheran.hu\/iskola\/wp-json\/wp\/v2\/types\/post"}],"author":[{"embeddable":true,"href":"https:\/\/szekacs.lutheran.hu\/iskola\/wp-json\/wp\/v2\/users\/1"}],"replies":[{"embeddable":true,"href":"https:\/\/szekacs.lutheran.hu\/iskola\/wp-json\/wp\/v2\/comments?post=33801"}],"version-history":[{"count":2,"href":"https:\/\/szekacs.lutheran.hu\/iskola\/wp-json\/wp\/v2\/posts\/33801\/revisions"}],"predecessor-version":[{"id":33841,"href":"https:\/\/szekacs.lutheran.hu\/iskola\/wp-json\/wp\/v2\/posts\/33801\/revisions\/33841"}],"wp:featuredmedia":[{"embeddable":true,"href":"https:\/\/szekacs.lutheran.hu\/iskola\/wp-json\/wp\/v2\/media\/33804"}],"wp:attachment":[{"href":"https:\/\/szekacs.lutheran.hu\/iskola\/wp-json\/wp\/v2\/media?parent=33801"}],"wp:term":[{"taxonomy":"category","embeddable":true,"href":"https:\/\/szekacs.lutheran.hu\/iskola\/wp-json\/wp\/v2\/categories?post=33801"},{"taxonomy":"post_tag","embeddable":true,"href":"https:\/\/szekacs.lutheran.hu\/iskola\/wp-json\/wp\/v2\/tags?post=33801"}],"curies":[{"name":"wp","href":"https:\/\/api.w.org\/{rel}","templated":true}]}}