{"id":33761,"date":"2026-03-25T09:01:40","date_gmt":"2026-03-25T09:01:40","guid":{"rendered":"https:\/\/szekacs.lutheran.hu\/iskola\/?p=33761"},"modified":"2026-04-14T12:48:42","modified_gmt":"2026-04-14T12:48:42","slug":"szekacs-30","status":"publish","type":"post","link":"https:\/\/szekacs.lutheran.hu\/iskola\/szekacs-30\/","title":{"rendered":"Sz\u00e9k\u00e1cs 30 jubileumi nap"},"content":{"rendered":"<p>2026. m\u00e1rcius 20-\u00e1n, a Sz\u00e9k\u00e1cs-h\u00e9t lez\u00e1r\u00e1sak\u00e9nt \u00fcnnepelte a 30 \u00e9ve evang\u00e9likus egyh\u00e1zi fenntart\u00e1sban m\u0171k\u00f6d\u0151 Sz\u00e9k\u00e1cs J\u00f3zsef Evang\u00e9likus \u00d3voda, \u00c1ltal\u00e1nos Iskola \u00e9s Gimn\u00e1zium a jubileumi napj\u00e1t.<\/p>\n<p>11 \u00f3r\u00e1t\u00f3l h\u00e1laad\u00f3 istentisztelet \u00e9s \u00fcnnepi k\u00f6zgy\u0171l\u00e9s volt\u00a0az orosh\u00e1zi evang\u00e9likus templomban, ahol ig\u00e9t hirdetett Kondor P\u00e9ter p\u00fcsp\u00f6k. Ut\u00e1na \u00e1ll\u00f3fogad\u00e1sra v\u00e1rtuk a vend\u00e9geket a Hajnal \u00d3vod\u00e1ban, majd 15 \u00f3r\u00e1t\u00f3l Sz\u00e9k\u00e1cs g\u00e1la volt az iskola d\u00edszterm\u00e9ben.\u00a0A jubileumhoz kapcsol\u00f3d\u00f3an m\u00e1rcius 17-31-ig ki\u00e1ll\u00edt\u00e1s volt megtekinthet\u0151 iskol\u00e1nkban volt di\u00e1kunk, Baji Zolt\u00e1n munk\u00e1ib\u00f3l. A f\u00f6ldszinten ism\u00e9t helyet kapott az iskolat\u00f6rt\u00e9neti ki\u00e1ll\u00edt\u00e1s, Hajdu Attila tan\u00e1r \u00far gy\u0171jtem\u00e9nye.<\/p>\n<p>A h\u00e1laad\u00f3 istentiszteleten az \u00f3vod\u00e1sok m\u0171sorral k\u00f6sz\u00f6nt\u00f6tt\u00e9k az \u00fcnnepl\u0151ket, a v\u00e9g\u00e9n pedig azok \u00e1lltak ism\u00e9t az olt\u00e1r el\u00e9, akik 1996-ban, az evang\u00e9likus iskola indul\u00e1sakor is m\u00e1r itt szolg\u00e1ltak, \u00e9s \u00e1ld\u00e1sban r\u00e9szes\u00fcltek. Az igehirdet\u00e9s alapig\u00e9je ez volt: &#8222;<span id=\"vers_3\" class=\"szti_chapter__verse--row szti_style-pc\">\u00c1ldott a mi Urunk J\u00e9zus Krisztus Istene \u00e9s Atyja, aki nagy irgalm\u00e1b\u00f3l \u00fajj\u00e1sz\u00fclt minket J\u00e9zus Krisztusnak a halottak k\u00f6z\u00fcl val\u00f3 felt\u00e1mad\u00e1sa \u00e1ltal \u00e9l\u0151 rem\u00e9nys\u00e9gre.&#8221; 1P\u00e9t 1,3<\/span><\/p>\n<p>A rem\u00e9nys\u00e9g szavai sz\u00f3laltak meg az \u00fcnnepi k\u00f6zgy\u0171l\u00e9sen is, melyet Nagy R\u00f3bert f\u0151igazgat\u00f3 vezetett. A k\u00f6zgy\u0171l\u00e9sen megsz\u00f3laltak: Vajer T\u00edmea \u00f3vodavezet\u0151, R\u00e9v\u00e9sz J\u00f3zsefn\u00e9 alap\u00edt\u00f3 \u00f3vodavezet\u0151 nev\u00e9ben a l\u00e1nya (B\u00e1nkin\u00e9 R\u00e9v\u00e9sz Adrienn) olvasta fel a k\u00f6sz\u00f6nt\u0151t, Jantos Istv\u00e1nn\u00e9 alap\u00edt\u00f3 igazgat\u00f3, Laczki J\u00e1nos igazgat\u00f3 lelk\u00e9sz \u00e9s L\u00e1z\u00e1r Zsolt esperes. A lev\u00e9lben \u00e9rkezett k\u00f6sz\u00f6nt\u00e9seket Nagy R\u00f3bert olvasta fel: L\u00e1z\u00e1rn\u00e9 Skorka Katalin zsinati eln\u00f6k \u00e9s Gy\u0151ri G\u00e1bor nyugalmazott esperes, kor\u00e1bbi lelk\u00e9szek k\u00f6sz\u00f6nt\u00f6tt\u00e9k az \u00fcnnepl\u0151 gy\u00fclekezetet.<\/p>\n<p>A Sz\u00e9k\u00e1cs g\u00e1la m\u0171sora ebben az esztend\u0151ben nemcsak a jelenlegi di\u00e1kokat mutatta meg, hanem az \u00f6regdi\u00e1kok is k\u00e9pviselt\u00e9k magukat. \u0150k voltak a g\u00e1la fell\u00e9p\u0151i:<\/p>\n<p>1. Szud\u00e1r Szonja (versmond\u00e1s)<br \/>\n2. Retro Di\u00e1kzenekar (kor\u00e1bbi di\u00e1kzenekarosok)<br \/>\n3. \u00d3vodai n\u00e9pt\u00e1nccsoport<br \/>\n4. Nagy Z\u00e9t\u00e9ny (F\u00fcl\u00f6p B\u00e9la b\u00e1csi vers\u00e9t mondja)<br \/>\n5. Kunos Maja Janka (heged\u0171)<br \/>\n6. Moln\u00e1r Zs\u00f3fia (versmond\u00e1s)<br \/>\n7. Palacsik J\u00e1nos \u00e9s Nyemcsok Sarolta (zongora \u00e9s \u00e9nek)<br \/>\n8. Negyedik \u00e9vfolyam n\u00e9pt\u00e1ncosai<br \/>\n9. Bar\u00e1k J\u00e1nos (felolvas\u00e1s Sz\u00e9k\u00e1csr\u00f3l)<br \/>\n10. Gyurik Gerda (\u00e9nek)<br \/>\n11. Harmadik \u00e9vfolyamosok aerobikosai<br \/>\n12. \u00c1rusn\u00e9 Seres Angelika (\u00e9nek)<br \/>\n13. Kov\u00e1cs Lajos (versmond\u00e1s)<br \/>\n14. 7.a oszt\u00e1ly t\u00e1ncos m\u0171sora<\/p>\n<p>A g\u00e1la sor\u00e1n 4. alkalommal ker\u00fclt sor az Aranykapocs d\u00edj \u00e1tad\u00e1s\u00e1ra, ebben az \u00e9vben Bella Judit \u00f6regdi\u00e1kunk \u00e9rdemelte ki.<\/p>\n<p><a href=\"https:\/\/www.youtube.com\/live\/zmH7aRRKeRU?si=gYF7XAU_gZ8UmwI-\" target=\"_blank\" rel=\"noopener\">A teljes istentisztelet \u00e9s a k\u00f6zgy\u0171l\u00e9s visszan\u00e9zhet\u0151 a youtube-on.<\/a><\/p>\n<p><a href=\"https:\/\/www.youtube.com\/live\/zmH7aRRKeRU?si=gYF7XAU_gZ8UmwI-\" target=\"_blank\" rel=\"noopener\">Az istentiszteleten k\u00e9sz\u00fclt k\u00e9pek itt l\u00e1that\u00f3ak.<\/a><\/p>\n<p><a href=\"https:\/\/youtu.be\/oMiJXri-UvM\" target=\"_blank\" rel=\"noopener\">A Sz\u00e9k\u00e1cs g\u00e1la szerkesztett vide\u00f3felv\u00e9tele <\/a><a href=\"https:\/\/www.youtube.com\/live\/zmH7aRRKeRU?si=gYF7XAU_gZ8UmwI-\" target=\"_blank\" rel=\"noopener\">a youtube-on<\/a><a href=\"https:\/\/youtu.be\/oMiJXri-UvM\" target=\"_blank\" rel=\"noopener\"> l\u00e1that\u00f3.<\/a><\/p>\n","protected":false},"excerpt":{"rendered":"<p>2026. m\u00e1rcius 20-\u00e1n, a Sz\u00e9k\u00e1cs-h\u00e9t lez\u00e1r\u00e1sak\u00e9nt \u00fcnnepelte a 30 \u00e9ve evang\u00e9likus egyh\u00e1zi fenntart\u00e1sban m\u0171k\u00f6d\u0151 Sz\u00e9k\u00e1cs J\u00f3zsef Evang\u00e9likus \u00d3voda, \u00c1ltal\u00e1nos Iskola&#8230;<\/p>\n","protected":false},"author":1,"featured_media":33762,"comment_status":"closed","ping_status":"closed","sticky":false,"template":"","format":"standard","meta":{"footnotes":""},"categories":[42,43],"tags":[],"class_list":["post-33761","post","type-post","status-publish","format-standard","has-post-thumbnail","hentry","category-aktualis","category-iskolai-elet"],"yoast_head":"<!-- This site is optimized with the Yoast SEO plugin v26.2 - https:\/\/yoast.com\/wordpress\/plugins\/seo\/ -->\n<title>Sz\u00e9k\u00e1cs 30 jubileumi nap - Sz\u00e9k\u00e1cs J\u00f3zsef Evang\u00e9likus \u00d3voda, \u00c1ltal\u00e1nos Iskola \u00e9s Gimn\u00e1zium<\/title>\n<meta name=\"robots\" content=\"index, follow, max-snippet:-1, max-image-preview:large, max-video-preview:-1\" \/>\n<link rel=\"canonical\" href=\"https:\/\/szekacs.lutheran.hu\/iskola\/szekacs-30\/\" \/>\n<meta property=\"og:locale\" content=\"hu_HU\" \/>\n<meta property=\"og:type\" content=\"article\" \/>\n<meta property=\"og:title\" content=\"Sz\u00e9k\u00e1cs 30 jubileumi nap - Sz\u00e9k\u00e1cs J\u00f3zsef Evang\u00e9likus \u00d3voda, \u00c1ltal\u00e1nos Iskola \u00e9s Gimn\u00e1zium\" \/>\n<meta property=\"og:description\" content=\"2026. m\u00e1rcius 20-\u00e1n, a Sz\u00e9k\u00e1cs-h\u00e9t lez\u00e1r\u00e1sak\u00e9nt \u00fcnnepelte a 30 \u00e9ve evang\u00e9likus egyh\u00e1zi fenntart\u00e1sban m\u0171k\u00f6d\u0151 Sz\u00e9k\u00e1cs J\u00f3zsef Evang\u00e9likus \u00d3voda, \u00c1ltal\u00e1nos Iskola...\" \/>\n<meta property=\"og:url\" content=\"https:\/\/szekacs.lutheran.hu\/iskola\/szekacs-30\/\" \/>\n<meta property=\"og:site_name\" content=\"Sz\u00e9k\u00e1cs J\u00f3zsef Evang\u00e9likus \u00d3voda, \u00c1ltal\u00e1nos Iskola \u00e9s Gimn\u00e1zium\" \/>\n<meta property=\"article:published_time\" content=\"2026-03-25T09:01:40+00:00\" \/>\n<meta property=\"article:modified_time\" content=\"2026-04-14T12:48:42+00:00\" \/>\n<meta property=\"og:image\" content=\"https:\/\/szekacs.lutheran.hu\/iskola\/wp-content\/uploads\/2026\/03\/Meghivo-borito.png\" \/>\n\t<meta property=\"og:image:width\" content=\"516\" \/>\n\t<meta property=\"og:image:height\" content=\"202\" \/>\n\t<meta property=\"og:image:type\" content=\"image\/png\" \/>\n<meta name=\"author\" content=\"admin\" \/>\n<meta name=\"twitter:card\" content=\"summary_large_image\" \/>\n<meta name=\"twitter:label1\" content=\"Szerz\u0151:\" \/>\n\t<meta name=\"twitter:data1\" content=\"admin\" \/>\n\t<meta name=\"twitter:label2\" content=\"Becs\u00fclt olvas\u00e1si id\u0151\" \/>\n\t<meta name=\"twitter:data2\" content=\"3 perc\" \/>\n<script type=\"application\/ld+json\" class=\"yoast-schema-graph\">{\"@context\":\"https:\/\/schema.org\",\"@graph\":[{\"@type\":\"WebPage\",\"@id\":\"https:\/\/szekacs.lutheran.hu\/iskola\/szekacs-30\/\",\"url\":\"https:\/\/szekacs.lutheran.hu\/iskola\/szekacs-30\/\",\"name\":\"Sz\u00e9k\u00e1cs 30 jubileumi nap - Sz\u00e9k\u00e1cs J\u00f3zsef Evang\u00e9likus \u00d3voda, \u00c1ltal\u00e1nos Iskola \u00e9s Gimn\u00e1zium\",\"isPartOf\":{\"@id\":\"https:\/\/szekacs.lutheran.hu\/iskola\/#website\"},\"primaryImageOfPage\":{\"@id\":\"https:\/\/szekacs.lutheran.hu\/iskola\/szekacs-30\/#primaryimage\"},\"image\":{\"@id\":\"https:\/\/szekacs.lutheran.hu\/iskola\/szekacs-30\/#primaryimage\"},\"thumbnailUrl\":\"https:\/\/szekacs.lutheran.hu\/iskola\/wp-content\/uploads\/2026\/03\/Meghivo-borito.png\",\"datePublished\":\"2026-03-25T09:01:40+00:00\",\"dateModified\":\"2026-04-14T12:48:42+00:00\",\"author\":{\"@id\":\"https:\/\/szekacs.lutheran.hu\/iskola\/#\/schema\/person\/c2ed2e14631babb098c586494bc7d5df\"},\"breadcrumb\":{\"@id\":\"https:\/\/szekacs.lutheran.hu\/iskola\/szekacs-30\/#breadcrumb\"},\"inLanguage\":\"hu\",\"potentialAction\":[{\"@type\":\"ReadAction\",\"target\":[\"https:\/\/szekacs.lutheran.hu\/iskola\/szekacs-30\/\"]}]},{\"@type\":\"ImageObject\",\"inLanguage\":\"hu\",\"@id\":\"https:\/\/szekacs.lutheran.hu\/iskola\/szekacs-30\/#primaryimage\",\"url\":\"https:\/\/szekacs.lutheran.hu\/iskola\/wp-content\/uploads\/2026\/03\/Meghivo-borito.png\",\"contentUrl\":\"https:\/\/szekacs.lutheran.hu\/iskola\/wp-content\/uploads\/2026\/03\/Meghivo-borito.png\",\"width\":516,\"height\":202},{\"@type\":\"BreadcrumbList\",\"@id\":\"https:\/\/szekacs.lutheran.hu\/iskola\/szekacs-30\/#breadcrumb\",\"itemListElement\":[{\"@type\":\"ListItem\",\"position\":1,\"name\":\"Home\",\"item\":\"https:\/\/szekacs.lutheran.hu\/iskola\/\"},{\"@type\":\"ListItem\",\"position\":2,\"name\":\"Sz\u00e9k\u00e1cs 30 jubileumi nap\"}]},{\"@type\":\"WebSite\",\"@id\":\"https:\/\/szekacs.lutheran.hu\/iskola\/#website\",\"url\":\"https:\/\/szekacs.lutheran.hu\/iskola\/\",\"name\":\"Sz\u00e9k\u00e1cs J\u00f3zsef Evang\u00e9likus \u00d3voda, \u00c1ltal\u00e1nos Iskola \u00e9s Gimn\u00e1zium\",\"description\":\"\",\"potentialAction\":[{\"@type\":\"SearchAction\",\"target\":{\"@type\":\"EntryPoint\",\"urlTemplate\":\"https:\/\/szekacs.lutheran.hu\/iskola\/?s={search_term_string}\"},\"query-input\":{\"@type\":\"PropertyValueSpecification\",\"valueRequired\":true,\"valueName\":\"search_term_string\"}}],\"inLanguage\":\"hu\"},{\"@type\":\"Person\",\"@id\":\"https:\/\/szekacs.lutheran.hu\/iskola\/#\/schema\/person\/c2ed2e14631babb098c586494bc7d5df\",\"name\":\"admin\",\"image\":{\"@type\":\"ImageObject\",\"inLanguage\":\"hu\",\"@id\":\"https:\/\/szekacs.lutheran.hu\/iskola\/#\/schema\/person\/image\/\",\"url\":\"https:\/\/secure.gravatar.com\/avatar\/2d9a947cd9a162ca4e5eb73e817e43edd8dcbc6e501b39fb999fb53d65e181f4?s=96&d=mm&r=g\",\"contentUrl\":\"https:\/\/secure.gravatar.com\/avatar\/2d9a947cd9a162ca4e5eb73e817e43edd8dcbc6e501b39fb999fb53d65e181f4?s=96&d=mm&r=g\",\"caption\":\"admin\"},\"url\":\"https:\/\/szekacs.lutheran.hu\/iskola\/author\/admin\/\"}]}<\/script>\n<!-- \/ Yoast SEO plugin. -->","yoast_head_json":{"title":"Sz\u00e9k\u00e1cs 30 jubileumi nap - Sz\u00e9k\u00e1cs J\u00f3zsef Evang\u00e9likus \u00d3voda, \u00c1ltal\u00e1nos Iskola \u00e9s Gimn\u00e1zium","robots":{"index":"index","follow":"follow","max-snippet":"max-snippet:-1","max-image-preview":"max-image-preview:large","max-video-preview":"max-video-preview:-1"},"canonical":"https:\/\/szekacs.lutheran.hu\/iskola\/szekacs-30\/","og_locale":"hu_HU","og_type":"article","og_title":"Sz\u00e9k\u00e1cs 30 jubileumi nap - Sz\u00e9k\u00e1cs J\u00f3zsef Evang\u00e9likus \u00d3voda, \u00c1ltal\u00e1nos Iskola \u00e9s Gimn\u00e1zium","og_description":"2026. m\u00e1rcius 20-\u00e1n, a Sz\u00e9k\u00e1cs-h\u00e9t lez\u00e1r\u00e1sak\u00e9nt \u00fcnnepelte a 30 \u00e9ve evang\u00e9likus egyh\u00e1zi fenntart\u00e1sban m\u0171k\u00f6d\u0151 Sz\u00e9k\u00e1cs J\u00f3zsef Evang\u00e9likus \u00d3voda, \u00c1ltal\u00e1nos Iskola...","og_url":"https:\/\/szekacs.lutheran.hu\/iskola\/szekacs-30\/","og_site_name":"Sz\u00e9k\u00e1cs J\u00f3zsef Evang\u00e9likus \u00d3voda, \u00c1ltal\u00e1nos Iskola \u00e9s Gimn\u00e1zium","article_published_time":"2026-03-25T09:01:40+00:00","article_modified_time":"2026-04-14T12:48:42+00:00","og_image":[{"width":516,"height":202,"url":"https:\/\/szekacs.lutheran.hu\/iskola\/wp-content\/uploads\/2026\/03\/Meghivo-borito.png","type":"image\/png"}],"author":"admin","twitter_card":"summary_large_image","twitter_misc":{"Szerz\u0151:":"admin","Becs\u00fclt olvas\u00e1si id\u0151":"3 perc"},"schema":{"@context":"https:\/\/schema.org","@graph":[{"@type":"WebPage","@id":"https:\/\/szekacs.lutheran.hu\/iskola\/szekacs-30\/","url":"https:\/\/szekacs.lutheran.hu\/iskola\/szekacs-30\/","name":"Sz\u00e9k\u00e1cs 30 jubileumi nap - Sz\u00e9k\u00e1cs J\u00f3zsef Evang\u00e9likus \u00d3voda, \u00c1ltal\u00e1nos Iskola \u00e9s Gimn\u00e1zium","isPartOf":{"@id":"https:\/\/szekacs.lutheran.hu\/iskola\/#website"},"primaryImageOfPage":{"@id":"https:\/\/szekacs.lutheran.hu\/iskola\/szekacs-30\/#primaryimage"},"image":{"@id":"https:\/\/szekacs.lutheran.hu\/iskola\/szekacs-30\/#primaryimage"},"thumbnailUrl":"https:\/\/szekacs.lutheran.hu\/iskola\/wp-content\/uploads\/2026\/03\/Meghivo-borito.png","datePublished":"2026-03-25T09:01:40+00:00","dateModified":"2026-04-14T12:48:42+00:00","author":{"@id":"https:\/\/szekacs.lutheran.hu\/iskola\/#\/schema\/person\/c2ed2e14631babb098c586494bc7d5df"},"breadcrumb":{"@id":"https:\/\/szekacs.lutheran.hu\/iskola\/szekacs-30\/#breadcrumb"},"inLanguage":"hu","potentialAction":[{"@type":"ReadAction","target":["https:\/\/szekacs.lutheran.hu\/iskola\/szekacs-30\/"]}]},{"@type":"ImageObject","inLanguage":"hu","@id":"https:\/\/szekacs.lutheran.hu\/iskola\/szekacs-30\/#primaryimage","url":"https:\/\/szekacs.lutheran.hu\/iskola\/wp-content\/uploads\/2026\/03\/Meghivo-borito.png","contentUrl":"https:\/\/szekacs.lutheran.hu\/iskola\/wp-content\/uploads\/2026\/03\/Meghivo-borito.png","width":516,"height":202},{"@type":"BreadcrumbList","@id":"https:\/\/szekacs.lutheran.hu\/iskola\/szekacs-30\/#breadcrumb","itemListElement":[{"@type":"ListItem","position":1,"name":"Home","item":"https:\/\/szekacs.lutheran.hu\/iskola\/"},{"@type":"ListItem","position":2,"name":"Sz\u00e9k\u00e1cs 30 jubileumi nap"}]},{"@type":"WebSite","@id":"https:\/\/szekacs.lutheran.hu\/iskola\/#website","url":"https:\/\/szekacs.lutheran.hu\/iskola\/","name":"Sz\u00e9k\u00e1cs J\u00f3zsef Evang\u00e9likus \u00d3voda, \u00c1ltal\u00e1nos Iskola \u00e9s Gimn\u00e1zium","description":"","potentialAction":[{"@type":"SearchAction","target":{"@type":"EntryPoint","urlTemplate":"https:\/\/szekacs.lutheran.hu\/iskola\/?s={search_term_string}"},"query-input":{"@type":"PropertyValueSpecification","valueRequired":true,"valueName":"search_term_string"}}],"inLanguage":"hu"},{"@type":"Person","@id":"https:\/\/szekacs.lutheran.hu\/iskola\/#\/schema\/person\/c2ed2e14631babb098c586494bc7d5df","name":"admin","image":{"@type":"ImageObject","inLanguage":"hu","@id":"https:\/\/szekacs.lutheran.hu\/iskola\/#\/schema\/person\/image\/","url":"https:\/\/secure.gravatar.com\/avatar\/2d9a947cd9a162ca4e5eb73e817e43edd8dcbc6e501b39fb999fb53d65e181f4?s=96&d=mm&r=g","contentUrl":"https:\/\/secure.gravatar.com\/avatar\/2d9a947cd9a162ca4e5eb73e817e43edd8dcbc6e501b39fb999fb53d65e181f4?s=96&d=mm&r=g","caption":"admin"},"url":"https:\/\/szekacs.lutheran.hu\/iskola\/author\/admin\/"}]}},"_links":{"self":[{"href":"https:\/\/szekacs.lutheran.hu\/iskola\/wp-json\/wp\/v2\/posts\/33761","targetHints":{"allow":["GET"]}}],"collection":[{"href":"https:\/\/szekacs.lutheran.hu\/iskola\/wp-json\/wp\/v2\/posts"}],"about":[{"href":"https:\/\/szekacs.lutheran.hu\/iskola\/wp-json\/wp\/v2\/types\/post"}],"author":[{"embeddable":true,"href":"https:\/\/szekacs.lutheran.hu\/iskola\/wp-json\/wp\/v2\/users\/1"}],"replies":[{"embeddable":true,"href":"https:\/\/szekacs.lutheran.hu\/iskola\/wp-json\/wp\/v2\/comments?post=33761"}],"version-history":[{"count":4,"href":"https:\/\/szekacs.lutheran.hu\/iskola\/wp-json\/wp\/v2\/posts\/33761\/revisions"}],"predecessor-version":[{"id":33844,"href":"https:\/\/szekacs.lutheran.hu\/iskola\/wp-json\/wp\/v2\/posts\/33761\/revisions\/33844"}],"wp:featuredmedia":[{"embeddable":true,"href":"https:\/\/szekacs.lutheran.hu\/iskola\/wp-json\/wp\/v2\/media\/33762"}],"wp:attachment":[{"href":"https:\/\/szekacs.lutheran.hu\/iskola\/wp-json\/wp\/v2\/media?parent=33761"}],"wp:term":[{"taxonomy":"category","embeddable":true,"href":"https:\/\/szekacs.lutheran.hu\/iskola\/wp-json\/wp\/v2\/categories?post=33761"},{"taxonomy":"post_tag","embeddable":true,"href":"https:\/\/szekacs.lutheran.hu\/iskola\/wp-json\/wp\/v2\/tags?post=33761"}],"curies":[{"name":"wp","href":"https:\/\/api.w.org\/{rel}","templated":true}]}}