{"id":33311,"date":"2026-02-27T15:19:56","date_gmt":"2026-02-27T15:19:56","guid":{"rendered":"https:\/\/szekacs.lutheran.hu\/iskola\/?p=33311"},"modified":"2026-03-04T11:22:11","modified_gmt":"2026-03-04T11:22:11","slug":"szalagavato-2026","status":"publish","type":"post","link":"https:\/\/szekacs.lutheran.hu\/iskola\/szalagavato-2026\/","title":{"rendered":"A mi szalagavat\u00f3nk"},"content":{"rendered":"<p>A mi szalagavat\u00f3nk<\/p>\n<p>2026.01.31.<\/p>\n<p>A szalagavat\u00f3 \u00fcnneps\u00e9g az eg\u00e9sz tizenkettedik \u00e9vfolyam sz\u00e1m\u00e1ra meghat\u00e1roz\u00f3 esem\u00e9ny volt. Mindannyian nagyon izgatottan k\u00e9sz\u00fclt\u00fcnk, h\u00f3napokkal kor\u00e1bban elkezdt\u00fck az oszt\u00e1lym\u0171sorra val\u00f3 \u00f6tletel\u00e9st \u00e9s a t\u00e1ncpr\u00f3b\u00e1kat. Voltak n\u00e9zetelt\u00e9r\u00e9sek, neh\u00e9zs\u00e9gek a felk\u00e9sz\u00fcl\u00e9sben, s\u0151t a nagy nap el\u0151tt k\u00e9t h\u00e9ttel a mi oszt\u00e1lyunk az eg\u00e9sz m\u0171sort meg is v\u00e1ltoztatta, \u00edgy fesz\u00fclts\u00e9ggel teli volt az utols\u00f3 p\u00e1r nap. De mivel mindenkinek fontos volt a nagy nap, \u00edgy siker\u00fclt k\u00f6z\u00f6s nevez\u0151re jutni, \u00e9s \u00f6sszes\u00e9g\u00e9ben egy j\u00f3 m\u0171sort \u00f6sszerakni.<br \/>\nA szalagavat\u00f3 el\u0151tti nap megrendez\u00e9sre ker\u00fclt a f\u0151pr\u00f3b\u00e1nk, ami \u00e1ltal betekint\u00e9st nyerhettek a t\u00f6bbi di\u00e1kt\u00e1rsak is a sokszor tan\u00f3r\u00e1kat zavar\u00f3 el\u0151k\u00e9sz\u00fcletekbe. A visszajelz\u00e9sek alapj\u00e1n sikeresnek tudhattuk be az el\u0151ad\u00e1sokat. Ezt k\u00f6vet\u0151 nap szeretteinkkel egy\u00fctt \u00fcnnepelhett\u00fck a feln\u0151tt\u00e9 v\u00e1l\u00e1sunkat. Izgatottan \u00e1lltunk rokonaink, bar\u00e1taink \u00e9s tan\u00e1raink el\u00e9, tudv\u00e1n, hogy ez a nap r\u00f3lunk, a 12. \u00e9vfolyamr\u00f3l sz\u00f3l. Az est \u00fcnnep\u00e9lyes szalagt\u0171z\u00e9ssel kezd\u0151d\u00f6tt. A szalag a tanulm\u00e1nyaink lez\u00e1r\u00e1s\u00e1nak k\u00f6zeledt\u00e9t \u00e9s az el\u0151tt\u00fcnk \u00e1ll\u00f3 \u00fatra val\u00f3 felk\u00e9sz\u00fcl\u00e9st szimboliz\u00e1lja. B\u00fcszk\u00e9n viselj\u00fck, hiszen ez a t\u00e1rgy eml\u00e9keztet minket arra, milyen sokat tett\u00fcnk az\u00e9rt, hogy id\u00e1ig eljuthassunk!<\/p>\n<p>Ezt k\u00f6vet\u0151en sz\u00f3rakoztat\u00f3bb\u00e1 v\u00e1lt a hangulat. Nagy k\u0151 esett le a sz\u00edv\u00fcnkr\u0151l, hogy k\u00f6nnyed\u00e9n t\u00fallend\u00fclt\u00fcnk v\u00e9gz\u0151s \u00e9veink egyik legfontosabb feladat\u00e1n, az oszt\u00e1lym\u0171sor bemutat\u00e1s\u00e1n. A hagyom\u00e1nyokhoz h\u00edven b\u00e1li nyit\u00f3t\u00e1nc k\u00f6vette a k\u00e9t oszt\u00e1ly produkci\u00f3j\u00e1t. Oszt\u00e1lyf\u0151n\u00f6keink meghat\u00f3 poh\u00e1rk\u00f6sz\u00f6nt\u0151je ut\u00e1n sz\u00fcleinkkel \u00e9s ismer\u0151seinkkel \u00e9rzelmes zen\u00e9kre volt lehet\u0151s\u00e9g\u00fcnk t\u00e1ncolni, majd finom vacsor\u00e1val folytat\u00f3dott az \u00fcnnep\u00e9ly. Az est k\u00f6nnyedebb form\u00e1ban telt, \u00e9s felh\u0151tlen hangulatban zajlott a buli. J\u00f3 \u00e9rz\u00e9ssel t\u00f6lt\u00f6tt el benn\u00fcnket, hogy a vezet\u0151s\u00e9ggel, tan\u00e1rainkkal, di\u00e1kt\u00e1rsainkkal, sz\u00fcleinkkel \u00e9s rokonainkkal egy nagy k\u00f6z\u00f6ss\u00e9gk\u00e9nt t\u00e1ncolhattunk.<br \/>\nK\u00f6sz\u00f6nettel tartozunk oszt\u00e1lyf\u0151n\u00f6keinknek, pedag\u00f3gusainknak, hogy eljuttattak benn\u00fcnket id\u00e1ig, \u00e9s v\u00e9gigk\u00eds\u00e9rnek minket az \u00e9retts\u00e9gi kapuj\u00e1ig. H\u00e1l\u00e1sak vagyunk a 11. \u00e9vfolyamnak is, hogy \u00fcnnepi d\u00edszbe \u00f6lt\u00f6ztett\u00e9k iskol\u00e1nkat, \u00e9s seg\u00edtettek, amikor sz\u00fcks\u00e9g\u00fcnk volt r\u00e1juk.<\/p>\n<p style=\"text-align: right;\">Volencsik D\u00e1vid \u00e9s Boros Ram\u00f3na, 12\/A<\/p>\n<p><a href=\"https:\/\/szekacs.lutheran.hu\/iskola\/galeriak\/szalagavato-2026\/\" target=\"_blank\" rel=\"noopener\">A szalagavat\u00f3n k\u00e9sz\u00fclt k\u00e9pek a gal\u00e9ri\u00e1ban tal\u00e1lhat\u00f3ak.<\/a><\/p>\n<p>A szerkesztett vide\u00f3felv\u00e9tel az iskola youtube csatorn\u00e1j\u00e1n: <a href=\"https:\/\/youtu.be\/T8quY3ILzKc\" target=\"_blank\" rel=\"noopener\">https:\/\/youtu.be\/T8quY3ILzKc<\/a><\/p>\n","protected":false},"excerpt":{"rendered":"<p>A mi szalagavat\u00f3nk 2026.01.31. A szalagavat\u00f3 \u00fcnneps\u00e9g az eg\u00e9sz tizenkettedik \u00e9vfolyam sz\u00e1m\u00e1ra meghat\u00e1roz\u00f3 esem\u00e9ny volt. Mindannyian nagyon izgatottan k\u00e9sz\u00fclt\u00fcnk, h\u00f3napokkal&#8230;<\/p>\n","protected":false},"author":1,"featured_media":33545,"comment_status":"closed","ping_status":"closed","sticky":false,"template":"","format":"standard","meta":{"footnotes":""},"categories":[42,43],"tags":[],"class_list":["post-33311","post","type-post","status-publish","format-standard","has-post-thumbnail","hentry","category-aktualis","category-iskolai-elet"],"yoast_head":"<!-- This site is optimized with the Yoast SEO plugin v26.2 - https:\/\/yoast.com\/wordpress\/plugins\/seo\/ -->\n<title>A mi szalagavat\u00f3nk - Sz\u00e9k\u00e1cs J\u00f3zsef Evang\u00e9likus \u00d3voda, \u00c1ltal\u00e1nos Iskola \u00e9s Gimn\u00e1zium<\/title>\n<meta name=\"robots\" content=\"index, follow, max-snippet:-1, max-image-preview:large, max-video-preview:-1\" \/>\n<link rel=\"canonical\" href=\"https:\/\/szekacs.lutheran.hu\/iskola\/szalagavato-2026\/\" \/>\n<meta property=\"og:locale\" content=\"hu_HU\" \/>\n<meta property=\"og:type\" content=\"article\" \/>\n<meta property=\"og:title\" content=\"A mi szalagavat\u00f3nk - Sz\u00e9k\u00e1cs J\u00f3zsef Evang\u00e9likus \u00d3voda, \u00c1ltal\u00e1nos Iskola \u00e9s Gimn\u00e1zium\" \/>\n<meta property=\"og:description\" content=\"A mi szalagavat\u00f3nk 2026.01.31. A szalagavat\u00f3 \u00fcnneps\u00e9g az eg\u00e9sz tizenkettedik \u00e9vfolyam sz\u00e1m\u00e1ra meghat\u00e1roz\u00f3 esem\u00e9ny volt. Mindannyian nagyon izgatottan k\u00e9sz\u00fclt\u00fcnk, h\u00f3napokkal...\" \/>\n<meta property=\"og:url\" content=\"https:\/\/szekacs.lutheran.hu\/iskola\/szalagavato-2026\/\" \/>\n<meta property=\"og:site_name\" content=\"Sz\u00e9k\u00e1cs J\u00f3zsef Evang\u00e9likus \u00d3voda, \u00c1ltal\u00e1nos Iskola \u00e9s Gimn\u00e1zium\" \/>\n<meta property=\"article:published_time\" content=\"2026-02-27T15:19:56+00:00\" \/>\n<meta property=\"article:modified_time\" content=\"2026-03-04T11:22:11+00:00\" \/>\n<meta property=\"og:image\" content=\"https:\/\/szekacs.lutheran.hu\/iskola\/wp-content\/uploads\/2026\/02\/DSC_0581.jpg\" \/>\n\t<meta property=\"og:image:width\" content=\"2304\" \/>\n\t<meta property=\"og:image:height\" content=\"1536\" \/>\n\t<meta property=\"og:image:type\" content=\"image\/jpeg\" \/>\n<meta name=\"author\" content=\"admin\" \/>\n<meta name=\"twitter:card\" content=\"summary_large_image\" \/>\n<meta name=\"twitter:label1\" content=\"Szerz\u0151:\" \/>\n\t<meta name=\"twitter:data1\" content=\"admin\" \/>\n\t<meta name=\"twitter:label2\" content=\"Becs\u00fclt olvas\u00e1si id\u0151\" \/>\n\t<meta name=\"twitter:data2\" content=\"2 perc\" \/>\n<script type=\"application\/ld+json\" class=\"yoast-schema-graph\">{\"@context\":\"https:\/\/schema.org\",\"@graph\":[{\"@type\":\"WebPage\",\"@id\":\"https:\/\/szekacs.lutheran.hu\/iskola\/szalagavato-2026\/\",\"url\":\"https:\/\/szekacs.lutheran.hu\/iskola\/szalagavato-2026\/\",\"name\":\"A mi szalagavat\u00f3nk - Sz\u00e9k\u00e1cs J\u00f3zsef Evang\u00e9likus \u00d3voda, \u00c1ltal\u00e1nos Iskola \u00e9s Gimn\u00e1zium\",\"isPartOf\":{\"@id\":\"https:\/\/szekacs.lutheran.hu\/iskola\/#website\"},\"primaryImageOfPage\":{\"@id\":\"https:\/\/szekacs.lutheran.hu\/iskola\/szalagavato-2026\/#primaryimage\"},\"image\":{\"@id\":\"https:\/\/szekacs.lutheran.hu\/iskola\/szalagavato-2026\/#primaryimage\"},\"thumbnailUrl\":\"https:\/\/szekacs.lutheran.hu\/iskola\/wp-content\/uploads\/2026\/02\/DSC_0581.jpg\",\"datePublished\":\"2026-02-27T15:19:56+00:00\",\"dateModified\":\"2026-03-04T11:22:11+00:00\",\"author\":{\"@id\":\"https:\/\/szekacs.lutheran.hu\/iskola\/#\/schema\/person\/c2ed2e14631babb098c586494bc7d5df\"},\"breadcrumb\":{\"@id\":\"https:\/\/szekacs.lutheran.hu\/iskola\/szalagavato-2026\/#breadcrumb\"},\"inLanguage\":\"hu\",\"potentialAction\":[{\"@type\":\"ReadAction\",\"target\":[\"https:\/\/szekacs.lutheran.hu\/iskola\/szalagavato-2026\/\"]}]},{\"@type\":\"ImageObject\",\"inLanguage\":\"hu\",\"@id\":\"https:\/\/szekacs.lutheran.hu\/iskola\/szalagavato-2026\/#primaryimage\",\"url\":\"https:\/\/szekacs.lutheran.hu\/iskola\/wp-content\/uploads\/2026\/02\/DSC_0581.jpg\",\"contentUrl\":\"https:\/\/szekacs.lutheran.hu\/iskola\/wp-content\/uploads\/2026\/02\/DSC_0581.jpg\",\"width\":2304,\"height\":1536},{\"@type\":\"BreadcrumbList\",\"@id\":\"https:\/\/szekacs.lutheran.hu\/iskola\/szalagavato-2026\/#breadcrumb\",\"itemListElement\":[{\"@type\":\"ListItem\",\"position\":1,\"name\":\"Home\",\"item\":\"https:\/\/szekacs.lutheran.hu\/iskola\/\"},{\"@type\":\"ListItem\",\"position\":2,\"name\":\"A mi szalagavat\u00f3nk\"}]},{\"@type\":\"WebSite\",\"@id\":\"https:\/\/szekacs.lutheran.hu\/iskola\/#website\",\"url\":\"https:\/\/szekacs.lutheran.hu\/iskola\/\",\"name\":\"Sz\u00e9k\u00e1cs J\u00f3zsef Evang\u00e9likus \u00d3voda, \u00c1ltal\u00e1nos Iskola \u00e9s Gimn\u00e1zium\",\"description\":\"\",\"potentialAction\":[{\"@type\":\"SearchAction\",\"target\":{\"@type\":\"EntryPoint\",\"urlTemplate\":\"https:\/\/szekacs.lutheran.hu\/iskola\/?s={search_term_string}\"},\"query-input\":{\"@type\":\"PropertyValueSpecification\",\"valueRequired\":true,\"valueName\":\"search_term_string\"}}],\"inLanguage\":\"hu\"},{\"@type\":\"Person\",\"@id\":\"https:\/\/szekacs.lutheran.hu\/iskola\/#\/schema\/person\/c2ed2e14631babb098c586494bc7d5df\",\"name\":\"admin\",\"image\":{\"@type\":\"ImageObject\",\"inLanguage\":\"hu\",\"@id\":\"https:\/\/szekacs.lutheran.hu\/iskola\/#\/schema\/person\/image\/\",\"url\":\"https:\/\/secure.gravatar.com\/avatar\/2d9a947cd9a162ca4e5eb73e817e43edd8dcbc6e501b39fb999fb53d65e181f4?s=96&d=mm&r=g\",\"contentUrl\":\"https:\/\/secure.gravatar.com\/avatar\/2d9a947cd9a162ca4e5eb73e817e43edd8dcbc6e501b39fb999fb53d65e181f4?s=96&d=mm&r=g\",\"caption\":\"admin\"},\"url\":\"https:\/\/szekacs.lutheran.hu\/iskola\/author\/admin\/\"}]}<\/script>\n<!-- \/ Yoast SEO plugin. -->","yoast_head_json":{"title":"A mi szalagavat\u00f3nk - Sz\u00e9k\u00e1cs J\u00f3zsef Evang\u00e9likus \u00d3voda, \u00c1ltal\u00e1nos Iskola \u00e9s Gimn\u00e1zium","robots":{"index":"index","follow":"follow","max-snippet":"max-snippet:-1","max-image-preview":"max-image-preview:large","max-video-preview":"max-video-preview:-1"},"canonical":"https:\/\/szekacs.lutheran.hu\/iskola\/szalagavato-2026\/","og_locale":"hu_HU","og_type":"article","og_title":"A mi szalagavat\u00f3nk - Sz\u00e9k\u00e1cs J\u00f3zsef Evang\u00e9likus \u00d3voda, \u00c1ltal\u00e1nos Iskola \u00e9s Gimn\u00e1zium","og_description":"A mi szalagavat\u00f3nk 2026.01.31. A szalagavat\u00f3 \u00fcnneps\u00e9g az eg\u00e9sz tizenkettedik \u00e9vfolyam sz\u00e1m\u00e1ra meghat\u00e1roz\u00f3 esem\u00e9ny volt. Mindannyian nagyon izgatottan k\u00e9sz\u00fclt\u00fcnk, h\u00f3napokkal...","og_url":"https:\/\/szekacs.lutheran.hu\/iskola\/szalagavato-2026\/","og_site_name":"Sz\u00e9k\u00e1cs J\u00f3zsef Evang\u00e9likus \u00d3voda, \u00c1ltal\u00e1nos Iskola \u00e9s Gimn\u00e1zium","article_published_time":"2026-02-27T15:19:56+00:00","article_modified_time":"2026-03-04T11:22:11+00:00","og_image":[{"width":2304,"height":1536,"url":"https:\/\/szekacs.lutheran.hu\/iskola\/wp-content\/uploads\/2026\/02\/DSC_0581.jpg","type":"image\/jpeg"}],"author":"admin","twitter_card":"summary_large_image","twitter_misc":{"Szerz\u0151:":"admin","Becs\u00fclt olvas\u00e1si id\u0151":"2 perc"},"schema":{"@context":"https:\/\/schema.org","@graph":[{"@type":"WebPage","@id":"https:\/\/szekacs.lutheran.hu\/iskola\/szalagavato-2026\/","url":"https:\/\/szekacs.lutheran.hu\/iskola\/szalagavato-2026\/","name":"A mi szalagavat\u00f3nk - Sz\u00e9k\u00e1cs J\u00f3zsef Evang\u00e9likus \u00d3voda, \u00c1ltal\u00e1nos Iskola \u00e9s Gimn\u00e1zium","isPartOf":{"@id":"https:\/\/szekacs.lutheran.hu\/iskola\/#website"},"primaryImageOfPage":{"@id":"https:\/\/szekacs.lutheran.hu\/iskola\/szalagavato-2026\/#primaryimage"},"image":{"@id":"https:\/\/szekacs.lutheran.hu\/iskola\/szalagavato-2026\/#primaryimage"},"thumbnailUrl":"https:\/\/szekacs.lutheran.hu\/iskola\/wp-content\/uploads\/2026\/02\/DSC_0581.jpg","datePublished":"2026-02-27T15:19:56+00:00","dateModified":"2026-03-04T11:22:11+00:00","author":{"@id":"https:\/\/szekacs.lutheran.hu\/iskola\/#\/schema\/person\/c2ed2e14631babb098c586494bc7d5df"},"breadcrumb":{"@id":"https:\/\/szekacs.lutheran.hu\/iskola\/szalagavato-2026\/#breadcrumb"},"inLanguage":"hu","potentialAction":[{"@type":"ReadAction","target":["https:\/\/szekacs.lutheran.hu\/iskola\/szalagavato-2026\/"]}]},{"@type":"ImageObject","inLanguage":"hu","@id":"https:\/\/szekacs.lutheran.hu\/iskola\/szalagavato-2026\/#primaryimage","url":"https:\/\/szekacs.lutheran.hu\/iskola\/wp-content\/uploads\/2026\/02\/DSC_0581.jpg","contentUrl":"https:\/\/szekacs.lutheran.hu\/iskola\/wp-content\/uploads\/2026\/02\/DSC_0581.jpg","width":2304,"height":1536},{"@type":"BreadcrumbList","@id":"https:\/\/szekacs.lutheran.hu\/iskola\/szalagavato-2026\/#breadcrumb","itemListElement":[{"@type":"ListItem","position":1,"name":"Home","item":"https:\/\/szekacs.lutheran.hu\/iskola\/"},{"@type":"ListItem","position":2,"name":"A mi szalagavat\u00f3nk"}]},{"@type":"WebSite","@id":"https:\/\/szekacs.lutheran.hu\/iskola\/#website","url":"https:\/\/szekacs.lutheran.hu\/iskola\/","name":"Sz\u00e9k\u00e1cs J\u00f3zsef Evang\u00e9likus \u00d3voda, \u00c1ltal\u00e1nos Iskola \u00e9s Gimn\u00e1zium","description":"","potentialAction":[{"@type":"SearchAction","target":{"@type":"EntryPoint","urlTemplate":"https:\/\/szekacs.lutheran.hu\/iskola\/?s={search_term_string}"},"query-input":{"@type":"PropertyValueSpecification","valueRequired":true,"valueName":"search_term_string"}}],"inLanguage":"hu"},{"@type":"Person","@id":"https:\/\/szekacs.lutheran.hu\/iskola\/#\/schema\/person\/c2ed2e14631babb098c586494bc7d5df","name":"admin","image":{"@type":"ImageObject","inLanguage":"hu","@id":"https:\/\/szekacs.lutheran.hu\/iskola\/#\/schema\/person\/image\/","url":"https:\/\/secure.gravatar.com\/avatar\/2d9a947cd9a162ca4e5eb73e817e43edd8dcbc6e501b39fb999fb53d65e181f4?s=96&d=mm&r=g","contentUrl":"https:\/\/secure.gravatar.com\/avatar\/2d9a947cd9a162ca4e5eb73e817e43edd8dcbc6e501b39fb999fb53d65e181f4?s=96&d=mm&r=g","caption":"admin"},"url":"https:\/\/szekacs.lutheran.hu\/iskola\/author\/admin\/"}]}},"_links":{"self":[{"href":"https:\/\/szekacs.lutheran.hu\/iskola\/wp-json\/wp\/v2\/posts\/33311","targetHints":{"allow":["GET"]}}],"collection":[{"href":"https:\/\/szekacs.lutheran.hu\/iskola\/wp-json\/wp\/v2\/posts"}],"about":[{"href":"https:\/\/szekacs.lutheran.hu\/iskola\/wp-json\/wp\/v2\/types\/post"}],"author":[{"embeddable":true,"href":"https:\/\/szekacs.lutheran.hu\/iskola\/wp-json\/wp\/v2\/users\/1"}],"replies":[{"embeddable":true,"href":"https:\/\/szekacs.lutheran.hu\/iskola\/wp-json\/wp\/v2\/comments?post=33311"}],"version-history":[{"count":3,"href":"https:\/\/szekacs.lutheran.hu\/iskola\/wp-json\/wp\/v2\/posts\/33311\/revisions"}],"predecessor-version":[{"id":33750,"href":"https:\/\/szekacs.lutheran.hu\/iskola\/wp-json\/wp\/v2\/posts\/33311\/revisions\/33750"}],"wp:featuredmedia":[{"embeddable":true,"href":"https:\/\/szekacs.lutheran.hu\/iskola\/wp-json\/wp\/v2\/media\/33545"}],"wp:attachment":[{"href":"https:\/\/szekacs.lutheran.hu\/iskola\/wp-json\/wp\/v2\/media?parent=33311"}],"wp:term":[{"taxonomy":"category","embeddable":true,"href":"https:\/\/szekacs.lutheran.hu\/iskola\/wp-json\/wp\/v2\/categories?post=33311"},{"taxonomy":"post_tag","embeddable":true,"href":"https:\/\/szekacs.lutheran.hu\/iskola\/wp-json\/wp\/v2\/tags?post=33311"}],"curies":[{"name":"wp","href":"https:\/\/api.w.org\/{rel}","templated":true}]}}