{"id":32210,"date":"2025-04-04T07:54:48","date_gmt":"2025-04-04T07:54:48","guid":{"rendered":"https:\/\/szekacs.lutheran.hu\/iskola\/?p=32210"},"modified":"2025-04-04T07:54:48","modified_gmt":"2025-04-04T07:54:48","slug":"szekacs-gala-2025","status":"publish","type":"post","link":"https:\/\/szekacs.lutheran.hu\/iskola\/szekacs-gala-2025\/","title":{"rendered":"Sz\u00e9k\u00e1cs g\u00e1la 2025"},"content":{"rendered":"<p>A 2024\/2025. tan\u00e9vben \u00fajra eredeti id\u0151pontj\u00e1ban, a Sz\u00e9k\u00e1cs h\u00e9ten zajlott az a sz\u00e9p esem\u00e9ny, amikor tehets\u00e9ges di\u00e1kjaink bemutatkoznak az iskola k\u00f6z\u00f6ss\u00e9ge el\u0151tt. De nem is volt el\u00e9g a m\u0171sorid\u0151, hogy minden tehets\u00e9get megmutassunk, ez\u00e9rt a zen\u00e9szek egy r\u00e9sze m\u00e1r d\u00e9lel\u0151tt flashmobszer\u0171en \u201ebezen\u00e9lte\u201d az iskol\u00e1t.<\/p>\n<p>A m\u0171sorsz\u00e1mokat \u00fagy \u00e1ll\u00edtottuk \u00f6ssze, hogy keresztmetszetet adjanak a Sz\u00e9k\u00e1csr\u00f3l: sz\u00f3 esett arr\u00f3l, hogy iskol\u00e1nk \u00e1llatbar\u00e1t int\u00e9zm\u00e9ny lett, a Boldog Iskola programban r\u00e9sztvev\u0151k jelbesz\u00e9ddel adtak el\u0151 egy dalt. A Language Cert partnerint\u00e9zm\u00e9nyek\u00e9nt egyre sikeresebbek di\u00e1kjaink a nyelvvizsg\u00e1kon \u00e9s nyelvi versenyeken, a sz\u00fcl\u0151kkel val\u00f3 j\u00f3 kapcsolathoz hozz\u00e1j\u00e1rul a csal\u00e1di nap megrendez\u00e9se, illetve k\u00e9sz\u00fcl\u00fcnk a Ny\u00e1ri Evang\u00e9likus Pedag\u00f3gus Akad\u00e9mi\u00e1ra, a NyEP\u00c1-ra. Ugyanis az a megtiszteltet\u00e9s \u00e9rt benn\u00fcnket, hogy j\u00falius els\u0151 napjaiban mintegy 250 evang\u00e9likus pedag\u00f3gust l\u00e1thatunk vend\u00e9g\u00fcl int\u00e9zm\u00e9ny\u00fcnkben. De m\u00e1s m\u00f3don is kapcsolatot tartunk az evang\u00e9likus iskol\u00e1kkal, p\u00e9ld\u00e1ul m\u00e1rciusban ism\u00e9t r\u00e9szt vettek \u00e9nekeseink \u00e9s t\u00e1ncosaink a budapest-fasori gimn\u00e1zium n\u00e9pm\u0171v\u00e9szeti tal\u00e1lkoz\u00f3j\u00e1n. Ebben az esztend\u0151ben \u00fajra megrendezt\u00fck orsz\u00e1gos versmond\u00f3-, n\u00e9pdal\u00e9nekl\u0151-, \u00e9s k\u00e9pz\u0151m\u0171v\u00e9szeti verseny\u00fcnket, a K\u00f6lcsey versenyt, melyen t\u00f6bb mint 60 versenyz\u0151 m\u00e9rettette meg mag\u00e1t a k\u00fcl\u00f6nb\u00f6z\u0151 kateg\u00f3ri\u00e1kban, \u00e9s k\u00f6z\u00f6tt\u00fck voltak hat\u00e1ron t\u00fali testv\u00e9riskol\u00e1nkb\u00f3l \u00e9rkez\u0151 k\u00f6z\u00e9piskol\u00e1sok is.<\/p>\n<p>A Sz\u00e9k\u00e1cs g\u00e1la v\u00e9g\u00e9n pedig az Aranykapocs d\u00edjat adtuk \u00e1t, imm\u00e1r harmadik alkalommal. A d\u00edjat az iskola \u00e9s a Kapocs, elballagott gimnazista di\u00e1kjaink k\u00f6re k\u00f6z\u00f6sen alap\u00edtotta; olyan szem\u00e9lyek r\u00e9sz\u00e9re, akik iskol\u00e1nkban \u00e9retts\u00e9giztek, \u00e9s elballag\u00e1suk ut\u00e1n is elt\u00e9phetetlen k\u00f6tel\u00e9kkel kapcsol\u00f3dnak int\u00e9zm\u00e9ny\u00fcnkh\u00f6z; akt\u00edv seg\u00edts\u00e9get ny\u00fajtva di\u00e1kjaink j\u00f6v\u0151k\u00e9p\u00e9nek form\u00e1l\u00e1s\u00e1hoz, mentor szerepet is felv\u00e1llalva, \u00e9let\u00fckkel p\u00e9ld\u00e1t adva, tetteikkel, gyakorlati tan\u00e1csaikkal is megmutatva, hogy a mindennapi \u00e9let sor\u00e1n\u00a0 mit is jelent igazi \u201esz\u00e9k\u00e1csosnak\u201d lenni. Id\u00e9n Szilasi-Horv\u00e1th Gr\u00e9ta lett a d\u00edjazott, aki elk\u00f6telezetten, hossz\u00fa \u00e9veken \u00e1t koordin\u00e1lta a Kapocs di\u00e1kok k\u00f6r\u00e9t, \u00e1polva ezzel iskol\u00e1nk hagyom\u00e1ny\u00e1t, megtart\u00f3 erej\u00e9t.<\/p>\n<p><u>\u0150k voltak a Sz\u00e9k\u00e1cs g\u00e1la fell\u00e9p\u0151i 2025. m\u00e1rcius 21-\u00e9n:<\/u><\/p>\n<ul>\n<li>Di\u00e1kzenekar<\/li>\n<li>Mezei Roland 1.a versmond\u00e1s<\/li>\n<li>Poly\u00e1k S\u00e1ra 5.a furulya<\/li>\n<li>2.a oszt\u00e1ly jelnyelv<\/li>\n<li>Morvai R\u00e9ka 5.a versmond\u00e1s<\/li>\n<li>Nagy Z\u00e9t\u00e9ny 8.b versmond\u00e1s<\/li>\n<li>Horv\u00e1th Hanna 7.a angol nyelv\u0171 pr\u00f3za<\/li>\n<li>4. \u00e9vfolyam \u00e9s 5.a n\u00e9pt\u00e1ncosai<\/li>\n<li>Zsoldi Anna 6.a versmond\u00e1s<\/li>\n<li>Gyurik Gerda 5.b, Gabnai Lili 5.a n\u00e9pdal\u00e9nekl\u00e9s<\/li>\n<li>Debreceni \u00e9s L\u00e1da csal\u00e1d k\u00f6z\u00f6s zen\u00e9l\u00e9se<\/li>\n<li>9\/A \u00e9s 6.a oszt\u00e1ly farsangi t\u00e1nca<\/li>\n<\/ul>\n<p>A g\u00e1l\u00e1r\u00f3l k\u00e9sz\u00fclt f\u00e9nyk\u00e9pek megtekinthet\u0151k <a href=\"https:\/\/szekacs.lutheran.hu\/iskola\/galeriak\/szekacs-gala-2025\/\" target=\"_blank\" rel=\"noopener noreferrer\">a gal\u00e9ri\u00e1ban<\/a>.<\/p>\n","protected":false},"excerpt":{"rendered":"<p>A 2024\/2025. tan\u00e9vben \u00fajra eredeti id\u0151pontj\u00e1ban, a Sz\u00e9k\u00e1cs h\u00e9ten zajlott az a sz\u00e9p esem\u00e9ny, amikor tehets\u00e9ges di\u00e1kjaink bemutatkoznak az iskola&#8230;<\/p>\n","protected":false},"author":1,"featured_media":32159,"comment_status":"closed","ping_status":"closed","sticky":false,"template":"","format":"standard","meta":{"footnotes":""},"categories":[42],"tags":[],"class_list":["post-32210","post","type-post","status-publish","format-standard","has-post-thumbnail","hentry","category-aktualis"],"yoast_head":"<!-- This site is optimized with the Yoast SEO plugin v26.2 - https:\/\/yoast.com\/wordpress\/plugins\/seo\/ -->\n<title>Sz\u00e9k\u00e1cs g\u00e1la 2025 - Sz\u00e9k\u00e1cs J\u00f3zsef Evang\u00e9likus \u00d3voda, \u00c1ltal\u00e1nos Iskola \u00e9s Gimn\u00e1zium<\/title>\n<meta name=\"robots\" content=\"index, follow, max-snippet:-1, max-image-preview:large, max-video-preview:-1\" \/>\n<link rel=\"canonical\" href=\"https:\/\/szekacs.lutheran.hu\/iskola\/szekacs-gala-2025\/\" \/>\n<meta property=\"og:locale\" content=\"hu_HU\" \/>\n<meta property=\"og:type\" content=\"article\" \/>\n<meta property=\"og:title\" content=\"Sz\u00e9k\u00e1cs g\u00e1la 2025 - Sz\u00e9k\u00e1cs J\u00f3zsef Evang\u00e9likus \u00d3voda, \u00c1ltal\u00e1nos Iskola \u00e9s Gimn\u00e1zium\" \/>\n<meta property=\"og:description\" content=\"A 2024\/2025. tan\u00e9vben \u00fajra eredeti id\u0151pontj\u00e1ban, a Sz\u00e9k\u00e1cs h\u00e9ten zajlott az a sz\u00e9p esem\u00e9ny, amikor tehets\u00e9ges di\u00e1kjaink bemutatkoznak az iskola...\" \/>\n<meta property=\"og:url\" content=\"https:\/\/szekacs.lutheran.hu\/iskola\/szekacs-gala-2025\/\" \/>\n<meta property=\"og:site_name\" content=\"Sz\u00e9k\u00e1cs J\u00f3zsef Evang\u00e9likus \u00d3voda, \u00c1ltal\u00e1nos Iskola \u00e9s Gimn\u00e1zium\" \/>\n<meta property=\"article:published_time\" content=\"2025-04-04T07:54:48+00:00\" \/>\n<meta property=\"og:image\" content=\"https:\/\/szekacs.lutheran.hu\/iskola\/wp-content\/uploads\/2025\/04\/DSC_0863.jpg\" \/>\n\t<meta property=\"og:image:width\" content=\"2304\" \/>\n\t<meta property=\"og:image:height\" content=\"1536\" \/>\n\t<meta property=\"og:image:type\" content=\"image\/jpeg\" \/>\n<meta name=\"author\" content=\"admin\" \/>\n<meta name=\"twitter:card\" content=\"summary_large_image\" \/>\n<meta name=\"twitter:label1\" content=\"Szerz\u0151:\" \/>\n\t<meta name=\"twitter:data1\" content=\"admin\" \/>\n\t<meta name=\"twitter:label2\" content=\"Becs\u00fclt olvas\u00e1si id\u0151\" \/>\n\t<meta name=\"twitter:data2\" content=\"3 perc\" \/>\n<script type=\"application\/ld+json\" class=\"yoast-schema-graph\">{\"@context\":\"https:\/\/schema.org\",\"@graph\":[{\"@type\":\"WebPage\",\"@id\":\"https:\/\/szekacs.lutheran.hu\/iskola\/szekacs-gala-2025\/\",\"url\":\"https:\/\/szekacs.lutheran.hu\/iskola\/szekacs-gala-2025\/\",\"name\":\"Sz\u00e9k\u00e1cs g\u00e1la 2025 - Sz\u00e9k\u00e1cs J\u00f3zsef Evang\u00e9likus \u00d3voda, \u00c1ltal\u00e1nos Iskola \u00e9s Gimn\u00e1zium\",\"isPartOf\":{\"@id\":\"https:\/\/szekacs.lutheran.hu\/iskola\/#website\"},\"primaryImageOfPage\":{\"@id\":\"https:\/\/szekacs.lutheran.hu\/iskola\/szekacs-gala-2025\/#primaryimage\"},\"image\":{\"@id\":\"https:\/\/szekacs.lutheran.hu\/iskola\/szekacs-gala-2025\/#primaryimage\"},\"thumbnailUrl\":\"https:\/\/szekacs.lutheran.hu\/iskola\/wp-content\/uploads\/2025\/04\/DSC_0863.jpg\",\"datePublished\":\"2025-04-04T07:54:48+00:00\",\"author\":{\"@id\":\"https:\/\/szekacs.lutheran.hu\/iskola\/#\/schema\/person\/c2ed2e14631babb098c586494bc7d5df\"},\"breadcrumb\":{\"@id\":\"https:\/\/szekacs.lutheran.hu\/iskola\/szekacs-gala-2025\/#breadcrumb\"},\"inLanguage\":\"hu\",\"potentialAction\":[{\"@type\":\"ReadAction\",\"target\":[\"https:\/\/szekacs.lutheran.hu\/iskola\/szekacs-gala-2025\/\"]}]},{\"@type\":\"ImageObject\",\"inLanguage\":\"hu\",\"@id\":\"https:\/\/szekacs.lutheran.hu\/iskola\/szekacs-gala-2025\/#primaryimage\",\"url\":\"https:\/\/szekacs.lutheran.hu\/iskola\/wp-content\/uploads\/2025\/04\/DSC_0863.jpg\",\"contentUrl\":\"https:\/\/szekacs.lutheran.hu\/iskola\/wp-content\/uploads\/2025\/04\/DSC_0863.jpg\",\"width\":2304,\"height\":1536},{\"@type\":\"BreadcrumbList\",\"@id\":\"https:\/\/szekacs.lutheran.hu\/iskola\/szekacs-gala-2025\/#breadcrumb\",\"itemListElement\":[{\"@type\":\"ListItem\",\"position\":1,\"name\":\"Home\",\"item\":\"https:\/\/szekacs.lutheran.hu\/iskola\/\"},{\"@type\":\"ListItem\",\"position\":2,\"name\":\"Sz\u00e9k\u00e1cs g\u00e1la 2025\"}]},{\"@type\":\"WebSite\",\"@id\":\"https:\/\/szekacs.lutheran.hu\/iskola\/#website\",\"url\":\"https:\/\/szekacs.lutheran.hu\/iskola\/\",\"name\":\"Sz\u00e9k\u00e1cs J\u00f3zsef Evang\u00e9likus \u00d3voda, \u00c1ltal\u00e1nos Iskola \u00e9s Gimn\u00e1zium\",\"description\":\"\",\"potentialAction\":[{\"@type\":\"SearchAction\",\"target\":{\"@type\":\"EntryPoint\",\"urlTemplate\":\"https:\/\/szekacs.lutheran.hu\/iskola\/?s={search_term_string}\"},\"query-input\":{\"@type\":\"PropertyValueSpecification\",\"valueRequired\":true,\"valueName\":\"search_term_string\"}}],\"inLanguage\":\"hu\"},{\"@type\":\"Person\",\"@id\":\"https:\/\/szekacs.lutheran.hu\/iskola\/#\/schema\/person\/c2ed2e14631babb098c586494bc7d5df\",\"name\":\"admin\",\"image\":{\"@type\":\"ImageObject\",\"inLanguage\":\"hu\",\"@id\":\"https:\/\/szekacs.lutheran.hu\/iskola\/#\/schema\/person\/image\/\",\"url\":\"https:\/\/secure.gravatar.com\/avatar\/2d9a947cd9a162ca4e5eb73e817e43edd8dcbc6e501b39fb999fb53d65e181f4?s=96&d=mm&r=g\",\"contentUrl\":\"https:\/\/secure.gravatar.com\/avatar\/2d9a947cd9a162ca4e5eb73e817e43edd8dcbc6e501b39fb999fb53d65e181f4?s=96&d=mm&r=g\",\"caption\":\"admin\"},\"url\":\"https:\/\/szekacs.lutheran.hu\/iskola\/author\/admin\/\"}]}<\/script>\n<!-- \/ Yoast SEO plugin. -->","yoast_head_json":{"title":"Sz\u00e9k\u00e1cs g\u00e1la 2025 - Sz\u00e9k\u00e1cs J\u00f3zsef Evang\u00e9likus \u00d3voda, \u00c1ltal\u00e1nos Iskola \u00e9s Gimn\u00e1zium","robots":{"index":"index","follow":"follow","max-snippet":"max-snippet:-1","max-image-preview":"max-image-preview:large","max-video-preview":"max-video-preview:-1"},"canonical":"https:\/\/szekacs.lutheran.hu\/iskola\/szekacs-gala-2025\/","og_locale":"hu_HU","og_type":"article","og_title":"Sz\u00e9k\u00e1cs g\u00e1la 2025 - Sz\u00e9k\u00e1cs J\u00f3zsef Evang\u00e9likus \u00d3voda, \u00c1ltal\u00e1nos Iskola \u00e9s Gimn\u00e1zium","og_description":"A 2024\/2025. tan\u00e9vben \u00fajra eredeti id\u0151pontj\u00e1ban, a Sz\u00e9k\u00e1cs h\u00e9ten zajlott az a sz\u00e9p esem\u00e9ny, amikor tehets\u00e9ges di\u00e1kjaink bemutatkoznak az iskola...","og_url":"https:\/\/szekacs.lutheran.hu\/iskola\/szekacs-gala-2025\/","og_site_name":"Sz\u00e9k\u00e1cs J\u00f3zsef Evang\u00e9likus \u00d3voda, \u00c1ltal\u00e1nos Iskola \u00e9s Gimn\u00e1zium","article_published_time":"2025-04-04T07:54:48+00:00","og_image":[{"width":2304,"height":1536,"url":"https:\/\/szekacs.lutheran.hu\/iskola\/wp-content\/uploads\/2025\/04\/DSC_0863.jpg","type":"image\/jpeg"}],"author":"admin","twitter_card":"summary_large_image","twitter_misc":{"Szerz\u0151:":"admin","Becs\u00fclt olvas\u00e1si id\u0151":"3 perc"},"schema":{"@context":"https:\/\/schema.org","@graph":[{"@type":"WebPage","@id":"https:\/\/szekacs.lutheran.hu\/iskola\/szekacs-gala-2025\/","url":"https:\/\/szekacs.lutheran.hu\/iskola\/szekacs-gala-2025\/","name":"Sz\u00e9k\u00e1cs g\u00e1la 2025 - Sz\u00e9k\u00e1cs J\u00f3zsef Evang\u00e9likus \u00d3voda, \u00c1ltal\u00e1nos Iskola \u00e9s Gimn\u00e1zium","isPartOf":{"@id":"https:\/\/szekacs.lutheran.hu\/iskola\/#website"},"primaryImageOfPage":{"@id":"https:\/\/szekacs.lutheran.hu\/iskola\/szekacs-gala-2025\/#primaryimage"},"image":{"@id":"https:\/\/szekacs.lutheran.hu\/iskola\/szekacs-gala-2025\/#primaryimage"},"thumbnailUrl":"https:\/\/szekacs.lutheran.hu\/iskola\/wp-content\/uploads\/2025\/04\/DSC_0863.jpg","datePublished":"2025-04-04T07:54:48+00:00","author":{"@id":"https:\/\/szekacs.lutheran.hu\/iskola\/#\/schema\/person\/c2ed2e14631babb098c586494bc7d5df"},"breadcrumb":{"@id":"https:\/\/szekacs.lutheran.hu\/iskola\/szekacs-gala-2025\/#breadcrumb"},"inLanguage":"hu","potentialAction":[{"@type":"ReadAction","target":["https:\/\/szekacs.lutheran.hu\/iskola\/szekacs-gala-2025\/"]}]},{"@type":"ImageObject","inLanguage":"hu","@id":"https:\/\/szekacs.lutheran.hu\/iskola\/szekacs-gala-2025\/#primaryimage","url":"https:\/\/szekacs.lutheran.hu\/iskola\/wp-content\/uploads\/2025\/04\/DSC_0863.jpg","contentUrl":"https:\/\/szekacs.lutheran.hu\/iskola\/wp-content\/uploads\/2025\/04\/DSC_0863.jpg","width":2304,"height":1536},{"@type":"BreadcrumbList","@id":"https:\/\/szekacs.lutheran.hu\/iskola\/szekacs-gala-2025\/#breadcrumb","itemListElement":[{"@type":"ListItem","position":1,"name":"Home","item":"https:\/\/szekacs.lutheran.hu\/iskola\/"},{"@type":"ListItem","position":2,"name":"Sz\u00e9k\u00e1cs g\u00e1la 2025"}]},{"@type":"WebSite","@id":"https:\/\/szekacs.lutheran.hu\/iskola\/#website","url":"https:\/\/szekacs.lutheran.hu\/iskola\/","name":"Sz\u00e9k\u00e1cs J\u00f3zsef Evang\u00e9likus \u00d3voda, \u00c1ltal\u00e1nos Iskola \u00e9s Gimn\u00e1zium","description":"","potentialAction":[{"@type":"SearchAction","target":{"@type":"EntryPoint","urlTemplate":"https:\/\/szekacs.lutheran.hu\/iskola\/?s={search_term_string}"},"query-input":{"@type":"PropertyValueSpecification","valueRequired":true,"valueName":"search_term_string"}}],"inLanguage":"hu"},{"@type":"Person","@id":"https:\/\/szekacs.lutheran.hu\/iskola\/#\/schema\/person\/c2ed2e14631babb098c586494bc7d5df","name":"admin","image":{"@type":"ImageObject","inLanguage":"hu","@id":"https:\/\/szekacs.lutheran.hu\/iskola\/#\/schema\/person\/image\/","url":"https:\/\/secure.gravatar.com\/avatar\/2d9a947cd9a162ca4e5eb73e817e43edd8dcbc6e501b39fb999fb53d65e181f4?s=96&d=mm&r=g","contentUrl":"https:\/\/secure.gravatar.com\/avatar\/2d9a947cd9a162ca4e5eb73e817e43edd8dcbc6e501b39fb999fb53d65e181f4?s=96&d=mm&r=g","caption":"admin"},"url":"https:\/\/szekacs.lutheran.hu\/iskola\/author\/admin\/"}]}},"_links":{"self":[{"href":"https:\/\/szekacs.lutheran.hu\/iskola\/wp-json\/wp\/v2\/posts\/32210","targetHints":{"allow":["GET"]}}],"collection":[{"href":"https:\/\/szekacs.lutheran.hu\/iskola\/wp-json\/wp\/v2\/posts"}],"about":[{"href":"https:\/\/szekacs.lutheran.hu\/iskola\/wp-json\/wp\/v2\/types\/post"}],"author":[{"embeddable":true,"href":"https:\/\/szekacs.lutheran.hu\/iskola\/wp-json\/wp\/v2\/users\/1"}],"replies":[{"embeddable":true,"href":"https:\/\/szekacs.lutheran.hu\/iskola\/wp-json\/wp\/v2\/comments?post=32210"}],"version-history":[{"count":1,"href":"https:\/\/szekacs.lutheran.hu\/iskola\/wp-json\/wp\/v2\/posts\/32210\/revisions"}],"predecessor-version":[{"id":32211,"href":"https:\/\/szekacs.lutheran.hu\/iskola\/wp-json\/wp\/v2\/posts\/32210\/revisions\/32211"}],"wp:featuredmedia":[{"embeddable":true,"href":"https:\/\/szekacs.lutheran.hu\/iskola\/wp-json\/wp\/v2\/media\/32159"}],"wp:attachment":[{"href":"https:\/\/szekacs.lutheran.hu\/iskola\/wp-json\/wp\/v2\/media?parent=32210"}],"wp:term":[{"taxonomy":"category","embeddable":true,"href":"https:\/\/szekacs.lutheran.hu\/iskola\/wp-json\/wp\/v2\/categories?post=32210"},{"taxonomy":"post_tag","embeddable":true,"href":"https:\/\/szekacs.lutheran.hu\/iskola\/wp-json\/wp\/v2\/tags?post=32210"}],"curies":[{"name":"wp","href":"https:\/\/api.w.org\/{rel}","templated":true}]}}