{"id":31120,"date":"2024-11-26T08:48:28","date_gmt":"2024-11-26T08:48:28","guid":{"rendered":"https:\/\/szekacs.lutheran.hu\/iskola\/?p=31120"},"modified":"2024-11-26T08:51:05","modified_gmt":"2024-11-26T08:51:05","slug":"szent-imre-2024","status":"publish","type":"post","link":"https:\/\/szekacs.lutheran.hu\/iskola\/szent-imre-2024\/","title":{"rendered":"Szent Imre Alkot\u00f3p\u00e1ly\u00e1zaton d\u00edjazott tehets\u00e9gek"},"content":{"rendered":"<p>A Szeged-Csan\u00e1di Egyh\u00e1zmegye id\u00e9n is alkot\u00f3- \u00e9s rajzp\u00e1ly\u00e1zatot hirdetett \u201eRem\u00e9ny\u201d c\u00edmmel az \u00e1ltal\u00e1nos- \u00e9s k\u00f6z\u00e9piskol\u00e1s kor\u00fa tanul\u00f3k sz\u00e1m\u00e1ra.<\/p>\n<p>A zs\u0171ri t\u00f6bb mint 300 \u00e9rt\u00e9kes p\u00e1lyamunk\u00e1b\u00f3l v\u00e1lasztotta ki a legjobb alkot\u00e1sokat. A d\u00edjakat november 19-\u00e9n, kedden a G\u00e1l Ferenc Egyetemen vehett\u00e9k \u00e1t a sikeres p\u00e1ly\u00e1z\u00f3k. Az \u00e9rt\u00e9kes csomagokon k\u00edv\u00fcl m\u00e9g \u00e9lm\u00e9nynappal is gazdagodtak a gyermekek, az als\u00f3v\u00e1rosi ferences kolostor, a B\u00e1lint S\u00e1ndor T\u00e1jh\u00e1z valamint a Karolina gimn\u00e1zium foglalkoz\u00e1sain vehettek r\u00e9szt.<\/p>\n<p>A Sz\u00e9k\u00e1cs J\u00f3zsef Evang\u00e9likus \u00d3voda, \u00c1ltal\u00e1nos Iskola \u00e9s Gimn\u00e1ziumb\u00f3l a nyertesek:<\/p>\n<ul>\n<li>kisplasztika k\u00fcl\u00f6nd\u00edjat kapott <strong>Bokor Zo\u00e9 <\/strong>4.b oszt\u00e1lyos tanul\u00f3,<\/li>\n<li>a mez\u0151nyb\u0151l kiemelked\u0151 munk\u00e1j\u00e1val k\u00fcl\u00f6nd\u00edjat \u00e9s megk\u00fcl\u00f6nb\u00f6ztetett figyelmet kapott egy zenei m\u0171, melynek alkot\u00f3ja \u00e9s el\u0151ad\u00f3ja az 5.a oszt\u00e1lyos <strong>Poly\u00e1k S\u00e1ra<\/strong> volt, m\u0171v\u00e9t furuly\u00e1n adta el\u0151 a G\u00e1l Ferenc Egyetem k\u00fcl\u00f6nterm\u00e9ben,<\/li>\n<li>megosztott m\u00e1sodik helyet k\u00e9t di\u00e1kunk kapott: <strong>Katona Molli Merc\u00e9desz<\/strong> a 10\/A-b\u00f3l a grafik\u00e1j\u00e1val,<\/li>\n<li>illetve <strong>B\u00e1nfi Vikt\u00f3ria<\/strong> 12\/A oszt\u00e1lyos di\u00e1k a ceruzarajz\u00e1val,<\/li>\n<li>az els\u0151 helyet pedig <strong>Sziv\u00e1k Hajnalka<\/strong> 12\/A oszt\u00e1lyos di\u00e1k \u00e9rdemelte ki n\u00edv\u00f3s festm\u00e9ny\u00e9vel.<\/li>\n<\/ul>\n<p>A rangos d\u00edjakat dr. Serf\u0151z\u0151 Levente oktat\u00e1si helyn\u00f6k adta \u00e1t a di\u00e1koknak. A p\u00e1lyamunk\u00e1kat ki\u00e1ll\u00edtott\u00e1k a D\u00f3mban is, november 21-ig lehetett megtekinteni az alkot\u00e1sokat.<\/p>\n<p><a href=\"https:\/\/szekacs.lutheran.hu\/iskola\/wp-content\/uploads\/2024\/11\/Szent-Imre-Alkot\u00f3p\u00e1ly\u00e1zat.jpg\"><img loading=\"lazy\" decoding=\"async\" class=\"size-medium wp-image-31122 aligncenter\" src=\"https:\/\/szekacs.lutheran.hu\/iskola\/wp-content\/uploads\/2024\/11\/Szent-Imre-Alkot\u00f3p\u00e1ly\u00e1zat-300x225.jpg\" alt=\"\" width=\"300\" height=\"225\" srcset=\"https:\/\/szekacs.lutheran.hu\/iskola\/wp-content\/uploads\/2024\/11\/Szent-Imre-Alkot\u00f3p\u00e1ly\u00e1zat-300x225.jpg 300w, https:\/\/szekacs.lutheran.hu\/iskola\/wp-content\/uploads\/2024\/11\/Szent-Imre-Alkot\u00f3p\u00e1ly\u00e1zat-768x576.jpg 768w, https:\/\/szekacs.lutheran.hu\/iskola\/wp-content\/uploads\/2024\/11\/Szent-Imre-Alkot\u00f3p\u00e1ly\u00e1zat-1024x769.jpg 1024w, https:\/\/szekacs.lutheran.hu\/iskola\/wp-content\/uploads\/2024\/11\/Szent-Imre-Alkot\u00f3p\u00e1ly\u00e1zat-580x435.jpg 580w, https:\/\/szekacs.lutheran.hu\/iskola\/wp-content\/uploads\/2024\/11\/Szent-Imre-Alkot\u00f3p\u00e1ly\u00e1zat-860x646.jpg 860w, https:\/\/szekacs.lutheran.hu\/iskola\/wp-content\/uploads\/2024\/11\/Szent-Imre-Alkot\u00f3p\u00e1ly\u00e1zat-1160x871.jpg 1160w, https:\/\/szekacs.lutheran.hu\/iskola\/wp-content\/uploads\/2024\/11\/Szent-Imre-Alkot\u00f3p\u00e1ly\u00e1zat-1320x991.jpg 1320w, https:\/\/szekacs.lutheran.hu\/iskola\/wp-content\/uploads\/2024\/11\/Szent-Imre-Alkot\u00f3p\u00e1ly\u00e1zat.jpg 1600w\" sizes=\"auto, (max-width: 300px) 100vw, 300px\" \/><\/a><\/p>\n","protected":false},"excerpt":{"rendered":"<p>A Szeged-Csan\u00e1di Egyh\u00e1zmegye id\u00e9n is alkot\u00f3- \u00e9s rajzp\u00e1ly\u00e1zatot hirdetett \u201eRem\u00e9ny\u201d c\u00edmmel az \u00e1ltal\u00e1nos- \u00e9s k\u00f6z\u00e9piskol\u00e1s kor\u00fa tanul\u00f3k sz\u00e1m\u00e1ra. A zs\u0171ri&#8230;<\/p>\n","protected":false},"author":1,"featured_media":31121,"comment_status":"closed","ping_status":"closed","sticky":false,"template":"","format":"standard","meta":{"footnotes":""},"categories":[42,43],"tags":[],"class_list":["post-31120","post","type-post","status-publish","format-standard","has-post-thumbnail","hentry","category-aktualis","category-iskolai-elet"],"yoast_head":"<!-- This site is optimized with the Yoast SEO plugin v26.2 - https:\/\/yoast.com\/wordpress\/plugins\/seo\/ -->\n<title>Szent Imre Alkot\u00f3p\u00e1ly\u00e1zaton d\u00edjazott tehets\u00e9gek - Sz\u00e9k\u00e1cs J\u00f3zsef Evang\u00e9likus \u00d3voda, \u00c1ltal\u00e1nos Iskola \u00e9s Gimn\u00e1zium<\/title>\n<meta name=\"robots\" content=\"index, follow, max-snippet:-1, max-image-preview:large, max-video-preview:-1\" \/>\n<link rel=\"canonical\" href=\"https:\/\/szekacs.lutheran.hu\/iskola\/szent-imre-2024\/\" \/>\n<meta property=\"og:locale\" content=\"hu_HU\" \/>\n<meta property=\"og:type\" content=\"article\" \/>\n<meta property=\"og:title\" content=\"Szent Imre Alkot\u00f3p\u00e1ly\u00e1zaton d\u00edjazott tehets\u00e9gek - Sz\u00e9k\u00e1cs J\u00f3zsef Evang\u00e9likus \u00d3voda, \u00c1ltal\u00e1nos Iskola \u00e9s Gimn\u00e1zium\" \/>\n<meta property=\"og:description\" content=\"A Szeged-Csan\u00e1di Egyh\u00e1zmegye id\u00e9n is alkot\u00f3- \u00e9s rajzp\u00e1ly\u00e1zatot hirdetett \u201eRem\u00e9ny\u201d c\u00edmmel az \u00e1ltal\u00e1nos- \u00e9s k\u00f6z\u00e9piskol\u00e1s kor\u00fa tanul\u00f3k sz\u00e1m\u00e1ra. A zs\u0171ri...\" \/>\n<meta property=\"og:url\" content=\"https:\/\/szekacs.lutheran.hu\/iskola\/szent-imre-2024\/\" \/>\n<meta property=\"og:site_name\" content=\"Sz\u00e9k\u00e1cs J\u00f3zsef Evang\u00e9likus \u00d3voda, \u00c1ltal\u00e1nos Iskola \u00e9s Gimn\u00e1zium\" \/>\n<meta property=\"article:published_time\" content=\"2024-11-26T08:48:28+00:00\" \/>\n<meta property=\"article:modified_time\" content=\"2024-11-26T08:51:05+00:00\" \/>\n<meta property=\"og:image\" content=\"https:\/\/szekacs.lutheran.hu\/iskola\/wp-content\/uploads\/2024\/11\/6M28920-1024x683.jpg\" \/>\n\t<meta property=\"og:image:width\" content=\"1024\" \/>\n\t<meta property=\"og:image:height\" content=\"683\" \/>\n\t<meta property=\"og:image:type\" content=\"image\/jpeg\" \/>\n<meta name=\"author\" content=\"admin\" \/>\n<meta name=\"twitter:card\" content=\"summary_large_image\" \/>\n<meta name=\"twitter:label1\" content=\"Szerz\u0151:\" \/>\n\t<meta name=\"twitter:data1\" content=\"admin\" \/>\n\t<meta name=\"twitter:label2\" content=\"Becs\u00fclt olvas\u00e1si id\u0151\" \/>\n\t<meta name=\"twitter:data2\" content=\"1 perc\" \/>\n<script type=\"application\/ld+json\" class=\"yoast-schema-graph\">{\"@context\":\"https:\/\/schema.org\",\"@graph\":[{\"@type\":\"WebPage\",\"@id\":\"https:\/\/szekacs.lutheran.hu\/iskola\/szent-imre-2024\/\",\"url\":\"https:\/\/szekacs.lutheran.hu\/iskola\/szent-imre-2024\/\",\"name\":\"Szent Imre Alkot\u00f3p\u00e1ly\u00e1zaton d\u00edjazott tehets\u00e9gek - Sz\u00e9k\u00e1cs J\u00f3zsef Evang\u00e9likus \u00d3voda, \u00c1ltal\u00e1nos Iskola \u00e9s Gimn\u00e1zium\",\"isPartOf\":{\"@id\":\"https:\/\/szekacs.lutheran.hu\/iskola\/#website\"},\"primaryImageOfPage\":{\"@id\":\"https:\/\/szekacs.lutheran.hu\/iskola\/szent-imre-2024\/#primaryimage\"},\"image\":{\"@id\":\"https:\/\/szekacs.lutheran.hu\/iskola\/szent-imre-2024\/#primaryimage\"},\"thumbnailUrl\":\"https:\/\/szekacs.lutheran.hu\/iskola\/wp-content\/uploads\/2024\/11\/6M28920.jpg\",\"datePublished\":\"2024-11-26T08:48:28+00:00\",\"dateModified\":\"2024-11-26T08:51:05+00:00\",\"author\":{\"@id\":\"https:\/\/szekacs.lutheran.hu\/iskola\/#\/schema\/person\/c2ed2e14631babb098c586494bc7d5df\"},\"breadcrumb\":{\"@id\":\"https:\/\/szekacs.lutheran.hu\/iskola\/szent-imre-2024\/#breadcrumb\"},\"inLanguage\":\"hu\",\"potentialAction\":[{\"@type\":\"ReadAction\",\"target\":[\"https:\/\/szekacs.lutheran.hu\/iskola\/szent-imre-2024\/\"]}]},{\"@type\":\"ImageObject\",\"inLanguage\":\"hu\",\"@id\":\"https:\/\/szekacs.lutheran.hu\/iskola\/szent-imre-2024\/#primaryimage\",\"url\":\"https:\/\/szekacs.lutheran.hu\/iskola\/wp-content\/uploads\/2024\/11\/6M28920.jpg\",\"contentUrl\":\"https:\/\/szekacs.lutheran.hu\/iskola\/wp-content\/uploads\/2024\/11\/6M28920.jpg\",\"width\":5949,\"height\":3966},{\"@type\":\"BreadcrumbList\",\"@id\":\"https:\/\/szekacs.lutheran.hu\/iskola\/szent-imre-2024\/#breadcrumb\",\"itemListElement\":[{\"@type\":\"ListItem\",\"position\":1,\"name\":\"Home\",\"item\":\"https:\/\/szekacs.lutheran.hu\/iskola\/\"},{\"@type\":\"ListItem\",\"position\":2,\"name\":\"Szent Imre Alkot\u00f3p\u00e1ly\u00e1zaton d\u00edjazott tehets\u00e9gek\"}]},{\"@type\":\"WebSite\",\"@id\":\"https:\/\/szekacs.lutheran.hu\/iskola\/#website\",\"url\":\"https:\/\/szekacs.lutheran.hu\/iskola\/\",\"name\":\"Sz\u00e9k\u00e1cs J\u00f3zsef Evang\u00e9likus \u00d3voda, \u00c1ltal\u00e1nos Iskola \u00e9s Gimn\u00e1zium\",\"description\":\"\",\"potentialAction\":[{\"@type\":\"SearchAction\",\"target\":{\"@type\":\"EntryPoint\",\"urlTemplate\":\"https:\/\/szekacs.lutheran.hu\/iskola\/?s={search_term_string}\"},\"query-input\":{\"@type\":\"PropertyValueSpecification\",\"valueRequired\":true,\"valueName\":\"search_term_string\"}}],\"inLanguage\":\"hu\"},{\"@type\":\"Person\",\"@id\":\"https:\/\/szekacs.lutheran.hu\/iskola\/#\/schema\/person\/c2ed2e14631babb098c586494bc7d5df\",\"name\":\"admin\",\"image\":{\"@type\":\"ImageObject\",\"inLanguage\":\"hu\",\"@id\":\"https:\/\/szekacs.lutheran.hu\/iskola\/#\/schema\/person\/image\/\",\"url\":\"https:\/\/secure.gravatar.com\/avatar\/2d9a947cd9a162ca4e5eb73e817e43edd8dcbc6e501b39fb999fb53d65e181f4?s=96&d=mm&r=g\",\"contentUrl\":\"https:\/\/secure.gravatar.com\/avatar\/2d9a947cd9a162ca4e5eb73e817e43edd8dcbc6e501b39fb999fb53d65e181f4?s=96&d=mm&r=g\",\"caption\":\"admin\"},\"url\":\"https:\/\/szekacs.lutheran.hu\/iskola\/author\/admin\/\"}]}<\/script>\n<!-- \/ Yoast SEO plugin. -->","yoast_head_json":{"title":"Szent Imre Alkot\u00f3p\u00e1ly\u00e1zaton d\u00edjazott tehets\u00e9gek - Sz\u00e9k\u00e1cs J\u00f3zsef Evang\u00e9likus \u00d3voda, \u00c1ltal\u00e1nos Iskola \u00e9s Gimn\u00e1zium","robots":{"index":"index","follow":"follow","max-snippet":"max-snippet:-1","max-image-preview":"max-image-preview:large","max-video-preview":"max-video-preview:-1"},"canonical":"https:\/\/szekacs.lutheran.hu\/iskola\/szent-imre-2024\/","og_locale":"hu_HU","og_type":"article","og_title":"Szent Imre Alkot\u00f3p\u00e1ly\u00e1zaton d\u00edjazott tehets\u00e9gek - Sz\u00e9k\u00e1cs J\u00f3zsef Evang\u00e9likus \u00d3voda, \u00c1ltal\u00e1nos Iskola \u00e9s Gimn\u00e1zium","og_description":"A Szeged-Csan\u00e1di Egyh\u00e1zmegye id\u00e9n is alkot\u00f3- \u00e9s rajzp\u00e1ly\u00e1zatot hirdetett \u201eRem\u00e9ny\u201d c\u00edmmel az \u00e1ltal\u00e1nos- \u00e9s k\u00f6z\u00e9piskol\u00e1s kor\u00fa tanul\u00f3k sz\u00e1m\u00e1ra. A zs\u0171ri...","og_url":"https:\/\/szekacs.lutheran.hu\/iskola\/szent-imre-2024\/","og_site_name":"Sz\u00e9k\u00e1cs J\u00f3zsef Evang\u00e9likus \u00d3voda, \u00c1ltal\u00e1nos Iskola \u00e9s Gimn\u00e1zium","article_published_time":"2024-11-26T08:48:28+00:00","article_modified_time":"2024-11-26T08:51:05+00:00","og_image":[{"width":1024,"height":683,"url":"https:\/\/szekacs.lutheran.hu\/iskola\/wp-content\/uploads\/2024\/11\/6M28920-1024x683.jpg","type":"image\/jpeg"}],"author":"admin","twitter_card":"summary_large_image","twitter_misc":{"Szerz\u0151:":"admin","Becs\u00fclt olvas\u00e1si id\u0151":"1 perc"},"schema":{"@context":"https:\/\/schema.org","@graph":[{"@type":"WebPage","@id":"https:\/\/szekacs.lutheran.hu\/iskola\/szent-imre-2024\/","url":"https:\/\/szekacs.lutheran.hu\/iskola\/szent-imre-2024\/","name":"Szent Imre Alkot\u00f3p\u00e1ly\u00e1zaton d\u00edjazott tehets\u00e9gek - Sz\u00e9k\u00e1cs J\u00f3zsef Evang\u00e9likus \u00d3voda, \u00c1ltal\u00e1nos Iskola \u00e9s Gimn\u00e1zium","isPartOf":{"@id":"https:\/\/szekacs.lutheran.hu\/iskola\/#website"},"primaryImageOfPage":{"@id":"https:\/\/szekacs.lutheran.hu\/iskola\/szent-imre-2024\/#primaryimage"},"image":{"@id":"https:\/\/szekacs.lutheran.hu\/iskola\/szent-imre-2024\/#primaryimage"},"thumbnailUrl":"https:\/\/szekacs.lutheran.hu\/iskola\/wp-content\/uploads\/2024\/11\/6M28920.jpg","datePublished":"2024-11-26T08:48:28+00:00","dateModified":"2024-11-26T08:51:05+00:00","author":{"@id":"https:\/\/szekacs.lutheran.hu\/iskola\/#\/schema\/person\/c2ed2e14631babb098c586494bc7d5df"},"breadcrumb":{"@id":"https:\/\/szekacs.lutheran.hu\/iskola\/szent-imre-2024\/#breadcrumb"},"inLanguage":"hu","potentialAction":[{"@type":"ReadAction","target":["https:\/\/szekacs.lutheran.hu\/iskola\/szent-imre-2024\/"]}]},{"@type":"ImageObject","inLanguage":"hu","@id":"https:\/\/szekacs.lutheran.hu\/iskola\/szent-imre-2024\/#primaryimage","url":"https:\/\/szekacs.lutheran.hu\/iskola\/wp-content\/uploads\/2024\/11\/6M28920.jpg","contentUrl":"https:\/\/szekacs.lutheran.hu\/iskola\/wp-content\/uploads\/2024\/11\/6M28920.jpg","width":5949,"height":3966},{"@type":"BreadcrumbList","@id":"https:\/\/szekacs.lutheran.hu\/iskola\/szent-imre-2024\/#breadcrumb","itemListElement":[{"@type":"ListItem","position":1,"name":"Home","item":"https:\/\/szekacs.lutheran.hu\/iskola\/"},{"@type":"ListItem","position":2,"name":"Szent Imre Alkot\u00f3p\u00e1ly\u00e1zaton d\u00edjazott tehets\u00e9gek"}]},{"@type":"WebSite","@id":"https:\/\/szekacs.lutheran.hu\/iskola\/#website","url":"https:\/\/szekacs.lutheran.hu\/iskola\/","name":"Sz\u00e9k\u00e1cs J\u00f3zsef Evang\u00e9likus \u00d3voda, \u00c1ltal\u00e1nos Iskola \u00e9s Gimn\u00e1zium","description":"","potentialAction":[{"@type":"SearchAction","target":{"@type":"EntryPoint","urlTemplate":"https:\/\/szekacs.lutheran.hu\/iskola\/?s={search_term_string}"},"query-input":{"@type":"PropertyValueSpecification","valueRequired":true,"valueName":"search_term_string"}}],"inLanguage":"hu"},{"@type":"Person","@id":"https:\/\/szekacs.lutheran.hu\/iskola\/#\/schema\/person\/c2ed2e14631babb098c586494bc7d5df","name":"admin","image":{"@type":"ImageObject","inLanguage":"hu","@id":"https:\/\/szekacs.lutheran.hu\/iskola\/#\/schema\/person\/image\/","url":"https:\/\/secure.gravatar.com\/avatar\/2d9a947cd9a162ca4e5eb73e817e43edd8dcbc6e501b39fb999fb53d65e181f4?s=96&d=mm&r=g","contentUrl":"https:\/\/secure.gravatar.com\/avatar\/2d9a947cd9a162ca4e5eb73e817e43edd8dcbc6e501b39fb999fb53d65e181f4?s=96&d=mm&r=g","caption":"admin"},"url":"https:\/\/szekacs.lutheran.hu\/iskola\/author\/admin\/"}]}},"_links":{"self":[{"href":"https:\/\/szekacs.lutheran.hu\/iskola\/wp-json\/wp\/v2\/posts\/31120","targetHints":{"allow":["GET"]}}],"collection":[{"href":"https:\/\/szekacs.lutheran.hu\/iskola\/wp-json\/wp\/v2\/posts"}],"about":[{"href":"https:\/\/szekacs.lutheran.hu\/iskola\/wp-json\/wp\/v2\/types\/post"}],"author":[{"embeddable":true,"href":"https:\/\/szekacs.lutheran.hu\/iskola\/wp-json\/wp\/v2\/users\/1"}],"replies":[{"embeddable":true,"href":"https:\/\/szekacs.lutheran.hu\/iskola\/wp-json\/wp\/v2\/comments?post=31120"}],"version-history":[{"count":1,"href":"https:\/\/szekacs.lutheran.hu\/iskola\/wp-json\/wp\/v2\/posts\/31120\/revisions"}],"predecessor-version":[{"id":31123,"href":"https:\/\/szekacs.lutheran.hu\/iskola\/wp-json\/wp\/v2\/posts\/31120\/revisions\/31123"}],"wp:featuredmedia":[{"embeddable":true,"href":"https:\/\/szekacs.lutheran.hu\/iskola\/wp-json\/wp\/v2\/media\/31121"}],"wp:attachment":[{"href":"https:\/\/szekacs.lutheran.hu\/iskola\/wp-json\/wp\/v2\/media?parent=31120"}],"wp:term":[{"taxonomy":"category","embeddable":true,"href":"https:\/\/szekacs.lutheran.hu\/iskola\/wp-json\/wp\/v2\/categories?post=31120"},{"taxonomy":"post_tag","embeddable":true,"href":"https:\/\/szekacs.lutheran.hu\/iskola\/wp-json\/wp\/v2\/tags?post=31120"}],"curies":[{"name":"wp","href":"https:\/\/api.w.org\/{rel}","templated":true}]}}