{"id":31062,"date":"2024-10-10T09:51:55","date_gmt":"2024-10-10T09:51:55","guid":{"rendered":"https:\/\/szekacs.lutheran.hu\/iskola\/?p=31062"},"modified":"2024-10-10T09:51:55","modified_gmt":"2024-10-10T09:51:55","slug":"tanfelugyelet-2024","status":"publish","type":"post","link":"https:\/\/szekacs.lutheran.hu\/iskola\/tanfelugyelet-2024\/","title":{"rendered":"A gimn\u00e1ziumi tanfel\u00fcgyelet meg\u00e1llap\u00edt\u00e1sai 2024."},"content":{"rendered":"<p>2024. \u00e1prilis 11-\u00e9n zajlott iskol\u00e1nkban a gimn\u00e1ziumi tanfel\u00fcgyelet l\u00e1togat\u00e1sa. A tanfel\u00fcgyeletben r\u00e9szt vev\u0151 szak\u00e9rt\u0151k meg\u00e1llap\u00edt\u00e1sai al\u00e1bb r\u00f6viden olvashat\u00f3k vagy <a href=\"https:\/\/szekacs.lutheran.hu\/iskola\/tanfelugyelet-megallapitasai-gimnazium-2024\/\" target=\"_blank\" rel=\"noopener noreferrer\">innen let\u00f6lthet\u0151k<\/a>.<\/p>\n<ol>\n<li><strong> Pedag\u00f3giai folyamatok<\/strong><\/li>\n<\/ol>\n<p><u>Fejleszthet\u0151 tev\u00e9kenys\u00e9gek<\/u><\/p>\n<p>A <strong>k\u00f6rnyezeti nevel\u00e9s, fenntarthat\u00f3 fejl\u0151d\u00e9s<\/strong> pedag\u00f3giai programban megfogalmazott c\u00e9ljai hangs\u00falyosabban jelenjenek meg az int\u00e9zm\u00e9nyi <strong>munkatervben.<\/strong> Az int\u00e9zm\u00e9nyi besz\u00e1mol\u00f3kban jelenjenek meg <strong>az int\u00e9zm\u00e9nyi \u00f6n\u00e9rt\u00e9kel\u00e9s<\/strong> meg\u00e1llap\u00edt\u00e1sai, illetve az ezekhez kapcsol\u00f3d\u00f3 feladatok. A <strong>bels\u0151 ellen\u0151rz\u00e9s<\/strong> pontos szab\u00e1lyoz\u00e1sa az int\u00e9zm\u00e9nyi munkatervben. A bels\u0151 ellen\u0151rz\u00e9sek eredm\u00e9nyeinek felhaszn\u00e1l\u00e1sa az int\u00e9zm\u00e9nyi \u00f6n\u00e9rt\u00e9kel\u00e9sben. Mindenki sz\u00e1m\u00e1ra \u00e9rtelmezhet\u0151 \u00e9s elfogadhat\u00f3 k\u00f6z\u00f6s <strong>bels\u0151 \u00e9rt\u00e9kel\u00e9si rendszer <\/strong>kidolgoz\u00e1sa. <strong>A m\u00e9r\u00e9si-\u00e9rt\u00e9kel\u00e9si eredm\u00e9nyekhez kapcsol\u00f3d\u00f3 elemz\u00e9sek<\/strong> felhaszn\u00e1l\u00e1sa a k\u00f6vetkez\u0151 tan\u00e9v feladatainak meghat\u00e1roz\u00e1sakor.<\/p>\n<p><u>Kiemelked\u0151 tev\u00e9kenys\u00e9gek<\/u><\/p>\n<p>Er\u0151s hivat\u00e1studat jellemzi a nevel\u0151test\u00fcletet. A tanul\u00f3k egy\u00e9ni b\u00e1n\u00e1sm\u00f3dja, a felz\u00e1rk\u00f3ztat\u00e1s, a tehets\u00e9ggondoz\u00e1s \u00e9ves szinten folyamatosan megval\u00f3sul. Az int\u00e9zm\u00e9nyi bels\u0151 elv\u00e1r\u00e1sokat, valamint az oktatott csoportok fejleszt\u00e9si c\u00e9ljait figyelembe v\u00e9ve tervezik meg a nevel\u0151-oktat\u00f3 munk\u00e1t a pedag\u00f3gusok, valamint tervszer\u0171 az egy\u00e9ni felz\u00e1rk\u00f3ztat\u00e1s, tehets\u00e9gfejleszt\u00e9s. A pedag\u00f3gusok elk\u00f6telezettek a k\u00f6z\u00f6ss\u00e9gi \u00e9rt\u00e9kek, hagyom\u00e1nyok \u00e1pol\u00e1sa, iskolai programok meg\u00faj\u00edt\u00e1sa ir\u00e1nt.<\/p>\n<p>&nbsp;<\/p>\n<ol start=\"2\">\n<li><strong> Szem\u00e9lyis\u00e9g- \u00e9s k\u00f6z\u00f6ss\u00e9gfejleszt\u00e9s<\/strong><\/li>\n<\/ol>\n<p><u>Fejleszthet\u0151 tev\u00e9kenys\u00e9gek<\/u><\/p>\n<p><strong>A tanul\u00f3k szem\u00e9lyes \u00e9s szoci\u00e1lis k\u00e9pess\u00e9geinek fejleszt\u00e9se, illetve a k\u00f6rnyezettudatos \u00e9letm\u00f3dra nevel\u00e9s legyen nyomon k\u00f6vethet\u0151 a besz\u00e1mol\u00f3kban<\/strong>. Az <strong>\u00f6n\u00e1ll\u00f3 tanul\u00e1s t\u00e1mogat\u00e1sa<\/strong>, az ehhez sz\u00fcks\u00e9ges <strong>tanul\u00e1si eszk\u00f6z\u00f6k biztos\u00edt\u00e1sa<\/strong>. A <strong>sz\u00fcl\u0151k akt\u00edvabb r\u00e9szv\u00e9tel\u00e9nek<\/strong> el\u0151mozd\u00edt\u00e1sa az int\u00e9zm\u00e9nyi alkalmakon.<\/p>\n<p><u>Kiemelked\u0151 tev\u00e9kenys\u00e9gek<\/u><\/p>\n<p>T\u00e1mogat\u00f3 szervezeti \u00e9s tanul\u00e1si kult\u00fara jellemzi az iskol\u00e1t. Az iskola sok programot k\u00edn\u00e1l az int\u00e9zm\u00e9nybe j\u00e1r\u00f3 di\u00e1kok sz\u00e1m\u00e1ra az iskola falain bel\u00fcl \u00e9s k\u00edv\u00fcl. A tanul\u00f3k szoci\u00e1lis h\u00e1tr\u00e1nyainak enyh\u00edt\u00e9s\u00e9re kidolgozott rendszer m\u0171k\u00f6dtet\u00e9se. A k\u00f6rnyezettudatos \u00e9letm\u00f3dra nevel\u00e9s \u00e9s a k\u00f6z\u00f6ss\u00e9gfejleszt\u00e9s. Az integr\u00e1lt oktat\u00e1s keretein bel\u00fcl megteremtik a h\u00e1tr\u00e1nyos helyzet\u0171, tanul\u00e1sban lemarad\u00f3 vagy SNI-s tanul\u00f3k felz\u00e1rk\u00f3ztat\u00e1s\u00e1t.<\/p>\n<p>&nbsp;<\/p>\n<ol start=\"3\">\n<li><strong> Az int\u00e9zm\u00e9nyben foly\u00f3 pedag\u00f3giai munk\u00e1val \u00f6sszef\u00fcgg\u0151 eredm\u00e9nyek<\/strong><\/li>\n<\/ol>\n<p><u>Fejleszthet\u0151 tev\u00e9kenys\u00e9gek<\/u><\/p>\n<p>Az int\u00e9zm\u00e9ny nevel\u00e9si \u00e9s oktat\u00e1si c\u00e9lrendszer\u00e9hez kapcsol\u00f3d\u00f3 <strong>kiemelt t\u00e1rgyak eredm\u00e9nyeinek jav\u00edt\u00e1sa<\/strong>. A bels\u0151 \u00e9s k\u00fcls\u0151 m\u00e9r\u00e9si eredm\u00e9nyek felhaszn\u00e1l\u00e1sa az int\u00e9zm\u00e9nyi \u00f6n\u00e9rt\u00e9kel\u00e9s elj\u00e1r\u00e1s\u00e1ban \u00e9s a pedag\u00f3giai munka fejleszt\u00e9s\u00e9ben. A vezet\u0151 ellen\u0151rz\u0151 tev\u00e9kenys\u00e9ge, k\u00fcl\u00f6n\u00f6s tekintettel az eredm\u00e9nyess\u00e9g \u00e9rt\u00e9kel\u00e9s\u00e9re, k\u00f6vetkeztet\u00e9sek levon\u00e1s\u00e1ra, a sz\u00fcks\u00e9ges int\u00e9zked\u00e9sek meghozatal\u00e1ra. Hat\u00e9kony <strong>alumni rendszer <\/strong>m\u0171k\u00f6dtet\u00e9se \u00e9s tov\u00e1bbfejleszt\u00e9se.<\/p>\n<p><u>Kiemelked\u0151 tev\u00e9kenys\u00e9gek<\/u><\/p>\n<p>Az eredm\u00e9nyek el\u00e9r\u00e9s\u00e9hez a munkat\u00e1rsak nagy t\u00f6bbs\u00e9ge hozz\u00e1j\u00e1rul. Nyilv\u00e1ntartj\u00e1k \u00e9s elemzik az int\u00e9zm\u00e9nyi bels\u0151 m\u00e9r\u00e9si eredm\u00e9nyeket. A volt tanul\u00f3k p\u00e1ly\u00e1j\u00e1nak k\u00f6vet\u00e9se, beilleszt\u00e9se az iskolai nevel\u00e9sbe, az iskola hagyom\u00e1nyaiba.<\/p>\n<p>&nbsp;<\/p>\n<ol start=\"4\">\n<li><strong> Bels\u0151 kapcsolatok, egy\u00fcttm\u0171k\u00f6d\u00e9s, kommunik\u00e1ci\u00f3<\/strong><\/li>\n<\/ol>\n<p><u>Fejleszthet\u0151 tev\u00e9kenys\u00e9gek<\/u><\/p>\n<p>K\u00e9tir\u00e1ny\u00fa <strong>inform\u00e1ci\u00f3\u00e1raml\u00e1st<\/strong> t\u00e1mogat\u00f3 kommunik\u00e1ci\u00f3s rendszer hat\u00e9kony m\u0171k\u00f6dtet\u00e9se. A vezet\u0151s\u00e9g pedag\u00f3gusok fel\u00e9 t\u00f6rt\u00e9n\u0151 <strong>elv\u00e1r\u00e1sainak pontos megfogalmaz\u00e1sa<\/strong>. Az int\u00e9zm\u00e9nyvezet\u0151 szerep\u00e9nek hangs\u00falyoz\u00e1sa a szakmai ellen\u0151rz\u00e9sekben.<\/p>\n<p><u>Kiemelked\u0151 tev\u00e9kenys\u00e9gek<\/u><\/p>\n<p>A tanul\u00f3k nevel\u00e9se-oktat\u00e1sa \u00e9rdek\u00e9ben a szakmai k\u00f6z\u00f6ss\u00e9gek tev\u00e9kenys\u00e9g\u00e9n t\u00fal a pedag\u00f3gusok kezdem\u00e9nyez\u0151en egy\u00fcttm\u0171k\u00f6dnek egym\u00e1ssal \u00e9s a pedag\u00f3giai munk\u00e1t seg\u00edt\u0151 szakemberekkel a felmer\u00fcl\u0151 probl\u00e9m\u00e1k megold\u00e1s\u00e1ban. Az egy oszt\u00e1lyban tan\u00edt\u00f3 koll\u00e9g\u00e1k rendszeresen egyeztetnek. A munkak\u00f6z\u00f6ss\u00e9g-vezet\u0151k bevon\u00e1s\u00e1val t\u00f6rt\u00e9nik a pedag\u00f3giai folyamatok megval\u00f3sul\u00e1sa, 1-2 havonta kib\u0151v\u00edtett vezet\u0151i \u00e9rtekezleteket tartanak, r\u00e9szt vesznek a tan\u00f3r\u00e1k szakmai ellen\u0151rz\u00e9s\u00e9ben. Az inform\u00e1ci\u00f3\u00e1tad\u00e1s vertik\u00e1lisan \u00e9s horizont\u00e1lisan is sz\u00f3beli, pap\u00edr alap\u00fa, illetve digit\u00e1lis m\u00f3don t\u00f6rt\u00e9nik. Rendszeresen, havi gyakoris\u00e1ggal megtartott \u00e9rtekezletek.<\/p>\n<p>&nbsp;<\/p>\n<ol start=\"5\">\n<li><strong> Az int\u00e9zm\u00e9ny k\u00fcls\u0151 kapcsolatai<\/strong><\/li>\n<\/ol>\n<p><u>Fejleszthet\u0151 tev\u00e9kenys\u00e9gek<\/u><\/p>\n<p>Rendszeres, kidolgozott \u00e9s k\u00f6vethet\u0151 int\u00e9zm\u00e9nyi <strong>panaszkezel\u00e9s megalkot\u00e1sa<\/strong>. A fenntarthat\u00f3 fejl\u0151d\u00e9s pedag\u00f3gi\u00e1j\u00e1nak megval\u00f3s\u00edt\u00e1sa \u00e9rdek\u00e9ben egy\u00fcttm\u0171k\u00f6d\u00e9s tov\u00e1bbi int\u00e9zm\u00e9nyekkel. A partnerekkel t\u00f6rt\u00e9n\u0151 egy\u00fcttm\u0171k\u00f6d\u00e9s pontos dokument\u00e1ci\u00f3ja.<\/p>\n<p><u>Kiemelked\u0151 tev\u00e9kenys\u00e9gek<\/u><\/p>\n<p>Sz\u00e9les k\u00f6r\u0171 kapcsolatrendszer kialak\u00edt\u00e1sa t\u00f6rt\u00e9nt az iskola \u00fajraindul\u00e1s\u00e1t k\u00f6vet\u0151 elszigetelts\u00e9g ut\u00e1n. Partnereivel t\u00f6rekszik a folyamatos kapcsolattart\u00e1sra \u00e9s ny\u00edlt kommunik\u00e1ci\u00f3ra. Az int\u00e9zm\u00e9ny az evang\u00e9likus partnerint\u00e9zm\u00e9nyekkel j\u00f3l m\u0171k\u00f6d\u0151 kapcsolati h\u00e1l\u00f3t tart fenn, orsz\u00e1gos versenyeket szervez. Az int\u00e9zm\u00e9ny r\u00e9szt vesz a k\u00fcl\u00f6nb\u00f6z\u0151 egyh\u00e1zi, t\u00e1rsadalmi, szakmai szervezetek munk\u00e1j\u00e1ban \u00e9s a helyi k\u00f6z\u00e9letben. Az int\u00e9zm\u00e9ny \u00d6koiskola, bekapcsol\u00f3dik sz\u00e1mos fenntarthat\u00f3 fejl\u0151d\u00e9s projektbe.<\/p>\n<p>&nbsp;<\/p>\n<ol start=\"6\">\n<li><strong> A pedag\u00f3giai m\u0171k\u00f6d\u00e9s felt\u00e9telei<\/strong><\/li>\n<\/ol>\n<p><u>Fejleszthet\u0151 tev\u00e9kenys\u00e9gek<\/u><\/p>\n<p>Az innov\u00e1ci\u00f3t \u00e9s a kreat\u00edv gondolkod\u00e1st \u00f6szt\u00f6nz\u0151 <strong>m\u0171helyfoglalkoz\u00e1sok, f\u00f3rumok<\/strong> lehet\u0151s\u00e9g\u00e9nek int\u00e9zm\u00e9nyi szint\u0171 biztos\u00edt\u00e1sa. A vezet\u0151s\u00e9g ellen\u0151rz\u0151 tev\u00e9kenys\u00e9ge \u00e9s az <strong>innov\u00e1ci\u00f3<\/strong> hat\u00e9konys\u00e1g\u00e1nak n\u00f6vel\u00e9se. A munkat\u00e1rsak hangs\u00falyosabb <strong>bevon\u00e1sa a d\u00f6nt\u00e9sel\u0151k\u00e9sz\u00edt\u00e9sbe<\/strong>.<\/p>\n<p><u>Kiemelked\u0151 tev\u00e9kenys\u00e9gek<\/u><\/p>\n<p>A digit\u00e1lis technol\u00f3giai eszk\u00f6z\u00f6k hat\u00e9kony felhaszn\u00e1l\u00e1sa a tan\u00edt\u00e1s-tanul\u00e1s, az \u00e9rt\u00e9kel\u00e9s \u00e9s a kommunik\u00e1ci\u00f3 sor\u00e1n. Az int\u00e9zm\u00e9ny dolgoz\u00f3i szem\u00e9lyesen is elk\u00f6telezettek az \u00e1ltaluk kimunk\u00e1lt iskolai hagyom\u00e1nyok meg\u0151rz\u00e9se \u00e9s meg\u00faj\u00edt\u00e1sa ir\u00e1nt. A szervezeti kult\u00fara magas szint\u0171 \u00e1pol\u00e1sa. A k\u00fcl\u00f6nleges b\u00e1n\u00e1sm\u00f3dot ig\u00e9nyl\u0151 tanul\u00f3k nevel\u00e9s\u00e9nek, oktat\u00e1s\u00e1nak megfelel\u0151 t\u00e1rgyi k\u00f6rnyezet kialak\u00edt\u00e1sa.<\/p>\n<p>&nbsp;<\/p>\n<ol start=\"7\">\n<li><strong> Az int\u00e9zm\u00e9nyt\u00edpusra vonatkoz\u00f3 nevel\u00e9si, nevel\u00e9si-oktat\u00e1si ir\u00e1nyelvben meghat\u00e1rozottak<\/strong><\/li>\n<\/ol>\n<p><u>Fejleszthet\u0151 tev\u00e9kenys\u00e9gek<\/u><\/p>\n<p>Az <strong>int\u00e9zm\u00e9nyi munkaterv \u00e9s a vezet\u0151i p\u00e1ly\u00e1zat nyilv\u00e1noss\u00e1g\u00e1nak biztos\u00edt\u00e1sa<\/strong>. Az \u00e9ves int\u00e9zm\u00e9nyi munkatervben a feladatok, hat\u00e1rid\u0151k \u00e9s felel\u0151s\u00f6k mellett a <strong>sikerindik\u00e1torok \u00e9s az eredm\u00e9nymutat\u00f3k felt\u00fcntet\u00e9se<\/strong>. Az OKM eredm\u00e9nyeire \u00e9p\u00edtkez\u0151 tervez\u00e9s gyakorlat\u00e1nak er\u0151s\u00edt\u00e9se. A tervez\u00e9si dokumentumokban a r\u00e9szc\u00e9lok pontos megfogalmaz\u00e1sa, az eredm\u00e9nyek nyomon k\u00f6vet\u00e9se. A pedag\u00f3giai programj\u00e1ban foglaltak megval\u00f3sul\u00e1s\u00e1nak folyamatos monitoroz\u00e1sa, koh\u00e9zi\u00f3 er\u0151s\u00edt\u00e9se az \u00e9ves munkaterv, tov\u00e1bbk\u00e9pz\u00e9si terv, illetve a pedag\u00f3giai program kiemelt c\u00e9ljai k\u00f6z\u00f6tt.<\/p>\n<p><u>Kiemelked\u0151 tev\u00e9kenys\u00e9gek<\/u><\/p>\n<p>Minden tan\u00e9v tervez\u00e9sekor megt\u00f6rt\u00e9nik az int\u00e9zm\u00e9ny tev\u00e9kenys\u00e9gek terveinek \u00fctemez\u00e9se, ami az \u00e9ves munkatervben nyomon k\u00f6vethet\u0151.<\/p>\n","protected":false},"excerpt":{"rendered":"<p>2024. \u00e1prilis 11-\u00e9n zajlott iskol\u00e1nkban a gimn\u00e1ziumi tanfel\u00fcgyelet l\u00e1togat\u00e1sa. A tanfel\u00fcgyeletben r\u00e9szt vev\u0151 szak\u00e9rt\u0151k meg\u00e1llap\u00edt\u00e1sai al\u00e1bb r\u00f6viden olvashat\u00f3k vagy innen&#8230;<\/p>\n","protected":false},"author":1,"featured_media":0,"comment_status":"closed","ping_status":"closed","sticky":false,"template":"","format":"standard","meta":{"footnotes":""},"categories":[42],"tags":[],"class_list":["post-31062","post","type-post","status-publish","format-standard","hentry","category-aktualis"],"yoast_head":"<!-- This site is optimized with the Yoast SEO plugin v26.2 - https:\/\/yoast.com\/wordpress\/plugins\/seo\/ -->\n<title>A gimn\u00e1ziumi tanfel\u00fcgyelet meg\u00e1llap\u00edt\u00e1sai 2024. - Sz\u00e9k\u00e1cs J\u00f3zsef Evang\u00e9likus \u00d3voda, \u00c1ltal\u00e1nos Iskola \u00e9s Gimn\u00e1zium<\/title>\n<meta name=\"robots\" content=\"index, follow, max-snippet:-1, max-image-preview:large, max-video-preview:-1\" \/>\n<link rel=\"canonical\" href=\"https:\/\/szekacs.lutheran.hu\/iskola\/tanfelugyelet-2024\/\" \/>\n<meta property=\"og:locale\" content=\"hu_HU\" \/>\n<meta property=\"og:type\" content=\"article\" \/>\n<meta property=\"og:title\" content=\"A gimn\u00e1ziumi tanfel\u00fcgyelet meg\u00e1llap\u00edt\u00e1sai 2024. - Sz\u00e9k\u00e1cs J\u00f3zsef Evang\u00e9likus \u00d3voda, \u00c1ltal\u00e1nos Iskola \u00e9s Gimn\u00e1zium\" \/>\n<meta property=\"og:description\" content=\"2024. \u00e1prilis 11-\u00e9n zajlott iskol\u00e1nkban a gimn\u00e1ziumi tanfel\u00fcgyelet l\u00e1togat\u00e1sa. A tanfel\u00fcgyeletben r\u00e9szt vev\u0151 szak\u00e9rt\u0151k meg\u00e1llap\u00edt\u00e1sai al\u00e1bb r\u00f6viden olvashat\u00f3k vagy innen...\" \/>\n<meta property=\"og:url\" content=\"https:\/\/szekacs.lutheran.hu\/iskola\/tanfelugyelet-2024\/\" \/>\n<meta property=\"og:site_name\" content=\"Sz\u00e9k\u00e1cs J\u00f3zsef Evang\u00e9likus \u00d3voda, \u00c1ltal\u00e1nos Iskola \u00e9s Gimn\u00e1zium\" \/>\n<meta property=\"article:published_time\" content=\"2024-10-10T09:51:55+00:00\" \/>\n<meta name=\"author\" content=\"admin\" \/>\n<meta name=\"twitter:card\" content=\"summary_large_image\" \/>\n<meta name=\"twitter:label1\" content=\"Szerz\u0151:\" \/>\n\t<meta name=\"twitter:data1\" content=\"admin\" \/>\n\t<meta name=\"twitter:label2\" content=\"Becs\u00fclt olvas\u00e1si id\u0151\" \/>\n\t<meta name=\"twitter:data2\" content=\"7 perc\" \/>\n<script type=\"application\/ld+json\" class=\"yoast-schema-graph\">{\"@context\":\"https:\/\/schema.org\",\"@graph\":[{\"@type\":\"WebPage\",\"@id\":\"https:\/\/szekacs.lutheran.hu\/iskola\/tanfelugyelet-2024\/\",\"url\":\"https:\/\/szekacs.lutheran.hu\/iskola\/tanfelugyelet-2024\/\",\"name\":\"A gimn\u00e1ziumi tanfel\u00fcgyelet meg\u00e1llap\u00edt\u00e1sai 2024. - Sz\u00e9k\u00e1cs J\u00f3zsef Evang\u00e9likus \u00d3voda, \u00c1ltal\u00e1nos Iskola \u00e9s Gimn\u00e1zium\",\"isPartOf\":{\"@id\":\"https:\/\/szekacs.lutheran.hu\/iskola\/#website\"},\"datePublished\":\"2024-10-10T09:51:55+00:00\",\"author\":{\"@id\":\"https:\/\/szekacs.lutheran.hu\/iskola\/#\/schema\/person\/c2ed2e14631babb098c586494bc7d5df\"},\"breadcrumb\":{\"@id\":\"https:\/\/szekacs.lutheran.hu\/iskola\/tanfelugyelet-2024\/#breadcrumb\"},\"inLanguage\":\"hu\",\"potentialAction\":[{\"@type\":\"ReadAction\",\"target\":[\"https:\/\/szekacs.lutheran.hu\/iskola\/tanfelugyelet-2024\/\"]}]},{\"@type\":\"BreadcrumbList\",\"@id\":\"https:\/\/szekacs.lutheran.hu\/iskola\/tanfelugyelet-2024\/#breadcrumb\",\"itemListElement\":[{\"@type\":\"ListItem\",\"position\":1,\"name\":\"Home\",\"item\":\"https:\/\/szekacs.lutheran.hu\/iskola\/\"},{\"@type\":\"ListItem\",\"position\":2,\"name\":\"A gimn\u00e1ziumi tanfel\u00fcgyelet meg\u00e1llap\u00edt\u00e1sai 2024.\"}]},{\"@type\":\"WebSite\",\"@id\":\"https:\/\/szekacs.lutheran.hu\/iskola\/#website\",\"url\":\"https:\/\/szekacs.lutheran.hu\/iskola\/\",\"name\":\"Sz\u00e9k\u00e1cs J\u00f3zsef Evang\u00e9likus \u00d3voda, \u00c1ltal\u00e1nos Iskola \u00e9s Gimn\u00e1zium\",\"description\":\"\",\"potentialAction\":[{\"@type\":\"SearchAction\",\"target\":{\"@type\":\"EntryPoint\",\"urlTemplate\":\"https:\/\/szekacs.lutheran.hu\/iskola\/?s={search_term_string}\"},\"query-input\":{\"@type\":\"PropertyValueSpecification\",\"valueRequired\":true,\"valueName\":\"search_term_string\"}}],\"inLanguage\":\"hu\"},{\"@type\":\"Person\",\"@id\":\"https:\/\/szekacs.lutheran.hu\/iskola\/#\/schema\/person\/c2ed2e14631babb098c586494bc7d5df\",\"name\":\"admin\",\"image\":{\"@type\":\"ImageObject\",\"inLanguage\":\"hu\",\"@id\":\"https:\/\/szekacs.lutheran.hu\/iskola\/#\/schema\/person\/image\/\",\"url\":\"https:\/\/secure.gravatar.com\/avatar\/2d9a947cd9a162ca4e5eb73e817e43edd8dcbc6e501b39fb999fb53d65e181f4?s=96&d=mm&r=g\",\"contentUrl\":\"https:\/\/secure.gravatar.com\/avatar\/2d9a947cd9a162ca4e5eb73e817e43edd8dcbc6e501b39fb999fb53d65e181f4?s=96&d=mm&r=g\",\"caption\":\"admin\"},\"url\":\"https:\/\/szekacs.lutheran.hu\/iskola\/author\/admin\/\"}]}<\/script>\n<!-- \/ Yoast SEO plugin. -->","yoast_head_json":{"title":"A gimn\u00e1ziumi tanfel\u00fcgyelet meg\u00e1llap\u00edt\u00e1sai 2024. - Sz\u00e9k\u00e1cs J\u00f3zsef Evang\u00e9likus \u00d3voda, \u00c1ltal\u00e1nos Iskola \u00e9s Gimn\u00e1zium","robots":{"index":"index","follow":"follow","max-snippet":"max-snippet:-1","max-image-preview":"max-image-preview:large","max-video-preview":"max-video-preview:-1"},"canonical":"https:\/\/szekacs.lutheran.hu\/iskola\/tanfelugyelet-2024\/","og_locale":"hu_HU","og_type":"article","og_title":"A gimn\u00e1ziumi tanfel\u00fcgyelet meg\u00e1llap\u00edt\u00e1sai 2024. - Sz\u00e9k\u00e1cs J\u00f3zsef Evang\u00e9likus \u00d3voda, \u00c1ltal\u00e1nos Iskola \u00e9s Gimn\u00e1zium","og_description":"2024. \u00e1prilis 11-\u00e9n zajlott iskol\u00e1nkban a gimn\u00e1ziumi tanfel\u00fcgyelet l\u00e1togat\u00e1sa. A tanfel\u00fcgyeletben r\u00e9szt vev\u0151 szak\u00e9rt\u0151k meg\u00e1llap\u00edt\u00e1sai al\u00e1bb r\u00f6viden olvashat\u00f3k vagy innen...","og_url":"https:\/\/szekacs.lutheran.hu\/iskola\/tanfelugyelet-2024\/","og_site_name":"Sz\u00e9k\u00e1cs J\u00f3zsef Evang\u00e9likus \u00d3voda, \u00c1ltal\u00e1nos Iskola \u00e9s Gimn\u00e1zium","article_published_time":"2024-10-10T09:51:55+00:00","author":"admin","twitter_card":"summary_large_image","twitter_misc":{"Szerz\u0151:":"admin","Becs\u00fclt olvas\u00e1si id\u0151":"7 perc"},"schema":{"@context":"https:\/\/schema.org","@graph":[{"@type":"WebPage","@id":"https:\/\/szekacs.lutheran.hu\/iskola\/tanfelugyelet-2024\/","url":"https:\/\/szekacs.lutheran.hu\/iskola\/tanfelugyelet-2024\/","name":"A gimn\u00e1ziumi tanfel\u00fcgyelet meg\u00e1llap\u00edt\u00e1sai 2024. - Sz\u00e9k\u00e1cs J\u00f3zsef Evang\u00e9likus \u00d3voda, \u00c1ltal\u00e1nos Iskola \u00e9s Gimn\u00e1zium","isPartOf":{"@id":"https:\/\/szekacs.lutheran.hu\/iskola\/#website"},"datePublished":"2024-10-10T09:51:55+00:00","author":{"@id":"https:\/\/szekacs.lutheran.hu\/iskola\/#\/schema\/person\/c2ed2e14631babb098c586494bc7d5df"},"breadcrumb":{"@id":"https:\/\/szekacs.lutheran.hu\/iskola\/tanfelugyelet-2024\/#breadcrumb"},"inLanguage":"hu","potentialAction":[{"@type":"ReadAction","target":["https:\/\/szekacs.lutheran.hu\/iskola\/tanfelugyelet-2024\/"]}]},{"@type":"BreadcrumbList","@id":"https:\/\/szekacs.lutheran.hu\/iskola\/tanfelugyelet-2024\/#breadcrumb","itemListElement":[{"@type":"ListItem","position":1,"name":"Home","item":"https:\/\/szekacs.lutheran.hu\/iskola\/"},{"@type":"ListItem","position":2,"name":"A gimn\u00e1ziumi tanfel\u00fcgyelet meg\u00e1llap\u00edt\u00e1sai 2024."}]},{"@type":"WebSite","@id":"https:\/\/szekacs.lutheran.hu\/iskola\/#website","url":"https:\/\/szekacs.lutheran.hu\/iskola\/","name":"Sz\u00e9k\u00e1cs J\u00f3zsef Evang\u00e9likus \u00d3voda, \u00c1ltal\u00e1nos Iskola \u00e9s Gimn\u00e1zium","description":"","potentialAction":[{"@type":"SearchAction","target":{"@type":"EntryPoint","urlTemplate":"https:\/\/szekacs.lutheran.hu\/iskola\/?s={search_term_string}"},"query-input":{"@type":"PropertyValueSpecification","valueRequired":true,"valueName":"search_term_string"}}],"inLanguage":"hu"},{"@type":"Person","@id":"https:\/\/szekacs.lutheran.hu\/iskola\/#\/schema\/person\/c2ed2e14631babb098c586494bc7d5df","name":"admin","image":{"@type":"ImageObject","inLanguage":"hu","@id":"https:\/\/szekacs.lutheran.hu\/iskola\/#\/schema\/person\/image\/","url":"https:\/\/secure.gravatar.com\/avatar\/2d9a947cd9a162ca4e5eb73e817e43edd8dcbc6e501b39fb999fb53d65e181f4?s=96&d=mm&r=g","contentUrl":"https:\/\/secure.gravatar.com\/avatar\/2d9a947cd9a162ca4e5eb73e817e43edd8dcbc6e501b39fb999fb53d65e181f4?s=96&d=mm&r=g","caption":"admin"},"url":"https:\/\/szekacs.lutheran.hu\/iskola\/author\/admin\/"}]}},"_links":{"self":[{"href":"https:\/\/szekacs.lutheran.hu\/iskola\/wp-json\/wp\/v2\/posts\/31062","targetHints":{"allow":["GET"]}}],"collection":[{"href":"https:\/\/szekacs.lutheran.hu\/iskola\/wp-json\/wp\/v2\/posts"}],"about":[{"href":"https:\/\/szekacs.lutheran.hu\/iskola\/wp-json\/wp\/v2\/types\/post"}],"author":[{"embeddable":true,"href":"https:\/\/szekacs.lutheran.hu\/iskola\/wp-json\/wp\/v2\/users\/1"}],"replies":[{"embeddable":true,"href":"https:\/\/szekacs.lutheran.hu\/iskola\/wp-json\/wp\/v2\/comments?post=31062"}],"version-history":[{"count":1,"href":"https:\/\/szekacs.lutheran.hu\/iskola\/wp-json\/wp\/v2\/posts\/31062\/revisions"}],"predecessor-version":[{"id":31064,"href":"https:\/\/szekacs.lutheran.hu\/iskola\/wp-json\/wp\/v2\/posts\/31062\/revisions\/31064"}],"wp:attachment":[{"href":"https:\/\/szekacs.lutheran.hu\/iskola\/wp-json\/wp\/v2\/media?parent=31062"}],"wp:term":[{"taxonomy":"category","embeddable":true,"href":"https:\/\/szekacs.lutheran.hu\/iskola\/wp-json\/wp\/v2\/categories?post=31062"},{"taxonomy":"post_tag","embeddable":true,"href":"https:\/\/szekacs.lutheran.hu\/iskola\/wp-json\/wp\/v2\/tags?post=31062"}],"curies":[{"name":"wp","href":"https:\/\/api.w.org\/{rel}","templated":true}]}}