{"id":31043,"date":"2024-10-09T06:21:46","date_gmt":"2024-10-09T06:21:46","guid":{"rendered":"https:\/\/szekacs.lutheran.hu\/iskola\/?p=31043"},"modified":"2024-10-09T06:21:46","modified_gmt":"2024-10-09T06:21:46","slug":"allatvedelmi-temahet-2024","status":"publish","type":"post","link":"https:\/\/szekacs.lutheran.hu\/iskola\/allatvedelmi-temahet-2024\/","title":{"rendered":"\u00c1llatv\u00e9delmi t\u00e9mah\u00e9t zajlott"},"content":{"rendered":"<p><span class=\"x4k7w5x x1h91t0o x1h9r5lt x1jfb8zj xv2umb2 x1beo9mf xaigb6o x12ejxvf x3igimt xarpa2k xedcshv x1lytzrv x1t2pt76 x7ja8zs x1qrby5j\"><span class=\"x193iq5w xeuugli x13faqbe x1vvkbs x1xmvt09 x1lliihq x1s928wv xhkezso x1gmr53x x1cpjm7i x1fgarty x1943h6x xudqn12 x3x7a5m x6prxxf xvq8zen xo1l8bm xzsf02u\" dir=\"auto\">Az \u00e1llatv\u00e9delmi t\u00e9mah\u00e9ten a rovarok mellett a m\u00e9hek kapt\u00e1k a f\u0151szerepet. El\u0151ad\u00e1sok, m\u00e9zk\u00f3stol\u00f3k, j\u00e1t\u00e9kos feladatok, tan\u00f3rai t\u00e9mafeldolgoz\u00e1sok, m\u00e9hek \u00e9let\u00e9t feldolgoz\u00f3 sorversenyek seg\u00edtett\u00e9k k\u00f6zelebbr\u0151l megismerni e csod\u00e1s rovar mindennapjait. A hetet saj\u00e1t k\u00e9sz\u00edt\u00e9s\u0171 rovarhotel-ki\u00e1ll\u00edt\u00e1s z\u00e1rta.<\/span><\/span><\/p>\n<p><a href=\"https:\/\/szekacs.lutheran.hu\/iskola\/wp-content\/uploads\/2024\/10\/0gOKw5NG.jpg\"><img loading=\"lazy\" decoding=\"async\" class=\"alignleft size-medium wp-image-31044\" src=\"https:\/\/szekacs.lutheran.hu\/iskola\/wp-content\/uploads\/2024\/10\/0gOKw5NG-225x300.jpg\" alt=\"\" width=\"225\" height=\"300\" srcset=\"https:\/\/szekacs.lutheran.hu\/iskola\/wp-content\/uploads\/2024\/10\/0gOKw5NG-225x300.jpg 225w, https:\/\/szekacs.lutheran.hu\/iskola\/wp-content\/uploads\/2024\/10\/0gOKw5NG-768x1024.jpg 768w, https:\/\/szekacs.lutheran.hu\/iskola\/wp-content\/uploads\/2024\/10\/0gOKw5NG-580x773.jpg 580w, https:\/\/szekacs.lutheran.hu\/iskola\/wp-content\/uploads\/2024\/10\/0gOKw5NG-860x1147.jpg 860w, https:\/\/szekacs.lutheran.hu\/iskola\/wp-content\/uploads\/2024\/10\/0gOKw5NG-1160x1547.jpg 1160w, https:\/\/szekacs.lutheran.hu\/iskola\/wp-content\/uploads\/2024\/10\/0gOKw5NG-1320x1760.jpg 1320w, https:\/\/szekacs.lutheran.hu\/iskola\/wp-content\/uploads\/2024\/10\/0gOKw5NG.jpg 1500w\" sizes=\"auto, (max-width: 225px) 100vw, 225px\" \/><\/a> <a href=\"https:\/\/szekacs.lutheran.hu\/iskola\/wp-content\/uploads\/2024\/10\/PGztcb-X.jpg\"><img loading=\"lazy\" decoding=\"async\" class=\"alignleft size-medium wp-image-31045\" src=\"https:\/\/szekacs.lutheran.hu\/iskola\/wp-content\/uploads\/2024\/10\/PGztcb-X-225x300.jpg\" alt=\"\" width=\"225\" height=\"300\" srcset=\"https:\/\/szekacs.lutheran.hu\/iskola\/wp-content\/uploads\/2024\/10\/PGztcb-X-225x300.jpg 225w, https:\/\/szekacs.lutheran.hu\/iskola\/wp-content\/uploads\/2024\/10\/PGztcb-X-768x1024.jpg 768w, https:\/\/szekacs.lutheran.hu\/iskola\/wp-content\/uploads\/2024\/10\/PGztcb-X-580x773.jpg 580w, https:\/\/szekacs.lutheran.hu\/iskola\/wp-content\/uploads\/2024\/10\/PGztcb-X-860x1147.jpg 860w, https:\/\/szekacs.lutheran.hu\/iskola\/wp-content\/uploads\/2024\/10\/PGztcb-X-1160x1547.jpg 1160w, https:\/\/szekacs.lutheran.hu\/iskola\/wp-content\/uploads\/2024\/10\/PGztcb-X-1320x1760.jpg 1320w, https:\/\/szekacs.lutheran.hu\/iskola\/wp-content\/uploads\/2024\/10\/PGztcb-X.jpg 1500w\" sizes=\"auto, (max-width: 225px) 100vw, 225px\" \/><\/a> <a href=\"https:\/\/szekacs.lutheran.hu\/iskola\/wp-content\/uploads\/2024\/10\/AoXn7Zvl.jpg\"><img loading=\"lazy\" decoding=\"async\" class=\"alignleft size-medium wp-image-31046\" src=\"https:\/\/szekacs.lutheran.hu\/iskola\/wp-content\/uploads\/2024\/10\/AoXn7Zvl-300x225.jpg\" alt=\"\" width=\"300\" height=\"225\" srcset=\"https:\/\/szekacs.lutheran.hu\/iskola\/wp-content\/uploads\/2024\/10\/AoXn7Zvl-300x225.jpg 300w, https:\/\/szekacs.lutheran.hu\/iskola\/wp-content\/uploads\/2024\/10\/AoXn7Zvl-768x576.jpg 768w, https:\/\/szekacs.lutheran.hu\/iskola\/wp-content\/uploads\/2024\/10\/AoXn7Zvl-1024x768.jpg 1024w, https:\/\/szekacs.lutheran.hu\/iskola\/wp-content\/uploads\/2024\/10\/AoXn7Zvl-580x435.jpg 580w, https:\/\/szekacs.lutheran.hu\/iskola\/wp-content\/uploads\/2024\/10\/AoXn7Zvl-860x645.jpg 860w, https:\/\/szekacs.lutheran.hu\/iskola\/wp-content\/uploads\/2024\/10\/AoXn7Zvl-1160x870.jpg 1160w, https:\/\/szekacs.lutheran.hu\/iskola\/wp-content\/uploads\/2024\/10\/AoXn7Zvl-1320x990.jpg 1320w, https:\/\/szekacs.lutheran.hu\/iskola\/wp-content\/uploads\/2024\/10\/AoXn7Zvl.jpg 2000w\" sizes=\"auto, (max-width: 300px) 100vw, 300px\" \/><\/a> <a href=\"https:\/\/szekacs.lutheran.hu\/iskola\/wp-content\/uploads\/2024\/10\/DDMqOLqi.jpg\"><img loading=\"lazy\" decoding=\"async\" class=\"alignleft size-medium wp-image-31047\" src=\"https:\/\/szekacs.lutheran.hu\/iskola\/wp-content\/uploads\/2024\/10\/DDMqOLqi-225x300.jpg\" alt=\"\" width=\"225\" height=\"300\" srcset=\"https:\/\/szekacs.lutheran.hu\/iskola\/wp-content\/uploads\/2024\/10\/DDMqOLqi-225x300.jpg 225w, https:\/\/szekacs.lutheran.hu\/iskola\/wp-content\/uploads\/2024\/10\/DDMqOLqi-768x1024.jpg 768w, https:\/\/szekacs.lutheran.hu\/iskola\/wp-content\/uploads\/2024\/10\/DDMqOLqi-580x773.jpg 580w, https:\/\/szekacs.lutheran.hu\/iskola\/wp-content\/uploads\/2024\/10\/DDMqOLqi-860x1147.jpg 860w, https:\/\/szekacs.lutheran.hu\/iskola\/wp-content\/uploads\/2024\/10\/DDMqOLqi-1160x1547.jpg 1160w, https:\/\/szekacs.lutheran.hu\/iskola\/wp-content\/uploads\/2024\/10\/DDMqOLqi-1320x1760.jpg 1320w, https:\/\/szekacs.lutheran.hu\/iskola\/wp-content\/uploads\/2024\/10\/DDMqOLqi.jpg 1500w\" sizes=\"auto, (max-width: 225px) 100vw, 225px\" \/><\/a> <a href=\"https:\/\/szekacs.lutheran.hu\/iskola\/wp-content\/uploads\/2024\/10\/bTLKj-SS.jpg\"><img loading=\"lazy\" decoding=\"async\" class=\"alignleft size-medium wp-image-31048\" src=\"https:\/\/szekacs.lutheran.hu\/iskola\/wp-content\/uploads\/2024\/10\/bTLKj-SS-225x300.jpg\" alt=\"\" width=\"225\" height=\"300\" srcset=\"https:\/\/szekacs.lutheran.hu\/iskola\/wp-content\/uploads\/2024\/10\/bTLKj-SS-225x300.jpg 225w, https:\/\/szekacs.lutheran.hu\/iskola\/wp-content\/uploads\/2024\/10\/bTLKj-SS-768x1024.jpg 768w, https:\/\/szekacs.lutheran.hu\/iskola\/wp-content\/uploads\/2024\/10\/bTLKj-SS-580x773.jpg 580w, https:\/\/szekacs.lutheran.hu\/iskola\/wp-content\/uploads\/2024\/10\/bTLKj-SS-860x1147.jpg 860w, https:\/\/szekacs.lutheran.hu\/iskola\/wp-content\/uploads\/2024\/10\/bTLKj-SS-1160x1547.jpg 1160w, https:\/\/szekacs.lutheran.hu\/iskola\/wp-content\/uploads\/2024\/10\/bTLKj-SS-1320x1760.jpg 1320w, https:\/\/szekacs.lutheran.hu\/iskola\/wp-content\/uploads\/2024\/10\/bTLKj-SS.jpg 1500w\" sizes=\"auto, (max-width: 225px) 100vw, 225px\" \/><\/a> <a href=\"https:\/\/szekacs.lutheran.hu\/iskola\/wp-content\/uploads\/2024\/10\/msh94i6M.jpg\"><img loading=\"lazy\" decoding=\"async\" class=\"alignleft size-medium wp-image-31049\" src=\"https:\/\/szekacs.lutheran.hu\/iskola\/wp-content\/uploads\/2024\/10\/msh94i6M-225x300.jpg\" alt=\"\" width=\"225\" height=\"300\" srcset=\"https:\/\/szekacs.lutheran.hu\/iskola\/wp-content\/uploads\/2024\/10\/msh94i6M-225x300.jpg 225w, https:\/\/szekacs.lutheran.hu\/iskola\/wp-content\/uploads\/2024\/10\/msh94i6M-768x1024.jpg 768w, https:\/\/szekacs.lutheran.hu\/iskola\/wp-content\/uploads\/2024\/10\/msh94i6M-580x773.jpg 580w, https:\/\/szekacs.lutheran.hu\/iskola\/wp-content\/uploads\/2024\/10\/msh94i6M-860x1147.jpg 860w, https:\/\/szekacs.lutheran.hu\/iskola\/wp-content\/uploads\/2024\/10\/msh94i6M-1160x1547.jpg 1160w, https:\/\/szekacs.lutheran.hu\/iskola\/wp-content\/uploads\/2024\/10\/msh94i6M-1320x1760.jpg 1320w, https:\/\/szekacs.lutheran.hu\/iskola\/wp-content\/uploads\/2024\/10\/msh94i6M.jpg 1500w\" sizes=\"auto, (max-width: 225px) 100vw, 225px\" \/><\/a> <a href=\"https:\/\/szekacs.lutheran.hu\/iskola\/wp-content\/uploads\/2024\/10\/XsqCcS_m.jpg\"><img loading=\"lazy\" decoding=\"async\" class=\"alignleft size-medium wp-image-31050\" src=\"https:\/\/szekacs.lutheran.hu\/iskola\/wp-content\/uploads\/2024\/10\/XsqCcS_m-300x225.jpg\" alt=\"\" width=\"300\" height=\"225\" srcset=\"https:\/\/szekacs.lutheran.hu\/iskola\/wp-content\/uploads\/2024\/10\/XsqCcS_m-300x225.jpg 300w, https:\/\/szekacs.lutheran.hu\/iskola\/wp-content\/uploads\/2024\/10\/XsqCcS_m-768x576.jpg 768w, https:\/\/szekacs.lutheran.hu\/iskola\/wp-content\/uploads\/2024\/10\/XsqCcS_m-1024x768.jpg 1024w, https:\/\/szekacs.lutheran.hu\/iskola\/wp-content\/uploads\/2024\/10\/XsqCcS_m-580x435.jpg 580w, https:\/\/szekacs.lutheran.hu\/iskola\/wp-content\/uploads\/2024\/10\/XsqCcS_m-860x645.jpg 860w, https:\/\/szekacs.lutheran.hu\/iskola\/wp-content\/uploads\/2024\/10\/XsqCcS_m-1160x870.jpg 1160w, https:\/\/szekacs.lutheran.hu\/iskola\/wp-content\/uploads\/2024\/10\/XsqCcS_m-1320x990.jpg 1320w, https:\/\/szekacs.lutheran.hu\/iskola\/wp-content\/uploads\/2024\/10\/XsqCcS_m.jpg 2000w\" sizes=\"auto, (max-width: 300px) 100vw, 300px\" \/><\/a> <a href=\"https:\/\/szekacs.lutheran.hu\/iskola\/wp-content\/uploads\/2024\/10\/LwG3Uv7r.jpg\"><img loading=\"lazy\" decoding=\"async\" class=\"alignleft size-medium wp-image-31051\" src=\"https:\/\/szekacs.lutheran.hu\/iskola\/wp-content\/uploads\/2024\/10\/LwG3Uv7r-300x225.jpg\" alt=\"\" width=\"300\" height=\"225\" srcset=\"https:\/\/szekacs.lutheran.hu\/iskola\/wp-content\/uploads\/2024\/10\/LwG3Uv7r-300x225.jpg 300w, https:\/\/szekacs.lutheran.hu\/iskola\/wp-content\/uploads\/2024\/10\/LwG3Uv7r-768x576.jpg 768w, https:\/\/szekacs.lutheran.hu\/iskola\/wp-content\/uploads\/2024\/10\/LwG3Uv7r-1024x768.jpg 1024w, https:\/\/szekacs.lutheran.hu\/iskola\/wp-content\/uploads\/2024\/10\/LwG3Uv7r-580x435.jpg 580w, https:\/\/szekacs.lutheran.hu\/iskola\/wp-content\/uploads\/2024\/10\/LwG3Uv7r-860x645.jpg 860w, https:\/\/szekacs.lutheran.hu\/iskola\/wp-content\/uploads\/2024\/10\/LwG3Uv7r-1160x870.jpg 1160w, https:\/\/szekacs.lutheran.hu\/iskola\/wp-content\/uploads\/2024\/10\/LwG3Uv7r-1320x990.jpg 1320w, https:\/\/szekacs.lutheran.hu\/iskola\/wp-content\/uploads\/2024\/10\/LwG3Uv7r.jpg 2000w\" sizes=\"auto, (max-width: 300px) 100vw, 300px\" \/><\/a> <a href=\"https:\/\/szekacs.lutheran.hu\/iskola\/wp-content\/uploads\/2024\/10\/pNRe2FlZ.jpg\"><img loading=\"lazy\" decoding=\"async\" class=\"alignleft size-medium wp-image-31052\" src=\"https:\/\/szekacs.lutheran.hu\/iskola\/wp-content\/uploads\/2024\/10\/pNRe2FlZ-225x300.jpg\" alt=\"\" width=\"225\" height=\"300\" srcset=\"https:\/\/szekacs.lutheran.hu\/iskola\/wp-content\/uploads\/2024\/10\/pNRe2FlZ-225x300.jpg 225w, https:\/\/szekacs.lutheran.hu\/iskola\/wp-content\/uploads\/2024\/10\/pNRe2FlZ-768x1024.jpg 768w, https:\/\/szekacs.lutheran.hu\/iskola\/wp-content\/uploads\/2024\/10\/pNRe2FlZ-580x773.jpg 580w, https:\/\/szekacs.lutheran.hu\/iskola\/wp-content\/uploads\/2024\/10\/pNRe2FlZ-860x1147.jpg 860w, https:\/\/szekacs.lutheran.hu\/iskola\/wp-content\/uploads\/2024\/10\/pNRe2FlZ-1160x1547.jpg 1160w, https:\/\/szekacs.lutheran.hu\/iskola\/wp-content\/uploads\/2024\/10\/pNRe2FlZ-1320x1760.jpg 1320w, https:\/\/szekacs.lutheran.hu\/iskola\/wp-content\/uploads\/2024\/10\/pNRe2FlZ.jpg 1500w\" sizes=\"auto, (max-width: 225px) 100vw, 225px\" \/><\/a> <a href=\"https:\/\/szekacs.lutheran.hu\/iskola\/wp-content\/uploads\/2024\/10\/tVcTgLGJ.jpg\"><img loading=\"lazy\" decoding=\"async\" class=\"alignleft size-medium wp-image-31053\" src=\"https:\/\/szekacs.lutheran.hu\/iskola\/wp-content\/uploads\/2024\/10\/tVcTgLGJ-225x300.jpg\" alt=\"\" width=\"225\" height=\"300\" srcset=\"https:\/\/szekacs.lutheran.hu\/iskola\/wp-content\/uploads\/2024\/10\/tVcTgLGJ-225x300.jpg 225w, https:\/\/szekacs.lutheran.hu\/iskola\/wp-content\/uploads\/2024\/10\/tVcTgLGJ-768x1024.jpg 768w, https:\/\/szekacs.lutheran.hu\/iskola\/wp-content\/uploads\/2024\/10\/tVcTgLGJ-580x773.jpg 580w, https:\/\/szekacs.lutheran.hu\/iskola\/wp-content\/uploads\/2024\/10\/tVcTgLGJ-860x1147.jpg 860w, https:\/\/szekacs.lutheran.hu\/iskola\/wp-content\/uploads\/2024\/10\/tVcTgLGJ-1160x1547.jpg 1160w, https:\/\/szekacs.lutheran.hu\/iskola\/wp-content\/uploads\/2024\/10\/tVcTgLGJ-1320x1760.jpg 1320w, https:\/\/szekacs.lutheran.hu\/iskola\/wp-content\/uploads\/2024\/10\/tVcTgLGJ.jpg 1500w\" sizes=\"auto, (max-width: 225px) 100vw, 225px\" \/><\/a> <a href=\"https:\/\/szekacs.lutheran.hu\/iskola\/wp-content\/uploads\/2024\/10\/fm77IPda.jpg\"><img loading=\"lazy\" decoding=\"async\" class=\"alignleft size-medium wp-image-31054\" src=\"https:\/\/szekacs.lutheran.hu\/iskola\/wp-content\/uploads\/2024\/10\/fm77IPda-300x225.jpg\" alt=\"\" width=\"300\" height=\"225\" srcset=\"https:\/\/szekacs.lutheran.hu\/iskola\/wp-content\/uploads\/2024\/10\/fm77IPda-300x225.jpg 300w, https:\/\/szekacs.lutheran.hu\/iskola\/wp-content\/uploads\/2024\/10\/fm77IPda-768x576.jpg 768w, https:\/\/szekacs.lutheran.hu\/iskola\/wp-content\/uploads\/2024\/10\/fm77IPda-1024x768.jpg 1024w, https:\/\/szekacs.lutheran.hu\/iskola\/wp-content\/uploads\/2024\/10\/fm77IPda-580x435.jpg 580w, https:\/\/szekacs.lutheran.hu\/iskola\/wp-content\/uploads\/2024\/10\/fm77IPda-860x645.jpg 860w, https:\/\/szekacs.lutheran.hu\/iskola\/wp-content\/uploads\/2024\/10\/fm77IPda-1160x870.jpg 1160w, https:\/\/szekacs.lutheran.hu\/iskola\/wp-content\/uploads\/2024\/10\/fm77IPda-1320x990.jpg 1320w, https:\/\/szekacs.lutheran.hu\/iskola\/wp-content\/uploads\/2024\/10\/fm77IPda.jpg 2000w\" sizes=\"auto, (max-width: 300px) 100vw, 300px\" \/><\/a> <a href=\"https:\/\/szekacs.lutheran.hu\/iskola\/wp-content\/uploads\/2024\/10\/oJ9ywU88.jpg\"><img loading=\"lazy\" decoding=\"async\" class=\"alignleft size-medium wp-image-31055\" src=\"https:\/\/szekacs.lutheran.hu\/iskola\/wp-content\/uploads\/2024\/10\/oJ9ywU88-300x225.jpg\" alt=\"\" width=\"300\" height=\"225\" srcset=\"https:\/\/szekacs.lutheran.hu\/iskola\/wp-content\/uploads\/2024\/10\/oJ9ywU88-300x225.jpg 300w, https:\/\/szekacs.lutheran.hu\/iskola\/wp-content\/uploads\/2024\/10\/oJ9ywU88-768x576.jpg 768w, https:\/\/szekacs.lutheran.hu\/iskola\/wp-content\/uploads\/2024\/10\/oJ9ywU88-1024x768.jpg 1024w, https:\/\/szekacs.lutheran.hu\/iskola\/wp-content\/uploads\/2024\/10\/oJ9ywU88-580x435.jpg 580w, https:\/\/szekacs.lutheran.hu\/iskola\/wp-content\/uploads\/2024\/10\/oJ9ywU88-860x645.jpg 860w, https:\/\/szekacs.lutheran.hu\/iskola\/wp-content\/uploads\/2024\/10\/oJ9ywU88-1160x870.jpg 1160w, https:\/\/szekacs.lutheran.hu\/iskola\/wp-content\/uploads\/2024\/10\/oJ9ywU88-1320x990.jpg 1320w, https:\/\/szekacs.lutheran.hu\/iskola\/wp-content\/uploads\/2024\/10\/oJ9ywU88.jpg 2000w\" sizes=\"auto, (max-width: 300px) 100vw, 300px\" \/><\/a> <a href=\"https:\/\/szekacs.lutheran.hu\/iskola\/wp-content\/uploads\/2024\/10\/LTEKi6MY.jpg\"><img loading=\"lazy\" decoding=\"async\" class=\"alignleft size-medium wp-image-31056\" src=\"https:\/\/szekacs.lutheran.hu\/iskola\/wp-content\/uploads\/2024\/10\/LTEKi6MY-225x300.jpg\" alt=\"\" width=\"225\" height=\"300\" srcset=\"https:\/\/szekacs.lutheran.hu\/iskola\/wp-content\/uploads\/2024\/10\/LTEKi6MY-225x300.jpg 225w, https:\/\/szekacs.lutheran.hu\/iskola\/wp-content\/uploads\/2024\/10\/LTEKi6MY-768x1024.jpg 768w, https:\/\/szekacs.lutheran.hu\/iskola\/wp-content\/uploads\/2024\/10\/LTEKi6MY-580x773.jpg 580w, https:\/\/szekacs.lutheran.hu\/iskola\/wp-content\/uploads\/2024\/10\/LTEKi6MY-860x1147.jpg 860w, https:\/\/szekacs.lutheran.hu\/iskola\/wp-content\/uploads\/2024\/10\/LTEKi6MY-1160x1547.jpg 1160w, https:\/\/szekacs.lutheran.hu\/iskola\/wp-content\/uploads\/2024\/10\/LTEKi6MY-1320x1760.jpg 1320w, https:\/\/szekacs.lutheran.hu\/iskola\/wp-content\/uploads\/2024\/10\/LTEKi6MY.jpg 1500w\" sizes=\"auto, (max-width: 225px) 100vw, 225px\" \/><\/a> <a href=\"https:\/\/szekacs.lutheran.hu\/iskola\/wp-content\/uploads\/2024\/10\/8enpgZqg.jpg\"><img loading=\"lazy\" decoding=\"async\" class=\"alignleft size-medium wp-image-31057\" src=\"https:\/\/szekacs.lutheran.hu\/iskola\/wp-content\/uploads\/2024\/10\/8enpgZqg-300x225.jpg\" alt=\"\" width=\"300\" height=\"225\" srcset=\"https:\/\/szekacs.lutheran.hu\/iskola\/wp-content\/uploads\/2024\/10\/8enpgZqg-300x225.jpg 300w, https:\/\/szekacs.lutheran.hu\/iskola\/wp-content\/uploads\/2024\/10\/8enpgZqg-768x576.jpg 768w, https:\/\/szekacs.lutheran.hu\/iskola\/wp-content\/uploads\/2024\/10\/8enpgZqg-1024x768.jpg 1024w, https:\/\/szekacs.lutheran.hu\/iskola\/wp-content\/uploads\/2024\/10\/8enpgZqg-580x435.jpg 580w, https:\/\/szekacs.lutheran.hu\/iskola\/wp-content\/uploads\/2024\/10\/8enpgZqg-860x645.jpg 860w, https:\/\/szekacs.lutheran.hu\/iskola\/wp-content\/uploads\/2024\/10\/8enpgZqg-1160x870.jpg 1160w, https:\/\/szekacs.lutheran.hu\/iskola\/wp-content\/uploads\/2024\/10\/8enpgZqg-1320x990.jpg 1320w, https:\/\/szekacs.lutheran.hu\/iskola\/wp-content\/uploads\/2024\/10\/8enpgZqg.jpg 2000w\" sizes=\"auto, (max-width: 300px) 100vw, 300px\" \/><\/a><\/p>\n","protected":false},"excerpt":{"rendered":"<p>Az \u00e1llatv\u00e9delmi t\u00e9mah\u00e9ten a rovarok mellett a m\u00e9hek kapt\u00e1k a f\u0151szerepet. El\u0151ad\u00e1sok, m\u00e9zk\u00f3stol\u00f3k, j\u00e1t\u00e9kos feladatok, tan\u00f3rai t\u00e9mafeldolgoz\u00e1sok, m\u00e9hek \u00e9let\u00e9t feldolgoz\u00f3&#8230;<\/p>\n","protected":false},"author":1,"featured_media":31058,"comment_status":"closed","ping_status":"closed","sticky":false,"template":"","format":"standard","meta":{"footnotes":""},"categories":[42,43],"tags":[],"class_list":["post-31043","post","type-post","status-publish","format-standard","has-post-thumbnail","hentry","category-aktualis","category-iskolai-elet"],"yoast_head":"<!-- This site is optimized with the Yoast SEO plugin v26.2 - https:\/\/yoast.com\/wordpress\/plugins\/seo\/ -->\n<title>\u00c1llatv\u00e9delmi t\u00e9mah\u00e9t zajlott - Sz\u00e9k\u00e1cs J\u00f3zsef Evang\u00e9likus \u00d3voda, \u00c1ltal\u00e1nos Iskola \u00e9s Gimn\u00e1zium<\/title>\n<meta name=\"robots\" content=\"index, follow, max-snippet:-1, max-image-preview:large, max-video-preview:-1\" \/>\n<link rel=\"canonical\" href=\"https:\/\/szekacs.lutheran.hu\/iskola\/allatvedelmi-temahet-2024\/\" \/>\n<meta property=\"og:locale\" content=\"hu_HU\" \/>\n<meta property=\"og:type\" content=\"article\" \/>\n<meta property=\"og:title\" content=\"\u00c1llatv\u00e9delmi t\u00e9mah\u00e9t zajlott - Sz\u00e9k\u00e1cs J\u00f3zsef Evang\u00e9likus \u00d3voda, \u00c1ltal\u00e1nos Iskola \u00e9s Gimn\u00e1zium\" \/>\n<meta property=\"og:description\" content=\"Az \u00e1llatv\u00e9delmi t\u00e9mah\u00e9ten a rovarok mellett a m\u00e9hek kapt\u00e1k a f\u0151szerepet. El\u0151ad\u00e1sok, m\u00e9zk\u00f3stol\u00f3k, j\u00e1t\u00e9kos feladatok, tan\u00f3rai t\u00e9mafeldolgoz\u00e1sok, m\u00e9hek \u00e9let\u00e9t feldolgoz\u00f3...\" \/>\n<meta property=\"og:url\" content=\"https:\/\/szekacs.lutheran.hu\/iskola\/allatvedelmi-temahet-2024\/\" \/>\n<meta property=\"og:site_name\" content=\"Sz\u00e9k\u00e1cs J\u00f3zsef Evang\u00e9likus \u00d3voda, \u00c1ltal\u00e1nos Iskola \u00e9s Gimn\u00e1zium\" \/>\n<meta property=\"article:published_time\" content=\"2024-10-09T06:21:46+00:00\" \/>\n<meta property=\"og:image\" content=\"https:\/\/szekacs.lutheran.hu\/iskola\/wp-content\/uploads\/2024\/10\/IirCl7lu.jpg\" \/>\n\t<meta property=\"og:image:width\" content=\"2000\" \/>\n\t<meta property=\"og:image:height\" content=\"1500\" \/>\n\t<meta property=\"og:image:type\" content=\"image\/jpeg\" \/>\n<meta name=\"author\" content=\"admin\" \/>\n<meta name=\"twitter:card\" content=\"summary_large_image\" \/>\n<meta name=\"twitter:label1\" content=\"Szerz\u0151:\" \/>\n\t<meta name=\"twitter:data1\" content=\"admin\" \/>\n<script type=\"application\/ld+json\" class=\"yoast-schema-graph\">{\"@context\":\"https:\/\/schema.org\",\"@graph\":[{\"@type\":\"WebPage\",\"@id\":\"https:\/\/szekacs.lutheran.hu\/iskola\/allatvedelmi-temahet-2024\/\",\"url\":\"https:\/\/szekacs.lutheran.hu\/iskola\/allatvedelmi-temahet-2024\/\",\"name\":\"\u00c1llatv\u00e9delmi t\u00e9mah\u00e9t zajlott - Sz\u00e9k\u00e1cs J\u00f3zsef Evang\u00e9likus \u00d3voda, \u00c1ltal\u00e1nos Iskola \u00e9s Gimn\u00e1zium\",\"isPartOf\":{\"@id\":\"https:\/\/szekacs.lutheran.hu\/iskola\/#website\"},\"primaryImageOfPage\":{\"@id\":\"https:\/\/szekacs.lutheran.hu\/iskola\/allatvedelmi-temahet-2024\/#primaryimage\"},\"image\":{\"@id\":\"https:\/\/szekacs.lutheran.hu\/iskola\/allatvedelmi-temahet-2024\/#primaryimage\"},\"thumbnailUrl\":\"https:\/\/szekacs.lutheran.hu\/iskola\/wp-content\/uploads\/2024\/10\/IirCl7lu.jpg\",\"datePublished\":\"2024-10-09T06:21:46+00:00\",\"author\":{\"@id\":\"https:\/\/szekacs.lutheran.hu\/iskola\/#\/schema\/person\/c2ed2e14631babb098c586494bc7d5df\"},\"breadcrumb\":{\"@id\":\"https:\/\/szekacs.lutheran.hu\/iskola\/allatvedelmi-temahet-2024\/#breadcrumb\"},\"inLanguage\":\"hu\",\"potentialAction\":[{\"@type\":\"ReadAction\",\"target\":[\"https:\/\/szekacs.lutheran.hu\/iskola\/allatvedelmi-temahet-2024\/\"]}]},{\"@type\":\"ImageObject\",\"inLanguage\":\"hu\",\"@id\":\"https:\/\/szekacs.lutheran.hu\/iskola\/allatvedelmi-temahet-2024\/#primaryimage\",\"url\":\"https:\/\/szekacs.lutheran.hu\/iskola\/wp-content\/uploads\/2024\/10\/IirCl7lu.jpg\",\"contentUrl\":\"https:\/\/szekacs.lutheran.hu\/iskola\/wp-content\/uploads\/2024\/10\/IirCl7lu.jpg\",\"width\":2000,\"height\":1500},{\"@type\":\"BreadcrumbList\",\"@id\":\"https:\/\/szekacs.lutheran.hu\/iskola\/allatvedelmi-temahet-2024\/#breadcrumb\",\"itemListElement\":[{\"@type\":\"ListItem\",\"position\":1,\"name\":\"Home\",\"item\":\"https:\/\/szekacs.lutheran.hu\/iskola\/\"},{\"@type\":\"ListItem\",\"position\":2,\"name\":\"\u00c1llatv\u00e9delmi t\u00e9mah\u00e9t zajlott\"}]},{\"@type\":\"WebSite\",\"@id\":\"https:\/\/szekacs.lutheran.hu\/iskola\/#website\",\"url\":\"https:\/\/szekacs.lutheran.hu\/iskola\/\",\"name\":\"Sz\u00e9k\u00e1cs J\u00f3zsef Evang\u00e9likus \u00d3voda, \u00c1ltal\u00e1nos Iskola \u00e9s Gimn\u00e1zium\",\"description\":\"\",\"potentialAction\":[{\"@type\":\"SearchAction\",\"target\":{\"@type\":\"EntryPoint\",\"urlTemplate\":\"https:\/\/szekacs.lutheran.hu\/iskola\/?s={search_term_string}\"},\"query-input\":{\"@type\":\"PropertyValueSpecification\",\"valueRequired\":true,\"valueName\":\"search_term_string\"}}],\"inLanguage\":\"hu\"},{\"@type\":\"Person\",\"@id\":\"https:\/\/szekacs.lutheran.hu\/iskola\/#\/schema\/person\/c2ed2e14631babb098c586494bc7d5df\",\"name\":\"admin\",\"image\":{\"@type\":\"ImageObject\",\"inLanguage\":\"hu\",\"@id\":\"https:\/\/szekacs.lutheran.hu\/iskola\/#\/schema\/person\/image\/\",\"url\":\"https:\/\/secure.gravatar.com\/avatar\/2d9a947cd9a162ca4e5eb73e817e43edd8dcbc6e501b39fb999fb53d65e181f4?s=96&d=mm&r=g\",\"contentUrl\":\"https:\/\/secure.gravatar.com\/avatar\/2d9a947cd9a162ca4e5eb73e817e43edd8dcbc6e501b39fb999fb53d65e181f4?s=96&d=mm&r=g\",\"caption\":\"admin\"},\"url\":\"https:\/\/szekacs.lutheran.hu\/iskola\/author\/admin\/\"}]}<\/script>\n<!-- \/ Yoast SEO plugin. -->","yoast_head_json":{"title":"\u00c1llatv\u00e9delmi t\u00e9mah\u00e9t zajlott - Sz\u00e9k\u00e1cs J\u00f3zsef Evang\u00e9likus \u00d3voda, \u00c1ltal\u00e1nos Iskola \u00e9s Gimn\u00e1zium","robots":{"index":"index","follow":"follow","max-snippet":"max-snippet:-1","max-image-preview":"max-image-preview:large","max-video-preview":"max-video-preview:-1"},"canonical":"https:\/\/szekacs.lutheran.hu\/iskola\/allatvedelmi-temahet-2024\/","og_locale":"hu_HU","og_type":"article","og_title":"\u00c1llatv\u00e9delmi t\u00e9mah\u00e9t zajlott - Sz\u00e9k\u00e1cs J\u00f3zsef Evang\u00e9likus \u00d3voda, \u00c1ltal\u00e1nos Iskola \u00e9s Gimn\u00e1zium","og_description":"Az \u00e1llatv\u00e9delmi t\u00e9mah\u00e9ten a rovarok mellett a m\u00e9hek kapt\u00e1k a f\u0151szerepet. El\u0151ad\u00e1sok, m\u00e9zk\u00f3stol\u00f3k, j\u00e1t\u00e9kos feladatok, tan\u00f3rai t\u00e9mafeldolgoz\u00e1sok, m\u00e9hek \u00e9let\u00e9t feldolgoz\u00f3...","og_url":"https:\/\/szekacs.lutheran.hu\/iskola\/allatvedelmi-temahet-2024\/","og_site_name":"Sz\u00e9k\u00e1cs J\u00f3zsef Evang\u00e9likus \u00d3voda, \u00c1ltal\u00e1nos Iskola \u00e9s Gimn\u00e1zium","article_published_time":"2024-10-09T06:21:46+00:00","og_image":[{"width":2000,"height":1500,"url":"https:\/\/szekacs.lutheran.hu\/iskola\/wp-content\/uploads\/2024\/10\/IirCl7lu.jpg","type":"image\/jpeg"}],"author":"admin","twitter_card":"summary_large_image","twitter_misc":{"Szerz\u0151:":"admin"},"schema":{"@context":"https:\/\/schema.org","@graph":[{"@type":"WebPage","@id":"https:\/\/szekacs.lutheran.hu\/iskola\/allatvedelmi-temahet-2024\/","url":"https:\/\/szekacs.lutheran.hu\/iskola\/allatvedelmi-temahet-2024\/","name":"\u00c1llatv\u00e9delmi t\u00e9mah\u00e9t zajlott - Sz\u00e9k\u00e1cs J\u00f3zsef Evang\u00e9likus \u00d3voda, \u00c1ltal\u00e1nos Iskola \u00e9s Gimn\u00e1zium","isPartOf":{"@id":"https:\/\/szekacs.lutheran.hu\/iskola\/#website"},"primaryImageOfPage":{"@id":"https:\/\/szekacs.lutheran.hu\/iskola\/allatvedelmi-temahet-2024\/#primaryimage"},"image":{"@id":"https:\/\/szekacs.lutheran.hu\/iskola\/allatvedelmi-temahet-2024\/#primaryimage"},"thumbnailUrl":"https:\/\/szekacs.lutheran.hu\/iskola\/wp-content\/uploads\/2024\/10\/IirCl7lu.jpg","datePublished":"2024-10-09T06:21:46+00:00","author":{"@id":"https:\/\/szekacs.lutheran.hu\/iskola\/#\/schema\/person\/c2ed2e14631babb098c586494bc7d5df"},"breadcrumb":{"@id":"https:\/\/szekacs.lutheran.hu\/iskola\/allatvedelmi-temahet-2024\/#breadcrumb"},"inLanguage":"hu","potentialAction":[{"@type":"ReadAction","target":["https:\/\/szekacs.lutheran.hu\/iskola\/allatvedelmi-temahet-2024\/"]}]},{"@type":"ImageObject","inLanguage":"hu","@id":"https:\/\/szekacs.lutheran.hu\/iskola\/allatvedelmi-temahet-2024\/#primaryimage","url":"https:\/\/szekacs.lutheran.hu\/iskola\/wp-content\/uploads\/2024\/10\/IirCl7lu.jpg","contentUrl":"https:\/\/szekacs.lutheran.hu\/iskola\/wp-content\/uploads\/2024\/10\/IirCl7lu.jpg","width":2000,"height":1500},{"@type":"BreadcrumbList","@id":"https:\/\/szekacs.lutheran.hu\/iskola\/allatvedelmi-temahet-2024\/#breadcrumb","itemListElement":[{"@type":"ListItem","position":1,"name":"Home","item":"https:\/\/szekacs.lutheran.hu\/iskola\/"},{"@type":"ListItem","position":2,"name":"\u00c1llatv\u00e9delmi t\u00e9mah\u00e9t zajlott"}]},{"@type":"WebSite","@id":"https:\/\/szekacs.lutheran.hu\/iskola\/#website","url":"https:\/\/szekacs.lutheran.hu\/iskola\/","name":"Sz\u00e9k\u00e1cs J\u00f3zsef Evang\u00e9likus \u00d3voda, \u00c1ltal\u00e1nos Iskola \u00e9s Gimn\u00e1zium","description":"","potentialAction":[{"@type":"SearchAction","target":{"@type":"EntryPoint","urlTemplate":"https:\/\/szekacs.lutheran.hu\/iskola\/?s={search_term_string}"},"query-input":{"@type":"PropertyValueSpecification","valueRequired":true,"valueName":"search_term_string"}}],"inLanguage":"hu"},{"@type":"Person","@id":"https:\/\/szekacs.lutheran.hu\/iskola\/#\/schema\/person\/c2ed2e14631babb098c586494bc7d5df","name":"admin","image":{"@type":"ImageObject","inLanguage":"hu","@id":"https:\/\/szekacs.lutheran.hu\/iskola\/#\/schema\/person\/image\/","url":"https:\/\/secure.gravatar.com\/avatar\/2d9a947cd9a162ca4e5eb73e817e43edd8dcbc6e501b39fb999fb53d65e181f4?s=96&d=mm&r=g","contentUrl":"https:\/\/secure.gravatar.com\/avatar\/2d9a947cd9a162ca4e5eb73e817e43edd8dcbc6e501b39fb999fb53d65e181f4?s=96&d=mm&r=g","caption":"admin"},"url":"https:\/\/szekacs.lutheran.hu\/iskola\/author\/admin\/"}]}},"_links":{"self":[{"href":"https:\/\/szekacs.lutheran.hu\/iskola\/wp-json\/wp\/v2\/posts\/31043","targetHints":{"allow":["GET"]}}],"collection":[{"href":"https:\/\/szekacs.lutheran.hu\/iskola\/wp-json\/wp\/v2\/posts"}],"about":[{"href":"https:\/\/szekacs.lutheran.hu\/iskola\/wp-json\/wp\/v2\/types\/post"}],"author":[{"embeddable":true,"href":"https:\/\/szekacs.lutheran.hu\/iskola\/wp-json\/wp\/v2\/users\/1"}],"replies":[{"embeddable":true,"href":"https:\/\/szekacs.lutheran.hu\/iskola\/wp-json\/wp\/v2\/comments?post=31043"}],"version-history":[{"count":1,"href":"https:\/\/szekacs.lutheran.hu\/iskola\/wp-json\/wp\/v2\/posts\/31043\/revisions"}],"predecessor-version":[{"id":31059,"href":"https:\/\/szekacs.lutheran.hu\/iskola\/wp-json\/wp\/v2\/posts\/31043\/revisions\/31059"}],"wp:featuredmedia":[{"embeddable":true,"href":"https:\/\/szekacs.lutheran.hu\/iskola\/wp-json\/wp\/v2\/media\/31058"}],"wp:attachment":[{"href":"https:\/\/szekacs.lutheran.hu\/iskola\/wp-json\/wp\/v2\/media?parent=31043"}],"wp:term":[{"taxonomy":"category","embeddable":true,"href":"https:\/\/szekacs.lutheran.hu\/iskola\/wp-json\/wp\/v2\/categories?post=31043"},{"taxonomy":"post_tag","embeddable":true,"href":"https:\/\/szekacs.lutheran.hu\/iskola\/wp-json\/wp\/v2\/tags?post=31043"}],"curies":[{"name":"wp","href":"https:\/\/api.w.org\/{rel}","templated":true}]}}