{"id":31039,"date":"2024-10-04T13:54:38","date_gmt":"2024-10-04T13:54:38","guid":{"rendered":"https:\/\/szekacs.lutheran.hu\/iskola\/?p=31039"},"modified":"2024-10-04T13:54:49","modified_gmt":"2024-10-04T13:54:49","slug":"anna-liget-2024","status":"publish","type":"post","link":"https:\/\/szekacs.lutheran.hu\/iskola\/anna-liget-2024\/","title":{"rendered":"\u00dajra kir\u00e1ndul\u00e1s az Anna-ligetben"},"content":{"rendered":"<p>2024. szeptember 20-\u00e1n, p\u00e9nteken ker\u00fclt sor ebben a tan\u00e9vben az 5. \u00e9s a 9. \u00e9vfolyam Anna-ligeti kir\u00e1ndul\u00e1s\u00e1ra, hagyom\u00e1nyosan a K\u00f6r\u00f6sv\u00f6lgyi L\u00e1togat\u00f3k\u00f6zpont \u00e9s \u00c1llatparkban. A szarvasi tanulm\u00e1nyi kir\u00e1ndul\u00e1s j\u00f3 lehet\u0151s\u00e9get ny\u00fajtott a di\u00e1koknak arra, hogy az iskol\u00e1ban a term\u00e9szeti k\u00f6rnyezet\u00fckr\u0151l megszerzett ismeretanyagot, tud\u00e1st gyakorlati tapasztalatokkal b\u0151v\u00edthess\u00e9k ki, illetve a k\u00f6rnyezettudatoss\u00e1gra val\u00f3 nevel\u00e9s is szerepet kapott.<br \/>\nA l\u00e1togat\u00f3parkban a di\u00e1kok testk\u00f6zelb\u0151l ismerhett\u00e9k meg a K\u00e1rp\u00e1t-medenc\u00e9ben \u0151shonos \u00e1llatfajokat. Az Anna-liget parkj\u00e1ban egy 2 kilom\u00e9teres interakt\u00edv elemekkel kib\u0151v\u00edtett s\u00e9t\u00e1nyon l\u00e1thattak g\u00edmszarvast, \u0151zet, d\u00e1mszarvast, vaddiszn\u00f3t \u00e9s r\u00f3k\u00e1t is. Az \u00e1llatpark n\u00e9pszer\u0171 l\u00e1tv\u00e1nyoss\u00e1ga tov\u00e1bb\u00e1 a j\u00e1vorszarvas, a fak\u00f3kesely\u0171 \u00e9s a sz\u00fcrke farkas voltak.<br \/>\nA K\u00f6r\u00f6s-Maros Nemzeti Park term\u00e9szeti kincseit k\u00e9t szinten, t\u00f6bb sz\u00e1z n\u00e9gyzetm\u00e9teren, interakt\u00edv \u00e1lland\u00f3 ki\u00e1ll\u00edt\u00e1s form\u00e1j\u00e1ban ismerhett\u00e9k meg a di\u00e1kok, valamint egy kisfilmet is megn\u00e9zhettek a vid\u00e9k term\u00e9szeti kincseir\u0151l. Ezen a napon sok \u00fajat tanult a r\u00e9sztvev\u0151 t\u00f6bb mint 90 di\u00e1k a teremtett vil\u00e1g \u00e9rt\u00e9keir\u0151l.<\/p>\n","protected":false},"excerpt":{"rendered":"<p>2024. szeptember 20-\u00e1n, p\u00e9nteken ker\u00fclt sor ebben a tan\u00e9vben az 5. \u00e9s a 9. \u00e9vfolyam Anna-ligeti kir\u00e1ndul\u00e1s\u00e1ra, hagyom\u00e1nyosan a K\u00f6r\u00f6sv\u00f6lgyi&#8230;<\/p>\n","protected":false},"author":1,"featured_media":31040,"comment_status":"closed","ping_status":"closed","sticky":false,"template":"","format":"standard","meta":{"footnotes":""},"categories":[42,43],"tags":[],"class_list":["post-31039","post","type-post","status-publish","format-standard","has-post-thumbnail","hentry","category-aktualis","category-iskolai-elet"],"yoast_head":"<!-- This site is optimized with the Yoast SEO plugin v26.2 - https:\/\/yoast.com\/wordpress\/plugins\/seo\/ -->\n<title>\u00dajra kir\u00e1ndul\u00e1s az Anna-ligetben - Sz\u00e9k\u00e1cs J\u00f3zsef Evang\u00e9likus \u00d3voda, \u00c1ltal\u00e1nos Iskola \u00e9s Gimn\u00e1zium<\/title>\n<meta name=\"robots\" content=\"index, follow, max-snippet:-1, max-image-preview:large, max-video-preview:-1\" \/>\n<link rel=\"canonical\" href=\"https:\/\/szekacs.lutheran.hu\/iskola\/anna-liget-2024\/\" \/>\n<meta property=\"og:locale\" content=\"hu_HU\" \/>\n<meta property=\"og:type\" content=\"article\" \/>\n<meta property=\"og:title\" content=\"\u00dajra kir\u00e1ndul\u00e1s az Anna-ligetben - Sz\u00e9k\u00e1cs J\u00f3zsef Evang\u00e9likus \u00d3voda, \u00c1ltal\u00e1nos Iskola \u00e9s Gimn\u00e1zium\" \/>\n<meta property=\"og:description\" content=\"2024. szeptember 20-\u00e1n, p\u00e9nteken ker\u00fclt sor ebben a tan\u00e9vben az 5. \u00e9s a 9. \u00e9vfolyam Anna-ligeti kir\u00e1ndul\u00e1s\u00e1ra, hagyom\u00e1nyosan a K\u00f6r\u00f6sv\u00f6lgyi...\" \/>\n<meta property=\"og:url\" content=\"https:\/\/szekacs.lutheran.hu\/iskola\/anna-liget-2024\/\" \/>\n<meta property=\"og:site_name\" content=\"Sz\u00e9k\u00e1cs J\u00f3zsef Evang\u00e9likus \u00d3voda, \u00c1ltal\u00e1nos Iskola \u00e9s Gimn\u00e1zium\" \/>\n<meta property=\"article:published_time\" content=\"2024-10-04T13:54:38+00:00\" \/>\n<meta property=\"article:modified_time\" content=\"2024-10-04T13:54:49+00:00\" \/>\n<meta property=\"og:image\" content=\"https:\/\/szekacs.lutheran.hu\/iskola\/wp-content\/uploads\/2024\/10\/20240920_1003121-1024x576.jpg\" \/>\n\t<meta property=\"og:image:width\" content=\"1024\" \/>\n\t<meta property=\"og:image:height\" content=\"576\" \/>\n\t<meta property=\"og:image:type\" content=\"image\/jpeg\" \/>\n<meta name=\"author\" content=\"admin\" \/>\n<meta name=\"twitter:card\" content=\"summary_large_image\" \/>\n<meta name=\"twitter:label1\" content=\"Szerz\u0151:\" \/>\n\t<meta name=\"twitter:data1\" content=\"admin\" \/>\n\t<meta name=\"twitter:label2\" content=\"Becs\u00fclt olvas\u00e1si id\u0151\" \/>\n\t<meta name=\"twitter:data2\" content=\"1 perc\" \/>\n<script type=\"application\/ld+json\" class=\"yoast-schema-graph\">{\"@context\":\"https:\/\/schema.org\",\"@graph\":[{\"@type\":\"WebPage\",\"@id\":\"https:\/\/szekacs.lutheran.hu\/iskola\/anna-liget-2024\/\",\"url\":\"https:\/\/szekacs.lutheran.hu\/iskola\/anna-liget-2024\/\",\"name\":\"\u00dajra kir\u00e1ndul\u00e1s az Anna-ligetben - Sz\u00e9k\u00e1cs J\u00f3zsef Evang\u00e9likus \u00d3voda, \u00c1ltal\u00e1nos Iskola \u00e9s Gimn\u00e1zium\",\"isPartOf\":{\"@id\":\"https:\/\/szekacs.lutheran.hu\/iskola\/#website\"},\"primaryImageOfPage\":{\"@id\":\"https:\/\/szekacs.lutheran.hu\/iskola\/anna-liget-2024\/#primaryimage\"},\"image\":{\"@id\":\"https:\/\/szekacs.lutheran.hu\/iskola\/anna-liget-2024\/#primaryimage\"},\"thumbnailUrl\":\"https:\/\/szekacs.lutheran.hu\/iskola\/wp-content\/uploads\/2024\/10\/20240920_1003121.jpg\",\"datePublished\":\"2024-10-04T13:54:38+00:00\",\"dateModified\":\"2024-10-04T13:54:49+00:00\",\"author\":{\"@id\":\"https:\/\/szekacs.lutheran.hu\/iskola\/#\/schema\/person\/c2ed2e14631babb098c586494bc7d5df\"},\"breadcrumb\":{\"@id\":\"https:\/\/szekacs.lutheran.hu\/iskola\/anna-liget-2024\/#breadcrumb\"},\"inLanguage\":\"hu\",\"potentialAction\":[{\"@type\":\"ReadAction\",\"target\":[\"https:\/\/szekacs.lutheran.hu\/iskola\/anna-liget-2024\/\"]}]},{\"@type\":\"ImageObject\",\"inLanguage\":\"hu\",\"@id\":\"https:\/\/szekacs.lutheran.hu\/iskola\/anna-liget-2024\/#primaryimage\",\"url\":\"https:\/\/szekacs.lutheran.hu\/iskola\/wp-content\/uploads\/2024\/10\/20240920_1003121.jpg\",\"contentUrl\":\"https:\/\/szekacs.lutheran.hu\/iskola\/wp-content\/uploads\/2024\/10\/20240920_1003121.jpg\",\"width\":4080,\"height\":2296},{\"@type\":\"BreadcrumbList\",\"@id\":\"https:\/\/szekacs.lutheran.hu\/iskola\/anna-liget-2024\/#breadcrumb\",\"itemListElement\":[{\"@type\":\"ListItem\",\"position\":1,\"name\":\"Home\",\"item\":\"https:\/\/szekacs.lutheran.hu\/iskola\/\"},{\"@type\":\"ListItem\",\"position\":2,\"name\":\"\u00dajra kir\u00e1ndul\u00e1s az Anna-ligetben\"}]},{\"@type\":\"WebSite\",\"@id\":\"https:\/\/szekacs.lutheran.hu\/iskola\/#website\",\"url\":\"https:\/\/szekacs.lutheran.hu\/iskola\/\",\"name\":\"Sz\u00e9k\u00e1cs J\u00f3zsef Evang\u00e9likus \u00d3voda, \u00c1ltal\u00e1nos Iskola \u00e9s Gimn\u00e1zium\",\"description\":\"\",\"potentialAction\":[{\"@type\":\"SearchAction\",\"target\":{\"@type\":\"EntryPoint\",\"urlTemplate\":\"https:\/\/szekacs.lutheran.hu\/iskola\/?s={search_term_string}\"},\"query-input\":{\"@type\":\"PropertyValueSpecification\",\"valueRequired\":true,\"valueName\":\"search_term_string\"}}],\"inLanguage\":\"hu\"},{\"@type\":\"Person\",\"@id\":\"https:\/\/szekacs.lutheran.hu\/iskola\/#\/schema\/person\/c2ed2e14631babb098c586494bc7d5df\",\"name\":\"admin\",\"image\":{\"@type\":\"ImageObject\",\"inLanguage\":\"hu\",\"@id\":\"https:\/\/szekacs.lutheran.hu\/iskola\/#\/schema\/person\/image\/\",\"url\":\"https:\/\/secure.gravatar.com\/avatar\/2d9a947cd9a162ca4e5eb73e817e43edd8dcbc6e501b39fb999fb53d65e181f4?s=96&d=mm&r=g\",\"contentUrl\":\"https:\/\/secure.gravatar.com\/avatar\/2d9a947cd9a162ca4e5eb73e817e43edd8dcbc6e501b39fb999fb53d65e181f4?s=96&d=mm&r=g\",\"caption\":\"admin\"},\"url\":\"https:\/\/szekacs.lutheran.hu\/iskola\/author\/admin\/\"}]}<\/script>\n<!-- \/ Yoast SEO plugin. -->","yoast_head_json":{"title":"\u00dajra kir\u00e1ndul\u00e1s az Anna-ligetben - Sz\u00e9k\u00e1cs J\u00f3zsef Evang\u00e9likus \u00d3voda, \u00c1ltal\u00e1nos Iskola \u00e9s Gimn\u00e1zium","robots":{"index":"index","follow":"follow","max-snippet":"max-snippet:-1","max-image-preview":"max-image-preview:large","max-video-preview":"max-video-preview:-1"},"canonical":"https:\/\/szekacs.lutheran.hu\/iskola\/anna-liget-2024\/","og_locale":"hu_HU","og_type":"article","og_title":"\u00dajra kir\u00e1ndul\u00e1s az Anna-ligetben - Sz\u00e9k\u00e1cs J\u00f3zsef Evang\u00e9likus \u00d3voda, \u00c1ltal\u00e1nos Iskola \u00e9s Gimn\u00e1zium","og_description":"2024. szeptember 20-\u00e1n, p\u00e9nteken ker\u00fclt sor ebben a tan\u00e9vben az 5. \u00e9s a 9. \u00e9vfolyam Anna-ligeti kir\u00e1ndul\u00e1s\u00e1ra, hagyom\u00e1nyosan a K\u00f6r\u00f6sv\u00f6lgyi...","og_url":"https:\/\/szekacs.lutheran.hu\/iskola\/anna-liget-2024\/","og_site_name":"Sz\u00e9k\u00e1cs J\u00f3zsef Evang\u00e9likus \u00d3voda, \u00c1ltal\u00e1nos Iskola \u00e9s Gimn\u00e1zium","article_published_time":"2024-10-04T13:54:38+00:00","article_modified_time":"2024-10-04T13:54:49+00:00","og_image":[{"width":1024,"height":576,"url":"https:\/\/szekacs.lutheran.hu\/iskola\/wp-content\/uploads\/2024\/10\/20240920_1003121-1024x576.jpg","type":"image\/jpeg"}],"author":"admin","twitter_card":"summary_large_image","twitter_misc":{"Szerz\u0151:":"admin","Becs\u00fclt olvas\u00e1si id\u0151":"1 perc"},"schema":{"@context":"https:\/\/schema.org","@graph":[{"@type":"WebPage","@id":"https:\/\/szekacs.lutheran.hu\/iskola\/anna-liget-2024\/","url":"https:\/\/szekacs.lutheran.hu\/iskola\/anna-liget-2024\/","name":"\u00dajra kir\u00e1ndul\u00e1s az Anna-ligetben - Sz\u00e9k\u00e1cs J\u00f3zsef Evang\u00e9likus \u00d3voda, \u00c1ltal\u00e1nos Iskola \u00e9s Gimn\u00e1zium","isPartOf":{"@id":"https:\/\/szekacs.lutheran.hu\/iskola\/#website"},"primaryImageOfPage":{"@id":"https:\/\/szekacs.lutheran.hu\/iskola\/anna-liget-2024\/#primaryimage"},"image":{"@id":"https:\/\/szekacs.lutheran.hu\/iskola\/anna-liget-2024\/#primaryimage"},"thumbnailUrl":"https:\/\/szekacs.lutheran.hu\/iskola\/wp-content\/uploads\/2024\/10\/20240920_1003121.jpg","datePublished":"2024-10-04T13:54:38+00:00","dateModified":"2024-10-04T13:54:49+00:00","author":{"@id":"https:\/\/szekacs.lutheran.hu\/iskola\/#\/schema\/person\/c2ed2e14631babb098c586494bc7d5df"},"breadcrumb":{"@id":"https:\/\/szekacs.lutheran.hu\/iskola\/anna-liget-2024\/#breadcrumb"},"inLanguage":"hu","potentialAction":[{"@type":"ReadAction","target":["https:\/\/szekacs.lutheran.hu\/iskola\/anna-liget-2024\/"]}]},{"@type":"ImageObject","inLanguage":"hu","@id":"https:\/\/szekacs.lutheran.hu\/iskola\/anna-liget-2024\/#primaryimage","url":"https:\/\/szekacs.lutheran.hu\/iskola\/wp-content\/uploads\/2024\/10\/20240920_1003121.jpg","contentUrl":"https:\/\/szekacs.lutheran.hu\/iskola\/wp-content\/uploads\/2024\/10\/20240920_1003121.jpg","width":4080,"height":2296},{"@type":"BreadcrumbList","@id":"https:\/\/szekacs.lutheran.hu\/iskola\/anna-liget-2024\/#breadcrumb","itemListElement":[{"@type":"ListItem","position":1,"name":"Home","item":"https:\/\/szekacs.lutheran.hu\/iskola\/"},{"@type":"ListItem","position":2,"name":"\u00dajra kir\u00e1ndul\u00e1s az Anna-ligetben"}]},{"@type":"WebSite","@id":"https:\/\/szekacs.lutheran.hu\/iskola\/#website","url":"https:\/\/szekacs.lutheran.hu\/iskola\/","name":"Sz\u00e9k\u00e1cs J\u00f3zsef Evang\u00e9likus \u00d3voda, \u00c1ltal\u00e1nos Iskola \u00e9s Gimn\u00e1zium","description":"","potentialAction":[{"@type":"SearchAction","target":{"@type":"EntryPoint","urlTemplate":"https:\/\/szekacs.lutheran.hu\/iskola\/?s={search_term_string}"},"query-input":{"@type":"PropertyValueSpecification","valueRequired":true,"valueName":"search_term_string"}}],"inLanguage":"hu"},{"@type":"Person","@id":"https:\/\/szekacs.lutheran.hu\/iskola\/#\/schema\/person\/c2ed2e14631babb098c586494bc7d5df","name":"admin","image":{"@type":"ImageObject","inLanguage":"hu","@id":"https:\/\/szekacs.lutheran.hu\/iskola\/#\/schema\/person\/image\/","url":"https:\/\/secure.gravatar.com\/avatar\/2d9a947cd9a162ca4e5eb73e817e43edd8dcbc6e501b39fb999fb53d65e181f4?s=96&d=mm&r=g","contentUrl":"https:\/\/secure.gravatar.com\/avatar\/2d9a947cd9a162ca4e5eb73e817e43edd8dcbc6e501b39fb999fb53d65e181f4?s=96&d=mm&r=g","caption":"admin"},"url":"https:\/\/szekacs.lutheran.hu\/iskola\/author\/admin\/"}]}},"_links":{"self":[{"href":"https:\/\/szekacs.lutheran.hu\/iskola\/wp-json\/wp\/v2\/posts\/31039","targetHints":{"allow":["GET"]}}],"collection":[{"href":"https:\/\/szekacs.lutheran.hu\/iskola\/wp-json\/wp\/v2\/posts"}],"about":[{"href":"https:\/\/szekacs.lutheran.hu\/iskola\/wp-json\/wp\/v2\/types\/post"}],"author":[{"embeddable":true,"href":"https:\/\/szekacs.lutheran.hu\/iskola\/wp-json\/wp\/v2\/users\/1"}],"replies":[{"embeddable":true,"href":"https:\/\/szekacs.lutheran.hu\/iskola\/wp-json\/wp\/v2\/comments?post=31039"}],"version-history":[{"count":1,"href":"https:\/\/szekacs.lutheran.hu\/iskola\/wp-json\/wp\/v2\/posts\/31039\/revisions"}],"predecessor-version":[{"id":31041,"href":"https:\/\/szekacs.lutheran.hu\/iskola\/wp-json\/wp\/v2\/posts\/31039\/revisions\/31041"}],"wp:featuredmedia":[{"embeddable":true,"href":"https:\/\/szekacs.lutheran.hu\/iskola\/wp-json\/wp\/v2\/media\/31040"}],"wp:attachment":[{"href":"https:\/\/szekacs.lutheran.hu\/iskola\/wp-json\/wp\/v2\/media?parent=31039"}],"wp:term":[{"taxonomy":"category","embeddable":true,"href":"https:\/\/szekacs.lutheran.hu\/iskola\/wp-json\/wp\/v2\/categories?post=31039"},{"taxonomy":"post_tag","embeddable":true,"href":"https:\/\/szekacs.lutheran.hu\/iskola\/wp-json\/wp\/v2\/tags?post=31039"}],"curies":[{"name":"wp","href":"https:\/\/api.w.org\/{rel}","templated":true}]}}