{"id":30884,"date":"2024-07-04T14:37:29","date_gmt":"2024-07-04T14:37:29","guid":{"rendered":"https:\/\/szekacs.lutheran.hu\/iskola\/?p=30884"},"modified":"2024-08-11T16:08:37","modified_gmt":"2024-08-11T16:08:37","slug":"vigyazz-kesz-rajt","status":"publish","type":"post","link":"https:\/\/szekacs.lutheran.hu\/iskola\/vigyazz-kesz-rajt\/","title":{"rendered":"Vigy\u00e1zz, k\u00e9sz, rajt!"},"content":{"rendered":"<p>Ez volt a c\u00edme annak az \u00f6tnapos vak\u00e1ci\u00f3s bibliat\u00e1bornak, melyre p\u00e1ly\u00e1zatot nyert iskol\u00e1nk. Az als\u00f3s koroszt\u00e1lyt v\u00e1rtuk, a csapat 1.-4. oszt\u00e1lyos tanul\u00f3kkal, 50 f\u0151vel indult. Nagyon j\u00f3 \u00f6tlet volt a helysz\u00edn, hiszen egy Bibliat\u00e1borhoz mi m\u00e1s illene jobban, mint \u0151si templomunk.<\/p>\n<p>A szeml\u00e9ltet\u00e9s az olimpiai \u00f6tkarik\u00e1n alapult, melyet egy transzparensen helyezt\u00fcnk el. Egy-egy karik\u00e1ba ker\u00fcltek az aznapi ig\u00e9k, mott\u00f3k, \u00fczenetek, \u00edgy figyelemmel k\u00eds\u00e9rhett\u00fck a napokat, ism\u00e9telni tudtuk az el\u0151z\u0151 napok t\u00e9m\u00e1it. \u00a0A sz\u00ednek alapj\u00e1n bontottuk kisebb csoportokra a gyerekeket: volt s\u00e1rga, piros, k\u00e9k, z\u00f6ld, fekete csapat, \u00edgy kapt\u00e1k meg n\u00e9vjegyk\u00e1rty\u00e1jukat is.<\/p>\n<p>A templom lenti r\u00e9sz\u00e9ben \u00e1h\u00edtattal \u00e9s \u00e9nekl\u00e9ssel kezd\u0151dtek a d\u00e9lel\u0151tt\u00f6k, amit lelk\u00e9szeink, Endre b\u00e1csi \u00e9s Misi b\u00e1csi git\u00e1ros k\u00eds\u00e9rete tett m\u00e9g sz\u00ednesebb\u00e9. A tev\u00e9kenys\u00e9gek a Gy\u0151ry-teremben folytat\u00f3dtak, az aznapi t\u00e9ma tan\u00edt\u00e1s\u00e1val, feldolgoz\u00e1s\u00e1val. \u00a0A jelenetekre mi feln\u0151ttek is nagy izgalommal k\u00e9sz\u00fclt\u00fcnk, sz\u00edvesen b\u00fajtunk Gedeon, J\u00e9zus, M\u00e1rta, vagy \u00e9ppen Zebedeus fiai b\u0151r\u00e9be. De sz\u00ednre vitt\u00fck az irgalmas samarit\u00e1nus p\u00e9ld\u00e1zat\u00e1t is. Mindig nagy tapssal k\u00f6sz\u00f6nt\u00e9k meg a gyerekek szerepl\u00e9s\u00fcnket.\u00a0 A jelenet felvezet\u0151 j\u00e1t\u00e9kkal indult, k\u00f6zben pedig igyekezt\u00fcnk interakt\u00edv besz\u00e9lget\u00e9ssel bevonni a r\u00e9sztvev\u0151ket a t\u00f6rt\u00e9netbe.<\/p>\n<p>A feldolgoz\u00e1st v\u00e1ltozatos eszk\u00f6z\u00f6kkel, m\u00f3dszerekkel val\u00f3s\u00edtottuk meg, kisebb csoportokban, vegyes koroszt\u00e1llyal.\u00a0 \u00d6r\u00f6m volt l\u00e1tni, ahogy a nagyobbak seg\u00edtett\u00e9k a kisebbeket ak\u00e1r az \u00edr\u00e1sban, ak\u00e1r m\u00e1s feladatokban. Mindennap volt aranymond\u00e1s keres\u00e9se \u00e9s \u00edr\u00e1sa, mozg\u00e1sos j\u00e1t\u00e9kok, k\u00e9zm\u0171vesked\u00e9s \u00e9s sok-sok \u00e9nekl\u00e9s. A nap t\u00e9m\u00e1j\u00e1t egy-egy ige, azaz \u201earanymond\u00e1s\u201d \u00e9s a hozz\u00e1kapcsolt mott\u00f3 adta meg. A v\u00e1ltozatos tev\u00e9kenys\u00e9gek k\u00f6z\u00fcl n\u00e9h\u00e1ny: akad\u00e1lyp\u00e1lya, sorverseny, szabadul\u00f3szoba, k\u00f6z\u00f6s bark\u00e1csol\u00e1s.\u00a0 Az egyik legnagyobb sikert a sz\u00ednes ejt\u0151erny\u0151s j\u00e1t\u00e9k v\u00edvta ki, melyet csapat\u00e9p\u00edt\u0151 jelleggel alkalmaztunk, a templomkertben pr\u00f3b\u00e1ltuk ki.\u00a0 Minden tev\u00e9kenys\u00e9get \u00e9rt\u00e9kelt\u00fcnk, \u00edgy a gyerekek eg\u00e9sz h\u00e9ten gy\u0171jthett\u00e9k a t\u00e1bori f\u00fczet\u00fckbe a pontokat, amit l\u00e1zasan sz\u00e1molgattak, mivel versenyp\u00e1ly\u00e1n \u00e9rezhett\u00e9k magukat. B\u00e1r igazi verseny nem volt, hiszen hangs\u00falyoztuk: itt mindenki nyer a v\u00e9g\u00e9n.<\/p>\n<p>A t\u00e9t az \u00e9rem elnyer\u00e9se volt, melyet az utols\u00f3 napon az kapott meg, aki mind az \u00f6t napot v\u00e9gigj\u00e1rta. A v\u00e9g\u00e9n teh\u00e1t mindenki c\u00e9lba \u00e9rt, \u00e9s ennek \u00f6r\u00f6m\u00e9t k\u00f6z\u00f6s zenekari bemutat\u00f3val akartuk m\u00e9g maradand\u00f3bb\u00e1 tenni. A p\u00e1ly\u00e1zati p\u00e9nzb\u0151l v\u00e1s\u00e1rolt hangcs\u0151k\u00e9szlet seg\u00edts\u00e9g\u00e9vel minden csapat el\u0151adta a begyakorolt dallamot, majd v\u00e9g\u00fcl k\u00f6vetkeztek a tan\u00edt\u00f3 n\u00e9nik, s tal\u00e1n ez aratta a legnagyobb sikert. Hatalmas tapssal, ov\u00e1ci\u00f3val fogadt\u00e1k szerepl\u00e9s\u00fcnket. Az eg\u00e9sz heti k\u00e9zm\u0171vesked\u00e9sb\u0151l azut\u00e1n kis ki\u00e1ll\u00edt\u00e1st \u00e1ll\u00edtottunk \u00f6ssze, hogy a gy\u00fclekezeti tagok is l\u00e1thass\u00e1k munk\u00e1nkat.<\/p>\n<p>\u00d6sszess\u00e9g\u00e9ben nagyon tartalmas, \u00e9rzelmi, testi, lelki felt\u00f6lt\u0151d\u00e9st ny\u00fajt\u00f3 alkalmakon vehett\u00fcnk r\u00e9szt, \u00e9s a gyerekek t\u00f6bbs\u00e9ge is \u00f6t\u00f6sre \u00e9rt\u00e9kelte az eg\u00e9sz hetes t\u00e1bort, ami Magyarorsz\u00e1g Korm\u00e1ny\u00e1nak t\u00e1mogat\u00e1s\u00e1val val\u00f3sult meg.<\/p>\n<p style=\"text-align: right;\">Berta T\u00fcnde<br \/>\nhitoktat\u00f3, munkak\u00f6z\u00f6ss\u00e9g-vezet\u0151<\/p>\n<p><a href=\"https:\/\/szekacs.lutheran.hu\/iskola\/galeriak\/bibliatabor-2024\/\" target=\"_blank\" rel=\"noopener noreferrer\">K\u00e9pgal\u00e9ria itt l\u00e1that\u00f3.<\/a><\/p>\n<p><a href=\"https:\/\/szekacs.lutheran.hu\/iskola\/wp-content\/uploads\/2024\/07\/megvalosult_magyarorszag_kormanyanak_tamogatasaval_2024.jpg\"><img loading=\"lazy\" decoding=\"async\" class=\"size-medium wp-image-30975 aligncenter\" src=\"https:\/\/szekacs.lutheran.hu\/iskola\/wp-content\/uploads\/2024\/07\/megvalosult_magyarorszag_kormanyanak_tamogatasaval_2024-300x78.jpg\" alt=\"\" width=\"300\" height=\"78\" srcset=\"https:\/\/szekacs.lutheran.hu\/iskola\/wp-content\/uploads\/2024\/07\/megvalosult_magyarorszag_kormanyanak_tamogatasaval_2024-300x78.jpg 300w, https:\/\/szekacs.lutheran.hu\/iskola\/wp-content\/uploads\/2024\/07\/megvalosult_magyarorszag_kormanyanak_tamogatasaval_2024-768x200.jpg 768w, https:\/\/szekacs.lutheran.hu\/iskola\/wp-content\/uploads\/2024\/07\/megvalosult_magyarorszag_kormanyanak_tamogatasaval_2024-1024x266.jpg 1024w, https:\/\/szekacs.lutheran.hu\/iskola\/wp-content\/uploads\/2024\/07\/megvalosult_magyarorszag_kormanyanak_tamogatasaval_2024-580x151.jpg 580w, https:\/\/szekacs.lutheran.hu\/iskola\/wp-content\/uploads\/2024\/07\/megvalosult_magyarorszag_kormanyanak_tamogatasaval_2024-860x224.jpg 860w, https:\/\/szekacs.lutheran.hu\/iskola\/wp-content\/uploads\/2024\/07\/megvalosult_magyarorszag_kormanyanak_tamogatasaval_2024-1160x302.jpg 1160w, https:\/\/szekacs.lutheran.hu\/iskola\/wp-content\/uploads\/2024\/07\/megvalosult_magyarorszag_kormanyanak_tamogatasaval_2024-1320x343.jpg 1320w\" sizes=\"auto, (max-width: 300px) 100vw, 300px\" \/><\/a><\/p>\n","protected":false},"excerpt":{"rendered":"<p>Ez volt a c\u00edme annak az \u00f6tnapos vak\u00e1ci\u00f3s bibliat\u00e1bornak, melyre p\u00e1ly\u00e1zatot nyert iskol\u00e1nk. Az als\u00f3s koroszt\u00e1lyt v\u00e1rtuk, a csapat 1.-4&#8230;.<\/p>\n","protected":false},"author":1,"featured_media":30919,"comment_status":"closed","ping_status":"closed","sticky":false,"template":"","format":"standard","meta":{"footnotes":""},"categories":[42,43],"tags":[],"class_list":["post-30884","post","type-post","status-publish","format-standard","has-post-thumbnail","hentry","category-aktualis","category-iskolai-elet"],"yoast_head":"<!-- This site is optimized with the Yoast SEO plugin v26.2 - https:\/\/yoast.com\/wordpress\/plugins\/seo\/ -->\n<title>Vigy\u00e1zz, k\u00e9sz, rajt! - Sz\u00e9k\u00e1cs J\u00f3zsef Evang\u00e9likus \u00d3voda, \u00c1ltal\u00e1nos Iskola \u00e9s Gimn\u00e1zium<\/title>\n<meta name=\"robots\" content=\"index, follow, max-snippet:-1, max-image-preview:large, max-video-preview:-1\" \/>\n<link rel=\"canonical\" href=\"https:\/\/szekacs.lutheran.hu\/iskola\/vigyazz-kesz-rajt\/\" \/>\n<meta property=\"og:locale\" content=\"hu_HU\" \/>\n<meta property=\"og:type\" content=\"article\" \/>\n<meta property=\"og:title\" content=\"Vigy\u00e1zz, k\u00e9sz, rajt! - Sz\u00e9k\u00e1cs J\u00f3zsef Evang\u00e9likus \u00d3voda, \u00c1ltal\u00e1nos Iskola \u00e9s Gimn\u00e1zium\" \/>\n<meta property=\"og:description\" content=\"Ez volt a c\u00edme annak az \u00f6tnapos vak\u00e1ci\u00f3s bibliat\u00e1bornak, melyre p\u00e1ly\u00e1zatot nyert iskol\u00e1nk. Az als\u00f3s koroszt\u00e1lyt v\u00e1rtuk, a csapat 1.-4....\" \/>\n<meta property=\"og:url\" content=\"https:\/\/szekacs.lutheran.hu\/iskola\/vigyazz-kesz-rajt\/\" \/>\n<meta property=\"og:site_name\" content=\"Sz\u00e9k\u00e1cs J\u00f3zsef Evang\u00e9likus \u00d3voda, \u00c1ltal\u00e1nos Iskola \u00e9s Gimn\u00e1zium\" \/>\n<meta property=\"article:published_time\" content=\"2024-07-04T14:37:29+00:00\" \/>\n<meta property=\"article:modified_time\" content=\"2024-08-11T16:08:37+00:00\" \/>\n<meta property=\"og:image\" content=\"https:\/\/szekacs.lutheran.hu\/iskola\/wp-content\/uploads\/2024\/07\/ZFa2FyEK.jpg\" \/>\n\t<meta property=\"og:image:width\" content=\"2000\" \/>\n\t<meta property=\"og:image:height\" content=\"1500\" \/>\n\t<meta property=\"og:image:type\" content=\"image\/jpeg\" \/>\n<meta name=\"author\" content=\"admin\" \/>\n<meta name=\"twitter:card\" content=\"summary_large_image\" \/>\n<meta name=\"twitter:label1\" content=\"Szerz\u0151:\" \/>\n\t<meta name=\"twitter:data1\" content=\"admin\" \/>\n\t<meta name=\"twitter:label2\" content=\"Becs\u00fclt olvas\u00e1si id\u0151\" \/>\n\t<meta name=\"twitter:data2\" content=\"3 perc\" \/>\n<script type=\"application\/ld+json\" class=\"yoast-schema-graph\">{\"@context\":\"https:\/\/schema.org\",\"@graph\":[{\"@type\":\"WebPage\",\"@id\":\"https:\/\/szekacs.lutheran.hu\/iskola\/vigyazz-kesz-rajt\/\",\"url\":\"https:\/\/szekacs.lutheran.hu\/iskola\/vigyazz-kesz-rajt\/\",\"name\":\"Vigy\u00e1zz, k\u00e9sz, rajt! - Sz\u00e9k\u00e1cs J\u00f3zsef Evang\u00e9likus \u00d3voda, \u00c1ltal\u00e1nos Iskola \u00e9s Gimn\u00e1zium\",\"isPartOf\":{\"@id\":\"https:\/\/szekacs.lutheran.hu\/iskola\/#website\"},\"primaryImageOfPage\":{\"@id\":\"https:\/\/szekacs.lutheran.hu\/iskola\/vigyazz-kesz-rajt\/#primaryimage\"},\"image\":{\"@id\":\"https:\/\/szekacs.lutheran.hu\/iskola\/vigyazz-kesz-rajt\/#primaryimage\"},\"thumbnailUrl\":\"https:\/\/szekacs.lutheran.hu\/iskola\/wp-content\/uploads\/2024\/07\/ZFa2FyEK.jpg\",\"datePublished\":\"2024-07-04T14:37:29+00:00\",\"dateModified\":\"2024-08-11T16:08:37+00:00\",\"author\":{\"@id\":\"https:\/\/szekacs.lutheran.hu\/iskola\/#\/schema\/person\/c2ed2e14631babb098c586494bc7d5df\"},\"breadcrumb\":{\"@id\":\"https:\/\/szekacs.lutheran.hu\/iskola\/vigyazz-kesz-rajt\/#breadcrumb\"},\"inLanguage\":\"hu\",\"potentialAction\":[{\"@type\":\"ReadAction\",\"target\":[\"https:\/\/szekacs.lutheran.hu\/iskola\/vigyazz-kesz-rajt\/\"]}]},{\"@type\":\"ImageObject\",\"inLanguage\":\"hu\",\"@id\":\"https:\/\/szekacs.lutheran.hu\/iskola\/vigyazz-kesz-rajt\/#primaryimage\",\"url\":\"https:\/\/szekacs.lutheran.hu\/iskola\/wp-content\/uploads\/2024\/07\/ZFa2FyEK.jpg\",\"contentUrl\":\"https:\/\/szekacs.lutheran.hu\/iskola\/wp-content\/uploads\/2024\/07\/ZFa2FyEK.jpg\",\"width\":2000,\"height\":1500},{\"@type\":\"BreadcrumbList\",\"@id\":\"https:\/\/szekacs.lutheran.hu\/iskola\/vigyazz-kesz-rajt\/#breadcrumb\",\"itemListElement\":[{\"@type\":\"ListItem\",\"position\":1,\"name\":\"Home\",\"item\":\"https:\/\/szekacs.lutheran.hu\/iskola\/\"},{\"@type\":\"ListItem\",\"position\":2,\"name\":\"Vigy\u00e1zz, k\u00e9sz, rajt!\"}]},{\"@type\":\"WebSite\",\"@id\":\"https:\/\/szekacs.lutheran.hu\/iskola\/#website\",\"url\":\"https:\/\/szekacs.lutheran.hu\/iskola\/\",\"name\":\"Sz\u00e9k\u00e1cs J\u00f3zsef Evang\u00e9likus \u00d3voda, \u00c1ltal\u00e1nos Iskola \u00e9s Gimn\u00e1zium\",\"description\":\"\",\"potentialAction\":[{\"@type\":\"SearchAction\",\"target\":{\"@type\":\"EntryPoint\",\"urlTemplate\":\"https:\/\/szekacs.lutheran.hu\/iskola\/?s={search_term_string}\"},\"query-input\":{\"@type\":\"PropertyValueSpecification\",\"valueRequired\":true,\"valueName\":\"search_term_string\"}}],\"inLanguage\":\"hu\"},{\"@type\":\"Person\",\"@id\":\"https:\/\/szekacs.lutheran.hu\/iskola\/#\/schema\/person\/c2ed2e14631babb098c586494bc7d5df\",\"name\":\"admin\",\"image\":{\"@type\":\"ImageObject\",\"inLanguage\":\"hu\",\"@id\":\"https:\/\/szekacs.lutheran.hu\/iskola\/#\/schema\/person\/image\/\",\"url\":\"https:\/\/secure.gravatar.com\/avatar\/2d9a947cd9a162ca4e5eb73e817e43edd8dcbc6e501b39fb999fb53d65e181f4?s=96&d=mm&r=g\",\"contentUrl\":\"https:\/\/secure.gravatar.com\/avatar\/2d9a947cd9a162ca4e5eb73e817e43edd8dcbc6e501b39fb999fb53d65e181f4?s=96&d=mm&r=g\",\"caption\":\"admin\"},\"url\":\"https:\/\/szekacs.lutheran.hu\/iskola\/author\/admin\/\"}]}<\/script>\n<!-- \/ Yoast SEO plugin. -->","yoast_head_json":{"title":"Vigy\u00e1zz, k\u00e9sz, rajt! - Sz\u00e9k\u00e1cs J\u00f3zsef Evang\u00e9likus \u00d3voda, \u00c1ltal\u00e1nos Iskola \u00e9s Gimn\u00e1zium","robots":{"index":"index","follow":"follow","max-snippet":"max-snippet:-1","max-image-preview":"max-image-preview:large","max-video-preview":"max-video-preview:-1"},"canonical":"https:\/\/szekacs.lutheran.hu\/iskola\/vigyazz-kesz-rajt\/","og_locale":"hu_HU","og_type":"article","og_title":"Vigy\u00e1zz, k\u00e9sz, rajt! - Sz\u00e9k\u00e1cs J\u00f3zsef Evang\u00e9likus \u00d3voda, \u00c1ltal\u00e1nos Iskola \u00e9s Gimn\u00e1zium","og_description":"Ez volt a c\u00edme annak az \u00f6tnapos vak\u00e1ci\u00f3s bibliat\u00e1bornak, melyre p\u00e1ly\u00e1zatot nyert iskol\u00e1nk. Az als\u00f3s koroszt\u00e1lyt v\u00e1rtuk, a csapat 1.-4....","og_url":"https:\/\/szekacs.lutheran.hu\/iskola\/vigyazz-kesz-rajt\/","og_site_name":"Sz\u00e9k\u00e1cs J\u00f3zsef Evang\u00e9likus \u00d3voda, \u00c1ltal\u00e1nos Iskola \u00e9s Gimn\u00e1zium","article_published_time":"2024-07-04T14:37:29+00:00","article_modified_time":"2024-08-11T16:08:37+00:00","og_image":[{"width":2000,"height":1500,"url":"https:\/\/szekacs.lutheran.hu\/iskola\/wp-content\/uploads\/2024\/07\/ZFa2FyEK.jpg","type":"image\/jpeg"}],"author":"admin","twitter_card":"summary_large_image","twitter_misc":{"Szerz\u0151:":"admin","Becs\u00fclt olvas\u00e1si id\u0151":"3 perc"},"schema":{"@context":"https:\/\/schema.org","@graph":[{"@type":"WebPage","@id":"https:\/\/szekacs.lutheran.hu\/iskola\/vigyazz-kesz-rajt\/","url":"https:\/\/szekacs.lutheran.hu\/iskola\/vigyazz-kesz-rajt\/","name":"Vigy\u00e1zz, k\u00e9sz, rajt! - Sz\u00e9k\u00e1cs J\u00f3zsef Evang\u00e9likus \u00d3voda, \u00c1ltal\u00e1nos Iskola \u00e9s Gimn\u00e1zium","isPartOf":{"@id":"https:\/\/szekacs.lutheran.hu\/iskola\/#website"},"primaryImageOfPage":{"@id":"https:\/\/szekacs.lutheran.hu\/iskola\/vigyazz-kesz-rajt\/#primaryimage"},"image":{"@id":"https:\/\/szekacs.lutheran.hu\/iskola\/vigyazz-kesz-rajt\/#primaryimage"},"thumbnailUrl":"https:\/\/szekacs.lutheran.hu\/iskola\/wp-content\/uploads\/2024\/07\/ZFa2FyEK.jpg","datePublished":"2024-07-04T14:37:29+00:00","dateModified":"2024-08-11T16:08:37+00:00","author":{"@id":"https:\/\/szekacs.lutheran.hu\/iskola\/#\/schema\/person\/c2ed2e14631babb098c586494bc7d5df"},"breadcrumb":{"@id":"https:\/\/szekacs.lutheran.hu\/iskola\/vigyazz-kesz-rajt\/#breadcrumb"},"inLanguage":"hu","potentialAction":[{"@type":"ReadAction","target":["https:\/\/szekacs.lutheran.hu\/iskola\/vigyazz-kesz-rajt\/"]}]},{"@type":"ImageObject","inLanguage":"hu","@id":"https:\/\/szekacs.lutheran.hu\/iskola\/vigyazz-kesz-rajt\/#primaryimage","url":"https:\/\/szekacs.lutheran.hu\/iskola\/wp-content\/uploads\/2024\/07\/ZFa2FyEK.jpg","contentUrl":"https:\/\/szekacs.lutheran.hu\/iskola\/wp-content\/uploads\/2024\/07\/ZFa2FyEK.jpg","width":2000,"height":1500},{"@type":"BreadcrumbList","@id":"https:\/\/szekacs.lutheran.hu\/iskola\/vigyazz-kesz-rajt\/#breadcrumb","itemListElement":[{"@type":"ListItem","position":1,"name":"Home","item":"https:\/\/szekacs.lutheran.hu\/iskola\/"},{"@type":"ListItem","position":2,"name":"Vigy\u00e1zz, k\u00e9sz, rajt!"}]},{"@type":"WebSite","@id":"https:\/\/szekacs.lutheran.hu\/iskola\/#website","url":"https:\/\/szekacs.lutheran.hu\/iskola\/","name":"Sz\u00e9k\u00e1cs J\u00f3zsef Evang\u00e9likus \u00d3voda, \u00c1ltal\u00e1nos Iskola \u00e9s Gimn\u00e1zium","description":"","potentialAction":[{"@type":"SearchAction","target":{"@type":"EntryPoint","urlTemplate":"https:\/\/szekacs.lutheran.hu\/iskola\/?s={search_term_string}"},"query-input":{"@type":"PropertyValueSpecification","valueRequired":true,"valueName":"search_term_string"}}],"inLanguage":"hu"},{"@type":"Person","@id":"https:\/\/szekacs.lutheran.hu\/iskola\/#\/schema\/person\/c2ed2e14631babb098c586494bc7d5df","name":"admin","image":{"@type":"ImageObject","inLanguage":"hu","@id":"https:\/\/szekacs.lutheran.hu\/iskola\/#\/schema\/person\/image\/","url":"https:\/\/secure.gravatar.com\/avatar\/2d9a947cd9a162ca4e5eb73e817e43edd8dcbc6e501b39fb999fb53d65e181f4?s=96&d=mm&r=g","contentUrl":"https:\/\/secure.gravatar.com\/avatar\/2d9a947cd9a162ca4e5eb73e817e43edd8dcbc6e501b39fb999fb53d65e181f4?s=96&d=mm&r=g","caption":"admin"},"url":"https:\/\/szekacs.lutheran.hu\/iskola\/author\/admin\/"}]}},"_links":{"self":[{"href":"https:\/\/szekacs.lutheran.hu\/iskola\/wp-json\/wp\/v2\/posts\/30884","targetHints":{"allow":["GET"]}}],"collection":[{"href":"https:\/\/szekacs.lutheran.hu\/iskola\/wp-json\/wp\/v2\/posts"}],"about":[{"href":"https:\/\/szekacs.lutheran.hu\/iskola\/wp-json\/wp\/v2\/types\/post"}],"author":[{"embeddable":true,"href":"https:\/\/szekacs.lutheran.hu\/iskola\/wp-json\/wp\/v2\/users\/1"}],"replies":[{"embeddable":true,"href":"https:\/\/szekacs.lutheran.hu\/iskola\/wp-json\/wp\/v2\/comments?post=30884"}],"version-history":[{"count":2,"href":"https:\/\/szekacs.lutheran.hu\/iskola\/wp-json\/wp\/v2\/posts\/30884\/revisions"}],"predecessor-version":[{"id":30986,"href":"https:\/\/szekacs.lutheran.hu\/iskola\/wp-json\/wp\/v2\/posts\/30884\/revisions\/30986"}],"wp:featuredmedia":[{"embeddable":true,"href":"https:\/\/szekacs.lutheran.hu\/iskola\/wp-json\/wp\/v2\/media\/30919"}],"wp:attachment":[{"href":"https:\/\/szekacs.lutheran.hu\/iskola\/wp-json\/wp\/v2\/media?parent=30884"}],"wp:term":[{"taxonomy":"category","embeddable":true,"href":"https:\/\/szekacs.lutheran.hu\/iskola\/wp-json\/wp\/v2\/categories?post=30884"},{"taxonomy":"post_tag","embeddable":true,"href":"https:\/\/szekacs.lutheran.hu\/iskola\/wp-json\/wp\/v2\/tags?post=30884"}],"curies":[{"name":"wp","href":"https:\/\/api.w.org\/{rel}","templated":true}]}}