{"id":30456,"date":"2024-04-29T09:37:11","date_gmt":"2024-04-29T09:37:11","guid":{"rendered":"https:\/\/szekacs.lutheran.hu\/iskola\/?p=30456"},"modified":"2024-06-11T10:01:25","modified_gmt":"2024-06-11T10:01:25","slug":"a-kemeny-munka-kifizetodik-megvan-a-nyelvvizsga","status":"publish","type":"post","link":"https:\/\/szekacs.lutheran.hu\/iskola\/a-kemeny-munka-kifizetodik-megvan-a-nyelvvizsga\/","title":{"rendered":"A kem\u00e9ny munka kifizet\u0151dik &#8211; megvan a nyelvvizsga!"},"content":{"rendered":"<p>Iskol\u00e1nkban a tan\u00e9v elej\u00e9n sikeresen megval\u00f3sult az az elk\u00e9pzel\u00e9s, hogy LanguageCert Young Learners Gyerekvizsga Felk\u00e9sz\u00edt\u0151hely legyen az int\u00e9zm\u00e9ny. Nagy R\u00f3bert igazgat\u00f3 \u00far t\u00e1mogatta ezt az elk\u00e9pzel\u00e9st \u00e9s a budapesti LanguageCert \u00a0nyelvvizsgak\u00f6zponttal al\u00e1\u00edrt szerz\u0151d\u00e9s ut\u00e1n iskol\u00e1nkban okt\u00f3ber h\u00f3napban elindult a LanguageCert gyermek nyelvvizsg\u00e1ra felk\u00e9sz\u00edt\u0151 tanfolyamunk, melynek keretein bel\u00fcl 10-14 \u00e9ves gyerekek k\u00e9sz\u00fcltek fel a YoungLearners nyelvvizsg\u00e1ra Kov\u00e1csn\u00e9 Misurda Ilona tan\u00e1rn\u0151 vezet\u00e9s\u00e9vel. Ez a nemzetk\u00f6zileg elismert vizsga k\u00fcl\u00f6n\u00f6sen nagy lehet\u0151s\u00e9g az \u00e1ltal\u00e1nos iskolai koroszt\u00e1ly sz\u00e1m\u00e1ra, hiszen siker\u00e9lm\u00e9nyt ny\u00fajt, vizsgarutint szereznek a di\u00e1kok, nyelvtanul\u00e1si c\u00e9lk\u00e9nt \u00f6szt\u00f6nz\u0151leg hat a nyelvtanul\u00e1sra, a k\u00f6z\u00e9piskolai felv\u00e9telin\u00e9l \u00e9s a csoportba sorol\u00e1sn\u00e1l el\u0151nyt jelenthet. A vizsga n\u00e9gy r\u00e9szb\u0151l \u00e1ll: olvasott sz\u00f6veg \u00e9rt\u00e9se, \u00edr\u00e1sk\u00e9szs\u00e9g, hallott sz\u00f6veg \u00e9rt\u00e9se \u00e9s besz\u00e9dk\u00e9szs\u00e9g. A k\u00e9t ut\u00f3bbi a sz\u00f3beli vizsgar\u00e9szhez, m\u00edg az els\u0151 kett\u0151 az \u00edr\u00e1sbeli vizsg\u00e1hoz tartozik. A felk\u00e9sz\u00edt\u00e9sre jelentkezett tanul\u00f3k komplex vizsg\u00e1ra k\u00e9sz\u00fcltek.<\/p>\n<p>Int\u00e9zm\u00e9ny\u00fcnk mellett a lehet\u0151s\u00e9gr\u0151l t\u00e1j\u00e9koztattuk a v\u00e1ros t\u00f6bbi \u00e1ltal\u00e1nos iskol\u00e1j\u00e1t is, a kist\u00e9rs\u00e9gi iskol\u00e1k sz\u00e1m\u00e1ra is eljuttattuk ezt az inform\u00e1ci\u00f3t, valamint int\u00e9zm\u00e9ny\u00fcnk honlapj\u00e1n is megtal\u00e1lhat\u00f3ak voltak a vizsg\u00e1val kapcsolatos tudnival\u00f3k. Ez\u00e1ltal a lehet\u0151s\u00e9g nyitva \u00e1llt minden olyan di\u00e1k sz\u00e1m\u00e1ra, aki szeretn\u00e9 fejleszteni nyelvi k\u00e9szs\u00e9geit \u00e9s megm\u00e9rettetni mag\u00e1t egy nemzetk\u00f6zi vizsg\u00e1n. \u00cdgy nemcsak a Sz\u00e9k\u00e1cs iskola tanul\u00f3i, hanem v\u00e1rosunk \u00e9s a k\u00f6rnyez\u0151 telep\u00fcl\u00e9sek di\u00e1kjai is r\u00e9szes\u00fclhettek ebben a lehet\u0151s\u00e9gben, seg\u00edtve ezzel nyelvtud\u00e1suk fejl\u0151d\u00e9s\u00e9t. Febru\u00e1r v\u00e9g\u00e9n pr\u00f3banyelvvizsg\u00e1t szervezt\u00fcnk az \u00e9rdekl\u0151d\u0151 di\u00e1kok sz\u00e1m\u00e1ra, \u00e9s sokan \u00e9ltek is a lehet\u0151s\u00e9ggel.<\/p>\n<p>M\u00e1rcius 23-\u00e1n a tanul\u00f3k A1-A2 szinten komplex nemzetk\u00f6zi gyermeknyelvvizsg\u00e1t tettek a nyelvvizsgak\u00f6zpont \u00e1ltal biztos\u00edtott vizsg\u00e1ztat\u00f3val. Hamarosan meg\u00e9rkeztek az eredm\u00e9nyek, miszerint 15 fels\u0151 tagozatos tanul\u00f3 szerezte meg sikeresen a LanguageCert Young Learners A2 nemzetk\u00f6zi nyelvvizsg\u00e1t. Sokan k\u00f6z\u00fcl\u00fck First Class Pass (kiv\u00e1l\u00f3an megfelelt) min\u0151s\u00edt\u00e9st kaptak. Nagyon \u00f6r\u00fcl\u00fcnk a sz\u00e9p eredm\u00e9nyeknek, \u00e9s a k\u00f6vetkez\u0151 tan\u00e9vben is folytatjuk a nyelvvizsg\u00e1ra felk\u00e9sz\u00edt\u00e9st.<\/p>\n<p style=\"text-align: right;\">\u00a0\u00a0\u00a0\u00a0\u00a0\u00a0\u00a0\u00a0\u00a0\u00a0\u00a0 \u00d6kr\u00f6sn\u00e9 Miszlai Edit<br \/>\nmunkak\u00f6z\u00f6ss\u00e9g-vezet\u0151<\/p>\n<figure id=\"attachment_30692\" aria-describedby=\"caption-attachment-30692\" style=\"width: 300px\" class=\"wp-caption aligncenter\"><a href=\"https:\/\/szekacs.lutheran.hu\/iskola\/wp-content\/uploads\/2024\/04\/20240611_082015.jpg\"><img loading=\"lazy\" decoding=\"async\" class=\"wp-image-30692 size-medium\" src=\"https:\/\/szekacs.lutheran.hu\/iskola\/wp-content\/uploads\/2024\/04\/20240611_082015-300x169.jpg\" alt=\"\" width=\"300\" height=\"169\" srcset=\"https:\/\/szekacs.lutheran.hu\/iskola\/wp-content\/uploads\/2024\/04\/20240611_082015-300x169.jpg 300w, https:\/\/szekacs.lutheran.hu\/iskola\/wp-content\/uploads\/2024\/04\/20240611_082015-768x432.jpg 768w, https:\/\/szekacs.lutheran.hu\/iskola\/wp-content\/uploads\/2024\/04\/20240611_082015-1024x576.jpg 1024w, https:\/\/szekacs.lutheran.hu\/iskola\/wp-content\/uploads\/2024\/04\/20240611_082015-580x326.jpg 580w, https:\/\/szekacs.lutheran.hu\/iskola\/wp-content\/uploads\/2024\/04\/20240611_082015-860x484.jpg 860w, https:\/\/szekacs.lutheran.hu\/iskola\/wp-content\/uploads\/2024\/04\/20240611_082015-1160x653.jpg 1160w, https:\/\/szekacs.lutheran.hu\/iskola\/wp-content\/uploads\/2024\/04\/20240611_082015-1320x743.jpg 1320w\" sizes=\"auto, (max-width: 300px) 100vw, 300px\" \/><\/a><figcaption id=\"caption-attachment-30692\" class=\"wp-caption-text\">K\u00e9zben van a sikeres nyelvvizsga!<\/figcaption><\/figure>\n","protected":false},"excerpt":{"rendered":"<p>Iskol\u00e1nkban a tan\u00e9v elej\u00e9n sikeresen megval\u00f3sult az az elk\u00e9pzel\u00e9s, hogy LanguageCert Young Learners Gyerekvizsga Felk\u00e9sz\u00edt\u0151hely legyen az int\u00e9zm\u00e9ny. Nagy R\u00f3bert&#8230;<\/p>\n","protected":false},"author":1,"featured_media":30457,"comment_status":"closed","ping_status":"closed","sticky":false,"template":"","format":"standard","meta":{"footnotes":""},"categories":[42,43],"tags":[],"class_list":["post-30456","post","type-post","status-publish","format-standard","has-post-thumbnail","hentry","category-aktualis","category-iskolai-elet"],"yoast_head":"<!-- This site is optimized with the Yoast SEO plugin v26.2 - https:\/\/yoast.com\/wordpress\/plugins\/seo\/ -->\n<title>A kem\u00e9ny munka kifizet\u0151dik - megvan a nyelvvizsga! - Sz\u00e9k\u00e1cs J\u00f3zsef Evang\u00e9likus \u00d3voda, \u00c1ltal\u00e1nos Iskola \u00e9s Gimn\u00e1zium<\/title>\n<meta name=\"robots\" content=\"index, follow, max-snippet:-1, max-image-preview:large, max-video-preview:-1\" \/>\n<link rel=\"canonical\" href=\"https:\/\/szekacs.lutheran.hu\/iskola\/a-kemeny-munka-kifizetodik-megvan-a-nyelvvizsga\/\" \/>\n<meta property=\"og:locale\" content=\"hu_HU\" \/>\n<meta property=\"og:type\" content=\"article\" \/>\n<meta property=\"og:title\" content=\"A kem\u00e9ny munka kifizet\u0151dik - megvan a nyelvvizsga! - Sz\u00e9k\u00e1cs J\u00f3zsef Evang\u00e9likus \u00d3voda, \u00c1ltal\u00e1nos Iskola \u00e9s Gimn\u00e1zium\" \/>\n<meta property=\"og:description\" content=\"Iskol\u00e1nkban a tan\u00e9v elej\u00e9n sikeresen megval\u00f3sult az az elk\u00e9pzel\u00e9s, hogy LanguageCert Young Learners Gyerekvizsga Felk\u00e9sz\u00edt\u0151hely legyen az int\u00e9zm\u00e9ny. Nagy R\u00f3bert...\" \/>\n<meta property=\"og:url\" content=\"https:\/\/szekacs.lutheran.hu\/iskola\/a-kemeny-munka-kifizetodik-megvan-a-nyelvvizsga\/\" \/>\n<meta property=\"og:site_name\" content=\"Sz\u00e9k\u00e1cs J\u00f3zsef Evang\u00e9likus \u00d3voda, \u00c1ltal\u00e1nos Iskola \u00e9s Gimn\u00e1zium\" \/>\n<meta property=\"article:published_time\" content=\"2024-04-29T09:37:11+00:00\" \/>\n<meta property=\"article:modified_time\" content=\"2024-06-11T10:01:25+00:00\" \/>\n<meta property=\"og:image\" content=\"https:\/\/szekacs.lutheran.hu\/iskola\/wp-content\/uploads\/2024\/04\/Csoportk\u00e9p.jpg\" \/>\n\t<meta property=\"og:image:width\" content=\"2000\" \/>\n\t<meta property=\"og:image:height\" content=\"1500\" \/>\n\t<meta property=\"og:image:type\" content=\"image\/jpeg\" \/>\n<meta name=\"author\" content=\"admin\" \/>\n<meta name=\"twitter:card\" content=\"summary_large_image\" \/>\n<meta name=\"twitter:label1\" content=\"Szerz\u0151:\" \/>\n\t<meta name=\"twitter:data1\" content=\"admin\" \/>\n\t<meta name=\"twitter:label2\" content=\"Becs\u00fclt olvas\u00e1si id\u0151\" \/>\n\t<meta name=\"twitter:data2\" content=\"2 perc\" \/>\n<script type=\"application\/ld+json\" class=\"yoast-schema-graph\">{\"@context\":\"https:\/\/schema.org\",\"@graph\":[{\"@type\":\"WebPage\",\"@id\":\"https:\/\/szekacs.lutheran.hu\/iskola\/a-kemeny-munka-kifizetodik-megvan-a-nyelvvizsga\/\",\"url\":\"https:\/\/szekacs.lutheran.hu\/iskola\/a-kemeny-munka-kifizetodik-megvan-a-nyelvvizsga\/\",\"name\":\"A kem\u00e9ny munka kifizet\u0151dik - megvan a nyelvvizsga! - Sz\u00e9k\u00e1cs J\u00f3zsef Evang\u00e9likus \u00d3voda, \u00c1ltal\u00e1nos Iskola \u00e9s Gimn\u00e1zium\",\"isPartOf\":{\"@id\":\"https:\/\/szekacs.lutheran.hu\/iskola\/#website\"},\"primaryImageOfPage\":{\"@id\":\"https:\/\/szekacs.lutheran.hu\/iskola\/a-kemeny-munka-kifizetodik-megvan-a-nyelvvizsga\/#primaryimage\"},\"image\":{\"@id\":\"https:\/\/szekacs.lutheran.hu\/iskola\/a-kemeny-munka-kifizetodik-megvan-a-nyelvvizsga\/#primaryimage\"},\"thumbnailUrl\":\"https:\/\/szekacs.lutheran.hu\/iskola\/wp-content\/uploads\/2024\/04\/Csoportk\u00e9p.jpg\",\"datePublished\":\"2024-04-29T09:37:11+00:00\",\"dateModified\":\"2024-06-11T10:01:25+00:00\",\"author\":{\"@id\":\"https:\/\/szekacs.lutheran.hu\/iskola\/#\/schema\/person\/c2ed2e14631babb098c586494bc7d5df\"},\"breadcrumb\":{\"@id\":\"https:\/\/szekacs.lutheran.hu\/iskola\/a-kemeny-munka-kifizetodik-megvan-a-nyelvvizsga\/#breadcrumb\"},\"inLanguage\":\"hu\",\"potentialAction\":[{\"@type\":\"ReadAction\",\"target\":[\"https:\/\/szekacs.lutheran.hu\/iskola\/a-kemeny-munka-kifizetodik-megvan-a-nyelvvizsga\/\"]}]},{\"@type\":\"ImageObject\",\"inLanguage\":\"hu\",\"@id\":\"https:\/\/szekacs.lutheran.hu\/iskola\/a-kemeny-munka-kifizetodik-megvan-a-nyelvvizsga\/#primaryimage\",\"url\":\"https:\/\/szekacs.lutheran.hu\/iskola\/wp-content\/uploads\/2024\/04\/Csoportk\u00e9p.jpg\",\"contentUrl\":\"https:\/\/szekacs.lutheran.hu\/iskola\/wp-content\/uploads\/2024\/04\/Csoportk\u00e9p.jpg\",\"width\":2000,\"height\":1500},{\"@type\":\"BreadcrumbList\",\"@id\":\"https:\/\/szekacs.lutheran.hu\/iskola\/a-kemeny-munka-kifizetodik-megvan-a-nyelvvizsga\/#breadcrumb\",\"itemListElement\":[{\"@type\":\"ListItem\",\"position\":1,\"name\":\"Home\",\"item\":\"https:\/\/szekacs.lutheran.hu\/iskola\/\"},{\"@type\":\"ListItem\",\"position\":2,\"name\":\"A kem\u00e9ny munka kifizet\u0151dik &#8211; megvan a nyelvvizsga!\"}]},{\"@type\":\"WebSite\",\"@id\":\"https:\/\/szekacs.lutheran.hu\/iskola\/#website\",\"url\":\"https:\/\/szekacs.lutheran.hu\/iskola\/\",\"name\":\"Sz\u00e9k\u00e1cs J\u00f3zsef Evang\u00e9likus \u00d3voda, \u00c1ltal\u00e1nos Iskola \u00e9s Gimn\u00e1zium\",\"description\":\"\",\"potentialAction\":[{\"@type\":\"SearchAction\",\"target\":{\"@type\":\"EntryPoint\",\"urlTemplate\":\"https:\/\/szekacs.lutheran.hu\/iskola\/?s={search_term_string}\"},\"query-input\":{\"@type\":\"PropertyValueSpecification\",\"valueRequired\":true,\"valueName\":\"search_term_string\"}}],\"inLanguage\":\"hu\"},{\"@type\":\"Person\",\"@id\":\"https:\/\/szekacs.lutheran.hu\/iskola\/#\/schema\/person\/c2ed2e14631babb098c586494bc7d5df\",\"name\":\"admin\",\"image\":{\"@type\":\"ImageObject\",\"inLanguage\":\"hu\",\"@id\":\"https:\/\/szekacs.lutheran.hu\/iskola\/#\/schema\/person\/image\/\",\"url\":\"https:\/\/secure.gravatar.com\/avatar\/2d9a947cd9a162ca4e5eb73e817e43edd8dcbc6e501b39fb999fb53d65e181f4?s=96&d=mm&r=g\",\"contentUrl\":\"https:\/\/secure.gravatar.com\/avatar\/2d9a947cd9a162ca4e5eb73e817e43edd8dcbc6e501b39fb999fb53d65e181f4?s=96&d=mm&r=g\",\"caption\":\"admin\"},\"url\":\"https:\/\/szekacs.lutheran.hu\/iskola\/author\/admin\/\"}]}<\/script>\n<!-- \/ Yoast SEO plugin. -->","yoast_head_json":{"title":"A kem\u00e9ny munka kifizet\u0151dik - megvan a nyelvvizsga! - Sz\u00e9k\u00e1cs J\u00f3zsef Evang\u00e9likus \u00d3voda, \u00c1ltal\u00e1nos Iskola \u00e9s Gimn\u00e1zium","robots":{"index":"index","follow":"follow","max-snippet":"max-snippet:-1","max-image-preview":"max-image-preview:large","max-video-preview":"max-video-preview:-1"},"canonical":"https:\/\/szekacs.lutheran.hu\/iskola\/a-kemeny-munka-kifizetodik-megvan-a-nyelvvizsga\/","og_locale":"hu_HU","og_type":"article","og_title":"A kem\u00e9ny munka kifizet\u0151dik - megvan a nyelvvizsga! - Sz\u00e9k\u00e1cs J\u00f3zsef Evang\u00e9likus \u00d3voda, \u00c1ltal\u00e1nos Iskola \u00e9s Gimn\u00e1zium","og_description":"Iskol\u00e1nkban a tan\u00e9v elej\u00e9n sikeresen megval\u00f3sult az az elk\u00e9pzel\u00e9s, hogy LanguageCert Young Learners Gyerekvizsga Felk\u00e9sz\u00edt\u0151hely legyen az int\u00e9zm\u00e9ny. Nagy R\u00f3bert...","og_url":"https:\/\/szekacs.lutheran.hu\/iskola\/a-kemeny-munka-kifizetodik-megvan-a-nyelvvizsga\/","og_site_name":"Sz\u00e9k\u00e1cs J\u00f3zsef Evang\u00e9likus \u00d3voda, \u00c1ltal\u00e1nos Iskola \u00e9s Gimn\u00e1zium","article_published_time":"2024-04-29T09:37:11+00:00","article_modified_time":"2024-06-11T10:01:25+00:00","og_image":[{"width":2000,"height":1500,"url":"https:\/\/szekacs.lutheran.hu\/iskola\/wp-content\/uploads\/2024\/04\/Csoportk\u00e9p.jpg","type":"image\/jpeg"}],"author":"admin","twitter_card":"summary_large_image","twitter_misc":{"Szerz\u0151:":"admin","Becs\u00fclt olvas\u00e1si id\u0151":"2 perc"},"schema":{"@context":"https:\/\/schema.org","@graph":[{"@type":"WebPage","@id":"https:\/\/szekacs.lutheran.hu\/iskola\/a-kemeny-munka-kifizetodik-megvan-a-nyelvvizsga\/","url":"https:\/\/szekacs.lutheran.hu\/iskola\/a-kemeny-munka-kifizetodik-megvan-a-nyelvvizsga\/","name":"A kem\u00e9ny munka kifizet\u0151dik - megvan a nyelvvizsga! - Sz\u00e9k\u00e1cs J\u00f3zsef Evang\u00e9likus \u00d3voda, \u00c1ltal\u00e1nos Iskola \u00e9s Gimn\u00e1zium","isPartOf":{"@id":"https:\/\/szekacs.lutheran.hu\/iskola\/#website"},"primaryImageOfPage":{"@id":"https:\/\/szekacs.lutheran.hu\/iskola\/a-kemeny-munka-kifizetodik-megvan-a-nyelvvizsga\/#primaryimage"},"image":{"@id":"https:\/\/szekacs.lutheran.hu\/iskola\/a-kemeny-munka-kifizetodik-megvan-a-nyelvvizsga\/#primaryimage"},"thumbnailUrl":"https:\/\/szekacs.lutheran.hu\/iskola\/wp-content\/uploads\/2024\/04\/Csoportk\u00e9p.jpg","datePublished":"2024-04-29T09:37:11+00:00","dateModified":"2024-06-11T10:01:25+00:00","author":{"@id":"https:\/\/szekacs.lutheran.hu\/iskola\/#\/schema\/person\/c2ed2e14631babb098c586494bc7d5df"},"breadcrumb":{"@id":"https:\/\/szekacs.lutheran.hu\/iskola\/a-kemeny-munka-kifizetodik-megvan-a-nyelvvizsga\/#breadcrumb"},"inLanguage":"hu","potentialAction":[{"@type":"ReadAction","target":["https:\/\/szekacs.lutheran.hu\/iskola\/a-kemeny-munka-kifizetodik-megvan-a-nyelvvizsga\/"]}]},{"@type":"ImageObject","inLanguage":"hu","@id":"https:\/\/szekacs.lutheran.hu\/iskola\/a-kemeny-munka-kifizetodik-megvan-a-nyelvvizsga\/#primaryimage","url":"https:\/\/szekacs.lutheran.hu\/iskola\/wp-content\/uploads\/2024\/04\/Csoportk\u00e9p.jpg","contentUrl":"https:\/\/szekacs.lutheran.hu\/iskola\/wp-content\/uploads\/2024\/04\/Csoportk\u00e9p.jpg","width":2000,"height":1500},{"@type":"BreadcrumbList","@id":"https:\/\/szekacs.lutheran.hu\/iskola\/a-kemeny-munka-kifizetodik-megvan-a-nyelvvizsga\/#breadcrumb","itemListElement":[{"@type":"ListItem","position":1,"name":"Home","item":"https:\/\/szekacs.lutheran.hu\/iskola\/"},{"@type":"ListItem","position":2,"name":"A kem\u00e9ny munka kifizet\u0151dik &#8211; megvan a nyelvvizsga!"}]},{"@type":"WebSite","@id":"https:\/\/szekacs.lutheran.hu\/iskola\/#website","url":"https:\/\/szekacs.lutheran.hu\/iskola\/","name":"Sz\u00e9k\u00e1cs J\u00f3zsef Evang\u00e9likus \u00d3voda, \u00c1ltal\u00e1nos Iskola \u00e9s Gimn\u00e1zium","description":"","potentialAction":[{"@type":"SearchAction","target":{"@type":"EntryPoint","urlTemplate":"https:\/\/szekacs.lutheran.hu\/iskola\/?s={search_term_string}"},"query-input":{"@type":"PropertyValueSpecification","valueRequired":true,"valueName":"search_term_string"}}],"inLanguage":"hu"},{"@type":"Person","@id":"https:\/\/szekacs.lutheran.hu\/iskola\/#\/schema\/person\/c2ed2e14631babb098c586494bc7d5df","name":"admin","image":{"@type":"ImageObject","inLanguage":"hu","@id":"https:\/\/szekacs.lutheran.hu\/iskola\/#\/schema\/person\/image\/","url":"https:\/\/secure.gravatar.com\/avatar\/2d9a947cd9a162ca4e5eb73e817e43edd8dcbc6e501b39fb999fb53d65e181f4?s=96&d=mm&r=g","contentUrl":"https:\/\/secure.gravatar.com\/avatar\/2d9a947cd9a162ca4e5eb73e817e43edd8dcbc6e501b39fb999fb53d65e181f4?s=96&d=mm&r=g","caption":"admin"},"url":"https:\/\/szekacs.lutheran.hu\/iskola\/author\/admin\/"}]}},"_links":{"self":[{"href":"https:\/\/szekacs.lutheran.hu\/iskola\/wp-json\/wp\/v2\/posts\/30456","targetHints":{"allow":["GET"]}}],"collection":[{"href":"https:\/\/szekacs.lutheran.hu\/iskola\/wp-json\/wp\/v2\/posts"}],"about":[{"href":"https:\/\/szekacs.lutheran.hu\/iskola\/wp-json\/wp\/v2\/types\/post"}],"author":[{"embeddable":true,"href":"https:\/\/szekacs.lutheran.hu\/iskola\/wp-json\/wp\/v2\/users\/1"}],"replies":[{"embeddable":true,"href":"https:\/\/szekacs.lutheran.hu\/iskola\/wp-json\/wp\/v2\/comments?post=30456"}],"version-history":[{"count":3,"href":"https:\/\/szekacs.lutheran.hu\/iskola\/wp-json\/wp\/v2\/posts\/30456\/revisions"}],"predecessor-version":[{"id":30694,"href":"https:\/\/szekacs.lutheran.hu\/iskola\/wp-json\/wp\/v2\/posts\/30456\/revisions\/30694"}],"wp:featuredmedia":[{"embeddable":true,"href":"https:\/\/szekacs.lutheran.hu\/iskola\/wp-json\/wp\/v2\/media\/30457"}],"wp:attachment":[{"href":"https:\/\/szekacs.lutheran.hu\/iskola\/wp-json\/wp\/v2\/media?parent=30456"}],"wp:term":[{"taxonomy":"category","embeddable":true,"href":"https:\/\/szekacs.lutheran.hu\/iskola\/wp-json\/wp\/v2\/categories?post=30456"},{"taxonomy":"post_tag","embeddable":true,"href":"https:\/\/szekacs.lutheran.hu\/iskola\/wp-json\/wp\/v2\/tags?post=30456"}],"curies":[{"name":"wp","href":"https:\/\/api.w.org\/{rel}","templated":true}]}}