{"id":29952,"date":"2024-02-07T08:36:53","date_gmt":"2024-02-07T08:36:53","guid":{"rendered":"https:\/\/szekacs.lutheran.hu\/iskola\/?p=29952"},"modified":"2024-02-08T08:43:10","modified_gmt":"2024-02-08T08:43:10","slug":"szalagavato-2024","status":"publish","type":"post","link":"https:\/\/szekacs.lutheran.hu\/iskola\/szalagavato-2024\/","title":{"rendered":"Szalagavat\u00f3 2024"},"content":{"rendered":"<p>Ismer\u0151s az az \u00e9rz\u00e9s, amikor nagyon v\u00e1runk valamit, majd mikor elj\u00f6n, pillanatok alatt v\u00e9ge lesz? A Sz\u00e9k\u00e1cs J\u00f3zsef Gimn\u00e1zium v\u00e9gz\u0151s oszt\u00e1lyak\u00e9nt ugyanezt \u00e9lt\u00fck \u00e1t a szalagavat\u00f3val. H\u00f3napokkal el\u0151tte elkezdt\u00fcnk k\u00e9sz\u00fcl\u0151dni, tervezgetni, mindegyik\u00fcnk fej\u00e9ben \u00f6ssze\u00e1llt egy-egy k\u00fcl\u00f6n k\u00e9p, egy elk\u00e9pzel\u00e9s arr\u00f3l a bizonyos napr\u00f3l, ami gyorsan el\u00e9rkezett \u00e9s mire egyet pislogtunk, m\u00e1r v\u00e9ge is lett, mi viszont azt hiszem el\u00e9g meghat\u00e1roz\u00f3 \u00e9s felejthetetlen pillanatokkal gazdagodtunk mind az \u00fcnneps\u00e9g alatt, mind a k\u00e9sz\u00fcl\u0151d\u00e9s k\u00f6zben. A k\u00fcl\u00f6nb\u00f6z\u0151 elk\u00e9pzel\u00e9sek m\u00e1r szeptemberben bef\u00e9szkelt\u00e9k magukat az agyunkba \u00e9s a sz\u0171k \u00f6t h\u00f3nap alatt sokat form\u00e1l\u00f3dtak, v\u00e1ltoztak \u00e9s b\u0151v\u00fcltek. Azonban ezeket egyeztetni \u00e9s egy olyan k\u00f6z\u00f6s k\u00e9pet alkotni bel\u0151le, ami mindenkinek egyform\u00e1n j\u00f3, sokkal nehezebb feladatnak bizonyult, ugyanis akadtak, akik minden \u00f6tlet\u00fcket bedobt\u00e1k a k\u00f6z\u00f6sbe \u00e9s akadt, aki hagyta, hogy alakuljanak a dolgok. Nem mondom, voltak \u00f6sszet\u0171z\u00e9seink az oszt\u00e1lyon bel\u00fcl, n\u00e9hol megfeneklett\u00fcnk, de v\u00e9g\u00fcl mindig megtal\u00e1ltuk a j\u00f3 utat \u00e9s azon haladtunk tov\u00e1bb, ami \u00edgy visszatekintve egy k\u00e9sz labirintust alkot a sok v\u00e1ltoztat\u00e1st\u00f3l, de a v\u00e9geredm\u00e9nyt l\u00e1tva \u00fagy gondolom meg\u00e9rte. Voltak olyan r\u00e9szletek, amiket az utols\u00f3 h\u00e9ten \u00edrtunk \u00e1t, vagy amit a v\u00e9gs\u0151 pillanatban raktunk bele, de n\u00e9h\u00e1ny esem\u00e9ny az elej\u00e9t\u0151l fogva biztos helyet kapott. A kering\u0151t egy id\u0151 ut\u00e1n mindannyian biztos mosollyal az arcunkon, \u00e9lvezettel t\u00e1ncoltuk, ahogy a bevonul\u00e1s pillanatait is igyekezt\u00fcnk a lehet\u0151 legjobban \u00e1t\u00e9lni. N\u00e9hol nehezen f\u00e9rt \u00f6ssze a pr\u00f3ba a tanul\u00e1ssal, de a tan\u00e1raink seg\u00edtettek ahol tudtak, ami\u00e9rt nagyon h\u00e1l\u00e1sak vagyunk. Minden pr\u00f3ba alkalm\u00e1val akadtak megbesz\u00e9lnival\u00f3k, de visszatekintve egyt\u0151l egyig az \u00f6sszesen nevett\u00fcnk \u00e9s \u00e9lvezt\u00fck, mikor v\u00e9gre \u00fagy l\u00e1ttuk, kezd \u00f6ssze\u00e1llni valami, ami minket mutat. K\u00edv\u00e1ncsian v\u00e1rtuk, vajon milyen d\u00edsz\u00edt\u00e9ssel lep meg minket a 11. oszt\u00e1ly, milyen produkci\u00f3t \u00e1ll\u00edt \u00f6ssze a 12\/4 \u00e9s tudunk-e \u0151szinte mosolyt csalni a csal\u00e1dtagjaink arc\u00e1ra. Sokat gyakoroltunk, v\u00e1ltoztattunk, \u00f6tletelt\u00fcnk mire el\u00e9rt\u00fcnk a nagy naphoz, amit mi szem\u00e9ly szerint f\u00fclig \u00e9r\u0151 mosollyal csin\u00e1ltunk v\u00e9gig \u00e9s v\u00e9gign\u00e9zve az oszt\u00e1lyt\u00e1rsainkon \u00fagy l\u00e1ttam, mindenki \u00e9lvezi \u00e9s mintha meg is k\u00f6nnyebb\u00fclt\u00fcnk volna egy kicsit. A mi \u00e9vfolyamunk egy el\u00e9gg\u00e9 energikus \u00e9s tal\u00e1n mondhatom ikonikus \u00e9vfolyam, aminek \u2013 az igazgat\u00f3 \u00far szavaival \u00e9lve \u2013 ez volt az utols\u00f3 szav\u00e1nak a kezd\u0151 l\u00e9p\u00e9se. A sok mosoly, besz\u00e9lget\u00e9s, nevet\u00e9s, visszaeml\u00e9kez\u00e9s \u00e9s tervezget\u00e9s egy olyan nagy \u00e9s \u00f6sszef\u00fcgg\u0151 pillanatk\u00e9nt teljesedett ki, ami er\u0151s l\u00f6ketet adott nek\u00fcnk a j\u00f6v\u0151re, az el\u0151tt\u00fcnk \u00e1ll\u00f3 nehezebb id\u0151szakra n\u00e9zve. V\u00e1rtuk, k\u00e9sz\u00fclt\u00fcnk r\u00e1, \u00e9s megpr\u00f3b\u00e1ltuk meg\u00e9lni minden pillanat\u00e1t.<\/p>\n<p style=\"text-align: right;\">Kopanyicza Lara \u00e9s Nagy Emma (12\/6)<\/p>\n<p>A szalagavat\u00f3n k\u00e9sz\u00fclt k\u00e9pek a <a href=\"https:\/\/szekacs.lutheran.hu\/iskola\/galeriak\/szalagavato-2024\/\" target=\"_blank\" rel=\"noopener noreferrer\">gal\u00e9ri\u00e1ban<\/a> l\u00e1that\u00f3ak.<\/p>\n<p>Az esem\u00e9ny szerkesztett vide\u00f3ja itt tekinthet\u0151 meg:<\/p>\n<p><iframe loading=\"lazy\" title=\"Az orosh\u00e1zi Sz\u00e9k\u00e1cs J\u00f3zsef Evang\u00e9likus Gimn\u00e1zium \u00fcnnep\u00e9lyes szalagavat\u00f3ja (2024)\" width=\"500\" height=\"281\" src=\"https:\/\/www.youtube.com\/embed\/B_2qmeIskV4?feature=oembed\" frameborder=\"0\" allow=\"accelerometer; autoplay; clipboard-write; encrypted-media; gyroscope; picture-in-picture; web-share\" referrerpolicy=\"strict-origin-when-cross-origin\" allowfullscreen><\/iframe><\/p>\n\n\n<p>A v\u00e1rosi telev\u00edzi\u00f3 h\u00edrad\u00f3ja \u00edgy tud\u00f3s\u00edtott:<\/p>\n\n\n\n<figure class=\"wp-block-embed-youtube wp-block-embed is-type-video is-provider-youtube wp-embed-aspect-16-9 wp-has-aspect-ratio\"><div class=\"wp-block-embed__wrapper\">\n<iframe loading=\"lazy\" title=\"Az Orosh\u00e1zi V\u00e1rosi Telev\u00edzi\u00f3 h\u00edrad\u00f3ja - 2024. janu\u00e1r 30.\" width=\"500\" height=\"281\" src=\"https:\/\/www.youtube.com\/embed\/xmyuflH1vdA?start=379&#038;feature=oembed\" frameborder=\"0\" allow=\"accelerometer; autoplay; clipboard-write; encrypted-media; gyroscope; picture-in-picture; web-share\" referrerpolicy=\"strict-origin-when-cross-origin\" allowfullscreen><\/iframe>\n<\/div><\/figure>\n","protected":false},"excerpt":{"rendered":"<p>Ismer\u0151s az az \u00e9rz\u00e9s, amikor nagyon v\u00e1runk valamit, majd mikor elj\u00f6n, pillanatok alatt v\u00e9ge lesz? A Sz\u00e9k\u00e1cs J\u00f3zsef Gimn\u00e1zium v\u00e9gz\u0151s&#8230;<\/p>\n","protected":false},"author":1,"featured_media":30167,"comment_status":"closed","ping_status":"closed","sticky":false,"template":"","format":"standard","meta":{"footnotes":""},"categories":[42,43],"tags":[],"class_list":["post-29952","post","type-post","status-publish","format-standard","has-post-thumbnail","hentry","category-aktualis","category-iskolai-elet"],"yoast_head":"<!-- This site is optimized with the Yoast SEO plugin v26.2 - https:\/\/yoast.com\/wordpress\/plugins\/seo\/ -->\n<title>Szalagavat\u00f3 2024 - Sz\u00e9k\u00e1cs J\u00f3zsef Evang\u00e9likus \u00d3voda, \u00c1ltal\u00e1nos Iskola \u00e9s Gimn\u00e1zium<\/title>\n<meta name=\"robots\" content=\"index, follow, max-snippet:-1, max-image-preview:large, max-video-preview:-1\" \/>\n<link rel=\"canonical\" href=\"https:\/\/szekacs.lutheran.hu\/iskola\/szalagavato-2024\/\" \/>\n<meta property=\"og:locale\" content=\"hu_HU\" \/>\n<meta property=\"og:type\" content=\"article\" \/>\n<meta property=\"og:title\" content=\"Szalagavat\u00f3 2024 - Sz\u00e9k\u00e1cs J\u00f3zsef Evang\u00e9likus \u00d3voda, \u00c1ltal\u00e1nos Iskola \u00e9s Gimn\u00e1zium\" \/>\n<meta property=\"og:description\" content=\"Ismer\u0151s az az \u00e9rz\u00e9s, amikor nagyon v\u00e1runk valamit, majd mikor elj\u00f6n, pillanatok alatt v\u00e9ge lesz? A Sz\u00e9k\u00e1cs J\u00f3zsef Gimn\u00e1zium v\u00e9gz\u0151s...\" \/>\n<meta property=\"og:url\" content=\"https:\/\/szekacs.lutheran.hu\/iskola\/szalagavato-2024\/\" \/>\n<meta property=\"og:site_name\" content=\"Sz\u00e9k\u00e1cs J\u00f3zsef Evang\u00e9likus \u00d3voda, \u00c1ltal\u00e1nos Iskola \u00e9s Gimn\u00e1zium\" \/>\n<meta property=\"article:published_time\" content=\"2024-02-07T08:36:53+00:00\" \/>\n<meta property=\"article:modified_time\" content=\"2024-02-08T08:43:10+00:00\" \/>\n<meta property=\"og:image\" content=\"https:\/\/szekacs.lutheran.hu\/iskola\/wp-content\/uploads\/2024\/02\/DSC_0945-1.jpg\" \/>\n\t<meta property=\"og:image:width\" content=\"2304\" \/>\n\t<meta property=\"og:image:height\" content=\"1536\" \/>\n\t<meta property=\"og:image:type\" content=\"image\/jpeg\" \/>\n<meta name=\"author\" content=\"admin\" \/>\n<meta name=\"twitter:card\" content=\"summary_large_image\" \/>\n<meta name=\"twitter:label1\" content=\"Szerz\u0151:\" \/>\n\t<meta name=\"twitter:data1\" content=\"admin\" \/>\n\t<meta name=\"twitter:label2\" content=\"Becs\u00fclt olvas\u00e1si id\u0151\" \/>\n\t<meta name=\"twitter:data2\" content=\"3 perc\" \/>\n<script type=\"application\/ld+json\" class=\"yoast-schema-graph\">{\"@context\":\"https:\/\/schema.org\",\"@graph\":[{\"@type\":\"WebPage\",\"@id\":\"https:\/\/szekacs.lutheran.hu\/iskola\/szalagavato-2024\/\",\"url\":\"https:\/\/szekacs.lutheran.hu\/iskola\/szalagavato-2024\/\",\"name\":\"Szalagavat\u00f3 2024 - Sz\u00e9k\u00e1cs J\u00f3zsef Evang\u00e9likus \u00d3voda, \u00c1ltal\u00e1nos Iskola \u00e9s Gimn\u00e1zium\",\"isPartOf\":{\"@id\":\"https:\/\/szekacs.lutheran.hu\/iskola\/#website\"},\"primaryImageOfPage\":{\"@id\":\"https:\/\/szekacs.lutheran.hu\/iskola\/szalagavato-2024\/#primaryimage\"},\"image\":{\"@id\":\"https:\/\/szekacs.lutheran.hu\/iskola\/szalagavato-2024\/#primaryimage\"},\"thumbnailUrl\":\"https:\/\/szekacs.lutheran.hu\/iskola\/wp-content\/uploads\/2024\/02\/DSC_0945-1.jpg\",\"datePublished\":\"2024-02-07T08:36:53+00:00\",\"dateModified\":\"2024-02-08T08:43:10+00:00\",\"author\":{\"@id\":\"https:\/\/szekacs.lutheran.hu\/iskola\/#\/schema\/person\/c2ed2e14631babb098c586494bc7d5df\"},\"breadcrumb\":{\"@id\":\"https:\/\/szekacs.lutheran.hu\/iskola\/szalagavato-2024\/#breadcrumb\"},\"inLanguage\":\"hu\",\"potentialAction\":[{\"@type\":\"ReadAction\",\"target\":[\"https:\/\/szekacs.lutheran.hu\/iskola\/szalagavato-2024\/\"]}]},{\"@type\":\"ImageObject\",\"inLanguage\":\"hu\",\"@id\":\"https:\/\/szekacs.lutheran.hu\/iskola\/szalagavato-2024\/#primaryimage\",\"url\":\"https:\/\/szekacs.lutheran.hu\/iskola\/wp-content\/uploads\/2024\/02\/DSC_0945-1.jpg\",\"contentUrl\":\"https:\/\/szekacs.lutheran.hu\/iskola\/wp-content\/uploads\/2024\/02\/DSC_0945-1.jpg\",\"width\":2304,\"height\":1536},{\"@type\":\"BreadcrumbList\",\"@id\":\"https:\/\/szekacs.lutheran.hu\/iskola\/szalagavato-2024\/#breadcrumb\",\"itemListElement\":[{\"@type\":\"ListItem\",\"position\":1,\"name\":\"Home\",\"item\":\"https:\/\/szekacs.lutheran.hu\/iskola\/\"},{\"@type\":\"ListItem\",\"position\":2,\"name\":\"Szalagavat\u00f3 2024\"}]},{\"@type\":\"WebSite\",\"@id\":\"https:\/\/szekacs.lutheran.hu\/iskola\/#website\",\"url\":\"https:\/\/szekacs.lutheran.hu\/iskola\/\",\"name\":\"Sz\u00e9k\u00e1cs J\u00f3zsef Evang\u00e9likus \u00d3voda, \u00c1ltal\u00e1nos Iskola \u00e9s Gimn\u00e1zium\",\"description\":\"\",\"potentialAction\":[{\"@type\":\"SearchAction\",\"target\":{\"@type\":\"EntryPoint\",\"urlTemplate\":\"https:\/\/szekacs.lutheran.hu\/iskola\/?s={search_term_string}\"},\"query-input\":{\"@type\":\"PropertyValueSpecification\",\"valueRequired\":true,\"valueName\":\"search_term_string\"}}],\"inLanguage\":\"hu\"},{\"@type\":\"Person\",\"@id\":\"https:\/\/szekacs.lutheran.hu\/iskola\/#\/schema\/person\/c2ed2e14631babb098c586494bc7d5df\",\"name\":\"admin\",\"image\":{\"@type\":\"ImageObject\",\"inLanguage\":\"hu\",\"@id\":\"https:\/\/szekacs.lutheran.hu\/iskola\/#\/schema\/person\/image\/\",\"url\":\"https:\/\/secure.gravatar.com\/avatar\/2d9a947cd9a162ca4e5eb73e817e43edd8dcbc6e501b39fb999fb53d65e181f4?s=96&d=mm&r=g\",\"contentUrl\":\"https:\/\/secure.gravatar.com\/avatar\/2d9a947cd9a162ca4e5eb73e817e43edd8dcbc6e501b39fb999fb53d65e181f4?s=96&d=mm&r=g\",\"caption\":\"admin\"},\"url\":\"https:\/\/szekacs.lutheran.hu\/iskola\/author\/admin\/\"}]}<\/script>\n<!-- \/ Yoast SEO plugin. -->","yoast_head_json":{"title":"Szalagavat\u00f3 2024 - Sz\u00e9k\u00e1cs J\u00f3zsef Evang\u00e9likus \u00d3voda, \u00c1ltal\u00e1nos Iskola \u00e9s Gimn\u00e1zium","robots":{"index":"index","follow":"follow","max-snippet":"max-snippet:-1","max-image-preview":"max-image-preview:large","max-video-preview":"max-video-preview:-1"},"canonical":"https:\/\/szekacs.lutheran.hu\/iskola\/szalagavato-2024\/","og_locale":"hu_HU","og_type":"article","og_title":"Szalagavat\u00f3 2024 - Sz\u00e9k\u00e1cs J\u00f3zsef Evang\u00e9likus \u00d3voda, \u00c1ltal\u00e1nos Iskola \u00e9s Gimn\u00e1zium","og_description":"Ismer\u0151s az az \u00e9rz\u00e9s, amikor nagyon v\u00e1runk valamit, majd mikor elj\u00f6n, pillanatok alatt v\u00e9ge lesz? A Sz\u00e9k\u00e1cs J\u00f3zsef Gimn\u00e1zium v\u00e9gz\u0151s...","og_url":"https:\/\/szekacs.lutheran.hu\/iskola\/szalagavato-2024\/","og_site_name":"Sz\u00e9k\u00e1cs J\u00f3zsef Evang\u00e9likus \u00d3voda, \u00c1ltal\u00e1nos Iskola \u00e9s Gimn\u00e1zium","article_published_time":"2024-02-07T08:36:53+00:00","article_modified_time":"2024-02-08T08:43:10+00:00","og_image":[{"width":2304,"height":1536,"url":"https:\/\/szekacs.lutheran.hu\/iskola\/wp-content\/uploads\/2024\/02\/DSC_0945-1.jpg","type":"image\/jpeg"}],"author":"admin","twitter_card":"summary_large_image","twitter_misc":{"Szerz\u0151:":"admin","Becs\u00fclt olvas\u00e1si id\u0151":"3 perc"},"schema":{"@context":"https:\/\/schema.org","@graph":[{"@type":"WebPage","@id":"https:\/\/szekacs.lutheran.hu\/iskola\/szalagavato-2024\/","url":"https:\/\/szekacs.lutheran.hu\/iskola\/szalagavato-2024\/","name":"Szalagavat\u00f3 2024 - Sz\u00e9k\u00e1cs J\u00f3zsef Evang\u00e9likus \u00d3voda, \u00c1ltal\u00e1nos Iskola \u00e9s Gimn\u00e1zium","isPartOf":{"@id":"https:\/\/szekacs.lutheran.hu\/iskola\/#website"},"primaryImageOfPage":{"@id":"https:\/\/szekacs.lutheran.hu\/iskola\/szalagavato-2024\/#primaryimage"},"image":{"@id":"https:\/\/szekacs.lutheran.hu\/iskola\/szalagavato-2024\/#primaryimage"},"thumbnailUrl":"https:\/\/szekacs.lutheran.hu\/iskola\/wp-content\/uploads\/2024\/02\/DSC_0945-1.jpg","datePublished":"2024-02-07T08:36:53+00:00","dateModified":"2024-02-08T08:43:10+00:00","author":{"@id":"https:\/\/szekacs.lutheran.hu\/iskola\/#\/schema\/person\/c2ed2e14631babb098c586494bc7d5df"},"breadcrumb":{"@id":"https:\/\/szekacs.lutheran.hu\/iskola\/szalagavato-2024\/#breadcrumb"},"inLanguage":"hu","potentialAction":[{"@type":"ReadAction","target":["https:\/\/szekacs.lutheran.hu\/iskola\/szalagavato-2024\/"]}]},{"@type":"ImageObject","inLanguage":"hu","@id":"https:\/\/szekacs.lutheran.hu\/iskola\/szalagavato-2024\/#primaryimage","url":"https:\/\/szekacs.lutheran.hu\/iskola\/wp-content\/uploads\/2024\/02\/DSC_0945-1.jpg","contentUrl":"https:\/\/szekacs.lutheran.hu\/iskola\/wp-content\/uploads\/2024\/02\/DSC_0945-1.jpg","width":2304,"height":1536},{"@type":"BreadcrumbList","@id":"https:\/\/szekacs.lutheran.hu\/iskola\/szalagavato-2024\/#breadcrumb","itemListElement":[{"@type":"ListItem","position":1,"name":"Home","item":"https:\/\/szekacs.lutheran.hu\/iskola\/"},{"@type":"ListItem","position":2,"name":"Szalagavat\u00f3 2024"}]},{"@type":"WebSite","@id":"https:\/\/szekacs.lutheran.hu\/iskola\/#website","url":"https:\/\/szekacs.lutheran.hu\/iskola\/","name":"Sz\u00e9k\u00e1cs J\u00f3zsef Evang\u00e9likus \u00d3voda, \u00c1ltal\u00e1nos Iskola \u00e9s Gimn\u00e1zium","description":"","potentialAction":[{"@type":"SearchAction","target":{"@type":"EntryPoint","urlTemplate":"https:\/\/szekacs.lutheran.hu\/iskola\/?s={search_term_string}"},"query-input":{"@type":"PropertyValueSpecification","valueRequired":true,"valueName":"search_term_string"}}],"inLanguage":"hu"},{"@type":"Person","@id":"https:\/\/szekacs.lutheran.hu\/iskola\/#\/schema\/person\/c2ed2e14631babb098c586494bc7d5df","name":"admin","image":{"@type":"ImageObject","inLanguage":"hu","@id":"https:\/\/szekacs.lutheran.hu\/iskola\/#\/schema\/person\/image\/","url":"https:\/\/secure.gravatar.com\/avatar\/2d9a947cd9a162ca4e5eb73e817e43edd8dcbc6e501b39fb999fb53d65e181f4?s=96&d=mm&r=g","contentUrl":"https:\/\/secure.gravatar.com\/avatar\/2d9a947cd9a162ca4e5eb73e817e43edd8dcbc6e501b39fb999fb53d65e181f4?s=96&d=mm&r=g","caption":"admin"},"url":"https:\/\/szekacs.lutheran.hu\/iskola\/author\/admin\/"}]}},"_links":{"self":[{"href":"https:\/\/szekacs.lutheran.hu\/iskola\/wp-json\/wp\/v2\/posts\/29952","targetHints":{"allow":["GET"]}}],"collection":[{"href":"https:\/\/szekacs.lutheran.hu\/iskola\/wp-json\/wp\/v2\/posts"}],"about":[{"href":"https:\/\/szekacs.lutheran.hu\/iskola\/wp-json\/wp\/v2\/types\/post"}],"author":[{"embeddable":true,"href":"https:\/\/szekacs.lutheran.hu\/iskola\/wp-json\/wp\/v2\/users\/1"}],"replies":[{"embeddable":true,"href":"https:\/\/szekacs.lutheran.hu\/iskola\/wp-json\/wp\/v2\/comments?post=29952"}],"version-history":[{"count":2,"href":"https:\/\/szekacs.lutheran.hu\/iskola\/wp-json\/wp\/v2\/posts\/29952\/revisions"}],"predecessor-version":[{"id":30335,"href":"https:\/\/szekacs.lutheran.hu\/iskola\/wp-json\/wp\/v2\/posts\/29952\/revisions\/30335"}],"wp:featuredmedia":[{"embeddable":true,"href":"https:\/\/szekacs.lutheran.hu\/iskola\/wp-json\/wp\/v2\/media\/30167"}],"wp:attachment":[{"href":"https:\/\/szekacs.lutheran.hu\/iskola\/wp-json\/wp\/v2\/media?parent=29952"}],"wp:term":[{"taxonomy":"category","embeddable":true,"href":"https:\/\/szekacs.lutheran.hu\/iskola\/wp-json\/wp\/v2\/categories?post=29952"},{"taxonomy":"post_tag","embeddable":true,"href":"https:\/\/szekacs.lutheran.hu\/iskola\/wp-json\/wp\/v2\/tags?post=29952"}],"curies":[{"name":"wp","href":"https:\/\/api.w.org\/{rel}","templated":true}]}}