{"id":29382,"date":"2023-12-05T07:34:59","date_gmt":"2023-12-05T07:34:59","guid":{"rendered":"https:\/\/szekacs.lutheran.hu\/iskola\/?p=29382"},"modified":"2023-12-05T07:38:25","modified_gmt":"2023-12-05T07:38:25","slug":"bemutatkoznak-a-leendo-elsos-tanitok","status":"publish","type":"post","link":"https:\/\/szekacs.lutheran.hu\/iskola\/bemutatkoznak-a-leendo-elsos-tanitok\/","title":{"rendered":"Bemutatkoznak a leend\u0151 els\u0151s tan\u00edt\u00f3k"},"content":{"rendered":"<table style=\"height: 1637px; width: 100%; border-collapse: collapse; border-style: outset;\" border=\"1\">\n<tbody>\n<tr style=\"height: 325px;\">\n<td style=\"width: 38.0893%; height: 325px;\"><a href=\"https:\/\/szekacs.lutheran.hu\/iskola\/wp-content\/uploads\/2023\/12\/DSC_0358.jpg\"><img loading=\"lazy\" decoding=\"async\" class=\"aligncenter wp-image-29385 size-medium\" src=\"https:\/\/szekacs.lutheran.hu\/iskola\/wp-content\/uploads\/2023\/12\/DSC_0358-e1701761249435-200x300.jpg\" alt=\"Bende Katalin\" width=\"200\" height=\"300\" srcset=\"https:\/\/szekacs.lutheran.hu\/iskola\/wp-content\/uploads\/2023\/12\/DSC_0358-e1701761249435-200x300.jpg 200w, https:\/\/szekacs.lutheran.hu\/iskola\/wp-content\/uploads\/2023\/12\/DSC_0358-e1701761249435-768x1152.jpg 768w, https:\/\/szekacs.lutheran.hu\/iskola\/wp-content\/uploads\/2023\/12\/DSC_0358-e1701761249435-683x1024.jpg 683w, https:\/\/szekacs.lutheran.hu\/iskola\/wp-content\/uploads\/2023\/12\/DSC_0358-e1701761249435-580x870.jpg 580w, https:\/\/szekacs.lutheran.hu\/iskola\/wp-content\/uploads\/2023\/12\/DSC_0358-e1701761249435-860x1290.jpg 860w, https:\/\/szekacs.lutheran.hu\/iskola\/wp-content\/uploads\/2023\/12\/DSC_0358-e1701761249435-1160x1740.jpg 1160w, https:\/\/szekacs.lutheran.hu\/iskola\/wp-content\/uploads\/2023\/12\/DSC_0358-e1701761249435-1320x1980.jpg 1320w, https:\/\/szekacs.lutheran.hu\/iskola\/wp-content\/uploads\/2023\/12\/DSC_0358-e1701761249435.jpg 1536w\" sizes=\"auto, (max-width: 200px) 100vw, 200px\" \/><\/a><\/td>\n<td style=\"width: 61.9107%; height: 325px; text-align: left; vertical-align: top;\" scope=\"col\"><strong>Bende Katalin<\/strong><\/p>\n<p>\u00d3vodapedag\u00f3gusi \u00e9s tan\u00edt\u00f3i diplom\u00e1val rendelkez\u0151, elk\u00f6telezett pedag\u00f3gus vagyok. Diplom\u00e1imat a Kecskem\u00e9ti Tan\u00edt\u00f3k\u00e9pz\u0151 F\u0151iskol\u00e1n szereztem 1996-ban. T\u00f6bb mint h\u00fasz \u00e9vig Orosh\u00e1z\u00e1n \u00e9ltem csal\u00e1dommal, 2021-ben k\u00f6lt\u00f6ztem ki &#8211; ma m\u00e1r nagykor\u00fa gyermekeimmel &#8211; Pusztaf\u00f6ldv\u00e1rra. 1996-2018-ig egy kis falusi iskol\u00e1ban tan\u00edtottam \u00c1rp\u00e1dhalmon. Szaktudom\u00e1nyos ismereteim folyamatos tov\u00e1bbfejleszt\u00e9se \u00e9rdek\u00e9ben rendszeresen veszek r\u00e9szt akkredit\u00e1lt pedag\u00f3gus-tov\u00e1bbk\u00e9pz\u00e9seken. Fontos szerepet t\u00f6lt be \u00e9letemben a mozg\u00e1s, a sport \u00e9s a zene, az \u00e9nekl\u00e9s. Igyekszem ezeket tan\u00edtv\u00e1nyaimmal is megszerettetni. Iskol\u00e1nkban 2018 \u00f3ta dolgozom als\u00f3 tagozatos tan\u00edt\u00f3k\u00e9nt.<\/td>\n<\/tr>\n<tr style=\"height: 360px;\">\n<td style=\"width: 38.0893%; height: 360px;\"><a href=\"https:\/\/szekacs.lutheran.hu\/iskola\/wp-content\/uploads\/2023\/12\/DSC_0348.jpg\"><img loading=\"lazy\" decoding=\"async\" class=\"aligncenter wp-image-29386 size-medium\" src=\"https:\/\/szekacs.lutheran.hu\/iskola\/wp-content\/uploads\/2023\/12\/DSC_0348-e1701761314865-200x300.jpg\" alt=\"T\u00f3th S\u00e1ndor\" width=\"200\" height=\"300\" srcset=\"https:\/\/szekacs.lutheran.hu\/iskola\/wp-content\/uploads\/2023\/12\/DSC_0348-e1701761314865-200x300.jpg 200w, https:\/\/szekacs.lutheran.hu\/iskola\/wp-content\/uploads\/2023\/12\/DSC_0348-e1701761314865-768x1152.jpg 768w, https:\/\/szekacs.lutheran.hu\/iskola\/wp-content\/uploads\/2023\/12\/DSC_0348-e1701761314865-683x1024.jpg 683w, https:\/\/szekacs.lutheran.hu\/iskola\/wp-content\/uploads\/2023\/12\/DSC_0348-e1701761314865-580x870.jpg 580w, https:\/\/szekacs.lutheran.hu\/iskola\/wp-content\/uploads\/2023\/12\/DSC_0348-e1701761314865-860x1290.jpg 860w, https:\/\/szekacs.lutheran.hu\/iskola\/wp-content\/uploads\/2023\/12\/DSC_0348-e1701761314865-1160x1740.jpg 1160w, https:\/\/szekacs.lutheran.hu\/iskola\/wp-content\/uploads\/2023\/12\/DSC_0348-e1701761314865-1320x1980.jpg 1320w, https:\/\/szekacs.lutheran.hu\/iskola\/wp-content\/uploads\/2023\/12\/DSC_0348-e1701761314865.jpg 1536w\" sizes=\"auto, (max-width: 200px) 100vw, 200px\" \/><\/a><\/td>\n<td style=\"width: 61.9107%; height: 360px; text-align: left; vertical-align: top;\"><strong>T\u00f3th S\u00e1ndor<\/strong><\/p>\n<p>Tan\u00edt\u00f3i diplom\u00e1mat 2014-ben a Szent Istv\u00e1n Egyetem Alkalmazott B\u00f6lcs\u00e9szeti \u00e9s Pedag\u00f3giai Kar\u00e1n szereztem. Ugyanebben az \u00e9vben kiemelked\u0151 szakmai elismer\u00e9sk\u00e9nt \u00e1tvehettem az Ap\u00e1czai Kiad\u00f3t\u00f3l az \u201e\u00c9v Tan\u00edt\u00f3ja &#8211; K\u00f6rnyezetismeret\u201d d\u00edj bronz min\u0151s\u00edt\u00e9s\u00e9t. K\u00f6zel 10 \u00e9ve foglalkozom Orosh\u00e1z\u00e1n als\u00f3 tagozatos gyerekek oktat\u00e1s\u00e1val \u00e9s nevel\u00e9s\u00e9vel, ek\u00f6zben szakvizsg\u00e1t is szereztem. Matematik\u00e1t, k\u00f6rnyezetismeretet, technik\u00e1t, rajzot \u00e9s \u00e9neket is tan\u00edtok. Munk\u00e1mra jellemz\u0151 a humor \u00e9s a j\u00e1t\u00e9koss\u00e1g. A tanul\u00f3k tan\u00f3r\u00e1n k\u00edv\u00fcli szabadid\u0151szervez\u00e9s\u00e9ben is sz\u00edvesen alkalmazom j\u00e1t\u00e9kpedag\u00f3giai ismereteimet. T\u00f6bb hangszeren is j\u00e1tszom, illetve kiv\u00e1l\u00f3an haszn\u00e1lom az iskola interakt\u00edv eszk\u00f6zeit, melyekkel innovat\u00edv m\u00f3don seg\u00edtem az \u00faj gener\u00e1ci\u00f3t abban, hogy elsaj\u00e1t\u00edtsa a tananyagot.<\/td>\n<\/tr>\n<tr style=\"height: 400px;\">\n<td style=\"width: 38.0893%; height: 400px;\"><a href=\"https:\/\/szekacs.lutheran.hu\/iskola\/wp-content\/uploads\/2023\/12\/DSC_0276.jpg\"><img loading=\"lazy\" decoding=\"async\" class=\"aligncenter wp-image-29387 size-medium\" src=\"https:\/\/szekacs.lutheran.hu\/iskola\/wp-content\/uploads\/2023\/12\/DSC_0276-e1701761395175-200x300.jpg\" alt=\"Po\u00f3rn\u00e9 Bokor Hajnalka\" width=\"200\" height=\"300\" srcset=\"https:\/\/szekacs.lutheran.hu\/iskola\/wp-content\/uploads\/2023\/12\/DSC_0276-e1701761395175-200x300.jpg 200w, https:\/\/szekacs.lutheran.hu\/iskola\/wp-content\/uploads\/2023\/12\/DSC_0276-e1701761395175-768x1152.jpg 768w, https:\/\/szekacs.lutheran.hu\/iskola\/wp-content\/uploads\/2023\/12\/DSC_0276-e1701761395175-683x1024.jpg 683w, https:\/\/szekacs.lutheran.hu\/iskola\/wp-content\/uploads\/2023\/12\/DSC_0276-e1701761395175-580x870.jpg 580w, https:\/\/szekacs.lutheran.hu\/iskola\/wp-content\/uploads\/2023\/12\/DSC_0276-e1701761395175-860x1290.jpg 860w, https:\/\/szekacs.lutheran.hu\/iskola\/wp-content\/uploads\/2023\/12\/DSC_0276-e1701761395175-1160x1740.jpg 1160w, https:\/\/szekacs.lutheran.hu\/iskola\/wp-content\/uploads\/2023\/12\/DSC_0276-e1701761395175-1320x1980.jpg 1320w, https:\/\/szekacs.lutheran.hu\/iskola\/wp-content\/uploads\/2023\/12\/DSC_0276-e1701761395175.jpg 1536w\" sizes=\"auto, (max-width: 200px) 100vw, 200px\" \/><\/a><\/td>\n<td style=\"width: 61.9107%; height: 400px; text-align: left; vertical-align: top;\"><strong>Po\u00f3rn\u00e9 Bokor Hajnalka<\/strong><\/p>\n<p>\u201eA nevet\u00e9s Isten anyanyelve. Tanuld meg ezt a nyelvet, \u00e9s tan\u00edts meg r\u00e1 mindenkit!\u201d M\u00fcller P\u00e9ter<\/p>\n<p>Pedag\u00f3giai munk\u00e1m sor\u00e1n ezt az elvet vallom. Az iskol\u00e1nak nem kell kellemetlen k\u00f6teless\u00e9gnek lennie, amikor lehet j\u00f3 is. K\u00e9tgyermekes \u00e9desanyak\u00e9nt tudom, mennyire fontos a sz\u00fcl\u0151knek gyermek\u00fck boldogs\u00e1ga \u00e9s szakvizsg\u00e1zott konfliktuskezel\u0151 pedag\u00f3gusk\u00e9nt sz\u00edv\u00fcgyem mindent megtenni ez\u00e9rt. Tudom, hogy minden gyermekhez m\u00e1s \u00fat vezet, melyet egy\u00e9ni b\u00e1n\u00e1sm\u00f3ddal lehet csak megtal\u00e1lni. Hiszem, hogy egy feln\u0151tt is lehet j\u00e1t\u00e9kos, egy tan\u00edt\u00f3 is lehet k\u00f6zvetlen, \u00e9s arra t\u00f6rekszem, hogy mindannyian j\u00f3kedvvel \u00e9rkezz\u00fcnk reggel, \u00e9s d\u00e9lut\u00e1n a viszontl\u00e1t\u00e1st v\u00e1rva b\u00facs\u00fazzunk el. \u00c9ppen ez\u00e9rt sokat j\u00e1tszunk \u00f3r\u00e1kon \u00e9s sz\u00fcnetekben egyar\u00e1nt. Tan\u00edt\u00f3p\u00e1rommal azonos \u00e9rt\u00e9krenddel, maxim\u00e1lis \u00f6sszhangban terelgetj\u00fck a r\u00e1nk b\u00edzott gyermekeket.<\/td>\n<\/tr>\n<tr style=\"height: 552px;\">\n<td style=\"width: 38.0893%; height: 552px;\"><a href=\"https:\/\/szekacs.lutheran.hu\/iskola\/wp-content\/uploads\/2023\/12\/DSC_0270.jpg\"><img loading=\"lazy\" decoding=\"async\" class=\"aligncenter wp-image-29388 size-medium\" src=\"https:\/\/szekacs.lutheran.hu\/iskola\/wp-content\/uploads\/2023\/12\/DSC_0270-e1701761466834-200x300.jpg\" alt=\"Ravaszn\u00e9 Horv\u00e1th Marianna\" width=\"200\" height=\"300\" srcset=\"https:\/\/szekacs.lutheran.hu\/iskola\/wp-content\/uploads\/2023\/12\/DSC_0270-e1701761466834-200x300.jpg 200w, https:\/\/szekacs.lutheran.hu\/iskola\/wp-content\/uploads\/2023\/12\/DSC_0270-e1701761466834-768x1152.jpg 768w, https:\/\/szekacs.lutheran.hu\/iskola\/wp-content\/uploads\/2023\/12\/DSC_0270-e1701761466834-683x1024.jpg 683w, https:\/\/szekacs.lutheran.hu\/iskola\/wp-content\/uploads\/2023\/12\/DSC_0270-e1701761466834-580x870.jpg 580w, https:\/\/szekacs.lutheran.hu\/iskola\/wp-content\/uploads\/2023\/12\/DSC_0270-e1701761466834-860x1290.jpg 860w, https:\/\/szekacs.lutheran.hu\/iskola\/wp-content\/uploads\/2023\/12\/DSC_0270-e1701761466834-1160x1740.jpg 1160w, https:\/\/szekacs.lutheran.hu\/iskola\/wp-content\/uploads\/2023\/12\/DSC_0270-e1701761466834-1320x1980.jpg 1320w, https:\/\/szekacs.lutheran.hu\/iskola\/wp-content\/uploads\/2023\/12\/DSC_0270-e1701761466834.jpg 1536w\" sizes=\"auto, (max-width: 200px) 100vw, 200px\" \/><\/a><\/td>\n<td style=\"width: 61.9107%; height: 552px; text-align: left; vertical-align: top;\"><strong>Ravaszn\u00e9 Horv\u00e1th Marianna<\/strong><\/p>\n<p>30 \u00e9ve tan\u00edtok az evang\u00e9likus iskol\u00e1ban, el\u0151tte \u00f3v\u00f3n\u0151 voltam. Mesterpedag\u00f3gus vagyok, r\u00e9szt veszek pedag\u00f3gusok min\u0151s\u00edt\u00e9s\u00e9n, illetve tanfel\u00fcgyeleteken is.<\/p>\n<p>Els\u0151s tan\u00edt\u00f3 n\u00e9nik\u00e9nt feladatom, hogy az \u00f3voda-iskola \u00e1tmenet\u00e9t megk\u00f6nny\u00edtsem. Seg\u00edt\u00adsek ebben mind a gyermekeknek, mind a sz\u00fcleiknek, hisz k\u00e9t gyermekem nevel\u00e9se sor\u00e1n \u00e9n is \u00e1t\u00e9ltem a sz\u00fcl\u0151i aggodalmakat. Leend\u0151 els\u0151s tan\u00edt\u00f3k\u00e9nt kiemelt feladatomnak \u00e9rzem az iskol\u00e1ba l\u00e9p\u0151 kisgyermekek tud\u00e1sv\u00e1gy\u00e1t, lelkesed\u00e9s\u00e9t meg\u0151rizni, a tanul\u00e1st sok-sok j\u00e1t\u00e9kkal \u00e9lm\u00e9nny\u00e9 var\u00e1zsolni.<\/p>\n<p>Hiszek a j\u00e1tszva tanul\u00e1sban, amikor \u00e9szre sem veszik a di\u00e1kok, hogy mennyi mindenben fejl\u0151dnek, mennyi tud\u00e1st szereznek egy-egy tan\u00f3rai j\u00e1t\u00e9k alatt. A hivat\u00e1som sor\u00e1n fontosnak tartom a szorong\u00e1smentes, nyugodt, \u00e9rzelmi biztons\u00e1got ny\u00fajt\u00f3 l\u00e9gk\u00f6r kialak\u00edt\u00e1s\u00e1t. Tudjanak egym\u00e1s siker\u00e9nek \u00f6r\u00fclni, b\u00e1tor\u00edts\u00e1k a visszah\u00faz\u00f3d\u00f3 t\u00e1rsaikat, \u00e9s vegy\u00e9k \u00e9szre a seg\u00edts\u00e9gre szorul\u00f3kat. Tisztelj\u00e9k egym\u00e1st, illetve a feln\u0151tteket.<\/p>\n<p>V\u00e1rom, hogy a k\u00fcl\u00f6nb\u00f6z\u0151 ovib\u00f3l \u00e9rkez\u0151 kicsikb\u0151l \u00e9s sz\u00fcleikb\u0151l egy igazi, egym\u00e1st t\u00e1mogat\u00f3, szeret\u0151 k\u00f6z\u00f6ss\u00e9get tudjunk form\u00e1lni tan\u00edt\u00f3p\u00e1rommal, akivel 8 \u00e9ve tan\u00edtunk egy\u00fctt.<\/td>\n<\/tr>\n<\/tbody>\n<\/table>\n","protected":false},"excerpt":{"rendered":"<p>Bende Katalin \u00d3vodapedag\u00f3gusi \u00e9s tan\u00edt\u00f3i diplom\u00e1val rendelkez\u0151, elk\u00f6telezett pedag\u00f3gus vagyok. Diplom\u00e1imat a Kecskem\u00e9ti Tan\u00edt\u00f3k\u00e9pz\u0151 F\u0151iskol\u00e1n szereztem 1996-ban. T\u00f6bb mint h\u00fasz&#8230;<\/p>\n","protected":false},"author":1,"featured_media":29384,"comment_status":"closed","ping_status":"closed","sticky":false,"template":"","format":"standard","meta":{"footnotes":""},"categories":[42,43,44,58],"tags":[],"class_list":["post-29382","post","type-post","status-publish","format-standard","has-post-thumbnail","hentry","category-aktualis","category-iskolai-elet","category-leendo-diakjainknak","category-leendo-elsosoknek"],"yoast_head":"<!-- This site is optimized with the Yoast SEO plugin v26.2 - https:\/\/yoast.com\/wordpress\/plugins\/seo\/ -->\n<title>Bemutatkoznak a leend\u0151 els\u0151s tan\u00edt\u00f3k - Sz\u00e9k\u00e1cs J\u00f3zsef Evang\u00e9likus \u00d3voda, \u00c1ltal\u00e1nos Iskola \u00e9s Gimn\u00e1zium<\/title>\n<meta name=\"robots\" content=\"index, follow, max-snippet:-1, max-image-preview:large, max-video-preview:-1\" \/>\n<link rel=\"canonical\" href=\"https:\/\/szekacs.lutheran.hu\/iskola\/bemutatkoznak-a-leendo-elsos-tanitok\/\" \/>\n<meta property=\"og:locale\" content=\"hu_HU\" \/>\n<meta property=\"og:type\" content=\"article\" \/>\n<meta property=\"og:title\" content=\"Bemutatkoznak a leend\u0151 els\u0151s tan\u00edt\u00f3k - Sz\u00e9k\u00e1cs J\u00f3zsef Evang\u00e9likus \u00d3voda, \u00c1ltal\u00e1nos Iskola \u00e9s Gimn\u00e1zium\" \/>\n<meta property=\"og:description\" content=\"Bende Katalin \u00d3vodapedag\u00f3gusi \u00e9s tan\u00edt\u00f3i diplom\u00e1val rendelkez\u0151, elk\u00f6telezett pedag\u00f3gus vagyok. Diplom\u00e1imat a Kecskem\u00e9ti Tan\u00edt\u00f3k\u00e9pz\u0151 F\u0151iskol\u00e1n szereztem 1996-ban. T\u00f6bb mint h\u00fasz...\" \/>\n<meta property=\"og:url\" content=\"https:\/\/szekacs.lutheran.hu\/iskola\/bemutatkoznak-a-leendo-elsos-tanitok\/\" \/>\n<meta property=\"og:site_name\" content=\"Sz\u00e9k\u00e1cs J\u00f3zsef Evang\u00e9likus \u00d3voda, \u00c1ltal\u00e1nos Iskola \u00e9s Gimn\u00e1zium\" \/>\n<meta property=\"article:published_time\" content=\"2023-12-05T07:34:59+00:00\" \/>\n<meta property=\"article:modified_time\" content=\"2023-12-05T07:38:25+00:00\" \/>\n<meta property=\"og:image\" content=\"https:\/\/szekacs.lutheran.hu\/iskola\/wp-content\/uploads\/2023\/12\/tan\u00edt\u00f3k-honlapra-1.jpg\" \/>\n\t<meta property=\"og:image:width\" content=\"1280\" \/>\n\t<meta property=\"og:image:height\" content=\"720\" \/>\n\t<meta property=\"og:image:type\" content=\"image\/jpeg\" \/>\n<meta name=\"author\" content=\"admin\" \/>\n<meta name=\"twitter:card\" content=\"summary_large_image\" \/>\n<meta name=\"twitter:label1\" content=\"Szerz\u0151:\" \/>\n\t<meta name=\"twitter:data1\" content=\"admin\" \/>\n\t<meta name=\"twitter:label2\" content=\"Becs\u00fclt olvas\u00e1si id\u0151\" \/>\n\t<meta name=\"twitter:data2\" content=\"3 perc\" \/>\n<script type=\"application\/ld+json\" class=\"yoast-schema-graph\">{\"@context\":\"https:\/\/schema.org\",\"@graph\":[{\"@type\":\"WebPage\",\"@id\":\"https:\/\/szekacs.lutheran.hu\/iskola\/bemutatkoznak-a-leendo-elsos-tanitok\/\",\"url\":\"https:\/\/szekacs.lutheran.hu\/iskola\/bemutatkoznak-a-leendo-elsos-tanitok\/\",\"name\":\"Bemutatkoznak a leend\u0151 els\u0151s tan\u00edt\u00f3k - Sz\u00e9k\u00e1cs J\u00f3zsef Evang\u00e9likus \u00d3voda, \u00c1ltal\u00e1nos Iskola \u00e9s Gimn\u00e1zium\",\"isPartOf\":{\"@id\":\"https:\/\/szekacs.lutheran.hu\/iskola\/#website\"},\"primaryImageOfPage\":{\"@id\":\"https:\/\/szekacs.lutheran.hu\/iskola\/bemutatkoznak-a-leendo-elsos-tanitok\/#primaryimage\"},\"image\":{\"@id\":\"https:\/\/szekacs.lutheran.hu\/iskola\/bemutatkoznak-a-leendo-elsos-tanitok\/#primaryimage\"},\"thumbnailUrl\":\"https:\/\/szekacs.lutheran.hu\/iskola\/wp-content\/uploads\/2023\/12\/tan\u00edt\u00f3k-honlapra-1.jpg\",\"datePublished\":\"2023-12-05T07:34:59+00:00\",\"dateModified\":\"2023-12-05T07:38:25+00:00\",\"author\":{\"@id\":\"https:\/\/szekacs.lutheran.hu\/iskola\/#\/schema\/person\/c2ed2e14631babb098c586494bc7d5df\"},\"breadcrumb\":{\"@id\":\"https:\/\/szekacs.lutheran.hu\/iskola\/bemutatkoznak-a-leendo-elsos-tanitok\/#breadcrumb\"},\"inLanguage\":\"hu\",\"potentialAction\":[{\"@type\":\"ReadAction\",\"target\":[\"https:\/\/szekacs.lutheran.hu\/iskola\/bemutatkoznak-a-leendo-elsos-tanitok\/\"]}]},{\"@type\":\"ImageObject\",\"inLanguage\":\"hu\",\"@id\":\"https:\/\/szekacs.lutheran.hu\/iskola\/bemutatkoznak-a-leendo-elsos-tanitok\/#primaryimage\",\"url\":\"https:\/\/szekacs.lutheran.hu\/iskola\/wp-content\/uploads\/2023\/12\/tan\u00edt\u00f3k-honlapra-1.jpg\",\"contentUrl\":\"https:\/\/szekacs.lutheran.hu\/iskola\/wp-content\/uploads\/2023\/12\/tan\u00edt\u00f3k-honlapra-1.jpg\",\"width\":1280,\"height\":720},{\"@type\":\"BreadcrumbList\",\"@id\":\"https:\/\/szekacs.lutheran.hu\/iskola\/bemutatkoznak-a-leendo-elsos-tanitok\/#breadcrumb\",\"itemListElement\":[{\"@type\":\"ListItem\",\"position\":1,\"name\":\"Home\",\"item\":\"https:\/\/szekacs.lutheran.hu\/iskola\/\"},{\"@type\":\"ListItem\",\"position\":2,\"name\":\"Bemutatkoznak a leend\u0151 els\u0151s tan\u00edt\u00f3k\"}]},{\"@type\":\"WebSite\",\"@id\":\"https:\/\/szekacs.lutheran.hu\/iskola\/#website\",\"url\":\"https:\/\/szekacs.lutheran.hu\/iskola\/\",\"name\":\"Sz\u00e9k\u00e1cs J\u00f3zsef Evang\u00e9likus \u00d3voda, \u00c1ltal\u00e1nos Iskola \u00e9s Gimn\u00e1zium\",\"description\":\"\",\"potentialAction\":[{\"@type\":\"SearchAction\",\"target\":{\"@type\":\"EntryPoint\",\"urlTemplate\":\"https:\/\/szekacs.lutheran.hu\/iskola\/?s={search_term_string}\"},\"query-input\":{\"@type\":\"PropertyValueSpecification\",\"valueRequired\":true,\"valueName\":\"search_term_string\"}}],\"inLanguage\":\"hu\"},{\"@type\":\"Person\",\"@id\":\"https:\/\/szekacs.lutheran.hu\/iskola\/#\/schema\/person\/c2ed2e14631babb098c586494bc7d5df\",\"name\":\"admin\",\"image\":{\"@type\":\"ImageObject\",\"inLanguage\":\"hu\",\"@id\":\"https:\/\/szekacs.lutheran.hu\/iskola\/#\/schema\/person\/image\/\",\"url\":\"https:\/\/secure.gravatar.com\/avatar\/2d9a947cd9a162ca4e5eb73e817e43edd8dcbc6e501b39fb999fb53d65e181f4?s=96&d=mm&r=g\",\"contentUrl\":\"https:\/\/secure.gravatar.com\/avatar\/2d9a947cd9a162ca4e5eb73e817e43edd8dcbc6e501b39fb999fb53d65e181f4?s=96&d=mm&r=g\",\"caption\":\"admin\"},\"url\":\"https:\/\/szekacs.lutheran.hu\/iskola\/author\/admin\/\"}]}<\/script>\n<!-- \/ Yoast SEO plugin. -->","yoast_head_json":{"title":"Bemutatkoznak a leend\u0151 els\u0151s tan\u00edt\u00f3k - Sz\u00e9k\u00e1cs J\u00f3zsef Evang\u00e9likus \u00d3voda, \u00c1ltal\u00e1nos Iskola \u00e9s Gimn\u00e1zium","robots":{"index":"index","follow":"follow","max-snippet":"max-snippet:-1","max-image-preview":"max-image-preview:large","max-video-preview":"max-video-preview:-1"},"canonical":"https:\/\/szekacs.lutheran.hu\/iskola\/bemutatkoznak-a-leendo-elsos-tanitok\/","og_locale":"hu_HU","og_type":"article","og_title":"Bemutatkoznak a leend\u0151 els\u0151s tan\u00edt\u00f3k - Sz\u00e9k\u00e1cs J\u00f3zsef Evang\u00e9likus \u00d3voda, \u00c1ltal\u00e1nos Iskola \u00e9s Gimn\u00e1zium","og_description":"Bende Katalin \u00d3vodapedag\u00f3gusi \u00e9s tan\u00edt\u00f3i diplom\u00e1val rendelkez\u0151, elk\u00f6telezett pedag\u00f3gus vagyok. Diplom\u00e1imat a Kecskem\u00e9ti Tan\u00edt\u00f3k\u00e9pz\u0151 F\u0151iskol\u00e1n szereztem 1996-ban. T\u00f6bb mint h\u00fasz...","og_url":"https:\/\/szekacs.lutheran.hu\/iskola\/bemutatkoznak-a-leendo-elsos-tanitok\/","og_site_name":"Sz\u00e9k\u00e1cs J\u00f3zsef Evang\u00e9likus \u00d3voda, \u00c1ltal\u00e1nos Iskola \u00e9s Gimn\u00e1zium","article_published_time":"2023-12-05T07:34:59+00:00","article_modified_time":"2023-12-05T07:38:25+00:00","og_image":[{"width":1280,"height":720,"url":"https:\/\/szekacs.lutheran.hu\/iskola\/wp-content\/uploads\/2023\/12\/tan\u00edt\u00f3k-honlapra-1.jpg","type":"image\/jpeg"}],"author":"admin","twitter_card":"summary_large_image","twitter_misc":{"Szerz\u0151:":"admin","Becs\u00fclt olvas\u00e1si id\u0151":"3 perc"},"schema":{"@context":"https:\/\/schema.org","@graph":[{"@type":"WebPage","@id":"https:\/\/szekacs.lutheran.hu\/iskola\/bemutatkoznak-a-leendo-elsos-tanitok\/","url":"https:\/\/szekacs.lutheran.hu\/iskola\/bemutatkoznak-a-leendo-elsos-tanitok\/","name":"Bemutatkoznak a leend\u0151 els\u0151s tan\u00edt\u00f3k - Sz\u00e9k\u00e1cs J\u00f3zsef Evang\u00e9likus \u00d3voda, \u00c1ltal\u00e1nos Iskola \u00e9s Gimn\u00e1zium","isPartOf":{"@id":"https:\/\/szekacs.lutheran.hu\/iskola\/#website"},"primaryImageOfPage":{"@id":"https:\/\/szekacs.lutheran.hu\/iskola\/bemutatkoznak-a-leendo-elsos-tanitok\/#primaryimage"},"image":{"@id":"https:\/\/szekacs.lutheran.hu\/iskola\/bemutatkoznak-a-leendo-elsos-tanitok\/#primaryimage"},"thumbnailUrl":"https:\/\/szekacs.lutheran.hu\/iskola\/wp-content\/uploads\/2023\/12\/tan\u00edt\u00f3k-honlapra-1.jpg","datePublished":"2023-12-05T07:34:59+00:00","dateModified":"2023-12-05T07:38:25+00:00","author":{"@id":"https:\/\/szekacs.lutheran.hu\/iskola\/#\/schema\/person\/c2ed2e14631babb098c586494bc7d5df"},"breadcrumb":{"@id":"https:\/\/szekacs.lutheran.hu\/iskola\/bemutatkoznak-a-leendo-elsos-tanitok\/#breadcrumb"},"inLanguage":"hu","potentialAction":[{"@type":"ReadAction","target":["https:\/\/szekacs.lutheran.hu\/iskola\/bemutatkoznak-a-leendo-elsos-tanitok\/"]}]},{"@type":"ImageObject","inLanguage":"hu","@id":"https:\/\/szekacs.lutheran.hu\/iskola\/bemutatkoznak-a-leendo-elsos-tanitok\/#primaryimage","url":"https:\/\/szekacs.lutheran.hu\/iskola\/wp-content\/uploads\/2023\/12\/tan\u00edt\u00f3k-honlapra-1.jpg","contentUrl":"https:\/\/szekacs.lutheran.hu\/iskola\/wp-content\/uploads\/2023\/12\/tan\u00edt\u00f3k-honlapra-1.jpg","width":1280,"height":720},{"@type":"BreadcrumbList","@id":"https:\/\/szekacs.lutheran.hu\/iskola\/bemutatkoznak-a-leendo-elsos-tanitok\/#breadcrumb","itemListElement":[{"@type":"ListItem","position":1,"name":"Home","item":"https:\/\/szekacs.lutheran.hu\/iskola\/"},{"@type":"ListItem","position":2,"name":"Bemutatkoznak a leend\u0151 els\u0151s tan\u00edt\u00f3k"}]},{"@type":"WebSite","@id":"https:\/\/szekacs.lutheran.hu\/iskola\/#website","url":"https:\/\/szekacs.lutheran.hu\/iskola\/","name":"Sz\u00e9k\u00e1cs J\u00f3zsef Evang\u00e9likus \u00d3voda, \u00c1ltal\u00e1nos Iskola \u00e9s Gimn\u00e1zium","description":"","potentialAction":[{"@type":"SearchAction","target":{"@type":"EntryPoint","urlTemplate":"https:\/\/szekacs.lutheran.hu\/iskola\/?s={search_term_string}"},"query-input":{"@type":"PropertyValueSpecification","valueRequired":true,"valueName":"search_term_string"}}],"inLanguage":"hu"},{"@type":"Person","@id":"https:\/\/szekacs.lutheran.hu\/iskola\/#\/schema\/person\/c2ed2e14631babb098c586494bc7d5df","name":"admin","image":{"@type":"ImageObject","inLanguage":"hu","@id":"https:\/\/szekacs.lutheran.hu\/iskola\/#\/schema\/person\/image\/","url":"https:\/\/secure.gravatar.com\/avatar\/2d9a947cd9a162ca4e5eb73e817e43edd8dcbc6e501b39fb999fb53d65e181f4?s=96&d=mm&r=g","contentUrl":"https:\/\/secure.gravatar.com\/avatar\/2d9a947cd9a162ca4e5eb73e817e43edd8dcbc6e501b39fb999fb53d65e181f4?s=96&d=mm&r=g","caption":"admin"},"url":"https:\/\/szekacs.lutheran.hu\/iskola\/author\/admin\/"}]}},"_links":{"self":[{"href":"https:\/\/szekacs.lutheran.hu\/iskola\/wp-json\/wp\/v2\/posts\/29382","targetHints":{"allow":["GET"]}}],"collection":[{"href":"https:\/\/szekacs.lutheran.hu\/iskola\/wp-json\/wp\/v2\/posts"}],"about":[{"href":"https:\/\/szekacs.lutheran.hu\/iskola\/wp-json\/wp\/v2\/types\/post"}],"author":[{"embeddable":true,"href":"https:\/\/szekacs.lutheran.hu\/iskola\/wp-json\/wp\/v2\/users\/1"}],"replies":[{"embeddable":true,"href":"https:\/\/szekacs.lutheran.hu\/iskola\/wp-json\/wp\/v2\/comments?post=29382"}],"version-history":[{"count":4,"href":"https:\/\/szekacs.lutheran.hu\/iskola\/wp-json\/wp\/v2\/posts\/29382\/revisions"}],"predecessor-version":[{"id":29391,"href":"https:\/\/szekacs.lutheran.hu\/iskola\/wp-json\/wp\/v2\/posts\/29382\/revisions\/29391"}],"wp:featuredmedia":[{"embeddable":true,"href":"https:\/\/szekacs.lutheran.hu\/iskola\/wp-json\/wp\/v2\/media\/29384"}],"wp:attachment":[{"href":"https:\/\/szekacs.lutheran.hu\/iskola\/wp-json\/wp\/v2\/media?parent=29382"}],"wp:term":[{"taxonomy":"category","embeddable":true,"href":"https:\/\/szekacs.lutheran.hu\/iskola\/wp-json\/wp\/v2\/categories?post=29382"},{"taxonomy":"post_tag","embeddable":true,"href":"https:\/\/szekacs.lutheran.hu\/iskola\/wp-json\/wp\/v2\/tags?post=29382"}],"curies":[{"name":"wp","href":"https:\/\/api.w.org\/{rel}","templated":true}]}}