{"id":29342,"date":"2023-11-07T07:47:06","date_gmt":"2023-11-07T07:47:06","guid":{"rendered":"https:\/\/szekacs.lutheran.hu\/iskola\/?p=29342"},"modified":"2023-11-07T07:47:06","modified_gmt":"2023-11-07T07:47:06","slug":"gyermek-nyelvvizsga","status":"publish","type":"post","link":"https:\/\/szekacs.lutheran.hu\/iskola\/gyermek-nyelvvizsga\/","title":{"rendered":"Gyermek nyelvvizsg\u00e1ra ny\u00edlik lehet\u0151s\u00e9g"},"content":{"rendered":"<div>Elindult a gyermek nyelvvizsg\u00e1ra felk\u00e9sz\u00edt\u00e9s iskol\u00e1nkban.<\/div>\n<div>Gyermek nyelvvizsg\u00e1ra felk\u00e9sz\u00edt\u0151hely lett\u00fcnk, Young Learners vizsg\u00e1ra felk\u00e9sz\u00edt\u00e9s folyik h\u00e9tf\u0151k\u00e9nt 14.15-15.00-ig. A felk\u00e9sz\u00edt\u00e9shez val\u00f3 csatlakoz\u00e1s lehet\u0151s\u00e9ge nyitott, jelentkezni \u00d6kr\u00f6sn\u00e9 Miszlai Editn\u00e9l lehet az al\u00e1bbi emailen:<\/div>\n<div><a href=\"mailto:miszlaiedit19731005@gmail.com\" data-linkindex=\"2\">miszlaiedit19731005@gmail.com<\/a><\/div>\n<div><\/div>\n<div>Minden inform\u00e1ci\u00f3 itt olvashat\u00f3 Young Learners gyermek nyelvvizsg\u00e1r\u00f3l:<\/div>\n<div><a href=\"https:\/\/www.languagecert.hu\/gyermek_nyelvvizsgak\" target=\"_blank\" rel=\"noopener noreferrer\" data-auth=\"NotApplicable\" data-linkindex=\"3\">https:\/\/www.languagecert.hu\/gyermek_nyelvvizsgak<\/a><\/div>\n","protected":false},"excerpt":{"rendered":"<p>Elindult a gyermek nyelvvizsg\u00e1ra felk\u00e9sz\u00edt\u00e9s iskol\u00e1nkban. Gyermek nyelvvizsg\u00e1ra felk\u00e9sz\u00edt\u0151hely lett\u00fcnk, Young Learners vizsg\u00e1ra felk\u00e9sz\u00edt\u00e9s folyik h\u00e9tf\u0151k\u00e9nt 14.15-15.00-ig. A felk\u00e9sz\u00edt\u00e9shez val\u00f3&#8230;<\/p>\n","protected":false},"author":1,"featured_media":29343,"comment_status":"closed","ping_status":"closed","sticky":false,"template":"","format":"standard","meta":{"footnotes":""},"categories":[42,43],"tags":[],"class_list":["post-29342","post","type-post","status-publish","format-standard","has-post-thumbnail","hentry","category-aktualis","category-iskolai-elet"],"yoast_head":"<!-- This site is optimized with the Yoast SEO plugin v26.2 - https:\/\/yoast.com\/wordpress\/plugins\/seo\/ -->\n<title>Gyermek nyelvvizsg\u00e1ra ny\u00edlik lehet\u0151s\u00e9g - Sz\u00e9k\u00e1cs J\u00f3zsef Evang\u00e9likus \u00d3voda, \u00c1ltal\u00e1nos Iskola \u00e9s Gimn\u00e1zium<\/title>\n<meta name=\"robots\" content=\"index, follow, max-snippet:-1, max-image-preview:large, max-video-preview:-1\" \/>\n<link rel=\"canonical\" href=\"https:\/\/szekacs.lutheran.hu\/iskola\/gyermek-nyelvvizsga\/\" \/>\n<meta property=\"og:locale\" content=\"hu_HU\" \/>\n<meta property=\"og:type\" content=\"article\" \/>\n<meta property=\"og:title\" content=\"Gyermek nyelvvizsg\u00e1ra ny\u00edlik lehet\u0151s\u00e9g - Sz\u00e9k\u00e1cs J\u00f3zsef Evang\u00e9likus \u00d3voda, \u00c1ltal\u00e1nos Iskola \u00e9s Gimn\u00e1zium\" \/>\n<meta property=\"og:description\" content=\"Elindult a gyermek nyelvvizsg\u00e1ra felk\u00e9sz\u00edt\u00e9s iskol\u00e1nkban. Gyermek nyelvvizsg\u00e1ra felk\u00e9sz\u00edt\u0151hely lett\u00fcnk, Young Learners vizsg\u00e1ra felk\u00e9sz\u00edt\u00e9s folyik h\u00e9tf\u0151k\u00e9nt 14.15-15.00-ig. A felk\u00e9sz\u00edt\u00e9shez val\u00f3...\" \/>\n<meta property=\"og:url\" content=\"https:\/\/szekacs.lutheran.hu\/iskola\/gyermek-nyelvvizsga\/\" \/>\n<meta property=\"og:site_name\" content=\"Sz\u00e9k\u00e1cs J\u00f3zsef Evang\u00e9likus \u00d3voda, \u00c1ltal\u00e1nos Iskola \u00e9s Gimn\u00e1zium\" \/>\n<meta property=\"article:published_time\" content=\"2023-11-07T07:47:06+00:00\" \/>\n<meta property=\"og:image\" content=\"https:\/\/szekacs.lutheran.hu\/iskola\/wp-content\/uploads\/2023\/11\/LC_logo_Young_Learners-v4.jpg\" \/>\n\t<meta property=\"og:image:width\" content=\"692\" \/>\n\t<meta property=\"og:image:height\" content=\"624\" \/>\n\t<meta property=\"og:image:type\" content=\"image\/jpeg\" \/>\n<meta name=\"author\" content=\"admin\" \/>\n<meta name=\"twitter:card\" content=\"summary_large_image\" \/>\n<meta name=\"twitter:label1\" content=\"Szerz\u0151:\" \/>\n\t<meta name=\"twitter:data1\" content=\"admin\" \/>\n<script type=\"application\/ld+json\" class=\"yoast-schema-graph\">{\"@context\":\"https:\/\/schema.org\",\"@graph\":[{\"@type\":\"WebPage\",\"@id\":\"https:\/\/szekacs.lutheran.hu\/iskola\/gyermek-nyelvvizsga\/\",\"url\":\"https:\/\/szekacs.lutheran.hu\/iskola\/gyermek-nyelvvizsga\/\",\"name\":\"Gyermek nyelvvizsg\u00e1ra ny\u00edlik lehet\u0151s\u00e9g - Sz\u00e9k\u00e1cs J\u00f3zsef Evang\u00e9likus \u00d3voda, \u00c1ltal\u00e1nos Iskola \u00e9s Gimn\u00e1zium\",\"isPartOf\":{\"@id\":\"https:\/\/szekacs.lutheran.hu\/iskola\/#website\"},\"primaryImageOfPage\":{\"@id\":\"https:\/\/szekacs.lutheran.hu\/iskola\/gyermek-nyelvvizsga\/#primaryimage\"},\"image\":{\"@id\":\"https:\/\/szekacs.lutheran.hu\/iskola\/gyermek-nyelvvizsga\/#primaryimage\"},\"thumbnailUrl\":\"https:\/\/szekacs.lutheran.hu\/iskola\/wp-content\/uploads\/2023\/11\/LC_logo_Young_Learners-v4.jpg\",\"datePublished\":\"2023-11-07T07:47:06+00:00\",\"author\":{\"@id\":\"https:\/\/szekacs.lutheran.hu\/iskola\/#\/schema\/person\/c2ed2e14631babb098c586494bc7d5df\"},\"breadcrumb\":{\"@id\":\"https:\/\/szekacs.lutheran.hu\/iskola\/gyermek-nyelvvizsga\/#breadcrumb\"},\"inLanguage\":\"hu\",\"potentialAction\":[{\"@type\":\"ReadAction\",\"target\":[\"https:\/\/szekacs.lutheran.hu\/iskola\/gyermek-nyelvvizsga\/\"]}]},{\"@type\":\"ImageObject\",\"inLanguage\":\"hu\",\"@id\":\"https:\/\/szekacs.lutheran.hu\/iskola\/gyermek-nyelvvizsga\/#primaryimage\",\"url\":\"https:\/\/szekacs.lutheran.hu\/iskola\/wp-content\/uploads\/2023\/11\/LC_logo_Young_Learners-v4.jpg\",\"contentUrl\":\"https:\/\/szekacs.lutheran.hu\/iskola\/wp-content\/uploads\/2023\/11\/LC_logo_Young_Learners-v4.jpg\",\"width\":692,\"height\":624},{\"@type\":\"BreadcrumbList\",\"@id\":\"https:\/\/szekacs.lutheran.hu\/iskola\/gyermek-nyelvvizsga\/#breadcrumb\",\"itemListElement\":[{\"@type\":\"ListItem\",\"position\":1,\"name\":\"Home\",\"item\":\"https:\/\/szekacs.lutheran.hu\/iskola\/\"},{\"@type\":\"ListItem\",\"position\":2,\"name\":\"Gyermek nyelvvizsg\u00e1ra ny\u00edlik lehet\u0151s\u00e9g\"}]},{\"@type\":\"WebSite\",\"@id\":\"https:\/\/szekacs.lutheran.hu\/iskola\/#website\",\"url\":\"https:\/\/szekacs.lutheran.hu\/iskola\/\",\"name\":\"Sz\u00e9k\u00e1cs J\u00f3zsef Evang\u00e9likus \u00d3voda, \u00c1ltal\u00e1nos Iskola \u00e9s Gimn\u00e1zium\",\"description\":\"\",\"potentialAction\":[{\"@type\":\"SearchAction\",\"target\":{\"@type\":\"EntryPoint\",\"urlTemplate\":\"https:\/\/szekacs.lutheran.hu\/iskola\/?s={search_term_string}\"},\"query-input\":{\"@type\":\"PropertyValueSpecification\",\"valueRequired\":true,\"valueName\":\"search_term_string\"}}],\"inLanguage\":\"hu\"},{\"@type\":\"Person\",\"@id\":\"https:\/\/szekacs.lutheran.hu\/iskola\/#\/schema\/person\/c2ed2e14631babb098c586494bc7d5df\",\"name\":\"admin\",\"image\":{\"@type\":\"ImageObject\",\"inLanguage\":\"hu\",\"@id\":\"https:\/\/szekacs.lutheran.hu\/iskola\/#\/schema\/person\/image\/\",\"url\":\"https:\/\/secure.gravatar.com\/avatar\/2d9a947cd9a162ca4e5eb73e817e43edd8dcbc6e501b39fb999fb53d65e181f4?s=96&d=mm&r=g\",\"contentUrl\":\"https:\/\/secure.gravatar.com\/avatar\/2d9a947cd9a162ca4e5eb73e817e43edd8dcbc6e501b39fb999fb53d65e181f4?s=96&d=mm&r=g\",\"caption\":\"admin\"},\"url\":\"https:\/\/szekacs.lutheran.hu\/iskola\/author\/admin\/\"}]}<\/script>\n<!-- \/ Yoast SEO plugin. -->","yoast_head_json":{"title":"Gyermek nyelvvizsg\u00e1ra ny\u00edlik lehet\u0151s\u00e9g - Sz\u00e9k\u00e1cs J\u00f3zsef Evang\u00e9likus \u00d3voda, \u00c1ltal\u00e1nos Iskola \u00e9s Gimn\u00e1zium","robots":{"index":"index","follow":"follow","max-snippet":"max-snippet:-1","max-image-preview":"max-image-preview:large","max-video-preview":"max-video-preview:-1"},"canonical":"https:\/\/szekacs.lutheran.hu\/iskola\/gyermek-nyelvvizsga\/","og_locale":"hu_HU","og_type":"article","og_title":"Gyermek nyelvvizsg\u00e1ra ny\u00edlik lehet\u0151s\u00e9g - Sz\u00e9k\u00e1cs J\u00f3zsef Evang\u00e9likus \u00d3voda, \u00c1ltal\u00e1nos Iskola \u00e9s Gimn\u00e1zium","og_description":"Elindult a gyermek nyelvvizsg\u00e1ra felk\u00e9sz\u00edt\u00e9s iskol\u00e1nkban. Gyermek nyelvvizsg\u00e1ra felk\u00e9sz\u00edt\u0151hely lett\u00fcnk, Young Learners vizsg\u00e1ra felk\u00e9sz\u00edt\u00e9s folyik h\u00e9tf\u0151k\u00e9nt 14.15-15.00-ig. A felk\u00e9sz\u00edt\u00e9shez val\u00f3...","og_url":"https:\/\/szekacs.lutheran.hu\/iskola\/gyermek-nyelvvizsga\/","og_site_name":"Sz\u00e9k\u00e1cs J\u00f3zsef Evang\u00e9likus \u00d3voda, \u00c1ltal\u00e1nos Iskola \u00e9s Gimn\u00e1zium","article_published_time":"2023-11-07T07:47:06+00:00","og_image":[{"width":692,"height":624,"url":"https:\/\/szekacs.lutheran.hu\/iskola\/wp-content\/uploads\/2023\/11\/LC_logo_Young_Learners-v4.jpg","type":"image\/jpeg"}],"author":"admin","twitter_card":"summary_large_image","twitter_misc":{"Szerz\u0151:":"admin"},"schema":{"@context":"https:\/\/schema.org","@graph":[{"@type":"WebPage","@id":"https:\/\/szekacs.lutheran.hu\/iskola\/gyermek-nyelvvizsga\/","url":"https:\/\/szekacs.lutheran.hu\/iskola\/gyermek-nyelvvizsga\/","name":"Gyermek nyelvvizsg\u00e1ra ny\u00edlik lehet\u0151s\u00e9g - Sz\u00e9k\u00e1cs J\u00f3zsef Evang\u00e9likus \u00d3voda, \u00c1ltal\u00e1nos Iskola \u00e9s Gimn\u00e1zium","isPartOf":{"@id":"https:\/\/szekacs.lutheran.hu\/iskola\/#website"},"primaryImageOfPage":{"@id":"https:\/\/szekacs.lutheran.hu\/iskola\/gyermek-nyelvvizsga\/#primaryimage"},"image":{"@id":"https:\/\/szekacs.lutheran.hu\/iskola\/gyermek-nyelvvizsga\/#primaryimage"},"thumbnailUrl":"https:\/\/szekacs.lutheran.hu\/iskola\/wp-content\/uploads\/2023\/11\/LC_logo_Young_Learners-v4.jpg","datePublished":"2023-11-07T07:47:06+00:00","author":{"@id":"https:\/\/szekacs.lutheran.hu\/iskola\/#\/schema\/person\/c2ed2e14631babb098c586494bc7d5df"},"breadcrumb":{"@id":"https:\/\/szekacs.lutheran.hu\/iskola\/gyermek-nyelvvizsga\/#breadcrumb"},"inLanguage":"hu","potentialAction":[{"@type":"ReadAction","target":["https:\/\/szekacs.lutheran.hu\/iskola\/gyermek-nyelvvizsga\/"]}]},{"@type":"ImageObject","inLanguage":"hu","@id":"https:\/\/szekacs.lutheran.hu\/iskola\/gyermek-nyelvvizsga\/#primaryimage","url":"https:\/\/szekacs.lutheran.hu\/iskola\/wp-content\/uploads\/2023\/11\/LC_logo_Young_Learners-v4.jpg","contentUrl":"https:\/\/szekacs.lutheran.hu\/iskola\/wp-content\/uploads\/2023\/11\/LC_logo_Young_Learners-v4.jpg","width":692,"height":624},{"@type":"BreadcrumbList","@id":"https:\/\/szekacs.lutheran.hu\/iskola\/gyermek-nyelvvizsga\/#breadcrumb","itemListElement":[{"@type":"ListItem","position":1,"name":"Home","item":"https:\/\/szekacs.lutheran.hu\/iskola\/"},{"@type":"ListItem","position":2,"name":"Gyermek nyelvvizsg\u00e1ra ny\u00edlik lehet\u0151s\u00e9g"}]},{"@type":"WebSite","@id":"https:\/\/szekacs.lutheran.hu\/iskola\/#website","url":"https:\/\/szekacs.lutheran.hu\/iskola\/","name":"Sz\u00e9k\u00e1cs J\u00f3zsef Evang\u00e9likus \u00d3voda, \u00c1ltal\u00e1nos Iskola \u00e9s Gimn\u00e1zium","description":"","potentialAction":[{"@type":"SearchAction","target":{"@type":"EntryPoint","urlTemplate":"https:\/\/szekacs.lutheran.hu\/iskola\/?s={search_term_string}"},"query-input":{"@type":"PropertyValueSpecification","valueRequired":true,"valueName":"search_term_string"}}],"inLanguage":"hu"},{"@type":"Person","@id":"https:\/\/szekacs.lutheran.hu\/iskola\/#\/schema\/person\/c2ed2e14631babb098c586494bc7d5df","name":"admin","image":{"@type":"ImageObject","inLanguage":"hu","@id":"https:\/\/szekacs.lutheran.hu\/iskola\/#\/schema\/person\/image\/","url":"https:\/\/secure.gravatar.com\/avatar\/2d9a947cd9a162ca4e5eb73e817e43edd8dcbc6e501b39fb999fb53d65e181f4?s=96&d=mm&r=g","contentUrl":"https:\/\/secure.gravatar.com\/avatar\/2d9a947cd9a162ca4e5eb73e817e43edd8dcbc6e501b39fb999fb53d65e181f4?s=96&d=mm&r=g","caption":"admin"},"url":"https:\/\/szekacs.lutheran.hu\/iskola\/author\/admin\/"}]}},"_links":{"self":[{"href":"https:\/\/szekacs.lutheran.hu\/iskola\/wp-json\/wp\/v2\/posts\/29342","targetHints":{"allow":["GET"]}}],"collection":[{"href":"https:\/\/szekacs.lutheran.hu\/iskola\/wp-json\/wp\/v2\/posts"}],"about":[{"href":"https:\/\/szekacs.lutheran.hu\/iskola\/wp-json\/wp\/v2\/types\/post"}],"author":[{"embeddable":true,"href":"https:\/\/szekacs.lutheran.hu\/iskola\/wp-json\/wp\/v2\/users\/1"}],"replies":[{"embeddable":true,"href":"https:\/\/szekacs.lutheran.hu\/iskola\/wp-json\/wp\/v2\/comments?post=29342"}],"version-history":[{"count":1,"href":"https:\/\/szekacs.lutheran.hu\/iskola\/wp-json\/wp\/v2\/posts\/29342\/revisions"}],"predecessor-version":[{"id":29344,"href":"https:\/\/szekacs.lutheran.hu\/iskola\/wp-json\/wp\/v2\/posts\/29342\/revisions\/29344"}],"wp:featuredmedia":[{"embeddable":true,"href":"https:\/\/szekacs.lutheran.hu\/iskola\/wp-json\/wp\/v2\/media\/29343"}],"wp:attachment":[{"href":"https:\/\/szekacs.lutheran.hu\/iskola\/wp-json\/wp\/v2\/media?parent=29342"}],"wp:term":[{"taxonomy":"category","embeddable":true,"href":"https:\/\/szekacs.lutheran.hu\/iskola\/wp-json\/wp\/v2\/categories?post=29342"},{"taxonomy":"post_tag","embeddable":true,"href":"https:\/\/szekacs.lutheran.hu\/iskola\/wp-json\/wp\/v2\/tags?post=29342"}],"curies":[{"name":"wp","href":"https:\/\/api.w.org\/{rel}","templated":true}]}}