{"id":28644,"date":"2023-06-02T14:03:52","date_gmt":"2023-06-02T14:03:52","guid":{"rendered":"https:\/\/szekacs.lutheran.hu\/iskola\/?p=28644"},"modified":"2023-06-02T14:04:52","modified_gmt":"2023-06-02T14:04:52","slug":"nemzeti-osszetartozas-napja-2","status":"publish","type":"post","link":"https:\/\/szekacs.lutheran.hu\/iskola\/nemzeti-osszetartozas-napja-2\/","title":{"rendered":"Nemzeti \u00f6sszetartoz\u00e1s napja"},"content":{"rendered":"\n<p>A nemzeti \u00f6sszetartoz\u00e1s napja az 1920-as trianoni b\u00e9keszerz\u0151d\u00e9s al\u00e1\u00edr\u00e1s\u00e1nak \u00e9vfordul\u00f3j\u00e1ra eml\u00e9kez\u0151 nemzeti eml\u00e9knap, 2010 \u00f3ta hivatalos \u00fcnnep haz\u00e1nkban. A hagyom\u00e1nyokhoz h\u00edven iskol\u00e1nkban is megeml\u00e9kezt\u00fcnk r\u00f3la. <\/p>\n\n\n\n<p>Az iskolalelk\u00e9sz\u00fcnk \u00e1h\u00edtat\u00e1t, majd di\u00e1kjaink megeml\u00e9kez\u0151 m\u0171sor\u00e1t k\u00f6vet\u0151 k\u00f6z\u00f6s \u00e9nekl\u00e9sen a t\u00f6bb mint 500 di\u00e1k hangja bet\u00f6lt\u00f6tte iskol\u00e1nk d\u00edszterm\u00e9t. Hisz 2023-ban ism\u00e9t el\u00e9nekelte iskol\u00e1nk teljes k\u00f6z\u00f6ss\u00e9ge a K\u00e9zfog\u00e1s c. dalt. <a href=\"http:\/\/kezfogas.eu\" target=\"_blank\" rel=\"noreferrer noopener\" aria-label=\"Szarka Tam\u00e1s kezdem\u00e9nyez\u00e9s\u00e9hez (\u00faj f\u00fcl\u00f6n nyitja meg)\">Szarka Tam\u00e1s kezdem\u00e9nyez\u00e9s\u00e9hez<\/a> id\u00e9n m\u00e1sodik alkalommal csatlakoztunk. <\/p>\n\n\n\n<p>A k\u00f6z\u00f6s alkalmat egy k\u00f6sz\u00f6nt\u0151 z\u00e1rta: Pet\u0151fi k\u00f6rtef\u00e1j\u00e1b\u00f3l egy csemete meg\u00e9rkezett hozz\u00e1nk is, ezt mutattuk meg az iskola k\u00f6z\u00f6ss\u00e9g\u00e9nek, ezzel is hangs\u00falyozva j\u00fanius 4-e \u00fczenet\u00e9t.  B\u00edzunk benne, hogy a facsemete meger\u0151s\u00f6dik \u00e9s nagyra n\u0151, hogy iskol\u00e1nk udvar\u00e1n is hirdesse a magyar nemzet \u00f6sszetartoz\u00e1s\u00e1t, az id\u0151t \u00e9s a hat\u00e1rokat \u00e1tl\u00e9p\u0151 \u00f6r\u00f6k kapocs megl\u00e9t\u00e9t. <\/p>\n\n\n\n<figure class=\"wp-block-image\"><img loading=\"lazy\" decoding=\"async\" width=\"683\" height=\"1024\" src=\"https:\/\/szekacs.lutheran.hu\/iskola\/wp-content\/uploads\/2023\/06\/DSC_0010-e1685714611218-683x1024.jpg\" alt=\"\" class=\"wp-image-28649\" srcset=\"https:\/\/szekacs.lutheran.hu\/iskola\/wp-content\/uploads\/2023\/06\/DSC_0010-e1685714611218-683x1024.jpg 683w, https:\/\/szekacs.lutheran.hu\/iskola\/wp-content\/uploads\/2023\/06\/DSC_0010-e1685714611218-200x300.jpg 200w, https:\/\/szekacs.lutheran.hu\/iskola\/wp-content\/uploads\/2023\/06\/DSC_0010-e1685714611218-768x1152.jpg 768w, https:\/\/szekacs.lutheran.hu\/iskola\/wp-content\/uploads\/2023\/06\/DSC_0010-e1685714611218-580x870.jpg 580w, https:\/\/szekacs.lutheran.hu\/iskola\/wp-content\/uploads\/2023\/06\/DSC_0010-e1685714611218-860x1290.jpg 860w, https:\/\/szekacs.lutheran.hu\/iskola\/wp-content\/uploads\/2023\/06\/DSC_0010-e1685714611218-1160x1740.jpg 1160w, https:\/\/szekacs.lutheran.hu\/iskola\/wp-content\/uploads\/2023\/06\/DSC_0010-e1685714611218-1320x1980.jpg 1320w, https:\/\/szekacs.lutheran.hu\/iskola\/wp-content\/uploads\/2023\/06\/DSC_0010-e1685714611218.jpg 1536w\" sizes=\"auto, (max-width: 683px) 100vw, 683px\" \/><\/figure>\n\n\n\n<p>A felemel\u0151 megeml\u00e9kez\u00e9sen minden di\u00e1k b\u00fcszk\u00e9n \u00e1t\u00e9lhette magyar testv\u00e9reinkkel val\u00f3 \u00f6sszetartoz\u00e1sunkat. Az iskolai \u00fcnneps\u00e9get vas\u00e1rnap, j\u00fanius 4-\u00e9n 11 \u00f3rakor a v\u00e1rosi megeml\u00e9kez\u00e9s k\u00f6veti, ahol szint\u00e9n a mi iskol\u00e1nk di\u00e1kjai szerepelnek.<\/p>\n\n\n\n<figure class=\"wp-block-embed-youtube wp-block-embed is-type-video is-provider-youtube wp-embed-aspect-16-9 wp-has-aspect-ratio\"><div class=\"wp-block-embed__wrapper\">\n<iframe loading=\"lazy\" title=\"K\u00e9zfog\u00e1s a nemzeti \u00f6sszetartoz\u00e1s napj\u00e1n\" width=\"500\" height=\"281\" src=\"https:\/\/www.youtube.com\/embed\/rw7B9qblqTs?feature=oembed\" frameborder=\"0\" allow=\"accelerometer; autoplay; clipboard-write; encrypted-media; gyroscope; picture-in-picture; web-share\" referrerpolicy=\"strict-origin-when-cross-origin\" allowfullscreen><\/iframe>\n<\/div><figcaption>A K\u00e9zfog\u00e1s c. dal \u00e9nekl\u00e9se<\/figcaption><\/figure>\n","protected":false},"excerpt":{"rendered":"<p>A nemzeti \u00f6sszetartoz\u00e1s napja az 1920-as trianoni b\u00e9keszerz\u0151d\u00e9s al\u00e1\u00edr\u00e1s\u00e1nak \u00e9vfordul\u00f3j\u00e1ra eml\u00e9kez\u0151 nemzeti eml\u00e9knap, 2010 \u00f3ta hivatalos \u00fcnnep haz\u00e1nkban. A hagyom\u00e1nyokhoz&#8230;<\/p>\n","protected":false},"author":1,"featured_media":28648,"comment_status":"closed","ping_status":"closed","sticky":false,"template":"","format":"standard","meta":{"footnotes":""},"categories":[42,43],"tags":[],"class_list":["post-28644","post","type-post","status-publish","format-standard","has-post-thumbnail","hentry","category-aktualis","category-iskolai-elet"],"yoast_head":"<!-- This site is optimized with the Yoast SEO plugin v26.2 - https:\/\/yoast.com\/wordpress\/plugins\/seo\/ -->\n<title>Nemzeti \u00f6sszetartoz\u00e1s napja - Sz\u00e9k\u00e1cs J\u00f3zsef Evang\u00e9likus \u00d3voda, \u00c1ltal\u00e1nos Iskola \u00e9s Gimn\u00e1zium<\/title>\n<meta name=\"robots\" content=\"index, follow, max-snippet:-1, max-image-preview:large, max-video-preview:-1\" \/>\n<link rel=\"canonical\" href=\"https:\/\/szekacs.lutheran.hu\/iskola\/nemzeti-osszetartozas-napja-2\/\" \/>\n<meta property=\"og:locale\" content=\"hu_HU\" \/>\n<meta property=\"og:type\" content=\"article\" \/>\n<meta property=\"og:title\" content=\"Nemzeti \u00f6sszetartoz\u00e1s napja - Sz\u00e9k\u00e1cs J\u00f3zsef Evang\u00e9likus \u00d3voda, \u00c1ltal\u00e1nos Iskola \u00e9s Gimn\u00e1zium\" \/>\n<meta property=\"og:description\" content=\"A nemzeti \u00f6sszetartoz\u00e1s napja az 1920-as trianoni b\u00e9keszerz\u0151d\u00e9s al\u00e1\u00edr\u00e1s\u00e1nak \u00e9vfordul\u00f3j\u00e1ra eml\u00e9kez\u0151 nemzeti eml\u00e9knap, 2010 \u00f3ta hivatalos \u00fcnnep haz\u00e1nkban. A hagyom\u00e1nyokhoz...\" \/>\n<meta property=\"og:url\" content=\"https:\/\/szekacs.lutheran.hu\/iskola\/nemzeti-osszetartozas-napja-2\/\" \/>\n<meta property=\"og:site_name\" content=\"Sz\u00e9k\u00e1cs J\u00f3zsef Evang\u00e9likus \u00d3voda, \u00c1ltal\u00e1nos Iskola \u00e9s Gimn\u00e1zium\" \/>\n<meta property=\"article:published_time\" content=\"2023-06-02T14:03:52+00:00\" \/>\n<meta property=\"article:modified_time\" content=\"2023-06-02T14:04:52+00:00\" \/>\n<meta property=\"og:image\" content=\"https:\/\/szekacs.lutheran.hu\/iskola\/wp-content\/uploads\/2023\/06\/DSC_0007.jpg\" \/>\n\t<meta property=\"og:image:width\" content=\"2304\" \/>\n\t<meta property=\"og:image:height\" content=\"1536\" \/>\n\t<meta property=\"og:image:type\" content=\"image\/jpeg\" \/>\n<meta name=\"author\" content=\"admin\" \/>\n<meta name=\"twitter:card\" content=\"summary_large_image\" \/>\n<meta name=\"twitter:label1\" content=\"Szerz\u0151:\" \/>\n\t<meta name=\"twitter:data1\" content=\"admin\" \/>\n\t<meta name=\"twitter:label2\" content=\"Becs\u00fclt olvas\u00e1si id\u0151\" \/>\n\t<meta name=\"twitter:data2\" content=\"1 perc\" \/>\n<script type=\"application\/ld+json\" class=\"yoast-schema-graph\">{\"@context\":\"https:\/\/schema.org\",\"@graph\":[{\"@type\":\"WebPage\",\"@id\":\"https:\/\/szekacs.lutheran.hu\/iskola\/nemzeti-osszetartozas-napja-2\/\",\"url\":\"https:\/\/szekacs.lutheran.hu\/iskola\/nemzeti-osszetartozas-napja-2\/\",\"name\":\"Nemzeti \u00f6sszetartoz\u00e1s napja - Sz\u00e9k\u00e1cs J\u00f3zsef Evang\u00e9likus \u00d3voda, \u00c1ltal\u00e1nos Iskola \u00e9s Gimn\u00e1zium\",\"isPartOf\":{\"@id\":\"https:\/\/szekacs.lutheran.hu\/iskola\/#website\"},\"primaryImageOfPage\":{\"@id\":\"https:\/\/szekacs.lutheran.hu\/iskola\/nemzeti-osszetartozas-napja-2\/#primaryimage\"},\"image\":{\"@id\":\"https:\/\/szekacs.lutheran.hu\/iskola\/nemzeti-osszetartozas-napja-2\/#primaryimage\"},\"thumbnailUrl\":\"https:\/\/szekacs.lutheran.hu\/iskola\/wp-content\/uploads\/2023\/06\/DSC_0007.jpg\",\"datePublished\":\"2023-06-02T14:03:52+00:00\",\"dateModified\":\"2023-06-02T14:04:52+00:00\",\"author\":{\"@id\":\"https:\/\/szekacs.lutheran.hu\/iskola\/#\/schema\/person\/c2ed2e14631babb098c586494bc7d5df\"},\"breadcrumb\":{\"@id\":\"https:\/\/szekacs.lutheran.hu\/iskola\/nemzeti-osszetartozas-napja-2\/#breadcrumb\"},\"inLanguage\":\"hu\",\"potentialAction\":[{\"@type\":\"ReadAction\",\"target\":[\"https:\/\/szekacs.lutheran.hu\/iskola\/nemzeti-osszetartozas-napja-2\/\"]}]},{\"@type\":\"ImageObject\",\"inLanguage\":\"hu\",\"@id\":\"https:\/\/szekacs.lutheran.hu\/iskola\/nemzeti-osszetartozas-napja-2\/#primaryimage\",\"url\":\"https:\/\/szekacs.lutheran.hu\/iskola\/wp-content\/uploads\/2023\/06\/DSC_0007.jpg\",\"contentUrl\":\"https:\/\/szekacs.lutheran.hu\/iskola\/wp-content\/uploads\/2023\/06\/DSC_0007.jpg\",\"width\":2304,\"height\":1536},{\"@type\":\"BreadcrumbList\",\"@id\":\"https:\/\/szekacs.lutheran.hu\/iskola\/nemzeti-osszetartozas-napja-2\/#breadcrumb\",\"itemListElement\":[{\"@type\":\"ListItem\",\"position\":1,\"name\":\"Home\",\"item\":\"https:\/\/szekacs.lutheran.hu\/iskola\/\"},{\"@type\":\"ListItem\",\"position\":2,\"name\":\"Nemzeti \u00f6sszetartoz\u00e1s napja\"}]},{\"@type\":\"WebSite\",\"@id\":\"https:\/\/szekacs.lutheran.hu\/iskola\/#website\",\"url\":\"https:\/\/szekacs.lutheran.hu\/iskola\/\",\"name\":\"Sz\u00e9k\u00e1cs J\u00f3zsef Evang\u00e9likus \u00d3voda, \u00c1ltal\u00e1nos Iskola \u00e9s Gimn\u00e1zium\",\"description\":\"\",\"potentialAction\":[{\"@type\":\"SearchAction\",\"target\":{\"@type\":\"EntryPoint\",\"urlTemplate\":\"https:\/\/szekacs.lutheran.hu\/iskola\/?s={search_term_string}\"},\"query-input\":{\"@type\":\"PropertyValueSpecification\",\"valueRequired\":true,\"valueName\":\"search_term_string\"}}],\"inLanguage\":\"hu\"},{\"@type\":\"Person\",\"@id\":\"https:\/\/szekacs.lutheran.hu\/iskola\/#\/schema\/person\/c2ed2e14631babb098c586494bc7d5df\",\"name\":\"admin\",\"image\":{\"@type\":\"ImageObject\",\"inLanguage\":\"hu\",\"@id\":\"https:\/\/szekacs.lutheran.hu\/iskola\/#\/schema\/person\/image\/\",\"url\":\"https:\/\/secure.gravatar.com\/avatar\/2d9a947cd9a162ca4e5eb73e817e43edd8dcbc6e501b39fb999fb53d65e181f4?s=96&d=mm&r=g\",\"contentUrl\":\"https:\/\/secure.gravatar.com\/avatar\/2d9a947cd9a162ca4e5eb73e817e43edd8dcbc6e501b39fb999fb53d65e181f4?s=96&d=mm&r=g\",\"caption\":\"admin\"},\"url\":\"https:\/\/szekacs.lutheran.hu\/iskola\/author\/admin\/\"}]}<\/script>\n<!-- \/ Yoast SEO plugin. -->","yoast_head_json":{"title":"Nemzeti \u00f6sszetartoz\u00e1s napja - Sz\u00e9k\u00e1cs J\u00f3zsef Evang\u00e9likus \u00d3voda, \u00c1ltal\u00e1nos Iskola \u00e9s Gimn\u00e1zium","robots":{"index":"index","follow":"follow","max-snippet":"max-snippet:-1","max-image-preview":"max-image-preview:large","max-video-preview":"max-video-preview:-1"},"canonical":"https:\/\/szekacs.lutheran.hu\/iskola\/nemzeti-osszetartozas-napja-2\/","og_locale":"hu_HU","og_type":"article","og_title":"Nemzeti \u00f6sszetartoz\u00e1s napja - Sz\u00e9k\u00e1cs J\u00f3zsef Evang\u00e9likus \u00d3voda, \u00c1ltal\u00e1nos Iskola \u00e9s Gimn\u00e1zium","og_description":"A nemzeti \u00f6sszetartoz\u00e1s napja az 1920-as trianoni b\u00e9keszerz\u0151d\u00e9s al\u00e1\u00edr\u00e1s\u00e1nak \u00e9vfordul\u00f3j\u00e1ra eml\u00e9kez\u0151 nemzeti eml\u00e9knap, 2010 \u00f3ta hivatalos \u00fcnnep haz\u00e1nkban. A hagyom\u00e1nyokhoz...","og_url":"https:\/\/szekacs.lutheran.hu\/iskola\/nemzeti-osszetartozas-napja-2\/","og_site_name":"Sz\u00e9k\u00e1cs J\u00f3zsef Evang\u00e9likus \u00d3voda, \u00c1ltal\u00e1nos Iskola \u00e9s Gimn\u00e1zium","article_published_time":"2023-06-02T14:03:52+00:00","article_modified_time":"2023-06-02T14:04:52+00:00","og_image":[{"width":2304,"height":1536,"url":"https:\/\/szekacs.lutheran.hu\/iskola\/wp-content\/uploads\/2023\/06\/DSC_0007.jpg","type":"image\/jpeg"}],"author":"admin","twitter_card":"summary_large_image","twitter_misc":{"Szerz\u0151:":"admin","Becs\u00fclt olvas\u00e1si id\u0151":"1 perc"},"schema":{"@context":"https:\/\/schema.org","@graph":[{"@type":"WebPage","@id":"https:\/\/szekacs.lutheran.hu\/iskola\/nemzeti-osszetartozas-napja-2\/","url":"https:\/\/szekacs.lutheran.hu\/iskola\/nemzeti-osszetartozas-napja-2\/","name":"Nemzeti \u00f6sszetartoz\u00e1s napja - Sz\u00e9k\u00e1cs J\u00f3zsef Evang\u00e9likus \u00d3voda, \u00c1ltal\u00e1nos Iskola \u00e9s Gimn\u00e1zium","isPartOf":{"@id":"https:\/\/szekacs.lutheran.hu\/iskola\/#website"},"primaryImageOfPage":{"@id":"https:\/\/szekacs.lutheran.hu\/iskola\/nemzeti-osszetartozas-napja-2\/#primaryimage"},"image":{"@id":"https:\/\/szekacs.lutheran.hu\/iskola\/nemzeti-osszetartozas-napja-2\/#primaryimage"},"thumbnailUrl":"https:\/\/szekacs.lutheran.hu\/iskola\/wp-content\/uploads\/2023\/06\/DSC_0007.jpg","datePublished":"2023-06-02T14:03:52+00:00","dateModified":"2023-06-02T14:04:52+00:00","author":{"@id":"https:\/\/szekacs.lutheran.hu\/iskola\/#\/schema\/person\/c2ed2e14631babb098c586494bc7d5df"},"breadcrumb":{"@id":"https:\/\/szekacs.lutheran.hu\/iskola\/nemzeti-osszetartozas-napja-2\/#breadcrumb"},"inLanguage":"hu","potentialAction":[{"@type":"ReadAction","target":["https:\/\/szekacs.lutheran.hu\/iskola\/nemzeti-osszetartozas-napja-2\/"]}]},{"@type":"ImageObject","inLanguage":"hu","@id":"https:\/\/szekacs.lutheran.hu\/iskola\/nemzeti-osszetartozas-napja-2\/#primaryimage","url":"https:\/\/szekacs.lutheran.hu\/iskola\/wp-content\/uploads\/2023\/06\/DSC_0007.jpg","contentUrl":"https:\/\/szekacs.lutheran.hu\/iskola\/wp-content\/uploads\/2023\/06\/DSC_0007.jpg","width":2304,"height":1536},{"@type":"BreadcrumbList","@id":"https:\/\/szekacs.lutheran.hu\/iskola\/nemzeti-osszetartozas-napja-2\/#breadcrumb","itemListElement":[{"@type":"ListItem","position":1,"name":"Home","item":"https:\/\/szekacs.lutheran.hu\/iskola\/"},{"@type":"ListItem","position":2,"name":"Nemzeti \u00f6sszetartoz\u00e1s napja"}]},{"@type":"WebSite","@id":"https:\/\/szekacs.lutheran.hu\/iskola\/#website","url":"https:\/\/szekacs.lutheran.hu\/iskola\/","name":"Sz\u00e9k\u00e1cs J\u00f3zsef Evang\u00e9likus \u00d3voda, \u00c1ltal\u00e1nos Iskola \u00e9s Gimn\u00e1zium","description":"","potentialAction":[{"@type":"SearchAction","target":{"@type":"EntryPoint","urlTemplate":"https:\/\/szekacs.lutheran.hu\/iskola\/?s={search_term_string}"},"query-input":{"@type":"PropertyValueSpecification","valueRequired":true,"valueName":"search_term_string"}}],"inLanguage":"hu"},{"@type":"Person","@id":"https:\/\/szekacs.lutheran.hu\/iskola\/#\/schema\/person\/c2ed2e14631babb098c586494bc7d5df","name":"admin","image":{"@type":"ImageObject","inLanguage":"hu","@id":"https:\/\/szekacs.lutheran.hu\/iskola\/#\/schema\/person\/image\/","url":"https:\/\/secure.gravatar.com\/avatar\/2d9a947cd9a162ca4e5eb73e817e43edd8dcbc6e501b39fb999fb53d65e181f4?s=96&d=mm&r=g","contentUrl":"https:\/\/secure.gravatar.com\/avatar\/2d9a947cd9a162ca4e5eb73e817e43edd8dcbc6e501b39fb999fb53d65e181f4?s=96&d=mm&r=g","caption":"admin"},"url":"https:\/\/szekacs.lutheran.hu\/iskola\/author\/admin\/"}]}},"_links":{"self":[{"href":"https:\/\/szekacs.lutheran.hu\/iskola\/wp-json\/wp\/v2\/posts\/28644","targetHints":{"allow":["GET"]}}],"collection":[{"href":"https:\/\/szekacs.lutheran.hu\/iskola\/wp-json\/wp\/v2\/posts"}],"about":[{"href":"https:\/\/szekacs.lutheran.hu\/iskola\/wp-json\/wp\/v2\/types\/post"}],"author":[{"embeddable":true,"href":"https:\/\/szekacs.lutheran.hu\/iskola\/wp-json\/wp\/v2\/users\/1"}],"replies":[{"embeddable":true,"href":"https:\/\/szekacs.lutheran.hu\/iskola\/wp-json\/wp\/v2\/comments?post=28644"}],"version-history":[{"count":4,"href":"https:\/\/szekacs.lutheran.hu\/iskola\/wp-json\/wp\/v2\/posts\/28644\/revisions"}],"predecessor-version":[{"id":28652,"href":"https:\/\/szekacs.lutheran.hu\/iskola\/wp-json\/wp\/v2\/posts\/28644\/revisions\/28652"}],"wp:featuredmedia":[{"embeddable":true,"href":"https:\/\/szekacs.lutheran.hu\/iskola\/wp-json\/wp\/v2\/media\/28648"}],"wp:attachment":[{"href":"https:\/\/szekacs.lutheran.hu\/iskola\/wp-json\/wp\/v2\/media?parent=28644"}],"wp:term":[{"taxonomy":"category","embeddable":true,"href":"https:\/\/szekacs.lutheran.hu\/iskola\/wp-json\/wp\/v2\/categories?post=28644"},{"taxonomy":"post_tag","embeddable":true,"href":"https:\/\/szekacs.lutheran.hu\/iskola\/wp-json\/wp\/v2\/tags?post=28644"}],"curies":[{"name":"wp","href":"https:\/\/api.w.org\/{rel}","templated":true}]}}