{"id":28614,"date":"2023-05-24T08:50:56","date_gmt":"2023-05-24T08:50:56","guid":{"rendered":"https:\/\/szekacs.lutheran.hu\/iskola\/?p=28614"},"modified":"2023-05-24T08:50:56","modified_gmt":"2023-05-24T08:50:56","slug":"konfirmacio-a-gyulekezetben-2023","status":"publish","type":"post","link":"https:\/\/szekacs.lutheran.hu\/iskola\/konfirmacio-a-gyulekezetben-2023\/","title":{"rendered":"Konfirm\u00e1ci\u00f3 az elk\u00f6telez\u0151d\u00e9s \u00e9v\u00e9ben"},"content":{"rendered":"<div id=\"cmsmasters_row_\" class=\"cmsmasters_row cmsmasters_color_scheme_default cmsmasters_row_top_default cmsmasters_row_bot_default cmsmasters_row_boxed\">\n<div class=\"cmsmasters_row_outer_parent\">\n<div class=\"cmsmasters_row_outer\">\n<div class=\"cmsmasters_row_inner\">\n<div class=\"cmsmasters_row_margin\">\n<div id=\"cmsmasters_column_\" class=\"cmsmasters_column one_first\">\n<div class=\"cmsmasters_column_inner\"><div class=\"cmsmasters_text\">\n<p>2023. m\u00e1jus 21-\u00e9n \u00fajra \u00fcnnepre k\u00e9sz\u00fclt az orosh\u00e1zi evang\u00e9likus gy\u00fclekezet, konfirm\u00e1ci\u00f3t tartottak.<\/p>\n<\/p>\n<p>M\u00e1jus 19-\u00e9n, p\u00e9nteken d\u00e9lut\u00e1n a konfirm\u00e1ci\u00f3s vizsg\u00e1n adtak sz\u00e1mot tud\u00e1sukr\u00f3l a fiatalok. Egy-egy t\u00e9m\u00e1b\u00f3l el\u0151zetesen felk\u00e9sz\u00fcltek, majd a prezent\u00e1ci\u00f3k ut\u00e1n j\u00e1t\u00e9kos form\u00e1ban sz\u00e1moltak be a tanultakr\u00f3l.<\/p>\n<p>M\u00e1jus 21-\u00e9n, vas\u00e1rnap 10 \u00f3rakor kezd\u0151d\u00f6tt a konfirm\u00e1ci\u00f3i istentisztelet, ahol a gy\u00fclekezet 19 fiatalja &#8211; k\u00f6zt\u00fck iskol\u00e1nk 14 hetedikes \u00e9s 3 gimnazista di\u00e1kja &#8211; vallotta meg hit\u00e9t, mondta el a konfirmandusok esk\u00fcj\u00e9t, \u00e9s konfirm\u00e1ci\u00f3j\u00e1t k\u00f6vet\u0151en el\u0151sz\u00f6r r\u00e9szes\u00fclhetett az \u00farvacsora szents\u00e9g\u00e9ben.<\/p>\n<\/p>\n<p>A fot\u00f3k itt tekinthet\u0151ek meg: <a href=\"https:\/\/szekacs.lutheran.hu\/iskola\/galeriak\/konfirmacio-2023\/\" target=\"_blank\" rel=\"noopener noreferrer\">https:\/\/szekacs.lutheran.hu\/iskola\/galeriak\/konfirmacio-2023\/<\/a><\/p>\n<p>Ez a konfirm\u00e1ci\u00f3 az\u00e9rt is k\u00fcl\u00f6nleges volt, mert ez az esztend\u0151 a &#8222;Konfirm\u00e1ci\u00f3 \u00e9s elk\u00f6telez\u0151d\u00e9s \u00e9ve&#8221; a Magyarorsz\u00e1gi Evang\u00e9likus Egyh\u00e1zban, \u00edgy m\u00e9g nagyobb figyelem fordul a konfirmandusok fel\u00e9. Az \u00e9v ig\u00e9j\u00e9vel k\u00edv\u00e1nunk \u00e1ld\u00e1st most konfirm\u00e1lt testv\u00e9reink \u00e9let\u00e9re:<\/p>\n<p style=\"text-align: center;\"><strong>&#8222;Mindenre van er\u0151m a Krisztusban, aki meger\u0151s\u00edt engem.&#8221; Fil 4,13<\/strong><\/p>\n<p>&nbsp;<\/p>\n<\/p>\n<\/div>\n<\/div><\/div>\n<\/div>\n<\/div>\n<\/div>\n<\/div>\n<\/div>\n","protected":false},"excerpt":{"rendered":"","protected":false},"author":1,"featured_media":28598,"comment_status":"closed","ping_status":"closed","sticky":false,"template":"","format":"standard","meta":{"footnotes":""},"categories":[42,43],"tags":[],"class_list":["post-28614","post","type-post","status-publish","format-standard","has-post-thumbnail","hentry","category-aktualis","category-iskolai-elet"],"yoast_head":"<!-- This site is optimized with the Yoast SEO plugin v26.2 - https:\/\/yoast.com\/wordpress\/plugins\/seo\/ -->\n<title>Konfirm\u00e1ci\u00f3 az elk\u00f6telez\u0151d\u00e9s \u00e9v\u00e9ben - Sz\u00e9k\u00e1cs J\u00f3zsef Evang\u00e9likus \u00d3voda, \u00c1ltal\u00e1nos Iskola \u00e9s Gimn\u00e1zium<\/title>\n<meta name=\"robots\" content=\"index, follow, max-snippet:-1, max-image-preview:large, max-video-preview:-1\" \/>\n<link rel=\"canonical\" href=\"https:\/\/szekacs.lutheran.hu\/iskola\/konfirmacio-a-gyulekezetben-2023\/\" \/>\n<meta property=\"og:locale\" content=\"hu_HU\" \/>\n<meta property=\"og:type\" content=\"article\" \/>\n<meta property=\"og:title\" content=\"Konfirm\u00e1ci\u00f3 az elk\u00f6telez\u0151d\u00e9s \u00e9v\u00e9ben - Sz\u00e9k\u00e1cs J\u00f3zsef Evang\u00e9likus \u00d3voda, \u00c1ltal\u00e1nos Iskola \u00e9s Gimn\u00e1zium\" \/>\n<meta property=\"og:url\" content=\"https:\/\/szekacs.lutheran.hu\/iskola\/konfirmacio-a-gyulekezetben-2023\/\" \/>\n<meta property=\"og:site_name\" content=\"Sz\u00e9k\u00e1cs J\u00f3zsef Evang\u00e9likus \u00d3voda, \u00c1ltal\u00e1nos Iskola \u00e9s Gimn\u00e1zium\" \/>\n<meta property=\"article:published_time\" content=\"2023-05-24T08:50:56+00:00\" \/>\n<meta property=\"og:image\" content=\"https:\/\/szekacs.lutheran.hu\/iskola\/wp-content\/uploads\/2023\/05\/IMG_0800-1024x683.jpg\" \/>\n\t<meta property=\"og:image:width\" content=\"1024\" \/>\n\t<meta property=\"og:image:height\" content=\"683\" \/>\n\t<meta property=\"og:image:type\" content=\"image\/jpeg\" \/>\n<meta name=\"author\" content=\"admin\" \/>\n<meta name=\"twitter:card\" content=\"summary_large_image\" \/>\n<meta name=\"twitter:label1\" content=\"Szerz\u0151:\" \/>\n\t<meta name=\"twitter:data1\" content=\"admin\" \/>\n\t<meta name=\"twitter:label2\" content=\"Becs\u00fclt olvas\u00e1si id\u0151\" \/>\n\t<meta name=\"twitter:data2\" content=\"1 perc\" \/>\n<script type=\"application\/ld+json\" class=\"yoast-schema-graph\">{\"@context\":\"https:\/\/schema.org\",\"@graph\":[{\"@type\":\"WebPage\",\"@id\":\"https:\/\/szekacs.lutheran.hu\/iskola\/konfirmacio-a-gyulekezetben-2023\/\",\"url\":\"https:\/\/szekacs.lutheran.hu\/iskola\/konfirmacio-a-gyulekezetben-2023\/\",\"name\":\"Konfirm\u00e1ci\u00f3 az elk\u00f6telez\u0151d\u00e9s \u00e9v\u00e9ben - Sz\u00e9k\u00e1cs J\u00f3zsef Evang\u00e9likus \u00d3voda, \u00c1ltal\u00e1nos Iskola \u00e9s Gimn\u00e1zium\",\"isPartOf\":{\"@id\":\"https:\/\/szekacs.lutheran.hu\/iskola\/#website\"},\"primaryImageOfPage\":{\"@id\":\"https:\/\/szekacs.lutheran.hu\/iskola\/konfirmacio-a-gyulekezetben-2023\/#primaryimage\"},\"image\":{\"@id\":\"https:\/\/szekacs.lutheran.hu\/iskola\/konfirmacio-a-gyulekezetben-2023\/#primaryimage\"},\"thumbnailUrl\":\"https:\/\/szekacs.lutheran.hu\/iskola\/wp-content\/uploads\/2023\/05\/IMG_0800.jpg\",\"datePublished\":\"2023-05-24T08:50:56+00:00\",\"author\":{\"@id\":\"https:\/\/szekacs.lutheran.hu\/iskola\/#\/schema\/person\/c2ed2e14631babb098c586494bc7d5df\"},\"breadcrumb\":{\"@id\":\"https:\/\/szekacs.lutheran.hu\/iskola\/konfirmacio-a-gyulekezetben-2023\/#breadcrumb\"},\"inLanguage\":\"hu\",\"potentialAction\":[{\"@type\":\"ReadAction\",\"target\":[\"https:\/\/szekacs.lutheran.hu\/iskola\/konfirmacio-a-gyulekezetben-2023\/\"]}]},{\"@type\":\"ImageObject\",\"inLanguage\":\"hu\",\"@id\":\"https:\/\/szekacs.lutheran.hu\/iskola\/konfirmacio-a-gyulekezetben-2023\/#primaryimage\",\"url\":\"https:\/\/szekacs.lutheran.hu\/iskola\/wp-content\/uploads\/2023\/05\/IMG_0800.jpg\",\"contentUrl\":\"https:\/\/szekacs.lutheran.hu\/iskola\/wp-content\/uploads\/2023\/05\/IMG_0800.jpg\",\"width\":5184,\"height\":3456},{\"@type\":\"BreadcrumbList\",\"@id\":\"https:\/\/szekacs.lutheran.hu\/iskola\/konfirmacio-a-gyulekezetben-2023\/#breadcrumb\",\"itemListElement\":[{\"@type\":\"ListItem\",\"position\":1,\"name\":\"Home\",\"item\":\"https:\/\/szekacs.lutheran.hu\/iskola\/\"},{\"@type\":\"ListItem\",\"position\":2,\"name\":\"Konfirm\u00e1ci\u00f3 az elk\u00f6telez\u0151d\u00e9s \u00e9v\u00e9ben\"}]},{\"@type\":\"WebSite\",\"@id\":\"https:\/\/szekacs.lutheran.hu\/iskola\/#website\",\"url\":\"https:\/\/szekacs.lutheran.hu\/iskola\/\",\"name\":\"Sz\u00e9k\u00e1cs J\u00f3zsef Evang\u00e9likus \u00d3voda, \u00c1ltal\u00e1nos Iskola \u00e9s Gimn\u00e1zium\",\"description\":\"\",\"potentialAction\":[{\"@type\":\"SearchAction\",\"target\":{\"@type\":\"EntryPoint\",\"urlTemplate\":\"https:\/\/szekacs.lutheran.hu\/iskola\/?s={search_term_string}\"},\"query-input\":{\"@type\":\"PropertyValueSpecification\",\"valueRequired\":true,\"valueName\":\"search_term_string\"}}],\"inLanguage\":\"hu\"},{\"@type\":\"Person\",\"@id\":\"https:\/\/szekacs.lutheran.hu\/iskola\/#\/schema\/person\/c2ed2e14631babb098c586494bc7d5df\",\"name\":\"admin\",\"image\":{\"@type\":\"ImageObject\",\"inLanguage\":\"hu\",\"@id\":\"https:\/\/szekacs.lutheran.hu\/iskola\/#\/schema\/person\/image\/\",\"url\":\"https:\/\/secure.gravatar.com\/avatar\/2d9a947cd9a162ca4e5eb73e817e43edd8dcbc6e501b39fb999fb53d65e181f4?s=96&d=mm&r=g\",\"contentUrl\":\"https:\/\/secure.gravatar.com\/avatar\/2d9a947cd9a162ca4e5eb73e817e43edd8dcbc6e501b39fb999fb53d65e181f4?s=96&d=mm&r=g\",\"caption\":\"admin\"},\"url\":\"https:\/\/szekacs.lutheran.hu\/iskola\/author\/admin\/\"}]}<\/script>\n<!-- \/ Yoast SEO plugin. -->","yoast_head_json":{"title":"Konfirm\u00e1ci\u00f3 az elk\u00f6telez\u0151d\u00e9s \u00e9v\u00e9ben - Sz\u00e9k\u00e1cs J\u00f3zsef Evang\u00e9likus \u00d3voda, \u00c1ltal\u00e1nos Iskola \u00e9s Gimn\u00e1zium","robots":{"index":"index","follow":"follow","max-snippet":"max-snippet:-1","max-image-preview":"max-image-preview:large","max-video-preview":"max-video-preview:-1"},"canonical":"https:\/\/szekacs.lutheran.hu\/iskola\/konfirmacio-a-gyulekezetben-2023\/","og_locale":"hu_HU","og_type":"article","og_title":"Konfirm\u00e1ci\u00f3 az elk\u00f6telez\u0151d\u00e9s \u00e9v\u00e9ben - Sz\u00e9k\u00e1cs J\u00f3zsef Evang\u00e9likus \u00d3voda, \u00c1ltal\u00e1nos Iskola \u00e9s Gimn\u00e1zium","og_url":"https:\/\/szekacs.lutheran.hu\/iskola\/konfirmacio-a-gyulekezetben-2023\/","og_site_name":"Sz\u00e9k\u00e1cs J\u00f3zsef Evang\u00e9likus \u00d3voda, \u00c1ltal\u00e1nos Iskola \u00e9s Gimn\u00e1zium","article_published_time":"2023-05-24T08:50:56+00:00","og_image":[{"width":1024,"height":683,"url":"https:\/\/szekacs.lutheran.hu\/iskola\/wp-content\/uploads\/2023\/05\/IMG_0800-1024x683.jpg","type":"image\/jpeg"}],"author":"admin","twitter_card":"summary_large_image","twitter_misc":{"Szerz\u0151:":"admin","Becs\u00fclt olvas\u00e1si id\u0151":"1 perc"},"schema":{"@context":"https:\/\/schema.org","@graph":[{"@type":"WebPage","@id":"https:\/\/szekacs.lutheran.hu\/iskola\/konfirmacio-a-gyulekezetben-2023\/","url":"https:\/\/szekacs.lutheran.hu\/iskola\/konfirmacio-a-gyulekezetben-2023\/","name":"Konfirm\u00e1ci\u00f3 az elk\u00f6telez\u0151d\u00e9s \u00e9v\u00e9ben - Sz\u00e9k\u00e1cs J\u00f3zsef Evang\u00e9likus \u00d3voda, \u00c1ltal\u00e1nos Iskola \u00e9s Gimn\u00e1zium","isPartOf":{"@id":"https:\/\/szekacs.lutheran.hu\/iskola\/#website"},"primaryImageOfPage":{"@id":"https:\/\/szekacs.lutheran.hu\/iskola\/konfirmacio-a-gyulekezetben-2023\/#primaryimage"},"image":{"@id":"https:\/\/szekacs.lutheran.hu\/iskola\/konfirmacio-a-gyulekezetben-2023\/#primaryimage"},"thumbnailUrl":"https:\/\/szekacs.lutheran.hu\/iskola\/wp-content\/uploads\/2023\/05\/IMG_0800.jpg","datePublished":"2023-05-24T08:50:56+00:00","author":{"@id":"https:\/\/szekacs.lutheran.hu\/iskola\/#\/schema\/person\/c2ed2e14631babb098c586494bc7d5df"},"breadcrumb":{"@id":"https:\/\/szekacs.lutheran.hu\/iskola\/konfirmacio-a-gyulekezetben-2023\/#breadcrumb"},"inLanguage":"hu","potentialAction":[{"@type":"ReadAction","target":["https:\/\/szekacs.lutheran.hu\/iskola\/konfirmacio-a-gyulekezetben-2023\/"]}]},{"@type":"ImageObject","inLanguage":"hu","@id":"https:\/\/szekacs.lutheran.hu\/iskola\/konfirmacio-a-gyulekezetben-2023\/#primaryimage","url":"https:\/\/szekacs.lutheran.hu\/iskola\/wp-content\/uploads\/2023\/05\/IMG_0800.jpg","contentUrl":"https:\/\/szekacs.lutheran.hu\/iskola\/wp-content\/uploads\/2023\/05\/IMG_0800.jpg","width":5184,"height":3456},{"@type":"BreadcrumbList","@id":"https:\/\/szekacs.lutheran.hu\/iskola\/konfirmacio-a-gyulekezetben-2023\/#breadcrumb","itemListElement":[{"@type":"ListItem","position":1,"name":"Home","item":"https:\/\/szekacs.lutheran.hu\/iskola\/"},{"@type":"ListItem","position":2,"name":"Konfirm\u00e1ci\u00f3 az elk\u00f6telez\u0151d\u00e9s \u00e9v\u00e9ben"}]},{"@type":"WebSite","@id":"https:\/\/szekacs.lutheran.hu\/iskola\/#website","url":"https:\/\/szekacs.lutheran.hu\/iskola\/","name":"Sz\u00e9k\u00e1cs J\u00f3zsef Evang\u00e9likus \u00d3voda, \u00c1ltal\u00e1nos Iskola \u00e9s Gimn\u00e1zium","description":"","potentialAction":[{"@type":"SearchAction","target":{"@type":"EntryPoint","urlTemplate":"https:\/\/szekacs.lutheran.hu\/iskola\/?s={search_term_string}"},"query-input":{"@type":"PropertyValueSpecification","valueRequired":true,"valueName":"search_term_string"}}],"inLanguage":"hu"},{"@type":"Person","@id":"https:\/\/szekacs.lutheran.hu\/iskola\/#\/schema\/person\/c2ed2e14631babb098c586494bc7d5df","name":"admin","image":{"@type":"ImageObject","inLanguage":"hu","@id":"https:\/\/szekacs.lutheran.hu\/iskola\/#\/schema\/person\/image\/","url":"https:\/\/secure.gravatar.com\/avatar\/2d9a947cd9a162ca4e5eb73e817e43edd8dcbc6e501b39fb999fb53d65e181f4?s=96&d=mm&r=g","contentUrl":"https:\/\/secure.gravatar.com\/avatar\/2d9a947cd9a162ca4e5eb73e817e43edd8dcbc6e501b39fb999fb53d65e181f4?s=96&d=mm&r=g","caption":"admin"},"url":"https:\/\/szekacs.lutheran.hu\/iskola\/author\/admin\/"}]}},"_links":{"self":[{"href":"https:\/\/szekacs.lutheran.hu\/iskola\/wp-json\/wp\/v2\/posts\/28614","targetHints":{"allow":["GET"]}}],"collection":[{"href":"https:\/\/szekacs.lutheran.hu\/iskola\/wp-json\/wp\/v2\/posts"}],"about":[{"href":"https:\/\/szekacs.lutheran.hu\/iskola\/wp-json\/wp\/v2\/types\/post"}],"author":[{"embeddable":true,"href":"https:\/\/szekacs.lutheran.hu\/iskola\/wp-json\/wp\/v2\/users\/1"}],"replies":[{"embeddable":true,"href":"https:\/\/szekacs.lutheran.hu\/iskola\/wp-json\/wp\/v2\/comments?post=28614"}],"version-history":[{"count":1,"href":"https:\/\/szekacs.lutheran.hu\/iskola\/wp-json\/wp\/v2\/posts\/28614\/revisions"}],"predecessor-version":[{"id":28615,"href":"https:\/\/szekacs.lutheran.hu\/iskola\/wp-json\/wp\/v2\/posts\/28614\/revisions\/28615"}],"wp:featuredmedia":[{"embeddable":true,"href":"https:\/\/szekacs.lutheran.hu\/iskola\/wp-json\/wp\/v2\/media\/28598"}],"wp:attachment":[{"href":"https:\/\/szekacs.lutheran.hu\/iskola\/wp-json\/wp\/v2\/media?parent=28614"}],"wp:term":[{"taxonomy":"category","embeddable":true,"href":"https:\/\/szekacs.lutheran.hu\/iskola\/wp-json\/wp\/v2\/categories?post=28614"},{"taxonomy":"post_tag","embeddable":true,"href":"https:\/\/szekacs.lutheran.hu\/iskola\/wp-json\/wp\/v2\/tags?post=28614"}],"curies":[{"name":"wp","href":"https:\/\/api.w.org\/{rel}","templated":true}]}}