{"id":28081,"date":"2023-04-04T13:06:19","date_gmt":"2023-04-04T13:06:19","guid":{"rendered":"https:\/\/szekacs.lutheran.hu\/iskola\/?p=28081"},"modified":"2023-04-04T13:06:19","modified_gmt":"2023-04-04T13:06:19","slug":"szalagavato-2023","status":"publish","type":"post","link":"https:\/\/szekacs.lutheran.hu\/iskola\/szalagavato-2023\/","title":{"rendered":"Szalagavat\u00f3 2023-ban is"},"content":{"rendered":"<p>A gimn\u00e1zium \u00e9let\u00e9nek egyik legnagyobb esem\u00e9ny\u00e9r\u0151l a 12\/4 k\u00e9sz\u00edtett besz\u00e1mol\u00f3t:<\/p>\n<p>2023. febru\u00e1r 4-\u00e9n nagy izgalommal v\u00e1rtuk a szalagavat\u00f3 kezdet\u00e9t. Az esem\u00e9nyre m\u00e1r okt\u00f3ber \u00f3ta k\u00e9sz\u00fclt\u00fcnk, hiszen oszt\u00e1lym\u0171sort kellett el\u0151adnunk, \u00e9s a hagyom\u00e1nyos b\u00e1lnyit\u00f3 kering\u0151t is meg kellett tanulnunk. A m\u0171sor keret\u00e9ben t\u00f6bben is megmutatt\u00e1k tehets\u00e9g\u00fcket: t\u00e1ncban, \u00e9nekben, hangszeres k\u00eds\u00e9retben, akrobatik\u00e1ban.<\/p>\n<p>Az este egyik legmeghat\u00f3bb r\u00e9sze a szalagt\u0171z\u00e9s volt. A szalagot -, amely szimb\u00f3luma a k\u00f6zelg\u0151 megm\u00e9rettet\u00e9snek \u00e9s a gimn\u00e1ziumi korszak lez\u00e1r\u00e1s\u00e1nak &#8211; az oszt\u00e1lyf\u0151n\u00f6k\u00f6k t\u0171zt\u00e9k fel nek\u00fcnk. Ekkor m\u00e9g az iskolai egyenruh\u00e1t, a bocskait viselt\u00fck, ezut\u00e1n mindk\u00e9t oszt\u00e1ly \u00e1t\u00f6lt\u00f6z\u00f6tt a saj\u00e1t maguk tervezte oszt\u00e1lyp\u00f3l\u00f3ba.<\/p>\n<p>Az est folytat\u00e1sak\u00e9nt a 12\/4 oszt\u00e1ly l\u00e9pett el\u0151sz\u00f6r sz\u00ednpadra. Ebben a m\u0171sorban a t\u00e1nc\u00e9 volt a f\u0151szerep. Igyekezt\u00fcnk megmutatni a k\u00f6z\u00f6ns\u00e9gnek, hogyan szoktunk egy\u00fctt sz\u00f3rakozni. Az egyik t\u00e1ncunkat akrobatikus elemekkel sz\u00ednes\u00edtett\u00fck \u00e9s ledekkel tett\u00fck l\u00e1tv\u00e1nyoss\u00e1. A produkci\u00f3nkat egy oszt\u00e1ly\u00e9nekkel z\u00e1rtuk.<\/p>\n<p>A 12\/6 egy meghat\u00f3 el\u0151ad\u00e1ssal k\u00e9sz\u00fclt. M\u0171soruk els\u0151 r\u00e9sz\u00e9ben l\u00e1thattuk, hogy hogyan \u00e1lltak helyt az elm\u00falt n\u00e9gy \u00e9veben, p\u00e9ld\u00e1ul az online oktat\u00e1s idej\u00e9n. Majd egy f\u00e9nyj\u00e1t\u00e9kot adtak el\u0151 az oszt\u00e1ly tanul\u00f3i zongora- \u00e9s \u00e9nekk\u00eds\u00e9rettel.<\/p>\n<p>Ezt k\u00f6vet\u0151en a k\u00e9t oszt\u00e1ly egy\u00fctt adta el\u0151 a J\u00e1rom a zar\u00e1ndok \u00fatjait\u2026 kezdet\u0171 egyh\u00e1zi \u00e9neket. Az iskolai hagyom\u00e1nyt meg\u0151rizve megkaptuk a kapocskend\u0151t az \u00f6regdi\u00e1kokt\u00f3l. A kend\u0151 a Sz\u00e9k\u00e1csosok \u00f6sszetartoz\u00e1s\u00e1t szimboliz\u00e1lja. Az \u00f6regdi\u00e1kok k\u00f6z\u00f6tt sok ismer\u0151s arcot v\u00e9lt\u00fcnk felismerni, akikre p\u00e9ldak\u00e9nt tekinthet\u00fcnk.<\/p>\n<p>Az est f\u00e9nypontja a kering\u0151 volt, aminek el\u0151ad\u00e1s\u00e1ra T\u00f3szeczki Izabella k\u00e9sz\u00edtett fel minket.<\/p>\n<p>Ezut\u00e1n kezd\u0151d\u00f6tt a b\u00e1l, amit egy poh\u00e1rk\u00f6sz\u00f6nt\u0151 keret\u00e9ben nyitottak meg.<\/p>\n<p>H\u00e1l\u00e1sak vagyunk, hogy id\u00e9n a hagyom\u00e1nyos form\u00e1ban megrendez\u00e9sre ker\u00fclhetett a szalagavat\u00f3. K\u00f6sz\u00f6nj\u00fck az iskolavezet\u00e9snek, tan\u00e1raiknak, az oszt\u00e1lyf\u0151n\u00f6keiknek, sz\u00fcleinknek a t\u00e1mogat\u00e1st, \u00e9s hogy lehet\u0151v\u00e9 tett\u00e9k, hogy ez az esem\u00e9ny felejthetetlen legyen sz\u00e1munkra.<\/p>\n<p><a href=\"https:\/\/szekacs.lutheran.hu\/iskola\/galeriak\/2023-02-04-szalagavato\/\" target=\"_blank\" rel=\"noopener noreferrer\">A szalagavat\u00f3r\u00f3l n\u00e9h\u00e1ny k\u00e9p itt l\u00e1that\u00f3.<\/a><\/p>\n","protected":false},"excerpt":{"rendered":"<p>A gimn\u00e1zium \u00e9let\u00e9nek egyik legnagyobb esem\u00e9ny\u00e9r\u0151l a 12\/4 k\u00e9sz\u00edtett besz\u00e1mol\u00f3t: 2023. febru\u00e1r 4-\u00e9n nagy izgalommal v\u00e1rtuk a szalagavat\u00f3 kezdet\u00e9t. Az&#8230;<\/p>\n","protected":false},"author":1,"featured_media":28084,"comment_status":"closed","ping_status":"closed","sticky":false,"template":"","format":"standard","meta":{"footnotes":""},"categories":[42,43],"tags":[],"class_list":["post-28081","post","type-post","status-publish","format-standard","has-post-thumbnail","hentry","category-aktualis","category-iskolai-elet"],"yoast_head":"<!-- This site is optimized with the Yoast SEO plugin v26.2 - https:\/\/yoast.com\/wordpress\/plugins\/seo\/ -->\n<title>Szalagavat\u00f3 2023-ban is - Sz\u00e9k\u00e1cs J\u00f3zsef Evang\u00e9likus \u00d3voda, \u00c1ltal\u00e1nos Iskola \u00e9s Gimn\u00e1zium<\/title>\n<meta name=\"robots\" content=\"index, follow, max-snippet:-1, max-image-preview:large, max-video-preview:-1\" \/>\n<link rel=\"canonical\" href=\"https:\/\/szekacs.lutheran.hu\/iskola\/szalagavato-2023\/\" \/>\n<meta property=\"og:locale\" content=\"hu_HU\" \/>\n<meta property=\"og:type\" content=\"article\" \/>\n<meta property=\"og:title\" content=\"Szalagavat\u00f3 2023-ban is - Sz\u00e9k\u00e1cs J\u00f3zsef Evang\u00e9likus \u00d3voda, \u00c1ltal\u00e1nos Iskola \u00e9s Gimn\u00e1zium\" \/>\n<meta property=\"og:description\" content=\"A gimn\u00e1zium \u00e9let\u00e9nek egyik legnagyobb esem\u00e9ny\u00e9r\u0151l a 12\/4 k\u00e9sz\u00edtett besz\u00e1mol\u00f3t: 2023. febru\u00e1r 4-\u00e9n nagy izgalommal v\u00e1rtuk a szalagavat\u00f3 kezdet\u00e9t. Az...\" \/>\n<meta property=\"og:url\" content=\"https:\/\/szekacs.lutheran.hu\/iskola\/szalagavato-2023\/\" \/>\n<meta property=\"og:site_name\" content=\"Sz\u00e9k\u00e1cs J\u00f3zsef Evang\u00e9likus \u00d3voda, \u00c1ltal\u00e1nos Iskola \u00e9s Gimn\u00e1zium\" \/>\n<meta property=\"article:published_time\" content=\"2023-04-04T13:06:19+00:00\" \/>\n<meta property=\"og:image\" content=\"https:\/\/szekacs.lutheran.hu\/iskola\/wp-content\/uploads\/2023\/04\/Szalagavat\u00f3-2-1024x683.jpg\" \/>\n\t<meta property=\"og:image:width\" content=\"1024\" \/>\n\t<meta property=\"og:image:height\" content=\"683\" \/>\n\t<meta property=\"og:image:type\" content=\"image\/jpeg\" \/>\n<meta name=\"author\" content=\"admin\" \/>\n<meta name=\"twitter:card\" content=\"summary_large_image\" \/>\n<meta name=\"twitter:label1\" content=\"Szerz\u0151:\" \/>\n\t<meta name=\"twitter:data1\" content=\"admin\" \/>\n\t<meta name=\"twitter:label2\" content=\"Becs\u00fclt olvas\u00e1si id\u0151\" \/>\n\t<meta name=\"twitter:data2\" content=\"2 perc\" \/>\n<script type=\"application\/ld+json\" class=\"yoast-schema-graph\">{\"@context\":\"https:\/\/schema.org\",\"@graph\":[{\"@type\":\"WebPage\",\"@id\":\"https:\/\/szekacs.lutheran.hu\/iskola\/szalagavato-2023\/\",\"url\":\"https:\/\/szekacs.lutheran.hu\/iskola\/szalagavato-2023\/\",\"name\":\"Szalagavat\u00f3 2023-ban is - Sz\u00e9k\u00e1cs J\u00f3zsef Evang\u00e9likus \u00d3voda, \u00c1ltal\u00e1nos Iskola \u00e9s Gimn\u00e1zium\",\"isPartOf\":{\"@id\":\"https:\/\/szekacs.lutheran.hu\/iskola\/#website\"},\"primaryImageOfPage\":{\"@id\":\"https:\/\/szekacs.lutheran.hu\/iskola\/szalagavato-2023\/#primaryimage\"},\"image\":{\"@id\":\"https:\/\/szekacs.lutheran.hu\/iskola\/szalagavato-2023\/#primaryimage\"},\"thumbnailUrl\":\"https:\/\/szekacs.lutheran.hu\/iskola\/wp-content\/uploads\/2023\/04\/Szalagavat\u00f3-2.jpg\",\"datePublished\":\"2023-04-04T13:06:19+00:00\",\"author\":{\"@id\":\"https:\/\/szekacs.lutheran.hu\/iskola\/#\/schema\/person\/c2ed2e14631babb098c586494bc7d5df\"},\"breadcrumb\":{\"@id\":\"https:\/\/szekacs.lutheran.hu\/iskola\/szalagavato-2023\/#breadcrumb\"},\"inLanguage\":\"hu\",\"potentialAction\":[{\"@type\":\"ReadAction\",\"target\":[\"https:\/\/szekacs.lutheran.hu\/iskola\/szalagavato-2023\/\"]}]},{\"@type\":\"ImageObject\",\"inLanguage\":\"hu\",\"@id\":\"https:\/\/szekacs.lutheran.hu\/iskola\/szalagavato-2023\/#primaryimage\",\"url\":\"https:\/\/szekacs.lutheran.hu\/iskola\/wp-content\/uploads\/2023\/04\/Szalagavat\u00f3-2.jpg\",\"contentUrl\":\"https:\/\/szekacs.lutheran.hu\/iskola\/wp-content\/uploads\/2023\/04\/Szalagavat\u00f3-2.jpg\",\"width\":5736,\"height\":3824},{\"@type\":\"BreadcrumbList\",\"@id\":\"https:\/\/szekacs.lutheran.hu\/iskola\/szalagavato-2023\/#breadcrumb\",\"itemListElement\":[{\"@type\":\"ListItem\",\"position\":1,\"name\":\"Home\",\"item\":\"https:\/\/szekacs.lutheran.hu\/iskola\/\"},{\"@type\":\"ListItem\",\"position\":2,\"name\":\"Szalagavat\u00f3 2023-ban is\"}]},{\"@type\":\"WebSite\",\"@id\":\"https:\/\/szekacs.lutheran.hu\/iskola\/#website\",\"url\":\"https:\/\/szekacs.lutheran.hu\/iskola\/\",\"name\":\"Sz\u00e9k\u00e1cs J\u00f3zsef Evang\u00e9likus \u00d3voda, \u00c1ltal\u00e1nos Iskola \u00e9s Gimn\u00e1zium\",\"description\":\"\",\"potentialAction\":[{\"@type\":\"SearchAction\",\"target\":{\"@type\":\"EntryPoint\",\"urlTemplate\":\"https:\/\/szekacs.lutheran.hu\/iskola\/?s={search_term_string}\"},\"query-input\":{\"@type\":\"PropertyValueSpecification\",\"valueRequired\":true,\"valueName\":\"search_term_string\"}}],\"inLanguage\":\"hu\"},{\"@type\":\"Person\",\"@id\":\"https:\/\/szekacs.lutheran.hu\/iskola\/#\/schema\/person\/c2ed2e14631babb098c586494bc7d5df\",\"name\":\"admin\",\"image\":{\"@type\":\"ImageObject\",\"inLanguage\":\"hu\",\"@id\":\"https:\/\/szekacs.lutheran.hu\/iskola\/#\/schema\/person\/image\/\",\"url\":\"https:\/\/secure.gravatar.com\/avatar\/2d9a947cd9a162ca4e5eb73e817e43edd8dcbc6e501b39fb999fb53d65e181f4?s=96&d=mm&r=g\",\"contentUrl\":\"https:\/\/secure.gravatar.com\/avatar\/2d9a947cd9a162ca4e5eb73e817e43edd8dcbc6e501b39fb999fb53d65e181f4?s=96&d=mm&r=g\",\"caption\":\"admin\"},\"url\":\"https:\/\/szekacs.lutheran.hu\/iskola\/author\/admin\/\"}]}<\/script>\n<!-- \/ Yoast SEO plugin. -->","yoast_head_json":{"title":"Szalagavat\u00f3 2023-ban is - Sz\u00e9k\u00e1cs J\u00f3zsef Evang\u00e9likus \u00d3voda, \u00c1ltal\u00e1nos Iskola \u00e9s Gimn\u00e1zium","robots":{"index":"index","follow":"follow","max-snippet":"max-snippet:-1","max-image-preview":"max-image-preview:large","max-video-preview":"max-video-preview:-1"},"canonical":"https:\/\/szekacs.lutheran.hu\/iskola\/szalagavato-2023\/","og_locale":"hu_HU","og_type":"article","og_title":"Szalagavat\u00f3 2023-ban is - Sz\u00e9k\u00e1cs J\u00f3zsef Evang\u00e9likus \u00d3voda, \u00c1ltal\u00e1nos Iskola \u00e9s Gimn\u00e1zium","og_description":"A gimn\u00e1zium \u00e9let\u00e9nek egyik legnagyobb esem\u00e9ny\u00e9r\u0151l a 12\/4 k\u00e9sz\u00edtett besz\u00e1mol\u00f3t: 2023. febru\u00e1r 4-\u00e9n nagy izgalommal v\u00e1rtuk a szalagavat\u00f3 kezdet\u00e9t. Az...","og_url":"https:\/\/szekacs.lutheran.hu\/iskola\/szalagavato-2023\/","og_site_name":"Sz\u00e9k\u00e1cs J\u00f3zsef Evang\u00e9likus \u00d3voda, \u00c1ltal\u00e1nos Iskola \u00e9s Gimn\u00e1zium","article_published_time":"2023-04-04T13:06:19+00:00","og_image":[{"width":1024,"height":683,"url":"https:\/\/szekacs.lutheran.hu\/iskola\/wp-content\/uploads\/2023\/04\/Szalagavat\u00f3-2-1024x683.jpg","type":"image\/jpeg"}],"author":"admin","twitter_card":"summary_large_image","twitter_misc":{"Szerz\u0151:":"admin","Becs\u00fclt olvas\u00e1si id\u0151":"2 perc"},"schema":{"@context":"https:\/\/schema.org","@graph":[{"@type":"WebPage","@id":"https:\/\/szekacs.lutheran.hu\/iskola\/szalagavato-2023\/","url":"https:\/\/szekacs.lutheran.hu\/iskola\/szalagavato-2023\/","name":"Szalagavat\u00f3 2023-ban is - Sz\u00e9k\u00e1cs J\u00f3zsef Evang\u00e9likus \u00d3voda, \u00c1ltal\u00e1nos Iskola \u00e9s Gimn\u00e1zium","isPartOf":{"@id":"https:\/\/szekacs.lutheran.hu\/iskola\/#website"},"primaryImageOfPage":{"@id":"https:\/\/szekacs.lutheran.hu\/iskola\/szalagavato-2023\/#primaryimage"},"image":{"@id":"https:\/\/szekacs.lutheran.hu\/iskola\/szalagavato-2023\/#primaryimage"},"thumbnailUrl":"https:\/\/szekacs.lutheran.hu\/iskola\/wp-content\/uploads\/2023\/04\/Szalagavat\u00f3-2.jpg","datePublished":"2023-04-04T13:06:19+00:00","author":{"@id":"https:\/\/szekacs.lutheran.hu\/iskola\/#\/schema\/person\/c2ed2e14631babb098c586494bc7d5df"},"breadcrumb":{"@id":"https:\/\/szekacs.lutheran.hu\/iskola\/szalagavato-2023\/#breadcrumb"},"inLanguage":"hu","potentialAction":[{"@type":"ReadAction","target":["https:\/\/szekacs.lutheran.hu\/iskola\/szalagavato-2023\/"]}]},{"@type":"ImageObject","inLanguage":"hu","@id":"https:\/\/szekacs.lutheran.hu\/iskola\/szalagavato-2023\/#primaryimage","url":"https:\/\/szekacs.lutheran.hu\/iskola\/wp-content\/uploads\/2023\/04\/Szalagavat\u00f3-2.jpg","contentUrl":"https:\/\/szekacs.lutheran.hu\/iskola\/wp-content\/uploads\/2023\/04\/Szalagavat\u00f3-2.jpg","width":5736,"height":3824},{"@type":"BreadcrumbList","@id":"https:\/\/szekacs.lutheran.hu\/iskola\/szalagavato-2023\/#breadcrumb","itemListElement":[{"@type":"ListItem","position":1,"name":"Home","item":"https:\/\/szekacs.lutheran.hu\/iskola\/"},{"@type":"ListItem","position":2,"name":"Szalagavat\u00f3 2023-ban is"}]},{"@type":"WebSite","@id":"https:\/\/szekacs.lutheran.hu\/iskola\/#website","url":"https:\/\/szekacs.lutheran.hu\/iskola\/","name":"Sz\u00e9k\u00e1cs J\u00f3zsef Evang\u00e9likus \u00d3voda, \u00c1ltal\u00e1nos Iskola \u00e9s Gimn\u00e1zium","description":"","potentialAction":[{"@type":"SearchAction","target":{"@type":"EntryPoint","urlTemplate":"https:\/\/szekacs.lutheran.hu\/iskola\/?s={search_term_string}"},"query-input":{"@type":"PropertyValueSpecification","valueRequired":true,"valueName":"search_term_string"}}],"inLanguage":"hu"},{"@type":"Person","@id":"https:\/\/szekacs.lutheran.hu\/iskola\/#\/schema\/person\/c2ed2e14631babb098c586494bc7d5df","name":"admin","image":{"@type":"ImageObject","inLanguage":"hu","@id":"https:\/\/szekacs.lutheran.hu\/iskola\/#\/schema\/person\/image\/","url":"https:\/\/secure.gravatar.com\/avatar\/2d9a947cd9a162ca4e5eb73e817e43edd8dcbc6e501b39fb999fb53d65e181f4?s=96&d=mm&r=g","contentUrl":"https:\/\/secure.gravatar.com\/avatar\/2d9a947cd9a162ca4e5eb73e817e43edd8dcbc6e501b39fb999fb53d65e181f4?s=96&d=mm&r=g","caption":"admin"},"url":"https:\/\/szekacs.lutheran.hu\/iskola\/author\/admin\/"}]}},"_links":{"self":[{"href":"https:\/\/szekacs.lutheran.hu\/iskola\/wp-json\/wp\/v2\/posts\/28081","targetHints":{"allow":["GET"]}}],"collection":[{"href":"https:\/\/szekacs.lutheran.hu\/iskola\/wp-json\/wp\/v2\/posts"}],"about":[{"href":"https:\/\/szekacs.lutheran.hu\/iskola\/wp-json\/wp\/v2\/types\/post"}],"author":[{"embeddable":true,"href":"https:\/\/szekacs.lutheran.hu\/iskola\/wp-json\/wp\/v2\/users\/1"}],"replies":[{"embeddable":true,"href":"https:\/\/szekacs.lutheran.hu\/iskola\/wp-json\/wp\/v2\/comments?post=28081"}],"version-history":[{"count":1,"href":"https:\/\/szekacs.lutheran.hu\/iskola\/wp-json\/wp\/v2\/posts\/28081\/revisions"}],"predecessor-version":[{"id":28088,"href":"https:\/\/szekacs.lutheran.hu\/iskola\/wp-json\/wp\/v2\/posts\/28081\/revisions\/28088"}],"wp:featuredmedia":[{"embeddable":true,"href":"https:\/\/szekacs.lutheran.hu\/iskola\/wp-json\/wp\/v2\/media\/28084"}],"wp:attachment":[{"href":"https:\/\/szekacs.lutheran.hu\/iskola\/wp-json\/wp\/v2\/media?parent=28081"}],"wp:term":[{"taxonomy":"category","embeddable":true,"href":"https:\/\/szekacs.lutheran.hu\/iskola\/wp-json\/wp\/v2\/categories?post=28081"},{"taxonomy":"post_tag","embeddable":true,"href":"https:\/\/szekacs.lutheran.hu\/iskola\/wp-json\/wp\/v2\/tags?post=28081"}],"curies":[{"name":"wp","href":"https:\/\/api.w.org\/{rel}","templated":true}]}}