{"id":27788,"date":"2023-01-19T13:36:33","date_gmt":"2023-01-19T13:36:33","guid":{"rendered":"https:\/\/szekacs.lutheran.hu\/iskola\/?p=27788"},"modified":"2023-01-23T09:22:58","modified_gmt":"2023-01-23T09:22:58","slug":"kolcsey-verseny-2023-eredmenyek","status":"publish","type":"post","link":"https:\/\/szekacs.lutheran.hu\/iskola\/kolcsey-verseny-2023-eredmenyek\/","title":{"rendered":"A K\u00f6lcsey verseny eredm\u00e9nyei"},"content":{"rendered":"<div id=\"cmsmasters_row_i4oo32diin\" class=\"cmsmasters_row cmsmasters_color_scheme_default cmsmasters_row_top_default cmsmasters_row_bot_default cmsmasters_row_boxed\">\n<div class=\"cmsmasters_row_outer_parent\">\n<div class=\"cmsmasters_row_outer\">\n<div class=\"cmsmasters_row_inner\">\n<div class=\"cmsmasters_row_margin\">\n<div id=\"cmsmasters_column_2lzk4f2kl2\" class=\"cmsmasters_column one_first\">\n<div class=\"cmsmasters_column_inner\"><div class=\"cmsmasters_text\">\n<p>2023. janu\u00e1r 20-\u00e1n rendezte meg iskol\u00e1nk a hagyom\u00e1nyos K\u00f6lcsey versenyt. <a href=\"https:\/\/szekacs.lutheran.hu\/iskola\/galeriak\/kolcsey-verseny-2023\/\" target=\"_blank\" rel=\"noopener noreferrer\">Fot\u00f3gal\u00e9ria itt megtekinthet\u0151.<\/a><\/p>\n<p>A magyar kult\u00fara napja \u00e9s K\u00f6lcsey Ferenc Himnusz\u00e1nak megsz\u00fclet\u00e9se alkalm\u00e1b\u00f3l iskol\u00e1nk a 2022\/2023-as tan\u00e9vben is meghirdette a K\u00f6lcsey Ferenc <strong>versmond\u00f3 \u00e9s n\u00e9pdal\u00e9nekl\u00e9si versenyt, <\/strong>illetve a hozz\u00e1 kapcsol\u00f3d\u00f3<strong> k\u00e9pz\u0151m\u0171v\u00e9szeti \u00e9s fot\u00f3p\u00e1ly\u00e1zatot<\/strong> az orosh\u00e1zi \u00e9s k\u00f6rny\u00e9kbeli di\u00e1kok, az orsz\u00e1g evang\u00e9likus iskol\u00e1iban tanul\u00f3k, valamint a hat\u00e1ron t\u00fali testv\u00e9riskola n\u00f6vend\u00e9kei r\u00e9sz\u00e9re.<\/p>\n<p>Verseny\u00fcnknek egyik \u00f6r\u00f6mteli aprop\u00f3ja volt, hogy a hagyom\u00e1ny szerint K\u00f6lcsey Ferenc 200 \u00e9vvel ezel\u0151tt, 1823. janu\u00e1r 22-\u00e9n tiszt\u00e1zta le a Himnusz sz\u00f6veg\u00e9t. M\u00e1sik pedig, hogy 20 \u00e9vvel ezel\u0151tt hirdett\u00fck meg el\u0151sz\u00f6r verseny\u00fcnket, melyen id\u00e9n is nagy szeretettel fogadtuk a koll\u00e9g\u00e1kat \u00e9s di\u00e1kjaikat.<\/p>\n<p><span style=\"background-color: #ffcc99;\"><strong>A k\u00e9pz\u0151m\u0171v\u00e9szeti p\u00e1ly\u00e1zat<\/strong> eredm\u00e9nyeit h\u00e1rom kateg\u00f3ri\u00e1ban hirdett\u00fck ki:<\/span><\/p>\n<p><span style=\"color: #008000;\"><strong>A Himnusz \u00f6r\u00f6k\u00e9rv\u00e9ny\u0171s\u00e9g\u00e9nek megjelen\u00edt\u00e9se napjainkban<\/strong><\/span><\/p>\n<p><u>7-8. \u00e9vfolyamos di\u00e1kok:<\/u><\/p>\n<p>I. helyezett: <span style=\"color: #008000;\">Csire Vivien<\/span> 8.b Benka Gyula Evang\u00e9likus Angol K\u00e9t Tan\u00edt\u00e1si Nyelv\u0171 \u00c1ltal\u00e1nos Iskola, \u00d3voda \u00e9s M\u0171v\u00e9szeti Iskola Szarvas<\/p>\n<p>Megosztott II. hely:<\/p>\n<p><span style=\"color: #008000;\">Deli Szelina<\/span> 8.a Orosh\u00e1zi Reform\u00e1tus K\u00e9t Tan\u00edt\u00e1si Nyelv\u0171 \u00c1ltal\u00e1nos Iskola \u00e9s<\/p>\n<p><span style=\"color: #008000;\">Nagy Gergely Tibor<\/span> 8.a Orosh\u00e1zi Reform\u00e1tus K\u00e9t Tan\u00edt\u00e1si Nyelv\u0171 \u00c1ltal\u00e1nos Iskola<\/p>\n<p><span style=\"color: #008000;\"><strong>\u201ePet\u0151fi a szuperszt\u00e1r\u201d &#8211; Hogy n\u00e9zne ki, mit csin\u00e1lna manaps\u00e1g Pet\u0151fi?<\/strong><\/span><\/p>\n<p><u>7-8. \u00e9vfolyamos di\u00e1kok:<\/u><\/p>\n<p>Megosztott I. hely:<\/p>\n<p><span style=\"color: #008000;\">Bag\u00f3csi \u00c1ron<\/span> 7.b Benka Gyula Evang\u00e9likus Angol K\u00e9t Tan\u00edt\u00e1si Nyelv\u0171 \u00c1ltal\u00e1nos Iskola, \u00d3voda \u00e9s M\u0171v\u00e9szeti Iskola Szarvas \u00e9s<\/p>\n<p><span style=\"color: #008000;\">Tusjak Zora<\/span> 7.c Benka Gyula Evang\u00e9likus Angol K\u00e9t Tan\u00edt\u00e1si Nyelv\u0171 \u00c1ltal\u00e1nos Iskola, \u00d3voda \u00e9s M\u0171v\u00e9szeti Iskola Szarvas<\/p>\n<p>II. helyezett: <span style=\"color: #008000;\">Gy\u00f6rgyi Edina<\/span> 7.e V\u00f6r\u00f6smarty Mih\u00e1ly \u00c1ltal\u00e1nos Iskola Czina S\u00e1ndor Tagint\u00e9zm\u00e9ny<\/p>\n<p><u>9-12. \u00e9vfolyamos di\u00e1kok:<\/u><\/p>\n<p>I. helyezett: <span style=\"color: #008000;\">Kov\u00e1cs Georgina<\/span> 10\/A Sz\u00e9k\u00e1cs J\u00f3zsef Evang\u00e9likus \u00d3voda, \u00c1ltal\u00e1nos Iskola \u00e9s Gimn\u00e1zium<\/p>\n<p>Megosztott II. hely:<\/p>\n<p><span style=\"color: #008000;\">Hajd\u00fa Viola<\/span> 10\/A Sz\u00e9k\u00e1cs J\u00f3zsef Evang\u00e9likus \u00d3voda, \u00c1ltal\u00e1nos Iskola \u00e9s Gimn\u00e1zium<\/p>\n<p><span style=\"color: #008000;\">Maczelka Regina<\/span> 9\/B Sz\u00e9k\u00e1cs J\u00f3zsef Evang\u00e9likus \u00d3voda, \u00c1ltal\u00e1nos Iskola \u00e9s Gimn\u00e1zium<\/p>\n<p><strong>A k\u00e9pz\u0151m\u0171v\u00e9szeti p\u00e1ly\u00e1zaton<\/strong> <strong>digit\u00e1lis grafik\u00e1val<\/strong> \u00e9rtek el eredm\u00e9nyt a <span style=\"color: #008000;\"><strong>\u201ePet\u0151fi a szuperszt\u00e1r\u201d &#8211; Hogy n\u00e9zne ki, mit csin\u00e1lna manaps\u00e1g Pet\u0151fi?<\/strong><\/span> t\u00e9m\u00e1ban:<\/p>\n<p><u>7-8. \u00e9vfolyamos di\u00e1kok:<\/u><\/p>\n<p>I. <span style=\"color: #008000;\">Kov\u00e1cs Kl\u00e1ra<\/span> 7.b Sz\u00e9k\u00e1cs J\u00f3zsef Evang\u00e9likus \u00d3voda, \u00c1ltal\u00e1nos Iskola \u00e9s Gimn\u00e1zium<\/p>\n<p>II. <span style=\"color: #008000;\">Bacsa D\u00e1niel<\/span> 7.a Sz\u00e9k\u00e1cs J\u00f3zsef Evang\u00e9likus \u00d3voda, \u00c1ltal\u00e1nos Iskola \u00e9s Gimn\u00e1zium<\/p>\n<p>III. <span style=\"color: #008000;\">Haklik R\u00f3bert \u00e9s Moln\u00e1r-Farkas Emma<\/span> 7.b Sz\u00e9k\u00e1cs J\u00f3zsef Evang\u00e9likus \u00d3voda, \u00c1ltal\u00e1nos Iskola \u00e9s Gimn\u00e1zium<\/p>\n<p><span style=\"background-color: #ffcc99;\"><strong>A szaval\u00f3verseny <\/strong>eredm\u00e9nyei:<\/span><\/p>\n<p><strong><u>7-8. \u00e9vfolyamos di\u00e1kok:<\/u><\/strong><\/p>\n<p><strong>1. Zvara Imola Lili <\/strong>Benka Gyula Evang\u00e9likus Angol K\u00e9t Tan\u00edt\u00e1si Nyelv\u0171 \u00c1ltal\u00e1nos Iskola, \u00d3voda \u00e9s M\u0171v\u00e9szeti Iskola, Szarvas<\/p>\n<p><strong>2. Kov\u00e1cs Klaudia Alexa<\/strong> Orosh\u00e1zi Reform\u00e1tus K\u00e9t Tan\u00edt\u00e1si Nyelv\u0171 \u00c1ltal\u00e1nos Iskola<\/p>\n<p><strong>3. Arva D\u00e1niel<\/strong> Sz\u00e9k\u00e1cs J\u00f3zsef Evang\u00e9likus \u00d3voda, \u00c1ltal\u00e1nos Iskola \u00e9s Gimn\u00e1zium<\/p>\n<p><strong><u>9-10. \u00e9vfolyamos di\u00e1kok:<\/u><\/strong><\/p>\n<p>Megosztott <strong>1.<\/strong> hely:<\/p>\n<p><strong>B\u00e1r\u00e1ny Mih\u00e1ly<\/strong> Vajda P\u00e9ter Evang\u00e9likus Gimn\u00e1zium, Szarvas \u00e9s<\/p>\n<p><strong>Grubits Fl\u00f3ra<\/strong> Berzsenyi D\u00e1niel Evang\u00e9likus (L\u00edceum) Gimn\u00e1zium \u00e9s Koll\u00e9gium, Sopron<\/p>\n<p><strong>3. Magony Petra<\/strong> Orosh\u00e1zi T\u00e1ncsics Mih\u00e1ly Gimn\u00e1zium<\/p>\n<p><strong><u>11-12. \u00e9vfolyamos di\u00e1kok:<\/u><\/strong><\/p>\n<p>Megosztott<strong> 1.<\/strong> hely:<\/p>\n<p><strong>Husz\u00e1r Med\u00e1rd<\/strong> Kossuth Lajos Evang\u00e9likus \u00c1ltal\u00e1nos Iskola \u00e9s Alapfok\u00fa M\u0171v\u00e9szeti Iskola, Ny\u00edregyh\u00e1za<\/p>\n<p><strong>Tornyossy P\u00e9ter<\/strong> Berzsenyi D\u00e1niel Evang\u00e9likus (L\u00edceum) Gimn\u00e1zium \u00e9s Koll\u00e9gium, Sopron<\/p>\n<p><strong>3. Moln\u00e1r Zs\u00f3fia Bernadett<\/strong> Sz\u00e9k\u00e1cs J\u00f3zsef Evang\u00e9likus \u00d3voda, \u00c1ltal\u00e1nos Iskola \u00e9s Gimn\u00e1zium<\/p>\n<p><span style=\"background-color: #ffcc99;\"><strong>A n\u00e9pdal\u00e9nekl\u00e9si verseny<\/strong> eredm\u00e9nyei:<\/span><\/p>\n<p><strong><u>5-6. \u00e9vfolyamos di\u00e1kok:<\/u><\/strong><\/p>\n<p><strong>1. T\u00f6lli T\u00fcnde<\/strong> Orosh\u00e1zi Reform\u00e1tus K\u00e9t Tan\u00edt\u00e1si Nyelv\u0171 \u00c1ltal\u00e1nos Iskola<\/p>\n<p><strong>2. Tusjak Mil\u00e1n<\/strong> Benka Gyula Evang\u00e9likus Angol K\u00e9t Tan\u00edt\u00e1si Nyelv\u0171 \u00c1ltal\u00e1nos Iskola, \u00d3voda \u00e9s M\u0171v\u00e9szeti Iskola, Szarvas<\/p>\n<p><strong>3. Orovecz Katica<\/strong> Orosh\u00e1zi T\u00e1ncsics Mih\u00e1ly Gimn\u00e1zium<\/p>\n<p>K\u00fcl\u00f6nd\u00edj:<\/p>\n<ul>\n<li><strong>Csizmadia H\u00e9di<\/strong> Orosh\u00e1zi V\u00f6r\u00f6smarty Mih\u00e1ly \u00c1ltal\u00e1nos Iskola<\/li>\n<li><strong>S\u00e1mel R\u00e9ka<\/strong> Kossuth Lajos Evang\u00e9likus \u00c1ltal\u00e1nos Iskola \u00e9s Alapfok\u00fa M\u0171v\u00e9szeti Iskola, Ny\u00edregyh\u00e1za<\/li>\n<\/ul>\n<p><strong><u>7-8. \u00e9vfolyamos di\u00e1kok:<\/u><\/strong><\/p>\n<p><strong>1. Babinszki Panna<\/strong> Mez\u0151ber\u00e9nyi Pet\u0151fi S\u00e1ndor Evang\u00e9likus Gimn\u00e1zium, Koll\u00e9gium \u00e9s \u00c1ltal\u00e1nos Iskola<\/p>\n<p><strong>2. Nagy Tamara<\/strong> Orosh\u00e1zi T\u00e1ncsics Mih\u00e1ly Gimn\u00e1zium<\/p>\n<p><strong>3. Konstantinovics M\u00e1rk <\/strong>Benka Gyula Evang\u00e9likus Angol K\u00e9t Tan\u00edt\u00e1si Nyelv\u0171 \u00c1ltal\u00e1nos Iskola, \u00d3voda \u00e9s M\u0171v\u00e9szeti Iskola, Szarvas<\/p>\n<p><strong><u>9-12. \u00e9vfolyamos di\u00e1kok:<\/u><\/strong><\/p>\n<p><strong>1. Barta Naomi<\/strong> Berzsenyi D\u00e1niel Evang\u00e9likus (L\u00edceum) Gimn\u00e1zium \u00e9s Koll\u00e9gium, Sopron<\/p>\n<p><strong>2. Vargha Kitti Zsuzsanna<\/strong> Berzsenyi D\u00e1niel Evang\u00e9likus (L\u00edceum) Gimn\u00e1zium \u00e9s Koll\u00e9gium, Sopron<\/p>\n<p><strong>3. Zalai Bernadett<\/strong> Sz\u00e9k\u00e1cs J\u00f3zsef Evang\u00e9likus \u00d3voda, \u00c1ltal\u00e1nos Iskola \u00e9s Gimn\u00e1zium<\/p>\n<p>K\u00fcl\u00f6nd\u00edj: &#8211; <strong>Juh\u00e1sz Gerg\u0151 <\/strong>Vajda P\u00e9ter Evang\u00e9likus Gimn\u00e1zium, Szarvas<\/p>\n<\/div>\n<\/div><\/div>\n<\/div>\n<\/div>\n<\/div>\n<\/div>\n<\/div>\n\n","protected":false},"excerpt":{"rendered":"","protected":false},"author":1,"featured_media":27926,"comment_status":"open","ping_status":"open","sticky":false,"template":"","format":"standard","meta":{"footnotes":""},"categories":[42,43],"tags":[],"class_list":["post-27788","post","type-post","status-publish","format-standard","has-post-thumbnail","hentry","category-aktualis","category-iskolai-elet"],"yoast_head":"<!-- This site is optimized with the Yoast SEO plugin v26.2 - https:\/\/yoast.com\/wordpress\/plugins\/seo\/ -->\n<title>A K\u00f6lcsey verseny eredm\u00e9nyei - Sz\u00e9k\u00e1cs J\u00f3zsef Evang\u00e9likus \u00d3voda, \u00c1ltal\u00e1nos Iskola \u00e9s Gimn\u00e1zium<\/title>\n<meta name=\"robots\" content=\"index, follow, max-snippet:-1, max-image-preview:large, max-video-preview:-1\" \/>\n<link rel=\"canonical\" href=\"https:\/\/szekacs.lutheran.hu\/iskola\/kolcsey-verseny-2023-eredmenyek\/\" \/>\n<meta property=\"og:locale\" content=\"hu_HU\" \/>\n<meta property=\"og:type\" content=\"article\" \/>\n<meta property=\"og:title\" content=\"A K\u00f6lcsey verseny eredm\u00e9nyei - Sz\u00e9k\u00e1cs J\u00f3zsef Evang\u00e9likus \u00d3voda, \u00c1ltal\u00e1nos Iskola \u00e9s Gimn\u00e1zium\" \/>\n<meta property=\"og:url\" content=\"https:\/\/szekacs.lutheran.hu\/iskola\/kolcsey-verseny-2023-eredmenyek\/\" \/>\n<meta property=\"og:site_name\" content=\"Sz\u00e9k\u00e1cs J\u00f3zsef Evang\u00e9likus \u00d3voda, \u00c1ltal\u00e1nos Iskola \u00e9s Gimn\u00e1zium\" \/>\n<meta property=\"article:published_time\" content=\"2023-01-19T13:36:33+00:00\" \/>\n<meta property=\"article:modified_time\" content=\"2023-01-23T09:22:58+00:00\" \/>\n<meta property=\"og:image\" content=\"https:\/\/szekacs.lutheran.hu\/iskola\/wp-content\/uploads\/2023\/01\/Nyertesek.jpg\" \/>\n\t<meta property=\"og:image:width\" content=\"1280\" \/>\n\t<meta property=\"og:image:height\" content=\"720\" \/>\n\t<meta property=\"og:image:type\" content=\"image\/jpeg\" \/>\n<meta name=\"author\" content=\"admin\" \/>\n<meta name=\"twitter:card\" content=\"summary_large_image\" \/>\n<meta name=\"twitter:label1\" content=\"Szerz\u0151:\" \/>\n\t<meta name=\"twitter:data1\" content=\"admin\" \/>\n\t<meta name=\"twitter:label2\" content=\"Becs\u00fclt olvas\u00e1si id\u0151\" \/>\n\t<meta name=\"twitter:data2\" content=\"5 perc\" \/>\n<script type=\"application\/ld+json\" class=\"yoast-schema-graph\">{\"@context\":\"https:\/\/schema.org\",\"@graph\":[{\"@type\":\"WebPage\",\"@id\":\"https:\/\/szekacs.lutheran.hu\/iskola\/kolcsey-verseny-2023-eredmenyek\/\",\"url\":\"https:\/\/szekacs.lutheran.hu\/iskola\/kolcsey-verseny-2023-eredmenyek\/\",\"name\":\"A K\u00f6lcsey verseny eredm\u00e9nyei - Sz\u00e9k\u00e1cs J\u00f3zsef Evang\u00e9likus \u00d3voda, \u00c1ltal\u00e1nos Iskola \u00e9s Gimn\u00e1zium\",\"isPartOf\":{\"@id\":\"https:\/\/szekacs.lutheran.hu\/iskola\/#website\"},\"primaryImageOfPage\":{\"@id\":\"https:\/\/szekacs.lutheran.hu\/iskola\/kolcsey-verseny-2023-eredmenyek\/#primaryimage\"},\"image\":{\"@id\":\"https:\/\/szekacs.lutheran.hu\/iskola\/kolcsey-verseny-2023-eredmenyek\/#primaryimage\"},\"thumbnailUrl\":\"https:\/\/szekacs.lutheran.hu\/iskola\/wp-content\/uploads\/2023\/01\/Nyertesek.jpg\",\"datePublished\":\"2023-01-19T13:36:33+00:00\",\"dateModified\":\"2023-01-23T09:22:58+00:00\",\"author\":{\"@id\":\"https:\/\/szekacs.lutheran.hu\/iskola\/#\/schema\/person\/c2ed2e14631babb098c586494bc7d5df\"},\"breadcrumb\":{\"@id\":\"https:\/\/szekacs.lutheran.hu\/iskola\/kolcsey-verseny-2023-eredmenyek\/#breadcrumb\"},\"inLanguage\":\"hu\",\"potentialAction\":[{\"@type\":\"ReadAction\",\"target\":[\"https:\/\/szekacs.lutheran.hu\/iskola\/kolcsey-verseny-2023-eredmenyek\/\"]}]},{\"@type\":\"ImageObject\",\"inLanguage\":\"hu\",\"@id\":\"https:\/\/szekacs.lutheran.hu\/iskola\/kolcsey-verseny-2023-eredmenyek\/#primaryimage\",\"url\":\"https:\/\/szekacs.lutheran.hu\/iskola\/wp-content\/uploads\/2023\/01\/Nyertesek.jpg\",\"contentUrl\":\"https:\/\/szekacs.lutheran.hu\/iskola\/wp-content\/uploads\/2023\/01\/Nyertesek.jpg\",\"width\":1280,\"height\":720},{\"@type\":\"BreadcrumbList\",\"@id\":\"https:\/\/szekacs.lutheran.hu\/iskola\/kolcsey-verseny-2023-eredmenyek\/#breadcrumb\",\"itemListElement\":[{\"@type\":\"ListItem\",\"position\":1,\"name\":\"Home\",\"item\":\"https:\/\/szekacs.lutheran.hu\/iskola\/\"},{\"@type\":\"ListItem\",\"position\":2,\"name\":\"A K\u00f6lcsey verseny eredm\u00e9nyei\"}]},{\"@type\":\"WebSite\",\"@id\":\"https:\/\/szekacs.lutheran.hu\/iskola\/#website\",\"url\":\"https:\/\/szekacs.lutheran.hu\/iskola\/\",\"name\":\"Sz\u00e9k\u00e1cs J\u00f3zsef Evang\u00e9likus \u00d3voda, \u00c1ltal\u00e1nos Iskola \u00e9s Gimn\u00e1zium\",\"description\":\"\",\"potentialAction\":[{\"@type\":\"SearchAction\",\"target\":{\"@type\":\"EntryPoint\",\"urlTemplate\":\"https:\/\/szekacs.lutheran.hu\/iskola\/?s={search_term_string}\"},\"query-input\":{\"@type\":\"PropertyValueSpecification\",\"valueRequired\":true,\"valueName\":\"search_term_string\"}}],\"inLanguage\":\"hu\"},{\"@type\":\"Person\",\"@id\":\"https:\/\/szekacs.lutheran.hu\/iskola\/#\/schema\/person\/c2ed2e14631babb098c586494bc7d5df\",\"name\":\"admin\",\"image\":{\"@type\":\"ImageObject\",\"inLanguage\":\"hu\",\"@id\":\"https:\/\/szekacs.lutheran.hu\/iskola\/#\/schema\/person\/image\/\",\"url\":\"https:\/\/secure.gravatar.com\/avatar\/2d9a947cd9a162ca4e5eb73e817e43edd8dcbc6e501b39fb999fb53d65e181f4?s=96&d=mm&r=g\",\"contentUrl\":\"https:\/\/secure.gravatar.com\/avatar\/2d9a947cd9a162ca4e5eb73e817e43edd8dcbc6e501b39fb999fb53d65e181f4?s=96&d=mm&r=g\",\"caption\":\"admin\"},\"url\":\"https:\/\/szekacs.lutheran.hu\/iskola\/author\/admin\/\"}]}<\/script>\n<!-- \/ Yoast SEO plugin. -->","yoast_head_json":{"title":"A K\u00f6lcsey verseny eredm\u00e9nyei - Sz\u00e9k\u00e1cs J\u00f3zsef Evang\u00e9likus \u00d3voda, \u00c1ltal\u00e1nos Iskola \u00e9s Gimn\u00e1zium","robots":{"index":"index","follow":"follow","max-snippet":"max-snippet:-1","max-image-preview":"max-image-preview:large","max-video-preview":"max-video-preview:-1"},"canonical":"https:\/\/szekacs.lutheran.hu\/iskola\/kolcsey-verseny-2023-eredmenyek\/","og_locale":"hu_HU","og_type":"article","og_title":"A K\u00f6lcsey verseny eredm\u00e9nyei - Sz\u00e9k\u00e1cs J\u00f3zsef Evang\u00e9likus \u00d3voda, \u00c1ltal\u00e1nos Iskola \u00e9s Gimn\u00e1zium","og_url":"https:\/\/szekacs.lutheran.hu\/iskola\/kolcsey-verseny-2023-eredmenyek\/","og_site_name":"Sz\u00e9k\u00e1cs J\u00f3zsef Evang\u00e9likus \u00d3voda, \u00c1ltal\u00e1nos Iskola \u00e9s Gimn\u00e1zium","article_published_time":"2023-01-19T13:36:33+00:00","article_modified_time":"2023-01-23T09:22:58+00:00","og_image":[{"width":1280,"height":720,"url":"https:\/\/szekacs.lutheran.hu\/iskola\/wp-content\/uploads\/2023\/01\/Nyertesek.jpg","type":"image\/jpeg"}],"author":"admin","twitter_card":"summary_large_image","twitter_misc":{"Szerz\u0151:":"admin","Becs\u00fclt olvas\u00e1si id\u0151":"5 perc"},"schema":{"@context":"https:\/\/schema.org","@graph":[{"@type":"WebPage","@id":"https:\/\/szekacs.lutheran.hu\/iskola\/kolcsey-verseny-2023-eredmenyek\/","url":"https:\/\/szekacs.lutheran.hu\/iskola\/kolcsey-verseny-2023-eredmenyek\/","name":"A K\u00f6lcsey verseny eredm\u00e9nyei - Sz\u00e9k\u00e1cs J\u00f3zsef Evang\u00e9likus \u00d3voda, \u00c1ltal\u00e1nos Iskola \u00e9s Gimn\u00e1zium","isPartOf":{"@id":"https:\/\/szekacs.lutheran.hu\/iskola\/#website"},"primaryImageOfPage":{"@id":"https:\/\/szekacs.lutheran.hu\/iskola\/kolcsey-verseny-2023-eredmenyek\/#primaryimage"},"image":{"@id":"https:\/\/szekacs.lutheran.hu\/iskola\/kolcsey-verseny-2023-eredmenyek\/#primaryimage"},"thumbnailUrl":"https:\/\/szekacs.lutheran.hu\/iskola\/wp-content\/uploads\/2023\/01\/Nyertesek.jpg","datePublished":"2023-01-19T13:36:33+00:00","dateModified":"2023-01-23T09:22:58+00:00","author":{"@id":"https:\/\/szekacs.lutheran.hu\/iskola\/#\/schema\/person\/c2ed2e14631babb098c586494bc7d5df"},"breadcrumb":{"@id":"https:\/\/szekacs.lutheran.hu\/iskola\/kolcsey-verseny-2023-eredmenyek\/#breadcrumb"},"inLanguage":"hu","potentialAction":[{"@type":"ReadAction","target":["https:\/\/szekacs.lutheran.hu\/iskola\/kolcsey-verseny-2023-eredmenyek\/"]}]},{"@type":"ImageObject","inLanguage":"hu","@id":"https:\/\/szekacs.lutheran.hu\/iskola\/kolcsey-verseny-2023-eredmenyek\/#primaryimage","url":"https:\/\/szekacs.lutheran.hu\/iskola\/wp-content\/uploads\/2023\/01\/Nyertesek.jpg","contentUrl":"https:\/\/szekacs.lutheran.hu\/iskola\/wp-content\/uploads\/2023\/01\/Nyertesek.jpg","width":1280,"height":720},{"@type":"BreadcrumbList","@id":"https:\/\/szekacs.lutheran.hu\/iskola\/kolcsey-verseny-2023-eredmenyek\/#breadcrumb","itemListElement":[{"@type":"ListItem","position":1,"name":"Home","item":"https:\/\/szekacs.lutheran.hu\/iskola\/"},{"@type":"ListItem","position":2,"name":"A K\u00f6lcsey verseny eredm\u00e9nyei"}]},{"@type":"WebSite","@id":"https:\/\/szekacs.lutheran.hu\/iskola\/#website","url":"https:\/\/szekacs.lutheran.hu\/iskola\/","name":"Sz\u00e9k\u00e1cs J\u00f3zsef Evang\u00e9likus \u00d3voda, \u00c1ltal\u00e1nos Iskola \u00e9s Gimn\u00e1zium","description":"","potentialAction":[{"@type":"SearchAction","target":{"@type":"EntryPoint","urlTemplate":"https:\/\/szekacs.lutheran.hu\/iskola\/?s={search_term_string}"},"query-input":{"@type":"PropertyValueSpecification","valueRequired":true,"valueName":"search_term_string"}}],"inLanguage":"hu"},{"@type":"Person","@id":"https:\/\/szekacs.lutheran.hu\/iskola\/#\/schema\/person\/c2ed2e14631babb098c586494bc7d5df","name":"admin","image":{"@type":"ImageObject","inLanguage":"hu","@id":"https:\/\/szekacs.lutheran.hu\/iskola\/#\/schema\/person\/image\/","url":"https:\/\/secure.gravatar.com\/avatar\/2d9a947cd9a162ca4e5eb73e817e43edd8dcbc6e501b39fb999fb53d65e181f4?s=96&d=mm&r=g","contentUrl":"https:\/\/secure.gravatar.com\/avatar\/2d9a947cd9a162ca4e5eb73e817e43edd8dcbc6e501b39fb999fb53d65e181f4?s=96&d=mm&r=g","caption":"admin"},"url":"https:\/\/szekacs.lutheran.hu\/iskola\/author\/admin\/"}]}},"_links":{"self":[{"href":"https:\/\/szekacs.lutheran.hu\/iskola\/wp-json\/wp\/v2\/posts\/27788","targetHints":{"allow":["GET"]}}],"collection":[{"href":"https:\/\/szekacs.lutheran.hu\/iskola\/wp-json\/wp\/v2\/posts"}],"about":[{"href":"https:\/\/szekacs.lutheran.hu\/iskola\/wp-json\/wp\/v2\/types\/post"}],"author":[{"embeddable":true,"href":"https:\/\/szekacs.lutheran.hu\/iskola\/wp-json\/wp\/v2\/users\/1"}],"replies":[{"embeddable":true,"href":"https:\/\/szekacs.lutheran.hu\/iskola\/wp-json\/wp\/v2\/comments?post=27788"}],"version-history":[{"count":7,"href":"https:\/\/szekacs.lutheran.hu\/iskola\/wp-json\/wp\/v2\/posts\/27788\/revisions"}],"predecessor-version":[{"id":27930,"href":"https:\/\/szekacs.lutheran.hu\/iskola\/wp-json\/wp\/v2\/posts\/27788\/revisions\/27930"}],"wp:featuredmedia":[{"embeddable":true,"href":"https:\/\/szekacs.lutheran.hu\/iskola\/wp-json\/wp\/v2\/media\/27926"}],"wp:attachment":[{"href":"https:\/\/szekacs.lutheran.hu\/iskola\/wp-json\/wp\/v2\/media?parent=27788"}],"wp:term":[{"taxonomy":"category","embeddable":true,"href":"https:\/\/szekacs.lutheran.hu\/iskola\/wp-json\/wp\/v2\/categories?post=27788"},{"taxonomy":"post_tag","embeddable":true,"href":"https:\/\/szekacs.lutheran.hu\/iskola\/wp-json\/wp\/v2\/tags?post=27788"}],"curies":[{"name":"wp","href":"https:\/\/api.w.org\/{rel}","templated":true}]}}