{"id":27748,"date":"2022-11-23T13:11:23","date_gmt":"2022-11-23T13:11:23","guid":{"rendered":"https:\/\/szekacs.lutheran.hu\/iskola\/?p=27748"},"modified":"2022-12-05T12:17:44","modified_gmt":"2022-12-05T12:17:44","slug":"marton-bal-2022","status":"publish","type":"post","link":"https:\/\/szekacs.lutheran.hu\/iskola\/marton-bal-2022\/","title":{"rendered":"M\u00e1rton b\u00e1l 2022."},"content":{"rendered":"\n<p>Ebben az \u00e9vben m\u00e1r 15. alkalommal rendezte meg iskol\u00e1nk Sz\u00fcl\u0151i munkak\u00f6z\u00f6ss\u00e9ge a j\u00f3t\u00e9konys\u00e1gi M\u00e1rton b\u00e1lt, melynek c\u00e9lja a di\u00e1kok kultur\u00e1lis esem\u00e9nyeken, kir\u00e1ndul\u00e1sokon val\u00f3 r\u00e9szv\u00e9tel\u00e9nek t\u00e1mogat\u00e1sa volt.<\/p>\n\n\n\n<p>T\u00f6bb mint 250 vend\u00e9g vett r\u00e9szt az esem\u00e9nyen 2022. november 12-\u00e9n.<\/p>\n\n\n\n<p>A 19 \u00f3rakor kezd\u0151d\u0151 m\u0171sort a Harangos n\u00e9pt\u00e1ncegy\u00fcttes fell\u00e9p\u00e9se nyitotta, a t\u00e1ncosok k\u00f6z\u00f6tt t\u00f6bb di\u00e1kunk \u00e9s pedag\u00f3gusunk is szerepelt. Az \u00fcnnepi besz\u00e9det Nagyn\u00e9 Miszlai Anita, a Sz\u00fcl\u0151i munkak\u00f6z\u00f6ss\u00e9g eln\u00f6ke mondta, majd Vajer T\u00edmea \u00f3vodavezet\u0151 sz\u00e1molt be az \u00f3vod\u00e1t \u00e9rint\u0151 fejleszt\u00e9sekr\u0151l. <\/p>\n\n\n\n<p>A 10\/A oszt\u00e1ly nyit\u00f3t\u00e1nca angol kering\u0151 volt, ebben Blask\u00f3n\u00e9 T\u00f3szeczki Izabella t\u00e1ncpedag\u00f3gus volt a di\u00e1kok seg\u00edts\u00e9g\u00e9re. Majd ezt k\u00f6vet\u0151en &#8211; m\u00e9g a vacsora el\u0151tt &#8211; \u00d6rd\u00f6g Endre igazgat\u00f3 lelk\u00e9sz k\u00edv\u00e1nt poh\u00e1rk\u00f6sz\u00f6nt\u0151j\u00e9ben j\u00f3 sz\u00f3rakoz\u00e1st mindenkinek.<\/p>\n\n\n\n<p>A b\u00e1l eredm\u00e9nyes volt: a t\u00e1mogat\u00f3i utal\u00e1sokb\u00f3l, a t\u00e1mogat\u00f3jegyekb\u0151l \u00e9s a tombola bev\u00e9tel\u00e9b\u0151l t\u00f6bb mint 1 milli\u00f3 Ft-tal gyarapodtak az int\u00e9zm\u00e9ny alap\u00edtv\u00e1nyai. <\/p>\n\n\n\n<p><a href=\"https:\/\/szekacs.lutheran.hu\/iskola\/galeriak\/marton-bal-2022\/\" target=\"_blank\" rel=\"noreferrer noopener\" aria-label=\"A b\u00e1lon k\u00e9sz\u00fclt k\u00e9peket itt lehet megtekinteni. (\u00faj f\u00fcl\u00f6n nyitja meg)\">A b\u00e1lon k\u00e9sz\u00fclt k\u00e9peket itt lehet megtekinteni.<\/a><\/p>\n","protected":false},"excerpt":{"rendered":"<p>Ebben az \u00e9vben m\u00e1r 15. alkalommal rendezte meg iskol\u00e1nk Sz\u00fcl\u0151i munkak\u00f6z\u00f6ss\u00e9ge a j\u00f3t\u00e9konys\u00e1gi M\u00e1rton b\u00e1lt, melynek c\u00e9lja a di\u00e1kok kultur\u00e1lis&#8230;<\/p>\n","protected":false},"author":1,"featured_media":27741,"comment_status":"closed","ping_status":"closed","sticky":false,"template":"","format":"standard","meta":{"footnotes":""},"categories":[42,43],"tags":[],"class_list":["post-27748","post","type-post","status-publish","format-standard","has-post-thumbnail","hentry","category-aktualis","category-iskolai-elet"],"yoast_head":"<!-- This site is optimized with the Yoast SEO plugin v26.2 - https:\/\/yoast.com\/wordpress\/plugins\/seo\/ -->\n<title>M\u00e1rton b\u00e1l 2022. - Sz\u00e9k\u00e1cs J\u00f3zsef Evang\u00e9likus \u00d3voda, \u00c1ltal\u00e1nos Iskola \u00e9s Gimn\u00e1zium<\/title>\n<meta name=\"robots\" content=\"index, follow, max-snippet:-1, max-image-preview:large, max-video-preview:-1\" \/>\n<link rel=\"canonical\" href=\"https:\/\/szekacs.lutheran.hu\/iskola\/marton-bal-2022\/\" \/>\n<meta property=\"og:locale\" content=\"hu_HU\" \/>\n<meta property=\"og:type\" content=\"article\" \/>\n<meta property=\"og:title\" content=\"M\u00e1rton b\u00e1l 2022. - Sz\u00e9k\u00e1cs J\u00f3zsef Evang\u00e9likus \u00d3voda, \u00c1ltal\u00e1nos Iskola \u00e9s Gimn\u00e1zium\" \/>\n<meta property=\"og:description\" content=\"Ebben az \u00e9vben m\u00e1r 15. alkalommal rendezte meg iskol\u00e1nk Sz\u00fcl\u0151i munkak\u00f6z\u00f6ss\u00e9ge a j\u00f3t\u00e9konys\u00e1gi M\u00e1rton b\u00e1lt, melynek c\u00e9lja a di\u00e1kok kultur\u00e1lis...\" \/>\n<meta property=\"og:url\" content=\"https:\/\/szekacs.lutheran.hu\/iskola\/marton-bal-2022\/\" \/>\n<meta property=\"og:site_name\" content=\"Sz\u00e9k\u00e1cs J\u00f3zsef Evang\u00e9likus \u00d3voda, \u00c1ltal\u00e1nos Iskola \u00e9s Gimn\u00e1zium\" \/>\n<meta property=\"article:published_time\" content=\"2022-11-23T13:11:23+00:00\" \/>\n<meta property=\"article:modified_time\" content=\"2022-12-05T12:17:44+00:00\" \/>\n<meta property=\"og:image\" content=\"https:\/\/szekacs.lutheran.hu\/iskola\/wp-content\/uploads\/2022\/11\/DSC_0451-1024x683.jpg\" \/>\n\t<meta property=\"og:image:width\" content=\"1024\" \/>\n\t<meta property=\"og:image:height\" content=\"683\" \/>\n\t<meta property=\"og:image:type\" content=\"image\/jpeg\" \/>\n<meta name=\"author\" content=\"admin\" \/>\n<meta name=\"twitter:card\" content=\"summary_large_image\" \/>\n<meta name=\"twitter:label1\" content=\"Szerz\u0151:\" \/>\n\t<meta name=\"twitter:data1\" content=\"admin\" \/>\n\t<meta name=\"twitter:label2\" content=\"Becs\u00fclt olvas\u00e1si id\u0151\" \/>\n\t<meta name=\"twitter:data2\" content=\"1 perc\" \/>\n<script type=\"application\/ld+json\" class=\"yoast-schema-graph\">{\"@context\":\"https:\/\/schema.org\",\"@graph\":[{\"@type\":\"WebPage\",\"@id\":\"https:\/\/szekacs.lutheran.hu\/iskola\/marton-bal-2022\/\",\"url\":\"https:\/\/szekacs.lutheran.hu\/iskola\/marton-bal-2022\/\",\"name\":\"M\u00e1rton b\u00e1l 2022. - Sz\u00e9k\u00e1cs J\u00f3zsef Evang\u00e9likus \u00d3voda, \u00c1ltal\u00e1nos Iskola \u00e9s Gimn\u00e1zium\",\"isPartOf\":{\"@id\":\"https:\/\/szekacs.lutheran.hu\/iskola\/#website\"},\"primaryImageOfPage\":{\"@id\":\"https:\/\/szekacs.lutheran.hu\/iskola\/marton-bal-2022\/#primaryimage\"},\"image\":{\"@id\":\"https:\/\/szekacs.lutheran.hu\/iskola\/marton-bal-2022\/#primaryimage\"},\"thumbnailUrl\":\"https:\/\/szekacs.lutheran.hu\/iskola\/wp-content\/uploads\/2022\/11\/DSC_0451.jpg\",\"datePublished\":\"2022-11-23T13:11:23+00:00\",\"dateModified\":\"2022-12-05T12:17:44+00:00\",\"author\":{\"@id\":\"https:\/\/szekacs.lutheran.hu\/iskola\/#\/schema\/person\/c2ed2e14631babb098c586494bc7d5df\"},\"breadcrumb\":{\"@id\":\"https:\/\/szekacs.lutheran.hu\/iskola\/marton-bal-2022\/#breadcrumb\"},\"inLanguage\":\"hu\",\"potentialAction\":[{\"@type\":\"ReadAction\",\"target\":[\"https:\/\/szekacs.lutheran.hu\/iskola\/marton-bal-2022\/\"]}]},{\"@type\":\"ImageObject\",\"inLanguage\":\"hu\",\"@id\":\"https:\/\/szekacs.lutheran.hu\/iskola\/marton-bal-2022\/#primaryimage\",\"url\":\"https:\/\/szekacs.lutheran.hu\/iskola\/wp-content\/uploads\/2022\/11\/DSC_0451.jpg\",\"contentUrl\":\"https:\/\/szekacs.lutheran.hu\/iskola\/wp-content\/uploads\/2022\/11\/DSC_0451.jpg\",\"width\":3456,\"height\":2304},{\"@type\":\"BreadcrumbList\",\"@id\":\"https:\/\/szekacs.lutheran.hu\/iskola\/marton-bal-2022\/#breadcrumb\",\"itemListElement\":[{\"@type\":\"ListItem\",\"position\":1,\"name\":\"Home\",\"item\":\"https:\/\/szekacs.lutheran.hu\/iskola\/\"},{\"@type\":\"ListItem\",\"position\":2,\"name\":\"M\u00e1rton b\u00e1l 2022.\"}]},{\"@type\":\"WebSite\",\"@id\":\"https:\/\/szekacs.lutheran.hu\/iskola\/#website\",\"url\":\"https:\/\/szekacs.lutheran.hu\/iskola\/\",\"name\":\"Sz\u00e9k\u00e1cs J\u00f3zsef Evang\u00e9likus \u00d3voda, \u00c1ltal\u00e1nos Iskola \u00e9s Gimn\u00e1zium\",\"description\":\"\",\"potentialAction\":[{\"@type\":\"SearchAction\",\"target\":{\"@type\":\"EntryPoint\",\"urlTemplate\":\"https:\/\/szekacs.lutheran.hu\/iskola\/?s={search_term_string}\"},\"query-input\":{\"@type\":\"PropertyValueSpecification\",\"valueRequired\":true,\"valueName\":\"search_term_string\"}}],\"inLanguage\":\"hu\"},{\"@type\":\"Person\",\"@id\":\"https:\/\/szekacs.lutheran.hu\/iskola\/#\/schema\/person\/c2ed2e14631babb098c586494bc7d5df\",\"name\":\"admin\",\"image\":{\"@type\":\"ImageObject\",\"inLanguage\":\"hu\",\"@id\":\"https:\/\/szekacs.lutheran.hu\/iskola\/#\/schema\/person\/image\/\",\"url\":\"https:\/\/secure.gravatar.com\/avatar\/2d9a947cd9a162ca4e5eb73e817e43edd8dcbc6e501b39fb999fb53d65e181f4?s=96&d=mm&r=g\",\"contentUrl\":\"https:\/\/secure.gravatar.com\/avatar\/2d9a947cd9a162ca4e5eb73e817e43edd8dcbc6e501b39fb999fb53d65e181f4?s=96&d=mm&r=g\",\"caption\":\"admin\"},\"url\":\"https:\/\/szekacs.lutheran.hu\/iskola\/author\/admin\/\"}]}<\/script>\n<!-- \/ Yoast SEO plugin. -->","yoast_head_json":{"title":"M\u00e1rton b\u00e1l 2022. - Sz\u00e9k\u00e1cs J\u00f3zsef Evang\u00e9likus \u00d3voda, \u00c1ltal\u00e1nos Iskola \u00e9s Gimn\u00e1zium","robots":{"index":"index","follow":"follow","max-snippet":"max-snippet:-1","max-image-preview":"max-image-preview:large","max-video-preview":"max-video-preview:-1"},"canonical":"https:\/\/szekacs.lutheran.hu\/iskola\/marton-bal-2022\/","og_locale":"hu_HU","og_type":"article","og_title":"M\u00e1rton b\u00e1l 2022. - Sz\u00e9k\u00e1cs J\u00f3zsef Evang\u00e9likus \u00d3voda, \u00c1ltal\u00e1nos Iskola \u00e9s Gimn\u00e1zium","og_description":"Ebben az \u00e9vben m\u00e1r 15. alkalommal rendezte meg iskol\u00e1nk Sz\u00fcl\u0151i munkak\u00f6z\u00f6ss\u00e9ge a j\u00f3t\u00e9konys\u00e1gi M\u00e1rton b\u00e1lt, melynek c\u00e9lja a di\u00e1kok kultur\u00e1lis...","og_url":"https:\/\/szekacs.lutheran.hu\/iskola\/marton-bal-2022\/","og_site_name":"Sz\u00e9k\u00e1cs J\u00f3zsef Evang\u00e9likus \u00d3voda, \u00c1ltal\u00e1nos Iskola \u00e9s Gimn\u00e1zium","article_published_time":"2022-11-23T13:11:23+00:00","article_modified_time":"2022-12-05T12:17:44+00:00","og_image":[{"width":1024,"height":683,"url":"https:\/\/szekacs.lutheran.hu\/iskola\/wp-content\/uploads\/2022\/11\/DSC_0451-1024x683.jpg","type":"image\/jpeg"}],"author":"admin","twitter_card":"summary_large_image","twitter_misc":{"Szerz\u0151:":"admin","Becs\u00fclt olvas\u00e1si id\u0151":"1 perc"},"schema":{"@context":"https:\/\/schema.org","@graph":[{"@type":"WebPage","@id":"https:\/\/szekacs.lutheran.hu\/iskola\/marton-bal-2022\/","url":"https:\/\/szekacs.lutheran.hu\/iskola\/marton-bal-2022\/","name":"M\u00e1rton b\u00e1l 2022. - Sz\u00e9k\u00e1cs J\u00f3zsef Evang\u00e9likus \u00d3voda, \u00c1ltal\u00e1nos Iskola \u00e9s Gimn\u00e1zium","isPartOf":{"@id":"https:\/\/szekacs.lutheran.hu\/iskola\/#website"},"primaryImageOfPage":{"@id":"https:\/\/szekacs.lutheran.hu\/iskola\/marton-bal-2022\/#primaryimage"},"image":{"@id":"https:\/\/szekacs.lutheran.hu\/iskola\/marton-bal-2022\/#primaryimage"},"thumbnailUrl":"https:\/\/szekacs.lutheran.hu\/iskola\/wp-content\/uploads\/2022\/11\/DSC_0451.jpg","datePublished":"2022-11-23T13:11:23+00:00","dateModified":"2022-12-05T12:17:44+00:00","author":{"@id":"https:\/\/szekacs.lutheran.hu\/iskola\/#\/schema\/person\/c2ed2e14631babb098c586494bc7d5df"},"breadcrumb":{"@id":"https:\/\/szekacs.lutheran.hu\/iskola\/marton-bal-2022\/#breadcrumb"},"inLanguage":"hu","potentialAction":[{"@type":"ReadAction","target":["https:\/\/szekacs.lutheran.hu\/iskola\/marton-bal-2022\/"]}]},{"@type":"ImageObject","inLanguage":"hu","@id":"https:\/\/szekacs.lutheran.hu\/iskola\/marton-bal-2022\/#primaryimage","url":"https:\/\/szekacs.lutheran.hu\/iskola\/wp-content\/uploads\/2022\/11\/DSC_0451.jpg","contentUrl":"https:\/\/szekacs.lutheran.hu\/iskola\/wp-content\/uploads\/2022\/11\/DSC_0451.jpg","width":3456,"height":2304},{"@type":"BreadcrumbList","@id":"https:\/\/szekacs.lutheran.hu\/iskola\/marton-bal-2022\/#breadcrumb","itemListElement":[{"@type":"ListItem","position":1,"name":"Home","item":"https:\/\/szekacs.lutheran.hu\/iskola\/"},{"@type":"ListItem","position":2,"name":"M\u00e1rton b\u00e1l 2022."}]},{"@type":"WebSite","@id":"https:\/\/szekacs.lutheran.hu\/iskola\/#website","url":"https:\/\/szekacs.lutheran.hu\/iskola\/","name":"Sz\u00e9k\u00e1cs J\u00f3zsef Evang\u00e9likus \u00d3voda, \u00c1ltal\u00e1nos Iskola \u00e9s Gimn\u00e1zium","description":"","potentialAction":[{"@type":"SearchAction","target":{"@type":"EntryPoint","urlTemplate":"https:\/\/szekacs.lutheran.hu\/iskola\/?s={search_term_string}"},"query-input":{"@type":"PropertyValueSpecification","valueRequired":true,"valueName":"search_term_string"}}],"inLanguage":"hu"},{"@type":"Person","@id":"https:\/\/szekacs.lutheran.hu\/iskola\/#\/schema\/person\/c2ed2e14631babb098c586494bc7d5df","name":"admin","image":{"@type":"ImageObject","inLanguage":"hu","@id":"https:\/\/szekacs.lutheran.hu\/iskola\/#\/schema\/person\/image\/","url":"https:\/\/secure.gravatar.com\/avatar\/2d9a947cd9a162ca4e5eb73e817e43edd8dcbc6e501b39fb999fb53d65e181f4?s=96&d=mm&r=g","contentUrl":"https:\/\/secure.gravatar.com\/avatar\/2d9a947cd9a162ca4e5eb73e817e43edd8dcbc6e501b39fb999fb53d65e181f4?s=96&d=mm&r=g","caption":"admin"},"url":"https:\/\/szekacs.lutheran.hu\/iskola\/author\/admin\/"}]}},"_links":{"self":[{"href":"https:\/\/szekacs.lutheran.hu\/iskola\/wp-json\/wp\/v2\/posts\/27748","targetHints":{"allow":["GET"]}}],"collection":[{"href":"https:\/\/szekacs.lutheran.hu\/iskola\/wp-json\/wp\/v2\/posts"}],"about":[{"href":"https:\/\/szekacs.lutheran.hu\/iskola\/wp-json\/wp\/v2\/types\/post"}],"author":[{"embeddable":true,"href":"https:\/\/szekacs.lutheran.hu\/iskola\/wp-json\/wp\/v2\/users\/1"}],"replies":[{"embeddable":true,"href":"https:\/\/szekacs.lutheran.hu\/iskola\/wp-json\/wp\/v2\/comments?post=27748"}],"version-history":[{"count":2,"href":"https:\/\/szekacs.lutheran.hu\/iskola\/wp-json\/wp\/v2\/posts\/27748\/revisions"}],"predecessor-version":[{"id":27755,"href":"https:\/\/szekacs.lutheran.hu\/iskola\/wp-json\/wp\/v2\/posts\/27748\/revisions\/27755"}],"wp:featuredmedia":[{"embeddable":true,"href":"https:\/\/szekacs.lutheran.hu\/iskola\/wp-json\/wp\/v2\/media\/27741"}],"wp:attachment":[{"href":"https:\/\/szekacs.lutheran.hu\/iskola\/wp-json\/wp\/v2\/media?parent=27748"}],"wp:term":[{"taxonomy":"category","embeddable":true,"href":"https:\/\/szekacs.lutheran.hu\/iskola\/wp-json\/wp\/v2\/categories?post=27748"},{"taxonomy":"post_tag","embeddable":true,"href":"https:\/\/szekacs.lutheran.hu\/iskola\/wp-json\/wp\/v2\/tags?post=27748"}],"curies":[{"name":"wp","href":"https:\/\/api.w.org\/{rel}","templated":true}]}}