{"id":27665,"date":"2022-11-02T15:10:23","date_gmt":"2022-11-02T15:10:23","guid":{"rendered":"https:\/\/szekacs.lutheran.hu\/iskola\/?p=27665"},"modified":"2022-11-02T15:10:25","modified_gmt":"2022-11-02T15:10:25","slug":"ismet-megemlekezes-volt-a-diszteremben","status":"publish","type":"post","link":"https:\/\/szekacs.lutheran.hu\/iskola\/ismet-megemlekezes-volt-a-diszteremben\/","title":{"rendered":"Ism\u00e9t megeml\u00e9kez\u00e9s volt a d\u00edszteremben"},"content":{"rendered":"\n<p>Az 1956-os forradalom\nMagyarorsz\u00e1g n\u00e9p\u00e9nek a szt\u00e1linista diktat\u00fara elleni forradalma \u00e9s a szovjet meg\u00adsz\u00e1ll\u00e1s\nellen folytatott szabads\u00e1gharca, amely a 20. sz\u00e1zadi magyar t\u00f6rt\u00e9nelem egyik\nlegmeghat\u00e1roz\u00f3bb esem\u00e9nye volt. A budapesti di\u00e1kok b\u00e9k\u00e9s t\u00fcn\u00adte\u00adt\u00e9\u00ads\u00e9vel\nkezd\u0151d\u00f6tt 1956. okt\u00f3ber 23-\u00e1n, \u00e9s a fegyveres felkel\u0151k ellen\u00e1ll\u00e1s\u00e1nak\nfelmorzsol\u00e1s\u00e1val feje\u00adz\u0151d\u00f6tt be november 10-\u00e9n. Egy forradalom a b\u00e1tors\u00e1gr\u00f3l, a\nhazafis\u00e1gr\u00f3l. Egy szabads\u00e1gharc, amely az elnyom\u00f3 szovjet \u201ebirodalom\u201d akkori\nlegnagyobb probl\u00e9m\u00e1j\u00e1t jelentette. Ez\u00e9rt tartjuk fontosnak \u00e9vr\u0151l \u00e9vre, hogy\nmegeml\u00e9kezz\u00fcnk r\u00f3la. Hogy ne csak besz\u00e9lj\u00fcnk az esem\u00e9nyekr\u0151l, hanem meg is\njelen\u00edts\u00fck azokat. <\/p>\n\n\n\n<p>A \u201eCovid-id\u0151szak\u201d 2020\/21-es \u00e9vei ut\u00e1n el\u0151sz\u00f6r tudtuk megt\u00f6lteni az \u201956-os megeml\u00e9kez\u00e9ssel d\u00edszterm\u00fcnket, ahol nem csak 1956 esem\u00e9nyeit eleven\u00edtett\u00fck fel, hanem hagyom\u00e1nyunkat \u00e1polva az orosh\u00e1zi oktat\u00e1sban 15, 20, 25 \u00e9s 30 \u00e9ve dolgoz\u00f3, t\u00f6rzsg\u00e1rd\u00e1s koll\u00e9g\u00e1inkat is k\u00f6sz\u00f6nt\u00f6tt\u00fck.<\/p>\n\n\n\n<p><a href=\"https:\/\/szekacs.lutheran.hu\/iskola\/galeriak\/1956-os-megemlekezes\/\" target=\"_blank\" rel=\"noreferrer noopener\" aria-label=\"K\u00e9pgal\u00e9ria itt. (\u00faj f\u00fcl\u00f6n nyitja meg)\">K\u00e9pgal\u00e9ria itt.<\/a><\/p>\n\n\n\n<figure class=\"wp-block-pullquote\"><blockquote><p>\u201eNovemberben itt esk\u00fct szegtek,<\/p><p>Gyal\u00e1ztak t\u00f6rv\u00e9nyt, tiportak jogot.<\/p><p>Novemberben v\u00f6r\u00f6ssel, v\u00e9rrel<\/p><p>A m\u00e1glya lobogott.<\/p><p>Novemberben er\u0151szak v\u00e1gott,<\/p><p>Gumibot t\u00e9pett, b\u00f6rt\u00f6n kacagott.<\/p><p>Novemberben a homlokunkra<\/p><p>\u00c9gettek csillagot.<\/p><p>Novemberben s\u00edrnak az utc\u00e1k<\/p><p>Novemberben s\u00edrnak az emberek.<\/p><p>Novemberben k\u00f6nnyek k\u00f6sz\u00f6ntik<\/p><p>Az elesetteket.<\/p><p>Novemberben csend van \u00e9s b\u00e9ke,<\/p><p>Temet\u0151, fejfa, vir\u00e1g \u00e9s kereszt.<\/p><p>Novemberben az \u00e1lmod\u00f3 r\u00f6g<\/p><p>Itt tart \u00e9s nem ereszt.\u201d<\/p><cite>Zas L\u00f3r\u00e1nt: Novemberben<\/cite><\/blockquote><\/figure>\n","protected":false},"excerpt":{"rendered":"<p>Az 1956-os forradalom Magyarorsz\u00e1g n\u00e9p\u00e9nek a szt\u00e1linista diktat\u00fara elleni forradalma \u00e9s a szovjet meg\u00adsz\u00e1ll\u00e1s ellen folytatott szabads\u00e1gharca, amely a 20&#8230;.<\/p>\n","protected":false},"author":1,"featured_media":27675,"comment_status":"closed","ping_status":"closed","sticky":false,"template":"","format":"standard","meta":{"footnotes":""},"categories":[42,43],"tags":[],"class_list":["post-27665","post","type-post","status-publish","format-standard","has-post-thumbnail","hentry","category-aktualis","category-iskolai-elet"],"yoast_head":"<!-- This site is optimized with the Yoast SEO plugin v26.2 - https:\/\/yoast.com\/wordpress\/plugins\/seo\/ -->\n<title>Ism\u00e9t megeml\u00e9kez\u00e9s volt a d\u00edszteremben - Sz\u00e9k\u00e1cs J\u00f3zsef Evang\u00e9likus \u00d3voda, \u00c1ltal\u00e1nos Iskola \u00e9s Gimn\u00e1zium<\/title>\n<meta name=\"robots\" content=\"index, follow, max-snippet:-1, max-image-preview:large, max-video-preview:-1\" \/>\n<link rel=\"canonical\" href=\"https:\/\/szekacs.lutheran.hu\/iskola\/ismet-megemlekezes-volt-a-diszteremben\/\" \/>\n<meta property=\"og:locale\" content=\"hu_HU\" \/>\n<meta property=\"og:type\" content=\"article\" \/>\n<meta property=\"og:title\" content=\"Ism\u00e9t megeml\u00e9kez\u00e9s volt a d\u00edszteremben - Sz\u00e9k\u00e1cs J\u00f3zsef Evang\u00e9likus \u00d3voda, \u00c1ltal\u00e1nos Iskola \u00e9s Gimn\u00e1zium\" \/>\n<meta property=\"og:description\" content=\"Az 1956-os forradalom Magyarorsz\u00e1g n\u00e9p\u00e9nek a szt\u00e1linista diktat\u00fara elleni forradalma \u00e9s a szovjet meg\u00adsz\u00e1ll\u00e1s ellen folytatott szabads\u00e1gharca, amely a 20....\" \/>\n<meta property=\"og:url\" content=\"https:\/\/szekacs.lutheran.hu\/iskola\/ismet-megemlekezes-volt-a-diszteremben\/\" \/>\n<meta property=\"og:site_name\" content=\"Sz\u00e9k\u00e1cs J\u00f3zsef Evang\u00e9likus \u00d3voda, \u00c1ltal\u00e1nos Iskola \u00e9s Gimn\u00e1zium\" \/>\n<meta property=\"article:published_time\" content=\"2022-11-02T15:10:23+00:00\" \/>\n<meta property=\"article:modified_time\" content=\"2022-11-02T15:10:25+00:00\" \/>\n<meta property=\"og:image\" content=\"https:\/\/szekacs.lutheran.hu\/iskola\/wp-content\/uploads\/2022\/11\/56.6-1.jpg\" \/>\n\t<meta property=\"og:image:width\" content=\"2000\" \/>\n\t<meta property=\"og:image:height\" content=\"1500\" \/>\n\t<meta property=\"og:image:type\" content=\"image\/jpeg\" \/>\n<meta name=\"author\" content=\"admin\" \/>\n<meta name=\"twitter:card\" content=\"summary_large_image\" \/>\n<meta name=\"twitter:label1\" content=\"Szerz\u0151:\" \/>\n\t<meta name=\"twitter:data1\" content=\"admin\" \/>\n\t<meta name=\"twitter:label2\" content=\"Becs\u00fclt olvas\u00e1si id\u0151\" \/>\n\t<meta name=\"twitter:data2\" content=\"1 perc\" \/>\n<script type=\"application\/ld+json\" class=\"yoast-schema-graph\">{\"@context\":\"https:\/\/schema.org\",\"@graph\":[{\"@type\":\"WebPage\",\"@id\":\"https:\/\/szekacs.lutheran.hu\/iskola\/ismet-megemlekezes-volt-a-diszteremben\/\",\"url\":\"https:\/\/szekacs.lutheran.hu\/iskola\/ismet-megemlekezes-volt-a-diszteremben\/\",\"name\":\"Ism\u00e9t megeml\u00e9kez\u00e9s volt a d\u00edszteremben - Sz\u00e9k\u00e1cs J\u00f3zsef Evang\u00e9likus \u00d3voda, \u00c1ltal\u00e1nos Iskola \u00e9s Gimn\u00e1zium\",\"isPartOf\":{\"@id\":\"https:\/\/szekacs.lutheran.hu\/iskola\/#website\"},\"primaryImageOfPage\":{\"@id\":\"https:\/\/szekacs.lutheran.hu\/iskola\/ismet-megemlekezes-volt-a-diszteremben\/#primaryimage\"},\"image\":{\"@id\":\"https:\/\/szekacs.lutheran.hu\/iskola\/ismet-megemlekezes-volt-a-diszteremben\/#primaryimage\"},\"thumbnailUrl\":\"https:\/\/szekacs.lutheran.hu\/iskola\/wp-content\/uploads\/2022\/11\/56.6-1.jpg\",\"datePublished\":\"2022-11-02T15:10:23+00:00\",\"dateModified\":\"2022-11-02T15:10:25+00:00\",\"author\":{\"@id\":\"https:\/\/szekacs.lutheran.hu\/iskola\/#\/schema\/person\/c2ed2e14631babb098c586494bc7d5df\"},\"breadcrumb\":{\"@id\":\"https:\/\/szekacs.lutheran.hu\/iskola\/ismet-megemlekezes-volt-a-diszteremben\/#breadcrumb\"},\"inLanguage\":\"hu\",\"potentialAction\":[{\"@type\":\"ReadAction\",\"target\":[\"https:\/\/szekacs.lutheran.hu\/iskola\/ismet-megemlekezes-volt-a-diszteremben\/\"]}]},{\"@type\":\"ImageObject\",\"inLanguage\":\"hu\",\"@id\":\"https:\/\/szekacs.lutheran.hu\/iskola\/ismet-megemlekezes-volt-a-diszteremben\/#primaryimage\",\"url\":\"https:\/\/szekacs.lutheran.hu\/iskola\/wp-content\/uploads\/2022\/11\/56.6-1.jpg\",\"contentUrl\":\"https:\/\/szekacs.lutheran.hu\/iskola\/wp-content\/uploads\/2022\/11\/56.6-1.jpg\",\"width\":2000,\"height\":1500},{\"@type\":\"BreadcrumbList\",\"@id\":\"https:\/\/szekacs.lutheran.hu\/iskola\/ismet-megemlekezes-volt-a-diszteremben\/#breadcrumb\",\"itemListElement\":[{\"@type\":\"ListItem\",\"position\":1,\"name\":\"Home\",\"item\":\"https:\/\/szekacs.lutheran.hu\/iskola\/\"},{\"@type\":\"ListItem\",\"position\":2,\"name\":\"Ism\u00e9t megeml\u00e9kez\u00e9s volt a d\u00edszteremben\"}]},{\"@type\":\"WebSite\",\"@id\":\"https:\/\/szekacs.lutheran.hu\/iskola\/#website\",\"url\":\"https:\/\/szekacs.lutheran.hu\/iskola\/\",\"name\":\"Sz\u00e9k\u00e1cs J\u00f3zsef Evang\u00e9likus \u00d3voda, \u00c1ltal\u00e1nos Iskola \u00e9s Gimn\u00e1zium\",\"description\":\"\",\"potentialAction\":[{\"@type\":\"SearchAction\",\"target\":{\"@type\":\"EntryPoint\",\"urlTemplate\":\"https:\/\/szekacs.lutheran.hu\/iskola\/?s={search_term_string}\"},\"query-input\":{\"@type\":\"PropertyValueSpecification\",\"valueRequired\":true,\"valueName\":\"search_term_string\"}}],\"inLanguage\":\"hu\"},{\"@type\":\"Person\",\"@id\":\"https:\/\/szekacs.lutheran.hu\/iskola\/#\/schema\/person\/c2ed2e14631babb098c586494bc7d5df\",\"name\":\"admin\",\"image\":{\"@type\":\"ImageObject\",\"inLanguage\":\"hu\",\"@id\":\"https:\/\/szekacs.lutheran.hu\/iskola\/#\/schema\/person\/image\/\",\"url\":\"https:\/\/secure.gravatar.com\/avatar\/2d9a947cd9a162ca4e5eb73e817e43edd8dcbc6e501b39fb999fb53d65e181f4?s=96&d=mm&r=g\",\"contentUrl\":\"https:\/\/secure.gravatar.com\/avatar\/2d9a947cd9a162ca4e5eb73e817e43edd8dcbc6e501b39fb999fb53d65e181f4?s=96&d=mm&r=g\",\"caption\":\"admin\"},\"url\":\"https:\/\/szekacs.lutheran.hu\/iskola\/author\/admin\/\"}]}<\/script>\n<!-- \/ Yoast SEO plugin. -->","yoast_head_json":{"title":"Ism\u00e9t megeml\u00e9kez\u00e9s volt a d\u00edszteremben - Sz\u00e9k\u00e1cs J\u00f3zsef Evang\u00e9likus \u00d3voda, \u00c1ltal\u00e1nos Iskola \u00e9s Gimn\u00e1zium","robots":{"index":"index","follow":"follow","max-snippet":"max-snippet:-1","max-image-preview":"max-image-preview:large","max-video-preview":"max-video-preview:-1"},"canonical":"https:\/\/szekacs.lutheran.hu\/iskola\/ismet-megemlekezes-volt-a-diszteremben\/","og_locale":"hu_HU","og_type":"article","og_title":"Ism\u00e9t megeml\u00e9kez\u00e9s volt a d\u00edszteremben - Sz\u00e9k\u00e1cs J\u00f3zsef Evang\u00e9likus \u00d3voda, \u00c1ltal\u00e1nos Iskola \u00e9s Gimn\u00e1zium","og_description":"Az 1956-os forradalom Magyarorsz\u00e1g n\u00e9p\u00e9nek a szt\u00e1linista diktat\u00fara elleni forradalma \u00e9s a szovjet meg\u00adsz\u00e1ll\u00e1s ellen folytatott szabads\u00e1gharca, amely a 20....","og_url":"https:\/\/szekacs.lutheran.hu\/iskola\/ismet-megemlekezes-volt-a-diszteremben\/","og_site_name":"Sz\u00e9k\u00e1cs J\u00f3zsef Evang\u00e9likus \u00d3voda, \u00c1ltal\u00e1nos Iskola \u00e9s Gimn\u00e1zium","article_published_time":"2022-11-02T15:10:23+00:00","article_modified_time":"2022-11-02T15:10:25+00:00","og_image":[{"width":2000,"height":1500,"url":"https:\/\/szekacs.lutheran.hu\/iskola\/wp-content\/uploads\/2022\/11\/56.6-1.jpg","type":"image\/jpeg"}],"author":"admin","twitter_card":"summary_large_image","twitter_misc":{"Szerz\u0151:":"admin","Becs\u00fclt olvas\u00e1si id\u0151":"1 perc"},"schema":{"@context":"https:\/\/schema.org","@graph":[{"@type":"WebPage","@id":"https:\/\/szekacs.lutheran.hu\/iskola\/ismet-megemlekezes-volt-a-diszteremben\/","url":"https:\/\/szekacs.lutheran.hu\/iskola\/ismet-megemlekezes-volt-a-diszteremben\/","name":"Ism\u00e9t megeml\u00e9kez\u00e9s volt a d\u00edszteremben - Sz\u00e9k\u00e1cs J\u00f3zsef Evang\u00e9likus \u00d3voda, \u00c1ltal\u00e1nos Iskola \u00e9s Gimn\u00e1zium","isPartOf":{"@id":"https:\/\/szekacs.lutheran.hu\/iskola\/#website"},"primaryImageOfPage":{"@id":"https:\/\/szekacs.lutheran.hu\/iskola\/ismet-megemlekezes-volt-a-diszteremben\/#primaryimage"},"image":{"@id":"https:\/\/szekacs.lutheran.hu\/iskola\/ismet-megemlekezes-volt-a-diszteremben\/#primaryimage"},"thumbnailUrl":"https:\/\/szekacs.lutheran.hu\/iskola\/wp-content\/uploads\/2022\/11\/56.6-1.jpg","datePublished":"2022-11-02T15:10:23+00:00","dateModified":"2022-11-02T15:10:25+00:00","author":{"@id":"https:\/\/szekacs.lutheran.hu\/iskola\/#\/schema\/person\/c2ed2e14631babb098c586494bc7d5df"},"breadcrumb":{"@id":"https:\/\/szekacs.lutheran.hu\/iskola\/ismet-megemlekezes-volt-a-diszteremben\/#breadcrumb"},"inLanguage":"hu","potentialAction":[{"@type":"ReadAction","target":["https:\/\/szekacs.lutheran.hu\/iskola\/ismet-megemlekezes-volt-a-diszteremben\/"]}]},{"@type":"ImageObject","inLanguage":"hu","@id":"https:\/\/szekacs.lutheran.hu\/iskola\/ismet-megemlekezes-volt-a-diszteremben\/#primaryimage","url":"https:\/\/szekacs.lutheran.hu\/iskola\/wp-content\/uploads\/2022\/11\/56.6-1.jpg","contentUrl":"https:\/\/szekacs.lutheran.hu\/iskola\/wp-content\/uploads\/2022\/11\/56.6-1.jpg","width":2000,"height":1500},{"@type":"BreadcrumbList","@id":"https:\/\/szekacs.lutheran.hu\/iskola\/ismet-megemlekezes-volt-a-diszteremben\/#breadcrumb","itemListElement":[{"@type":"ListItem","position":1,"name":"Home","item":"https:\/\/szekacs.lutheran.hu\/iskola\/"},{"@type":"ListItem","position":2,"name":"Ism\u00e9t megeml\u00e9kez\u00e9s volt a d\u00edszteremben"}]},{"@type":"WebSite","@id":"https:\/\/szekacs.lutheran.hu\/iskola\/#website","url":"https:\/\/szekacs.lutheran.hu\/iskola\/","name":"Sz\u00e9k\u00e1cs J\u00f3zsef Evang\u00e9likus \u00d3voda, \u00c1ltal\u00e1nos Iskola \u00e9s Gimn\u00e1zium","description":"","potentialAction":[{"@type":"SearchAction","target":{"@type":"EntryPoint","urlTemplate":"https:\/\/szekacs.lutheran.hu\/iskola\/?s={search_term_string}"},"query-input":{"@type":"PropertyValueSpecification","valueRequired":true,"valueName":"search_term_string"}}],"inLanguage":"hu"},{"@type":"Person","@id":"https:\/\/szekacs.lutheran.hu\/iskola\/#\/schema\/person\/c2ed2e14631babb098c586494bc7d5df","name":"admin","image":{"@type":"ImageObject","inLanguage":"hu","@id":"https:\/\/szekacs.lutheran.hu\/iskola\/#\/schema\/person\/image\/","url":"https:\/\/secure.gravatar.com\/avatar\/2d9a947cd9a162ca4e5eb73e817e43edd8dcbc6e501b39fb999fb53d65e181f4?s=96&d=mm&r=g","contentUrl":"https:\/\/secure.gravatar.com\/avatar\/2d9a947cd9a162ca4e5eb73e817e43edd8dcbc6e501b39fb999fb53d65e181f4?s=96&d=mm&r=g","caption":"admin"},"url":"https:\/\/szekacs.lutheran.hu\/iskola\/author\/admin\/"}]}},"_links":{"self":[{"href":"https:\/\/szekacs.lutheran.hu\/iskola\/wp-json\/wp\/v2\/posts\/27665","targetHints":{"allow":["GET"]}}],"collection":[{"href":"https:\/\/szekacs.lutheran.hu\/iskola\/wp-json\/wp\/v2\/posts"}],"about":[{"href":"https:\/\/szekacs.lutheran.hu\/iskola\/wp-json\/wp\/v2\/types\/post"}],"author":[{"embeddable":true,"href":"https:\/\/szekacs.lutheran.hu\/iskola\/wp-json\/wp\/v2\/users\/1"}],"replies":[{"embeddable":true,"href":"https:\/\/szekacs.lutheran.hu\/iskola\/wp-json\/wp\/v2\/comments?post=27665"}],"version-history":[{"count":1,"href":"https:\/\/szekacs.lutheran.hu\/iskola\/wp-json\/wp\/v2\/posts\/27665\/revisions"}],"predecessor-version":[{"id":27676,"href":"https:\/\/szekacs.lutheran.hu\/iskola\/wp-json\/wp\/v2\/posts\/27665\/revisions\/27676"}],"wp:featuredmedia":[{"embeddable":true,"href":"https:\/\/szekacs.lutheran.hu\/iskola\/wp-json\/wp\/v2\/media\/27675"}],"wp:attachment":[{"href":"https:\/\/szekacs.lutheran.hu\/iskola\/wp-json\/wp\/v2\/media?parent=27665"}],"wp:term":[{"taxonomy":"category","embeddable":true,"href":"https:\/\/szekacs.lutheran.hu\/iskola\/wp-json\/wp\/v2\/categories?post=27665"},{"taxonomy":"post_tag","embeddable":true,"href":"https:\/\/szekacs.lutheran.hu\/iskola\/wp-json\/wp\/v2\/tags?post=27665"}],"curies":[{"name":"wp","href":"https:\/\/api.w.org\/{rel}","templated":true}]}}