{"id":27534,"date":"2022-06-24T12:57:07","date_gmt":"2022-06-24T12:57:07","guid":{"rendered":"https:\/\/szekacs.lutheran.hu\/iskola\/?p=27534"},"modified":"2022-06-24T12:57:10","modified_gmt":"2022-06-24T12:57:10","slug":"itt-a-nyar","status":"publish","type":"post","link":"https:\/\/szekacs.lutheran.hu\/iskola\/itt-a-nyar\/","title":{"rendered":"Itt a ny\u00e1r!"},"content":{"rendered":"\n<p>Pedag\u00f3giai asszisztens\u00fcnk, M\u00e9dea n\u00e9ni j\u00f3volt\u00e1b\u00f3l n\u00e9h\u00e1ny kedves \u00fczenet olvashat\u00f3 iskol\u00e1nk f\u00f6ldszintj\u00e9n. Fogadj\u00e1tok meg a j\u00f3tan\u00e1csokat, mindenkit v\u00e1runk vissza az iskol\u00e1ba!<\/p>\n\n\n\n<p><strong>Els\u0151 tan\u00edt\u00e1si nap:<\/strong> 2022. szeptember 1. cs\u00fct\u00f6rt\u00f6k 8-11 \u00f3r\u00e1ig<\/p>\n\n\n\n<p><strong>Tan\u00e9vnyit\u00f3 istentisztelet:<\/strong> 2022. szeptember 4. vas\u00e1rnap 10 \u00f3r\u00e1t\u00f3l<\/p>\n\n\n\n<p><\/p>\n\n\n\n<p><strong>V<\/strong>\u00e1r a j\u00e1t\u00e9k, v\u00e1r a strand.<\/p>\n\n\n\n<p><strong>A<\/strong>ludj j\u00f3 sokat!<\/p>\n\n\n\n<p><strong>K<\/strong>er\u00fcld a kockul\u00e1st!<\/p>\n\n\n\n<p><strong>\u00c1<\/strong>pold a bar\u00e1ts\u00e1gaidat!\u00a0\u00a0 <\/p>\n\n\n\n<p><strong>C<\/strong>\u00e9lod legyen a testi-lelki t\u00f6lt\u0151d\u00e9s!<\/p>\n\n\n\n<p><strong>I<\/strong>smerj meg \u00faj helyeket! <\/p>\n\n\n\n<p><strong>\u00d3<\/strong>vatos l\u00e9gy a ny\u00e1ron is!<\/p>\n","protected":false},"excerpt":{"rendered":"<p>Pedag\u00f3giai asszisztens\u00fcnk, M\u00e9dea n\u00e9ni j\u00f3volt\u00e1b\u00f3l n\u00e9h\u00e1ny kedves \u00fczenet olvashat\u00f3 iskol\u00e1nk f\u00f6ldszintj\u00e9n. Fogadj\u00e1tok meg a j\u00f3tan\u00e1csokat, mindenkit v\u00e1runk vissza az iskol\u00e1ba!&#8230;<\/p>\n","protected":false},"author":1,"featured_media":27535,"comment_status":"closed","ping_status":"closed","sticky":false,"template":"","format":"standard","meta":{"footnotes":""},"categories":[42,43],"tags":[],"class_list":["post-27534","post","type-post","status-publish","format-standard","has-post-thumbnail","hentry","category-aktualis","category-iskolai-elet"],"yoast_head":"<!-- This site is optimized with the Yoast SEO plugin v26.2 - https:\/\/yoast.com\/wordpress\/plugins\/seo\/ -->\n<title>Itt a ny\u00e1r! - Sz\u00e9k\u00e1cs J\u00f3zsef Evang\u00e9likus \u00d3voda, \u00c1ltal\u00e1nos Iskola \u00e9s Gimn\u00e1zium<\/title>\n<meta name=\"robots\" content=\"index, follow, max-snippet:-1, max-image-preview:large, max-video-preview:-1\" \/>\n<link rel=\"canonical\" href=\"https:\/\/szekacs.lutheran.hu\/iskola\/itt-a-nyar\/\" \/>\n<meta property=\"og:locale\" content=\"hu_HU\" \/>\n<meta property=\"og:type\" content=\"article\" \/>\n<meta property=\"og:title\" content=\"Itt a ny\u00e1r! - Sz\u00e9k\u00e1cs J\u00f3zsef Evang\u00e9likus \u00d3voda, \u00c1ltal\u00e1nos Iskola \u00e9s Gimn\u00e1zium\" \/>\n<meta property=\"og:description\" content=\"Pedag\u00f3giai asszisztens\u00fcnk, M\u00e9dea n\u00e9ni j\u00f3volt\u00e1b\u00f3l n\u00e9h\u00e1ny kedves \u00fczenet olvashat\u00f3 iskol\u00e1nk f\u00f6ldszintj\u00e9n. Fogadj\u00e1tok meg a j\u00f3tan\u00e1csokat, mindenkit v\u00e1runk vissza az iskol\u00e1ba!...\" \/>\n<meta property=\"og:url\" content=\"https:\/\/szekacs.lutheran.hu\/iskola\/itt-a-nyar\/\" \/>\n<meta property=\"og:site_name\" content=\"Sz\u00e9k\u00e1cs J\u00f3zsef Evang\u00e9likus \u00d3voda, \u00c1ltal\u00e1nos Iskola \u00e9s Gimn\u00e1zium\" \/>\n<meta property=\"article:published_time\" content=\"2022-06-24T12:57:07+00:00\" \/>\n<meta property=\"article:modified_time\" content=\"2022-06-24T12:57:10+00:00\" \/>\n<meta property=\"og:image\" content=\"https:\/\/szekacs.lutheran.hu\/iskola\/wp-content\/uploads\/2022\/06\/289031654_779966929681026_4199468420886443486_n.jpg\" \/>\n\t<meta property=\"og:image:width\" content=\"1170\" \/>\n\t<meta property=\"og:image:height\" content=\"1560\" \/>\n\t<meta property=\"og:image:type\" content=\"image\/jpeg\" \/>\n<meta name=\"author\" content=\"admin\" \/>\n<meta name=\"twitter:card\" content=\"summary_large_image\" \/>\n<meta name=\"twitter:label1\" content=\"Szerz\u0151:\" \/>\n\t<meta name=\"twitter:data1\" content=\"admin\" \/>\n\t<meta name=\"twitter:label2\" content=\"Becs\u00fclt olvas\u00e1si id\u0151\" \/>\n\t<meta name=\"twitter:data2\" content=\"1 perc\" \/>\n<script type=\"application\/ld+json\" class=\"yoast-schema-graph\">{\"@context\":\"https:\/\/schema.org\",\"@graph\":[{\"@type\":\"WebPage\",\"@id\":\"https:\/\/szekacs.lutheran.hu\/iskola\/itt-a-nyar\/\",\"url\":\"https:\/\/szekacs.lutheran.hu\/iskola\/itt-a-nyar\/\",\"name\":\"Itt a ny\u00e1r! - Sz\u00e9k\u00e1cs J\u00f3zsef Evang\u00e9likus \u00d3voda, \u00c1ltal\u00e1nos Iskola \u00e9s Gimn\u00e1zium\",\"isPartOf\":{\"@id\":\"https:\/\/szekacs.lutheran.hu\/iskola\/#website\"},\"primaryImageOfPage\":{\"@id\":\"https:\/\/szekacs.lutheran.hu\/iskola\/itt-a-nyar\/#primaryimage\"},\"image\":{\"@id\":\"https:\/\/szekacs.lutheran.hu\/iskola\/itt-a-nyar\/#primaryimage\"},\"thumbnailUrl\":\"https:\/\/szekacs.lutheran.hu\/iskola\/wp-content\/uploads\/2022\/06\/289031654_779966929681026_4199468420886443486_n.jpg\",\"datePublished\":\"2022-06-24T12:57:07+00:00\",\"dateModified\":\"2022-06-24T12:57:10+00:00\",\"author\":{\"@id\":\"https:\/\/szekacs.lutheran.hu\/iskola\/#\/schema\/person\/c2ed2e14631babb098c586494bc7d5df\"},\"breadcrumb\":{\"@id\":\"https:\/\/szekacs.lutheran.hu\/iskola\/itt-a-nyar\/#breadcrumb\"},\"inLanguage\":\"hu\",\"potentialAction\":[{\"@type\":\"ReadAction\",\"target\":[\"https:\/\/szekacs.lutheran.hu\/iskola\/itt-a-nyar\/\"]}]},{\"@type\":\"ImageObject\",\"inLanguage\":\"hu\",\"@id\":\"https:\/\/szekacs.lutheran.hu\/iskola\/itt-a-nyar\/#primaryimage\",\"url\":\"https:\/\/szekacs.lutheran.hu\/iskola\/wp-content\/uploads\/2022\/06\/289031654_779966929681026_4199468420886443486_n.jpg\",\"contentUrl\":\"https:\/\/szekacs.lutheran.hu\/iskola\/wp-content\/uploads\/2022\/06\/289031654_779966929681026_4199468420886443486_n.jpg\",\"width\":1170,\"height\":1560},{\"@type\":\"BreadcrumbList\",\"@id\":\"https:\/\/szekacs.lutheran.hu\/iskola\/itt-a-nyar\/#breadcrumb\",\"itemListElement\":[{\"@type\":\"ListItem\",\"position\":1,\"name\":\"Home\",\"item\":\"https:\/\/szekacs.lutheran.hu\/iskola\/\"},{\"@type\":\"ListItem\",\"position\":2,\"name\":\"Itt a ny\u00e1r!\"}]},{\"@type\":\"WebSite\",\"@id\":\"https:\/\/szekacs.lutheran.hu\/iskola\/#website\",\"url\":\"https:\/\/szekacs.lutheran.hu\/iskola\/\",\"name\":\"Sz\u00e9k\u00e1cs J\u00f3zsef Evang\u00e9likus \u00d3voda, \u00c1ltal\u00e1nos Iskola \u00e9s Gimn\u00e1zium\",\"description\":\"\",\"potentialAction\":[{\"@type\":\"SearchAction\",\"target\":{\"@type\":\"EntryPoint\",\"urlTemplate\":\"https:\/\/szekacs.lutheran.hu\/iskola\/?s={search_term_string}\"},\"query-input\":{\"@type\":\"PropertyValueSpecification\",\"valueRequired\":true,\"valueName\":\"search_term_string\"}}],\"inLanguage\":\"hu\"},{\"@type\":\"Person\",\"@id\":\"https:\/\/szekacs.lutheran.hu\/iskola\/#\/schema\/person\/c2ed2e14631babb098c586494bc7d5df\",\"name\":\"admin\",\"image\":{\"@type\":\"ImageObject\",\"inLanguage\":\"hu\",\"@id\":\"https:\/\/szekacs.lutheran.hu\/iskola\/#\/schema\/person\/image\/\",\"url\":\"https:\/\/secure.gravatar.com\/avatar\/2d9a947cd9a162ca4e5eb73e817e43edd8dcbc6e501b39fb999fb53d65e181f4?s=96&d=mm&r=g\",\"contentUrl\":\"https:\/\/secure.gravatar.com\/avatar\/2d9a947cd9a162ca4e5eb73e817e43edd8dcbc6e501b39fb999fb53d65e181f4?s=96&d=mm&r=g\",\"caption\":\"admin\"},\"url\":\"https:\/\/szekacs.lutheran.hu\/iskola\/author\/admin\/\"}]}<\/script>\n<!-- \/ Yoast SEO plugin. -->","yoast_head_json":{"title":"Itt a ny\u00e1r! - Sz\u00e9k\u00e1cs J\u00f3zsef Evang\u00e9likus \u00d3voda, \u00c1ltal\u00e1nos Iskola \u00e9s Gimn\u00e1zium","robots":{"index":"index","follow":"follow","max-snippet":"max-snippet:-1","max-image-preview":"max-image-preview:large","max-video-preview":"max-video-preview:-1"},"canonical":"https:\/\/szekacs.lutheran.hu\/iskola\/itt-a-nyar\/","og_locale":"hu_HU","og_type":"article","og_title":"Itt a ny\u00e1r! - Sz\u00e9k\u00e1cs J\u00f3zsef Evang\u00e9likus \u00d3voda, \u00c1ltal\u00e1nos Iskola \u00e9s Gimn\u00e1zium","og_description":"Pedag\u00f3giai asszisztens\u00fcnk, M\u00e9dea n\u00e9ni j\u00f3volt\u00e1b\u00f3l n\u00e9h\u00e1ny kedves \u00fczenet olvashat\u00f3 iskol\u00e1nk f\u00f6ldszintj\u00e9n. Fogadj\u00e1tok meg a j\u00f3tan\u00e1csokat, mindenkit v\u00e1runk vissza az iskol\u00e1ba!...","og_url":"https:\/\/szekacs.lutheran.hu\/iskola\/itt-a-nyar\/","og_site_name":"Sz\u00e9k\u00e1cs J\u00f3zsef Evang\u00e9likus \u00d3voda, \u00c1ltal\u00e1nos Iskola \u00e9s Gimn\u00e1zium","article_published_time":"2022-06-24T12:57:07+00:00","article_modified_time":"2022-06-24T12:57:10+00:00","og_image":[{"width":1170,"height":1560,"url":"https:\/\/szekacs.lutheran.hu\/iskola\/wp-content\/uploads\/2022\/06\/289031654_779966929681026_4199468420886443486_n.jpg","type":"image\/jpeg"}],"author":"admin","twitter_card":"summary_large_image","twitter_misc":{"Szerz\u0151:":"admin","Becs\u00fclt olvas\u00e1si id\u0151":"1 perc"},"schema":{"@context":"https:\/\/schema.org","@graph":[{"@type":"WebPage","@id":"https:\/\/szekacs.lutheran.hu\/iskola\/itt-a-nyar\/","url":"https:\/\/szekacs.lutheran.hu\/iskola\/itt-a-nyar\/","name":"Itt a ny\u00e1r! - Sz\u00e9k\u00e1cs J\u00f3zsef Evang\u00e9likus \u00d3voda, \u00c1ltal\u00e1nos Iskola \u00e9s Gimn\u00e1zium","isPartOf":{"@id":"https:\/\/szekacs.lutheran.hu\/iskola\/#website"},"primaryImageOfPage":{"@id":"https:\/\/szekacs.lutheran.hu\/iskola\/itt-a-nyar\/#primaryimage"},"image":{"@id":"https:\/\/szekacs.lutheran.hu\/iskola\/itt-a-nyar\/#primaryimage"},"thumbnailUrl":"https:\/\/szekacs.lutheran.hu\/iskola\/wp-content\/uploads\/2022\/06\/289031654_779966929681026_4199468420886443486_n.jpg","datePublished":"2022-06-24T12:57:07+00:00","dateModified":"2022-06-24T12:57:10+00:00","author":{"@id":"https:\/\/szekacs.lutheran.hu\/iskola\/#\/schema\/person\/c2ed2e14631babb098c586494bc7d5df"},"breadcrumb":{"@id":"https:\/\/szekacs.lutheran.hu\/iskola\/itt-a-nyar\/#breadcrumb"},"inLanguage":"hu","potentialAction":[{"@type":"ReadAction","target":["https:\/\/szekacs.lutheran.hu\/iskola\/itt-a-nyar\/"]}]},{"@type":"ImageObject","inLanguage":"hu","@id":"https:\/\/szekacs.lutheran.hu\/iskola\/itt-a-nyar\/#primaryimage","url":"https:\/\/szekacs.lutheran.hu\/iskola\/wp-content\/uploads\/2022\/06\/289031654_779966929681026_4199468420886443486_n.jpg","contentUrl":"https:\/\/szekacs.lutheran.hu\/iskola\/wp-content\/uploads\/2022\/06\/289031654_779966929681026_4199468420886443486_n.jpg","width":1170,"height":1560},{"@type":"BreadcrumbList","@id":"https:\/\/szekacs.lutheran.hu\/iskola\/itt-a-nyar\/#breadcrumb","itemListElement":[{"@type":"ListItem","position":1,"name":"Home","item":"https:\/\/szekacs.lutheran.hu\/iskola\/"},{"@type":"ListItem","position":2,"name":"Itt a ny\u00e1r!"}]},{"@type":"WebSite","@id":"https:\/\/szekacs.lutheran.hu\/iskola\/#website","url":"https:\/\/szekacs.lutheran.hu\/iskola\/","name":"Sz\u00e9k\u00e1cs J\u00f3zsef Evang\u00e9likus \u00d3voda, \u00c1ltal\u00e1nos Iskola \u00e9s Gimn\u00e1zium","description":"","potentialAction":[{"@type":"SearchAction","target":{"@type":"EntryPoint","urlTemplate":"https:\/\/szekacs.lutheran.hu\/iskola\/?s={search_term_string}"},"query-input":{"@type":"PropertyValueSpecification","valueRequired":true,"valueName":"search_term_string"}}],"inLanguage":"hu"},{"@type":"Person","@id":"https:\/\/szekacs.lutheran.hu\/iskola\/#\/schema\/person\/c2ed2e14631babb098c586494bc7d5df","name":"admin","image":{"@type":"ImageObject","inLanguage":"hu","@id":"https:\/\/szekacs.lutheran.hu\/iskola\/#\/schema\/person\/image\/","url":"https:\/\/secure.gravatar.com\/avatar\/2d9a947cd9a162ca4e5eb73e817e43edd8dcbc6e501b39fb999fb53d65e181f4?s=96&d=mm&r=g","contentUrl":"https:\/\/secure.gravatar.com\/avatar\/2d9a947cd9a162ca4e5eb73e817e43edd8dcbc6e501b39fb999fb53d65e181f4?s=96&d=mm&r=g","caption":"admin"},"url":"https:\/\/szekacs.lutheran.hu\/iskola\/author\/admin\/"}]}},"_links":{"self":[{"href":"https:\/\/szekacs.lutheran.hu\/iskola\/wp-json\/wp\/v2\/posts\/27534","targetHints":{"allow":["GET"]}}],"collection":[{"href":"https:\/\/szekacs.lutheran.hu\/iskola\/wp-json\/wp\/v2\/posts"}],"about":[{"href":"https:\/\/szekacs.lutheran.hu\/iskola\/wp-json\/wp\/v2\/types\/post"}],"author":[{"embeddable":true,"href":"https:\/\/szekacs.lutheran.hu\/iskola\/wp-json\/wp\/v2\/users\/1"}],"replies":[{"embeddable":true,"href":"https:\/\/szekacs.lutheran.hu\/iskola\/wp-json\/wp\/v2\/comments?post=27534"}],"version-history":[{"count":1,"href":"https:\/\/szekacs.lutheran.hu\/iskola\/wp-json\/wp\/v2\/posts\/27534\/revisions"}],"predecessor-version":[{"id":27536,"href":"https:\/\/szekacs.lutheran.hu\/iskola\/wp-json\/wp\/v2\/posts\/27534\/revisions\/27536"}],"wp:featuredmedia":[{"embeddable":true,"href":"https:\/\/szekacs.lutheran.hu\/iskola\/wp-json\/wp\/v2\/media\/27535"}],"wp:attachment":[{"href":"https:\/\/szekacs.lutheran.hu\/iskola\/wp-json\/wp\/v2\/media?parent=27534"}],"wp:term":[{"taxonomy":"category","embeddable":true,"href":"https:\/\/szekacs.lutheran.hu\/iskola\/wp-json\/wp\/v2\/categories?post=27534"},{"taxonomy":"post_tag","embeddable":true,"href":"https:\/\/szekacs.lutheran.hu\/iskola\/wp-json\/wp\/v2\/tags?post=27534"}],"curies":[{"name":"wp","href":"https:\/\/api.w.org\/{rel}","templated":true}]}}