{"id":27530,"date":"2022-06-23T11:23:30","date_gmt":"2022-06-23T11:23:30","guid":{"rendered":"https:\/\/szekacs.lutheran.hu\/iskola\/?p=27530"},"modified":"2022-06-23T11:23:33","modified_gmt":"2022-06-23T11:23:33","slug":"atadtak-a-denes-tanito-dijat","status":"publish","type":"post","link":"https:\/\/szekacs.lutheran.hu\/iskola\/atadtak-a-denes-tanito-dijat\/","title":{"rendered":"\u00c1tadt\u00e1k a D\u00e9nes-tan\u00edt\u00f3 d\u00edjat"},"content":{"rendered":"\n<p>A <strong>D\u00e9nes tan\u00edt\u00f3-d\u00edjat<\/strong> az Orosh\u00e1zi Evang\u00e9likus Egyh\u00e1zk\u00f6zs\u00e9g \u00e9s a Sz\u00e9k\u00e1cs J\u00f3zsef Evang\u00e9likus \u00d3voda, \u00c1ltal\u00e1nos Iskola \u00e9s Gimn\u00e1zium k\u00f6z\u00f6sen alap\u00edtotta olyan szem\u00e9lyek r\u00e9sz\u00e9re, akik munk\u00e1ss\u00e1gukkal jelent\u0151s m\u00e9rt\u00e9kben j\u00e1rultak hozz\u00e1 az orosh\u00e1zi evang\u00e9likus oktat\u00e1s \u00e9s k\u00fcl\u00f6n\u00f6sen a Sz\u00e9k\u00e1cs Evang\u00e9likus Iskola h\u00edrnev\u00e9nek \u00e1pol\u00e1s\u00e1hoz, \u00f6regb\u00edt\u00e9s\u00e9hez. <\/p>\n\n\n\n<p>A d\u00edj 5 tag\u00fa kurat\u00f3rium \u00e1ltal adom\u00e1nyozhat\u00f3 pedag\u00f3gusok r\u00e9sz\u00e9re, kiemelked\u0151 oktat\u00f3-nevel\u0151 munk\u00e1ss\u00e1guk\u00e9rt. A kurat\u00f3rium els\u0151 \u00edzben 2021-ben, az iskola 25 \u00e9ves jubileuma alkalm\u00e1b\u00f3l hozott d\u00f6nt\u00e9st, azonban a d\u00edj \u00e1tad\u00e1s\u00e1ra a pand\u00e9mia miatt nem ker\u00fclhetett sor.  <\/p>\n\n\n\n<p>Ezt a mulaszt\u00e1st p\u00f3toltuk a pedag\u00f3gusnapi \u00fcnneps\u00e9gen, amikor iskol\u00e1nk alap\u00edt\u00f3 igazgat\u00f3ja, <strong>Jantos Istv\u00e1nn\u00e9<\/strong> vehette \u00e1t a D\u00e9nes tan\u00edt\u00f3-d\u00edjat. Ilike n\u00e9ni a kilencvenes \u00e9vek elej\u00e9t\u0151l elk\u00f6telezett munk\u00e1sa volt annak, hogy a gy\u00fclekezetnek \u00fajra iskol\u00e1ja legyen, majd 1992-t\u0151l nyugd\u00edjba vonul\u00e1s\u00e1ig krisztusi szolg\u00e1latk\u00e9nt v\u00e9gezte az int\u00e9zm\u00e9ny vezet\u00e9s\u00e9t. B\u00e1r hitvall\u00e1sa szerint Soli Deo Gloria, vagyis egyed\u00fcl Isten\u00e9 a dics\u0151s\u00e9g, iskol\u00e1nk rendk\u00edv\u00fcl sokat k\u00f6sz\u00f6nhet szem\u00e9ly\u00e9nek, ezt fejezi ki most ez a d\u00edj is.  <\/p>\n","protected":false},"excerpt":{"rendered":"<p>A D\u00e9nes tan\u00edt\u00f3-d\u00edjat az Orosh\u00e1zi Evang\u00e9likus Egyh\u00e1zk\u00f6zs\u00e9g \u00e9s a Sz\u00e9k\u00e1cs J\u00f3zsef Evang\u00e9likus \u00d3voda, \u00c1ltal\u00e1nos Iskola \u00e9s Gimn\u00e1zium k\u00f6z\u00f6sen alap\u00edtotta olyan&#8230;<\/p>\n","protected":false},"author":1,"featured_media":27531,"comment_status":"closed","ping_status":"closed","sticky":false,"template":"","format":"standard","meta":{"footnotes":""},"categories":[42,43],"tags":[],"class_list":["post-27530","post","type-post","status-publish","format-standard","has-post-thumbnail","hentry","category-aktualis","category-iskolai-elet"],"yoast_head":"<!-- This site is optimized with the Yoast SEO plugin v26.2 - https:\/\/yoast.com\/wordpress\/plugins\/seo\/ -->\n<title>\u00c1tadt\u00e1k a D\u00e9nes-tan\u00edt\u00f3 d\u00edjat - Sz\u00e9k\u00e1cs J\u00f3zsef Evang\u00e9likus \u00d3voda, \u00c1ltal\u00e1nos Iskola \u00e9s Gimn\u00e1zium<\/title>\n<meta name=\"robots\" content=\"index, follow, max-snippet:-1, max-image-preview:large, max-video-preview:-1\" \/>\n<link rel=\"canonical\" href=\"https:\/\/szekacs.lutheran.hu\/iskola\/atadtak-a-denes-tanito-dijat\/\" \/>\n<meta property=\"og:locale\" content=\"hu_HU\" \/>\n<meta property=\"og:type\" content=\"article\" \/>\n<meta property=\"og:title\" content=\"\u00c1tadt\u00e1k a D\u00e9nes-tan\u00edt\u00f3 d\u00edjat - Sz\u00e9k\u00e1cs J\u00f3zsef Evang\u00e9likus \u00d3voda, \u00c1ltal\u00e1nos Iskola \u00e9s Gimn\u00e1zium\" \/>\n<meta property=\"og:description\" content=\"A D\u00e9nes tan\u00edt\u00f3-d\u00edjat az Orosh\u00e1zi Evang\u00e9likus Egyh\u00e1zk\u00f6zs\u00e9g \u00e9s a Sz\u00e9k\u00e1cs J\u00f3zsef Evang\u00e9likus \u00d3voda, \u00c1ltal\u00e1nos Iskola \u00e9s Gimn\u00e1zium k\u00f6z\u00f6sen alap\u00edtotta olyan...\" \/>\n<meta property=\"og:url\" content=\"https:\/\/szekacs.lutheran.hu\/iskola\/atadtak-a-denes-tanito-dijat\/\" \/>\n<meta property=\"og:site_name\" content=\"Sz\u00e9k\u00e1cs J\u00f3zsef Evang\u00e9likus \u00d3voda, \u00c1ltal\u00e1nos Iskola \u00e9s Gimn\u00e1zium\" \/>\n<meta property=\"article:published_time\" content=\"2022-06-23T11:23:30+00:00\" \/>\n<meta property=\"article:modified_time\" content=\"2022-06-23T11:23:33+00:00\" \/>\n<meta property=\"og:image\" content=\"https:\/\/szekacs.lutheran.hu\/iskola\/wp-content\/uploads\/2022\/06\/IMG_6588-1024x683.jpg\" \/>\n\t<meta property=\"og:image:width\" content=\"1024\" \/>\n\t<meta property=\"og:image:height\" content=\"683\" \/>\n\t<meta property=\"og:image:type\" content=\"image\/jpeg\" \/>\n<meta name=\"author\" content=\"admin\" \/>\n<meta name=\"twitter:card\" content=\"summary_large_image\" \/>\n<meta name=\"twitter:label1\" content=\"Szerz\u0151:\" \/>\n\t<meta name=\"twitter:data1\" content=\"admin\" \/>\n\t<meta name=\"twitter:label2\" content=\"Becs\u00fclt olvas\u00e1si id\u0151\" \/>\n\t<meta name=\"twitter:data2\" content=\"1 perc\" \/>\n<script type=\"application\/ld+json\" class=\"yoast-schema-graph\">{\"@context\":\"https:\/\/schema.org\",\"@graph\":[{\"@type\":\"WebPage\",\"@id\":\"https:\/\/szekacs.lutheran.hu\/iskola\/atadtak-a-denes-tanito-dijat\/\",\"url\":\"https:\/\/szekacs.lutheran.hu\/iskola\/atadtak-a-denes-tanito-dijat\/\",\"name\":\"\u00c1tadt\u00e1k a D\u00e9nes-tan\u00edt\u00f3 d\u00edjat - Sz\u00e9k\u00e1cs J\u00f3zsef Evang\u00e9likus \u00d3voda, \u00c1ltal\u00e1nos Iskola \u00e9s Gimn\u00e1zium\",\"isPartOf\":{\"@id\":\"https:\/\/szekacs.lutheran.hu\/iskola\/#website\"},\"primaryImageOfPage\":{\"@id\":\"https:\/\/szekacs.lutheran.hu\/iskola\/atadtak-a-denes-tanito-dijat\/#primaryimage\"},\"image\":{\"@id\":\"https:\/\/szekacs.lutheran.hu\/iskola\/atadtak-a-denes-tanito-dijat\/#primaryimage\"},\"thumbnailUrl\":\"https:\/\/szekacs.lutheran.hu\/iskola\/wp-content\/uploads\/2022\/06\/IMG_6588.jpg\",\"datePublished\":\"2022-06-23T11:23:30+00:00\",\"dateModified\":\"2022-06-23T11:23:33+00:00\",\"author\":{\"@id\":\"https:\/\/szekacs.lutheran.hu\/iskola\/#\/schema\/person\/c2ed2e14631babb098c586494bc7d5df\"},\"breadcrumb\":{\"@id\":\"https:\/\/szekacs.lutheran.hu\/iskola\/atadtak-a-denes-tanito-dijat\/#breadcrumb\"},\"inLanguage\":\"hu\",\"potentialAction\":[{\"@type\":\"ReadAction\",\"target\":[\"https:\/\/szekacs.lutheran.hu\/iskola\/atadtak-a-denes-tanito-dijat\/\"]}]},{\"@type\":\"ImageObject\",\"inLanguage\":\"hu\",\"@id\":\"https:\/\/szekacs.lutheran.hu\/iskola\/atadtak-a-denes-tanito-dijat\/#primaryimage\",\"url\":\"https:\/\/szekacs.lutheran.hu\/iskola\/wp-content\/uploads\/2022\/06\/IMG_6588.jpg\",\"contentUrl\":\"https:\/\/szekacs.lutheran.hu\/iskola\/wp-content\/uploads\/2022\/06\/IMG_6588.jpg\",\"width\":5184,\"height\":3456},{\"@type\":\"BreadcrumbList\",\"@id\":\"https:\/\/szekacs.lutheran.hu\/iskola\/atadtak-a-denes-tanito-dijat\/#breadcrumb\",\"itemListElement\":[{\"@type\":\"ListItem\",\"position\":1,\"name\":\"Home\",\"item\":\"https:\/\/szekacs.lutheran.hu\/iskola\/\"},{\"@type\":\"ListItem\",\"position\":2,\"name\":\"\u00c1tadt\u00e1k a D\u00e9nes-tan\u00edt\u00f3 d\u00edjat\"}]},{\"@type\":\"WebSite\",\"@id\":\"https:\/\/szekacs.lutheran.hu\/iskola\/#website\",\"url\":\"https:\/\/szekacs.lutheran.hu\/iskola\/\",\"name\":\"Sz\u00e9k\u00e1cs J\u00f3zsef Evang\u00e9likus \u00d3voda, \u00c1ltal\u00e1nos Iskola \u00e9s Gimn\u00e1zium\",\"description\":\"\",\"potentialAction\":[{\"@type\":\"SearchAction\",\"target\":{\"@type\":\"EntryPoint\",\"urlTemplate\":\"https:\/\/szekacs.lutheran.hu\/iskola\/?s={search_term_string}\"},\"query-input\":{\"@type\":\"PropertyValueSpecification\",\"valueRequired\":true,\"valueName\":\"search_term_string\"}}],\"inLanguage\":\"hu\"},{\"@type\":\"Person\",\"@id\":\"https:\/\/szekacs.lutheran.hu\/iskola\/#\/schema\/person\/c2ed2e14631babb098c586494bc7d5df\",\"name\":\"admin\",\"image\":{\"@type\":\"ImageObject\",\"inLanguage\":\"hu\",\"@id\":\"https:\/\/szekacs.lutheran.hu\/iskola\/#\/schema\/person\/image\/\",\"url\":\"https:\/\/secure.gravatar.com\/avatar\/2d9a947cd9a162ca4e5eb73e817e43edd8dcbc6e501b39fb999fb53d65e181f4?s=96&d=mm&r=g\",\"contentUrl\":\"https:\/\/secure.gravatar.com\/avatar\/2d9a947cd9a162ca4e5eb73e817e43edd8dcbc6e501b39fb999fb53d65e181f4?s=96&d=mm&r=g\",\"caption\":\"admin\"},\"url\":\"https:\/\/szekacs.lutheran.hu\/iskola\/author\/admin\/\"}]}<\/script>\n<!-- \/ Yoast SEO plugin. -->","yoast_head_json":{"title":"\u00c1tadt\u00e1k a D\u00e9nes-tan\u00edt\u00f3 d\u00edjat - Sz\u00e9k\u00e1cs J\u00f3zsef Evang\u00e9likus \u00d3voda, \u00c1ltal\u00e1nos Iskola \u00e9s Gimn\u00e1zium","robots":{"index":"index","follow":"follow","max-snippet":"max-snippet:-1","max-image-preview":"max-image-preview:large","max-video-preview":"max-video-preview:-1"},"canonical":"https:\/\/szekacs.lutheran.hu\/iskola\/atadtak-a-denes-tanito-dijat\/","og_locale":"hu_HU","og_type":"article","og_title":"\u00c1tadt\u00e1k a D\u00e9nes-tan\u00edt\u00f3 d\u00edjat - Sz\u00e9k\u00e1cs J\u00f3zsef Evang\u00e9likus \u00d3voda, \u00c1ltal\u00e1nos Iskola \u00e9s Gimn\u00e1zium","og_description":"A D\u00e9nes tan\u00edt\u00f3-d\u00edjat az Orosh\u00e1zi Evang\u00e9likus Egyh\u00e1zk\u00f6zs\u00e9g \u00e9s a Sz\u00e9k\u00e1cs J\u00f3zsef Evang\u00e9likus \u00d3voda, \u00c1ltal\u00e1nos Iskola \u00e9s Gimn\u00e1zium k\u00f6z\u00f6sen alap\u00edtotta olyan...","og_url":"https:\/\/szekacs.lutheran.hu\/iskola\/atadtak-a-denes-tanito-dijat\/","og_site_name":"Sz\u00e9k\u00e1cs J\u00f3zsef Evang\u00e9likus \u00d3voda, \u00c1ltal\u00e1nos Iskola \u00e9s Gimn\u00e1zium","article_published_time":"2022-06-23T11:23:30+00:00","article_modified_time":"2022-06-23T11:23:33+00:00","og_image":[{"width":1024,"height":683,"url":"https:\/\/szekacs.lutheran.hu\/iskola\/wp-content\/uploads\/2022\/06\/IMG_6588-1024x683.jpg","type":"image\/jpeg"}],"author":"admin","twitter_card":"summary_large_image","twitter_misc":{"Szerz\u0151:":"admin","Becs\u00fclt olvas\u00e1si id\u0151":"1 perc"},"schema":{"@context":"https:\/\/schema.org","@graph":[{"@type":"WebPage","@id":"https:\/\/szekacs.lutheran.hu\/iskola\/atadtak-a-denes-tanito-dijat\/","url":"https:\/\/szekacs.lutheran.hu\/iskola\/atadtak-a-denes-tanito-dijat\/","name":"\u00c1tadt\u00e1k a D\u00e9nes-tan\u00edt\u00f3 d\u00edjat - Sz\u00e9k\u00e1cs J\u00f3zsef Evang\u00e9likus \u00d3voda, \u00c1ltal\u00e1nos Iskola \u00e9s Gimn\u00e1zium","isPartOf":{"@id":"https:\/\/szekacs.lutheran.hu\/iskola\/#website"},"primaryImageOfPage":{"@id":"https:\/\/szekacs.lutheran.hu\/iskola\/atadtak-a-denes-tanito-dijat\/#primaryimage"},"image":{"@id":"https:\/\/szekacs.lutheran.hu\/iskola\/atadtak-a-denes-tanito-dijat\/#primaryimage"},"thumbnailUrl":"https:\/\/szekacs.lutheran.hu\/iskola\/wp-content\/uploads\/2022\/06\/IMG_6588.jpg","datePublished":"2022-06-23T11:23:30+00:00","dateModified":"2022-06-23T11:23:33+00:00","author":{"@id":"https:\/\/szekacs.lutheran.hu\/iskola\/#\/schema\/person\/c2ed2e14631babb098c586494bc7d5df"},"breadcrumb":{"@id":"https:\/\/szekacs.lutheran.hu\/iskola\/atadtak-a-denes-tanito-dijat\/#breadcrumb"},"inLanguage":"hu","potentialAction":[{"@type":"ReadAction","target":["https:\/\/szekacs.lutheran.hu\/iskola\/atadtak-a-denes-tanito-dijat\/"]}]},{"@type":"ImageObject","inLanguage":"hu","@id":"https:\/\/szekacs.lutheran.hu\/iskola\/atadtak-a-denes-tanito-dijat\/#primaryimage","url":"https:\/\/szekacs.lutheran.hu\/iskola\/wp-content\/uploads\/2022\/06\/IMG_6588.jpg","contentUrl":"https:\/\/szekacs.lutheran.hu\/iskola\/wp-content\/uploads\/2022\/06\/IMG_6588.jpg","width":5184,"height":3456},{"@type":"BreadcrumbList","@id":"https:\/\/szekacs.lutheran.hu\/iskola\/atadtak-a-denes-tanito-dijat\/#breadcrumb","itemListElement":[{"@type":"ListItem","position":1,"name":"Home","item":"https:\/\/szekacs.lutheran.hu\/iskola\/"},{"@type":"ListItem","position":2,"name":"\u00c1tadt\u00e1k a D\u00e9nes-tan\u00edt\u00f3 d\u00edjat"}]},{"@type":"WebSite","@id":"https:\/\/szekacs.lutheran.hu\/iskola\/#website","url":"https:\/\/szekacs.lutheran.hu\/iskola\/","name":"Sz\u00e9k\u00e1cs J\u00f3zsef Evang\u00e9likus \u00d3voda, \u00c1ltal\u00e1nos Iskola \u00e9s Gimn\u00e1zium","description":"","potentialAction":[{"@type":"SearchAction","target":{"@type":"EntryPoint","urlTemplate":"https:\/\/szekacs.lutheran.hu\/iskola\/?s={search_term_string}"},"query-input":{"@type":"PropertyValueSpecification","valueRequired":true,"valueName":"search_term_string"}}],"inLanguage":"hu"},{"@type":"Person","@id":"https:\/\/szekacs.lutheran.hu\/iskola\/#\/schema\/person\/c2ed2e14631babb098c586494bc7d5df","name":"admin","image":{"@type":"ImageObject","inLanguage":"hu","@id":"https:\/\/szekacs.lutheran.hu\/iskola\/#\/schema\/person\/image\/","url":"https:\/\/secure.gravatar.com\/avatar\/2d9a947cd9a162ca4e5eb73e817e43edd8dcbc6e501b39fb999fb53d65e181f4?s=96&d=mm&r=g","contentUrl":"https:\/\/secure.gravatar.com\/avatar\/2d9a947cd9a162ca4e5eb73e817e43edd8dcbc6e501b39fb999fb53d65e181f4?s=96&d=mm&r=g","caption":"admin"},"url":"https:\/\/szekacs.lutheran.hu\/iskola\/author\/admin\/"}]}},"_links":{"self":[{"href":"https:\/\/szekacs.lutheran.hu\/iskola\/wp-json\/wp\/v2\/posts\/27530","targetHints":{"allow":["GET"]}}],"collection":[{"href":"https:\/\/szekacs.lutheran.hu\/iskola\/wp-json\/wp\/v2\/posts"}],"about":[{"href":"https:\/\/szekacs.lutheran.hu\/iskola\/wp-json\/wp\/v2\/types\/post"}],"author":[{"embeddable":true,"href":"https:\/\/szekacs.lutheran.hu\/iskola\/wp-json\/wp\/v2\/users\/1"}],"replies":[{"embeddable":true,"href":"https:\/\/szekacs.lutheran.hu\/iskola\/wp-json\/wp\/v2\/comments?post=27530"}],"version-history":[{"count":1,"href":"https:\/\/szekacs.lutheran.hu\/iskola\/wp-json\/wp\/v2\/posts\/27530\/revisions"}],"predecessor-version":[{"id":27532,"href":"https:\/\/szekacs.lutheran.hu\/iskola\/wp-json\/wp\/v2\/posts\/27530\/revisions\/27532"}],"wp:featuredmedia":[{"embeddable":true,"href":"https:\/\/szekacs.lutheran.hu\/iskola\/wp-json\/wp\/v2\/media\/27531"}],"wp:attachment":[{"href":"https:\/\/szekacs.lutheran.hu\/iskola\/wp-json\/wp\/v2\/media?parent=27530"}],"wp:term":[{"taxonomy":"category","embeddable":true,"href":"https:\/\/szekacs.lutheran.hu\/iskola\/wp-json\/wp\/v2\/categories?post=27530"},{"taxonomy":"post_tag","embeddable":true,"href":"https:\/\/szekacs.lutheran.hu\/iskola\/wp-json\/wp\/v2\/tags?post=27530"}],"curies":[{"name":"wp","href":"https:\/\/api.w.org\/{rel}","templated":true}]}}