{"id":27490,"date":"2022-05-31T13:51:59","date_gmt":"2022-05-31T13:51:59","guid":{"rendered":"https:\/\/szekacs.lutheran.hu\/iskola\/?p=27490"},"modified":"2022-05-31T13:52:01","modified_gmt":"2022-05-31T13:52:01","slug":"palyazati-hirlevel-4","status":"publish","type":"post","link":"https:\/\/szekacs.lutheran.hu\/iskola\/palyazati-hirlevel-4\/","title":{"rendered":"P\u00e1ly\u00e1zati h\u00edrlev\u00e9l 4."},"content":{"rendered":"\n<p><strong>J\u00e1t\u00e9k a tanul\u00e1s!<\/strong><\/p>\n\n\n\n<p>A c\u00edmk\u00e9nt v\u00e1lasztott jelmondat a c\u00e9lja \u00e9s az alapvet\u0151 hitvall\u00e1sa iskol\u00e1nk \u00faj p\u00e1ly\u00e1zati programj\u00e1nak, melynek megval\u00f3s\u00edt\u00e1sa a 2020\/21. tan\u00e9vben indult el.<\/p>\n\n\n\n<p>A c\u00edmk\u00e9nt\nv\u00e1lasztott jelmondat a c\u00e9lja \u00e9s az alapvet\u0151 hitvall\u00e1sa iskol\u00e1nk p\u00e1ly\u00e1zati\nprogramj\u00e1nak, melynek megval\u00f3s\u00edt\u00e1sa a 2020\/21. tan\u00e9vben indult el.<\/p>\n\n\n\n<p>A p\u00e1ly\u00e1zat\nmegval\u00f3s\u00edt\u00e1s\u00e1ban t\u00f6reksz\u00fcnk az int\u00e9zm\u00e9nyben foly\u00f3 integr\u00e1ci\u00f3s tev\u00e9kenys\u00e9g\nmeg\u00faj\u00edt\u00e1s\u00e1ra, melynek eredm\u00e9nyek\u00e9ppen egyr\u00e9szt az SNI \u00e9s BTMN tanul\u00f3k m\u00e9g\nnagyobb sikereket \u00e9rhetnek el a tanul\u00e1sban, m\u00e1sr\u00e9szt programjainkon kereszt\u00fcl\nminden tan\u00e1rban \u00e9s di\u00e1kban er\u0151s\u00f6dhet az elfogad\u00f3-befogad\u00f3 szeml\u00e9let. <\/p>\n\n\n\n<p>A 2021\/22.\ntan\u00e9v m\u00e1sodik f\u00e9l\u00e9v\u00e9ben folytattuk az els\u0151 f\u00e9l\u00e9vben megkezdett munk\u00e1t. Az\n\u201eUtazz vel\u00fcnk a vil\u00e1g k\u00f6r\u00fcl\u201d elnevez\u00e9s\u0171 vizu\u00e1lis tehets\u00e9gm\u0171hely elind\u00edt\u00e1s\u00e1val nagy\nl\u00e9p\u00e9st tett\u00fcnk az inkluzivit\u00e1s er\u0151s\u00edt\u00e9se fel\u00e9. Celusk\u00e1n\u00e9 Csepregi Al\u00edcia\nvezet\u00e9s\u00e9vel tartott foglalkoz\u00e1sok els\u0151sorban a vizu\u00e1lis kult\u00fara ir\u00e1nt \u00e9rdekl\u0151d\u0151\ndi\u00e1kokat sz\u00f3l\u00edtott\u00e1k meg, de t\u00e9m\u00e1ja, a vil\u00e1g m\u00e1s f\u00f6ldr\u00e9szeinek \u00e9s kult\u00far\u00e1inak\nmegismer\u00e9se alkalmat adott a f\u00f6ldrajz \u00e9s a biol\u00f3gia kedvel\u0151inek is a\nfelfedez\u00e9sben val\u00f3 elm\u00e9ly\u00fcl\u00e9shez. <\/p>\n\n\n\n<p>A k\u00e9thetente\nmegrendezett alkalmakon t\u00f6bb pedag\u00f3gus is k\u00f6zrem\u0171k\u00f6d\u00f6tt: Curpasn\u00e9 Rosinsky\nT\u00fcnde a k\u00e9pz\u0151m\u0171v\u00e9szeti alkot\u00e1sban ir\u00e1ny\u00edtotta a di\u00e1kokat, Olah J\u00e1nos a\nf\u00f6ldrajzi ismereteket b\u0151v\u00edtette, Koczka Istv\u00e1nn\u00e9 pedig a biol\u00f3giai tudnival\u00f3kra\nh\u00edvta fel a figyelmet. <\/p>\n\n\n\n<p>\u00c1prilis 25-\u00e9n\n10 \u00f3r\u00e1t\u00f3l az Orosh\u00e1za h\u00e9t keret\u00e9ben m\u00e1s iskol\u00e1k di\u00e1kjai is megtekinthett\u00e9k azt\na ki\u00e1ll\u00edt\u00e1st, melyet az addig elk\u00e9sz\u00fclt munk\u00e1kb\u00f3l \u00e1ll\u00edtottunk \u00f6ssze. A v\u00e1ros\nminden \u00e1ltal\u00e1nos iskol\u00e1j\u00e1b\u00f3l voltak \u00e9rdekl\u0151d\u0151 csoportok, akik a ki\u00e1ll\u00edt\u00e1shoz\nkapcsol\u00f3d\u00f3an Celusk\u00e1n\u00e9 Csepregi Al\u00edcia besz\u00e1mol\u00f3j\u00e1t is meghallgatt\u00e1k a\ntehets\u00e9gm\u0171hely m\u0171k\u00f6d\u00e9s\u00e9r\u0151l. (<a href=\"https:\/\/oroscafe.hu\/2022\/04\/25\/szekacs-evangelikus-iskola-tehetseghid-program-bemutatkozott-a-szekacs-iskola-muveszeti-tehetsegfejleszto-muhelye\/\">https:\/\/oroscafe.hu\/2022\/04\/25\/szekacs-evangelikus-iskola-tehetseghid-program-bemutatkozott-a-szekacs-iskola-muveszeti-tehetsegfejleszto-muhelye\/<\/a>)\n<\/p>\n\n\n\n<p>A\ntehets\u00e9gm\u0171hely z\u00e1r\u00f3 alkalma m\u00e1jus 6-\u00e1n volt, amikor a di\u00e1kok Budapestre, a Sz\u00e9pm\u0171v\u00e9szeti\nM\u00fazeumba utaztak.<\/p>\n\n\n\n<p>Ott\nm\u00fazeumpedag\u00f3giai foglalkoz\u00e1son vettek r\u00e9szt, illetve n\u00e9h\u00e1ny ki\u00e1ll\u00edt\u00e1st megtekintettek,\nvalamint a V\u00e1rosliget \u00fajdons\u00e1gait is megcsod\u00e1lt\u00e1k. Val\u00f3ban tanulm\u00e1nyi\nkir\u00e1ndul\u00e1s volt ez az alkalom, hisz \u00e1ltala \u00e9lm\u00e9nyszer\u0171en, gyakorlatiasan,\nsokszor egym\u00e1st\u00f3l tanultak.<\/p>\n\n\n\n<p>A\ntehets\u00e9gm\u0171hely eg\u00e9sz \u00e9ves programj\u00e1t az inkluz\u00edv p\u00e1ly\u00e1zat finansz\u00edrozta. A\ntervek k\u00f6z\u00f6tt szerepel a folytat\u00e1s a k\u00f6vetkez\u0151 tan\u00e9vben.<\/p>\n\n\n\n<p>A v\u00e9g\u00e9hez\nk\u00f6zelednek a digit\u00e1lis tartalomfejleszt\u00e9s feladat\u00e1nak munk\u00e1latai.\nB\u00e1nszki-F\u00e1bi\u00e1n Aranka fejleszt\u0151 pedag\u00f3gus ir\u00e1ny\u00edt\u00e1sa mellett Patakfalvi J\u00e1nos\ninformatikus k\u00f6nyvt\u00e1ros koll\u00e9ga elk\u00e9sz\u00edtette a digit\u00e1lis eszk\u00f6z\u00f6n m\u0171k\u00f6d\u0151\nfeladatgy\u0171jtem\u00e9nyt a sz\u00f6veg\u00e9rt\u00e9s fejleszt\u00e9s\u00e9re. Jelenleg a feladatok\nkipr\u00f3b\u00e1l\u00e1sa, tesztel\u00e9se zajlik, hogy a k\u00f6vetkez\u0151 tan\u00e9vt\u0151l hiba n\u00e9lk\u00fcl\nhaszn\u00e1lhass\u00e1k a di\u00e1kok.<\/p>\n\n\n\n<p>A f\u00e9l\u00e9v\ntov\u00e1bbi esem\u00e9nyei k\u00f6zvetlen\u00fcl els\u0151sorban a pedag\u00f3gusok sz\u00e1m\u00e1ra voltak\ngy\u00fcm\u00f6lcs\u00f6z\u0151ek, de v\u00e9gs\u0151 soron haszon\u00e9lvez\u0151je lehet minden di\u00e1kunk. T\u00f6bbf\u00e9le\ntov\u00e1bbk\u00e9pz\u00e9si lehet\u0151s\u00e9gen is r\u00e9szt vehettek az int\u00e9zm\u00e9ny tan\u00e1rai a p\u00e1ly\u00e1zat\nt\u00e1mogat\u00e1s\u00e1val. A tov\u00e1bbk\u00e9pz\u00e9sek c\u00e9lja a kiemelt figyelmet \u00e9rdeml\u0151 di\u00e1kokkal\nval\u00f3 foglalkoz\u00e1s megk\u00f6nny\u00edt\u00e9se volt. Ezen bel\u00fcl humanisztikus kommunik\u00e1ci\u00f3\ntr\u00e9ningen is t\u00f6bb pedag\u00f3gus r\u00e9szt vett \u2013 ez a lehet\u0151s\u00e9g a k\u00f6vetkez\u0151 f\u00e9l\u00e9vben is\nel\u00e9rhet\u0151 lesz.<\/p>\n","protected":false},"excerpt":{"rendered":"<p>J\u00e1t\u00e9k a tanul\u00e1s! A c\u00edmk\u00e9nt v\u00e1lasztott jelmondat a c\u00e9lja \u00e9s az alapvet\u0151 hitvall\u00e1sa iskol\u00e1nk \u00faj p\u00e1ly\u00e1zati programj\u00e1nak, melynek megval\u00f3s\u00edt\u00e1sa a&#8230;<\/p>\n","protected":false},"author":1,"featured_media":23336,"comment_status":"closed","ping_status":"closed","sticky":false,"template":"","format":"standard","meta":{"footnotes":""},"categories":[42,43],"tags":[],"class_list":["post-27490","post","type-post","status-publish","format-standard","has-post-thumbnail","hentry","category-aktualis","category-iskolai-elet"],"yoast_head":"<!-- This site is optimized with the Yoast SEO plugin v26.2 - https:\/\/yoast.com\/wordpress\/plugins\/seo\/ -->\n<title>P\u00e1ly\u00e1zati h\u00edrlev\u00e9l 4. - Sz\u00e9k\u00e1cs J\u00f3zsef Evang\u00e9likus \u00d3voda, \u00c1ltal\u00e1nos Iskola \u00e9s Gimn\u00e1zium<\/title>\n<meta name=\"robots\" content=\"index, follow, max-snippet:-1, max-image-preview:large, max-video-preview:-1\" \/>\n<link rel=\"canonical\" href=\"https:\/\/szekacs.lutheran.hu\/iskola\/palyazati-hirlevel-4\/\" \/>\n<meta property=\"og:locale\" content=\"hu_HU\" \/>\n<meta property=\"og:type\" content=\"article\" \/>\n<meta property=\"og:title\" content=\"P\u00e1ly\u00e1zati h\u00edrlev\u00e9l 4. - Sz\u00e9k\u00e1cs J\u00f3zsef Evang\u00e9likus \u00d3voda, \u00c1ltal\u00e1nos Iskola \u00e9s Gimn\u00e1zium\" \/>\n<meta property=\"og:description\" content=\"J\u00e1t\u00e9k a tanul\u00e1s! A c\u00edmk\u00e9nt v\u00e1lasztott jelmondat a c\u00e9lja \u00e9s az alapvet\u0151 hitvall\u00e1sa iskol\u00e1nk \u00faj p\u00e1ly\u00e1zati programj\u00e1nak, melynek megval\u00f3s\u00edt\u00e1sa a...\" \/>\n<meta property=\"og:url\" content=\"https:\/\/szekacs.lutheran.hu\/iskola\/palyazati-hirlevel-4\/\" \/>\n<meta property=\"og:site_name\" content=\"Sz\u00e9k\u00e1cs J\u00f3zsef Evang\u00e9likus \u00d3voda, \u00c1ltal\u00e1nos Iskola \u00e9s Gimn\u00e1zium\" \/>\n<meta property=\"article:published_time\" content=\"2022-05-31T13:51:59+00:00\" \/>\n<meta property=\"article:modified_time\" content=\"2022-05-31T13:52:01+00:00\" \/>\n<meta property=\"og:image\" content=\"https:\/\/szekacs.lutheran.hu\/iskola\/wp-content\/uploads\/2021\/03\/P\u00e1l\u00e1yzati-h\u00edrlev\u00e9l.png\" \/>\n\t<meta property=\"og:image:width\" content=\"713\" \/>\n\t<meta property=\"og:image:height\" content=\"593\" \/>\n\t<meta property=\"og:image:type\" content=\"image\/png\" \/>\n<meta name=\"author\" content=\"admin\" \/>\n<meta name=\"twitter:card\" content=\"summary_large_image\" \/>\n<meta name=\"twitter:label1\" content=\"Szerz\u0151:\" \/>\n\t<meta name=\"twitter:data1\" content=\"admin\" \/>\n\t<meta name=\"twitter:label2\" content=\"Becs\u00fclt olvas\u00e1si id\u0151\" \/>\n\t<meta name=\"twitter:data2\" content=\"4 perc\" \/>\n<script type=\"application\/ld+json\" class=\"yoast-schema-graph\">{\"@context\":\"https:\/\/schema.org\",\"@graph\":[{\"@type\":\"WebPage\",\"@id\":\"https:\/\/szekacs.lutheran.hu\/iskola\/palyazati-hirlevel-4\/\",\"url\":\"https:\/\/szekacs.lutheran.hu\/iskola\/palyazati-hirlevel-4\/\",\"name\":\"P\u00e1ly\u00e1zati h\u00edrlev\u00e9l 4. - Sz\u00e9k\u00e1cs J\u00f3zsef Evang\u00e9likus \u00d3voda, \u00c1ltal\u00e1nos Iskola \u00e9s Gimn\u00e1zium\",\"isPartOf\":{\"@id\":\"https:\/\/szekacs.lutheran.hu\/iskola\/#website\"},\"primaryImageOfPage\":{\"@id\":\"https:\/\/szekacs.lutheran.hu\/iskola\/palyazati-hirlevel-4\/#primaryimage\"},\"image\":{\"@id\":\"https:\/\/szekacs.lutheran.hu\/iskola\/palyazati-hirlevel-4\/#primaryimage\"},\"thumbnailUrl\":\"https:\/\/szekacs.lutheran.hu\/iskola\/wp-content\/uploads\/2021\/03\/P\u00e1l\u00e1yzati-h\u00edrlev\u00e9l.png\",\"datePublished\":\"2022-05-31T13:51:59+00:00\",\"dateModified\":\"2022-05-31T13:52:01+00:00\",\"author\":{\"@id\":\"https:\/\/szekacs.lutheran.hu\/iskola\/#\/schema\/person\/c2ed2e14631babb098c586494bc7d5df\"},\"breadcrumb\":{\"@id\":\"https:\/\/szekacs.lutheran.hu\/iskola\/palyazati-hirlevel-4\/#breadcrumb\"},\"inLanguage\":\"hu\",\"potentialAction\":[{\"@type\":\"ReadAction\",\"target\":[\"https:\/\/szekacs.lutheran.hu\/iskola\/palyazati-hirlevel-4\/\"]}]},{\"@type\":\"ImageObject\",\"inLanguage\":\"hu\",\"@id\":\"https:\/\/szekacs.lutheran.hu\/iskola\/palyazati-hirlevel-4\/#primaryimage\",\"url\":\"https:\/\/szekacs.lutheran.hu\/iskola\/wp-content\/uploads\/2021\/03\/P\u00e1l\u00e1yzati-h\u00edrlev\u00e9l.png\",\"contentUrl\":\"https:\/\/szekacs.lutheran.hu\/iskola\/wp-content\/uploads\/2021\/03\/P\u00e1l\u00e1yzati-h\u00edrlev\u00e9l.png\",\"width\":713,\"height\":593},{\"@type\":\"BreadcrumbList\",\"@id\":\"https:\/\/szekacs.lutheran.hu\/iskola\/palyazati-hirlevel-4\/#breadcrumb\",\"itemListElement\":[{\"@type\":\"ListItem\",\"position\":1,\"name\":\"Home\",\"item\":\"https:\/\/szekacs.lutheran.hu\/iskola\/\"},{\"@type\":\"ListItem\",\"position\":2,\"name\":\"P\u00e1ly\u00e1zati h\u00edrlev\u00e9l 4.\"}]},{\"@type\":\"WebSite\",\"@id\":\"https:\/\/szekacs.lutheran.hu\/iskola\/#website\",\"url\":\"https:\/\/szekacs.lutheran.hu\/iskola\/\",\"name\":\"Sz\u00e9k\u00e1cs J\u00f3zsef Evang\u00e9likus \u00d3voda, \u00c1ltal\u00e1nos Iskola \u00e9s Gimn\u00e1zium\",\"description\":\"\",\"potentialAction\":[{\"@type\":\"SearchAction\",\"target\":{\"@type\":\"EntryPoint\",\"urlTemplate\":\"https:\/\/szekacs.lutheran.hu\/iskola\/?s={search_term_string}\"},\"query-input\":{\"@type\":\"PropertyValueSpecification\",\"valueRequired\":true,\"valueName\":\"search_term_string\"}}],\"inLanguage\":\"hu\"},{\"@type\":\"Person\",\"@id\":\"https:\/\/szekacs.lutheran.hu\/iskola\/#\/schema\/person\/c2ed2e14631babb098c586494bc7d5df\",\"name\":\"admin\",\"image\":{\"@type\":\"ImageObject\",\"inLanguage\":\"hu\",\"@id\":\"https:\/\/szekacs.lutheran.hu\/iskola\/#\/schema\/person\/image\/\",\"url\":\"https:\/\/secure.gravatar.com\/avatar\/2d9a947cd9a162ca4e5eb73e817e43edd8dcbc6e501b39fb999fb53d65e181f4?s=96&d=mm&r=g\",\"contentUrl\":\"https:\/\/secure.gravatar.com\/avatar\/2d9a947cd9a162ca4e5eb73e817e43edd8dcbc6e501b39fb999fb53d65e181f4?s=96&d=mm&r=g\",\"caption\":\"admin\"},\"url\":\"https:\/\/szekacs.lutheran.hu\/iskola\/author\/admin\/\"}]}<\/script>\n<!-- \/ Yoast SEO plugin. -->","yoast_head_json":{"title":"P\u00e1ly\u00e1zati h\u00edrlev\u00e9l 4. - Sz\u00e9k\u00e1cs J\u00f3zsef Evang\u00e9likus \u00d3voda, \u00c1ltal\u00e1nos Iskola \u00e9s Gimn\u00e1zium","robots":{"index":"index","follow":"follow","max-snippet":"max-snippet:-1","max-image-preview":"max-image-preview:large","max-video-preview":"max-video-preview:-1"},"canonical":"https:\/\/szekacs.lutheran.hu\/iskola\/palyazati-hirlevel-4\/","og_locale":"hu_HU","og_type":"article","og_title":"P\u00e1ly\u00e1zati h\u00edrlev\u00e9l 4. - Sz\u00e9k\u00e1cs J\u00f3zsef Evang\u00e9likus \u00d3voda, \u00c1ltal\u00e1nos Iskola \u00e9s Gimn\u00e1zium","og_description":"J\u00e1t\u00e9k a tanul\u00e1s! A c\u00edmk\u00e9nt v\u00e1lasztott jelmondat a c\u00e9lja \u00e9s az alapvet\u0151 hitvall\u00e1sa iskol\u00e1nk \u00faj p\u00e1ly\u00e1zati programj\u00e1nak, melynek megval\u00f3s\u00edt\u00e1sa a...","og_url":"https:\/\/szekacs.lutheran.hu\/iskola\/palyazati-hirlevel-4\/","og_site_name":"Sz\u00e9k\u00e1cs J\u00f3zsef Evang\u00e9likus \u00d3voda, \u00c1ltal\u00e1nos Iskola \u00e9s Gimn\u00e1zium","article_published_time":"2022-05-31T13:51:59+00:00","article_modified_time":"2022-05-31T13:52:01+00:00","og_image":[{"width":713,"height":593,"url":"https:\/\/szekacs.lutheran.hu\/iskola\/wp-content\/uploads\/2021\/03\/P\u00e1l\u00e1yzati-h\u00edrlev\u00e9l.png","type":"image\/png"}],"author":"admin","twitter_card":"summary_large_image","twitter_misc":{"Szerz\u0151:":"admin","Becs\u00fclt olvas\u00e1si id\u0151":"4 perc"},"schema":{"@context":"https:\/\/schema.org","@graph":[{"@type":"WebPage","@id":"https:\/\/szekacs.lutheran.hu\/iskola\/palyazati-hirlevel-4\/","url":"https:\/\/szekacs.lutheran.hu\/iskola\/palyazati-hirlevel-4\/","name":"P\u00e1ly\u00e1zati h\u00edrlev\u00e9l 4. - Sz\u00e9k\u00e1cs J\u00f3zsef Evang\u00e9likus \u00d3voda, \u00c1ltal\u00e1nos Iskola \u00e9s Gimn\u00e1zium","isPartOf":{"@id":"https:\/\/szekacs.lutheran.hu\/iskola\/#website"},"primaryImageOfPage":{"@id":"https:\/\/szekacs.lutheran.hu\/iskola\/palyazati-hirlevel-4\/#primaryimage"},"image":{"@id":"https:\/\/szekacs.lutheran.hu\/iskola\/palyazati-hirlevel-4\/#primaryimage"},"thumbnailUrl":"https:\/\/szekacs.lutheran.hu\/iskola\/wp-content\/uploads\/2021\/03\/P\u00e1l\u00e1yzati-h\u00edrlev\u00e9l.png","datePublished":"2022-05-31T13:51:59+00:00","dateModified":"2022-05-31T13:52:01+00:00","author":{"@id":"https:\/\/szekacs.lutheran.hu\/iskola\/#\/schema\/person\/c2ed2e14631babb098c586494bc7d5df"},"breadcrumb":{"@id":"https:\/\/szekacs.lutheran.hu\/iskola\/palyazati-hirlevel-4\/#breadcrumb"},"inLanguage":"hu","potentialAction":[{"@type":"ReadAction","target":["https:\/\/szekacs.lutheran.hu\/iskola\/palyazati-hirlevel-4\/"]}]},{"@type":"ImageObject","inLanguage":"hu","@id":"https:\/\/szekacs.lutheran.hu\/iskola\/palyazati-hirlevel-4\/#primaryimage","url":"https:\/\/szekacs.lutheran.hu\/iskola\/wp-content\/uploads\/2021\/03\/P\u00e1l\u00e1yzati-h\u00edrlev\u00e9l.png","contentUrl":"https:\/\/szekacs.lutheran.hu\/iskola\/wp-content\/uploads\/2021\/03\/P\u00e1l\u00e1yzati-h\u00edrlev\u00e9l.png","width":713,"height":593},{"@type":"BreadcrumbList","@id":"https:\/\/szekacs.lutheran.hu\/iskola\/palyazati-hirlevel-4\/#breadcrumb","itemListElement":[{"@type":"ListItem","position":1,"name":"Home","item":"https:\/\/szekacs.lutheran.hu\/iskola\/"},{"@type":"ListItem","position":2,"name":"P\u00e1ly\u00e1zati h\u00edrlev\u00e9l 4."}]},{"@type":"WebSite","@id":"https:\/\/szekacs.lutheran.hu\/iskola\/#website","url":"https:\/\/szekacs.lutheran.hu\/iskola\/","name":"Sz\u00e9k\u00e1cs J\u00f3zsef Evang\u00e9likus \u00d3voda, \u00c1ltal\u00e1nos Iskola \u00e9s Gimn\u00e1zium","description":"","potentialAction":[{"@type":"SearchAction","target":{"@type":"EntryPoint","urlTemplate":"https:\/\/szekacs.lutheran.hu\/iskola\/?s={search_term_string}"},"query-input":{"@type":"PropertyValueSpecification","valueRequired":true,"valueName":"search_term_string"}}],"inLanguage":"hu"},{"@type":"Person","@id":"https:\/\/szekacs.lutheran.hu\/iskola\/#\/schema\/person\/c2ed2e14631babb098c586494bc7d5df","name":"admin","image":{"@type":"ImageObject","inLanguage":"hu","@id":"https:\/\/szekacs.lutheran.hu\/iskola\/#\/schema\/person\/image\/","url":"https:\/\/secure.gravatar.com\/avatar\/2d9a947cd9a162ca4e5eb73e817e43edd8dcbc6e501b39fb999fb53d65e181f4?s=96&d=mm&r=g","contentUrl":"https:\/\/secure.gravatar.com\/avatar\/2d9a947cd9a162ca4e5eb73e817e43edd8dcbc6e501b39fb999fb53d65e181f4?s=96&d=mm&r=g","caption":"admin"},"url":"https:\/\/szekacs.lutheran.hu\/iskola\/author\/admin\/"}]}},"_links":{"self":[{"href":"https:\/\/szekacs.lutheran.hu\/iskola\/wp-json\/wp\/v2\/posts\/27490","targetHints":{"allow":["GET"]}}],"collection":[{"href":"https:\/\/szekacs.lutheran.hu\/iskola\/wp-json\/wp\/v2\/posts"}],"about":[{"href":"https:\/\/szekacs.lutheran.hu\/iskola\/wp-json\/wp\/v2\/types\/post"}],"author":[{"embeddable":true,"href":"https:\/\/szekacs.lutheran.hu\/iskola\/wp-json\/wp\/v2\/users\/1"}],"replies":[{"embeddable":true,"href":"https:\/\/szekacs.lutheran.hu\/iskola\/wp-json\/wp\/v2\/comments?post=27490"}],"version-history":[{"count":1,"href":"https:\/\/szekacs.lutheran.hu\/iskola\/wp-json\/wp\/v2\/posts\/27490\/revisions"}],"predecessor-version":[{"id":27491,"href":"https:\/\/szekacs.lutheran.hu\/iskola\/wp-json\/wp\/v2\/posts\/27490\/revisions\/27491"}],"wp:featuredmedia":[{"embeddable":true,"href":"https:\/\/szekacs.lutheran.hu\/iskola\/wp-json\/wp\/v2\/media\/23336"}],"wp:attachment":[{"href":"https:\/\/szekacs.lutheran.hu\/iskola\/wp-json\/wp\/v2\/media?parent=27490"}],"wp:term":[{"taxonomy":"category","embeddable":true,"href":"https:\/\/szekacs.lutheran.hu\/iskola\/wp-json\/wp\/v2\/categories?post=27490"},{"taxonomy":"post_tag","embeddable":true,"href":"https:\/\/szekacs.lutheran.hu\/iskola\/wp-json\/wp\/v2\/tags?post=27490"}],"curies":[{"name":"wp","href":"https:\/\/api.w.org\/{rel}","templated":true}]}}