{"id":26939,"date":"2022-05-13T10:49:36","date_gmt":"2022-05-13T10:49:36","guid":{"rendered":"https:\/\/szekacs.lutheran.hu\/iskola\/?p=26939"},"modified":"2022-05-13T10:49:39","modified_gmt":"2022-05-13T10:49:39","slug":"gimnaziumi-ballagas-2022","status":"publish","type":"post","link":"https:\/\/szekacs.lutheran.hu\/iskola\/gimnaziumi-ballagas-2022\/","title":{"rendered":"Gimn\u00e1ziumi ballag\u00e1s 2022"},"content":{"rendered":"\n<p>2022. \u00e1prilis 30-\u00e1n a 12. \u00e9vfolyamosok elk\u00f6sz\u00f6ntek k\u00f6z\u00e9piskolai tanulm\u00e1nyaik helysz\u00edn\u00e9t\u0151l, ami sokuknak els\u0151 oszt\u00e1lyos korukt\u00f3l kezdve m\u00e1sodik otthona volt.<\/p>\n\n\n\n<p>A ballag\u00e1si vide\u00f3 az iskola youtube csatorn\u00e1j\u00e1n tekinthet\u0151 meg:<\/p>\n\n\n\n<figure class=\"wp-block-embed-youtube wp-block-embed is-type-video is-provider-youtube wp-embed-aspect-4-3 wp-has-aspect-ratio\"><div class=\"wp-block-embed__wrapper\">\n<iframe loading=\"lazy\" title=\"Gimn\u00e1ziumi ballag\u00e1s a Sz\u00e9k\u00e1cs Evang\u00e9likus Iskol\u00e1ban 2022. \u00e1prilis 30.\" width=\"500\" height=\"281\" src=\"https:\/\/www.youtube.com\/embed\/lFkA3I_cWsc?feature=oembed\" frameborder=\"0\" allow=\"accelerometer; autoplay; clipboard-write; encrypted-media; gyroscope; picture-in-picture; web-share\" referrerpolicy=\"strict-origin-when-cross-origin\" allowfullscreen><\/iframe>\n<\/div><\/figure>\n","protected":false},"excerpt":{"rendered":"<p>2022. \u00e1prilis 30-\u00e1n a 12. \u00e9vfolyamosok elk\u00f6sz\u00f6ntek k\u00f6z\u00e9piskolai tanulm\u00e1nyaik helysz\u00edn\u00e9t\u0151l, ami sokuknak els\u0151 oszt\u00e1lyos korukt\u00f3l kezdve m\u00e1sodik otthona volt. A&#8230;<\/p>\n","protected":false},"author":1,"featured_media":26794,"comment_status":"closed","ping_status":"closed","sticky":false,"template":"","format":"standard","meta":{"footnotes":""},"categories":[42,43],"tags":[],"class_list":["post-26939","post","type-post","status-publish","format-standard","has-post-thumbnail","hentry","category-aktualis","category-iskolai-elet"],"yoast_head":"<!-- This site is optimized with the Yoast SEO plugin v26.2 - https:\/\/yoast.com\/wordpress\/plugins\/seo\/ -->\n<title>Gimn\u00e1ziumi ballag\u00e1s 2022 - Sz\u00e9k\u00e1cs J\u00f3zsef Evang\u00e9likus \u00d3voda, \u00c1ltal\u00e1nos Iskola \u00e9s Gimn\u00e1zium<\/title>\n<meta name=\"robots\" content=\"index, follow, max-snippet:-1, max-image-preview:large, max-video-preview:-1\" \/>\n<link rel=\"canonical\" href=\"https:\/\/szekacs.lutheran.hu\/iskola\/gimnaziumi-ballagas-2022\/\" \/>\n<meta property=\"og:locale\" content=\"hu_HU\" \/>\n<meta property=\"og:type\" content=\"article\" \/>\n<meta property=\"og:title\" content=\"Gimn\u00e1ziumi ballag\u00e1s 2022 - Sz\u00e9k\u00e1cs J\u00f3zsef Evang\u00e9likus \u00d3voda, \u00c1ltal\u00e1nos Iskola \u00e9s Gimn\u00e1zium\" \/>\n<meta property=\"og:description\" content=\"2022. \u00e1prilis 30-\u00e1n a 12. \u00e9vfolyamosok elk\u00f6sz\u00f6ntek k\u00f6z\u00e9piskolai tanulm\u00e1nyaik helysz\u00edn\u00e9t\u0151l, ami sokuknak els\u0151 oszt\u00e1lyos korukt\u00f3l kezdve m\u00e1sodik otthona volt. A...\" \/>\n<meta property=\"og:url\" content=\"https:\/\/szekacs.lutheran.hu\/iskola\/gimnaziumi-ballagas-2022\/\" \/>\n<meta property=\"og:site_name\" content=\"Sz\u00e9k\u00e1cs J\u00f3zsef Evang\u00e9likus \u00d3voda, \u00c1ltal\u00e1nos Iskola \u00e9s Gimn\u00e1zium\" \/>\n<meta property=\"article:published_time\" content=\"2022-05-13T10:49:36+00:00\" \/>\n<meta property=\"article:modified_time\" content=\"2022-05-13T10:49:39+00:00\" \/>\n<meta property=\"og:image\" content=\"https:\/\/szekacs.lutheran.hu\/iskola\/wp-content\/uploads\/2022\/05\/debug_TZS_5145-1024x683.jpg\" \/>\n\t<meta property=\"og:image:width\" content=\"1024\" \/>\n\t<meta property=\"og:image:height\" content=\"683\" \/>\n\t<meta property=\"og:image:type\" content=\"image\/jpeg\" \/>\n<meta name=\"author\" content=\"admin\" \/>\n<meta name=\"twitter:card\" content=\"summary_large_image\" \/>\n<meta name=\"twitter:label1\" content=\"Szerz\u0151:\" \/>\n\t<meta name=\"twitter:data1\" content=\"admin\" \/>\n<script type=\"application\/ld+json\" class=\"yoast-schema-graph\">{\"@context\":\"https:\/\/schema.org\",\"@graph\":[{\"@type\":\"WebPage\",\"@id\":\"https:\/\/szekacs.lutheran.hu\/iskola\/gimnaziumi-ballagas-2022\/\",\"url\":\"https:\/\/szekacs.lutheran.hu\/iskola\/gimnaziumi-ballagas-2022\/\",\"name\":\"Gimn\u00e1ziumi ballag\u00e1s 2022 - Sz\u00e9k\u00e1cs J\u00f3zsef Evang\u00e9likus \u00d3voda, \u00c1ltal\u00e1nos Iskola \u00e9s Gimn\u00e1zium\",\"isPartOf\":{\"@id\":\"https:\/\/szekacs.lutheran.hu\/iskola\/#website\"},\"primaryImageOfPage\":{\"@id\":\"https:\/\/szekacs.lutheran.hu\/iskola\/gimnaziumi-ballagas-2022\/#primaryimage\"},\"image\":{\"@id\":\"https:\/\/szekacs.lutheran.hu\/iskola\/gimnaziumi-ballagas-2022\/#primaryimage\"},\"thumbnailUrl\":\"https:\/\/szekacs.lutheran.hu\/iskola\/wp-content\/uploads\/2022\/05\/debug_TZS_5145.jpg\",\"datePublished\":\"2022-05-13T10:49:36+00:00\",\"dateModified\":\"2022-05-13T10:49:39+00:00\",\"author\":{\"@id\":\"https:\/\/szekacs.lutheran.hu\/iskola\/#\/schema\/person\/c2ed2e14631babb098c586494bc7d5df\"},\"breadcrumb\":{\"@id\":\"https:\/\/szekacs.lutheran.hu\/iskola\/gimnaziumi-ballagas-2022\/#breadcrumb\"},\"inLanguage\":\"hu\",\"potentialAction\":[{\"@type\":\"ReadAction\",\"target\":[\"https:\/\/szekacs.lutheran.hu\/iskola\/gimnaziumi-ballagas-2022\/\"]}]},{\"@type\":\"ImageObject\",\"inLanguage\":\"hu\",\"@id\":\"https:\/\/szekacs.lutheran.hu\/iskola\/gimnaziumi-ballagas-2022\/#primaryimage\",\"url\":\"https:\/\/szekacs.lutheran.hu\/iskola\/wp-content\/uploads\/2022\/05\/debug_TZS_5145.jpg\",\"contentUrl\":\"https:\/\/szekacs.lutheran.hu\/iskola\/wp-content\/uploads\/2022\/05\/debug_TZS_5145.jpg\",\"width\":3000,\"height\":2000},{\"@type\":\"BreadcrumbList\",\"@id\":\"https:\/\/szekacs.lutheran.hu\/iskola\/gimnaziumi-ballagas-2022\/#breadcrumb\",\"itemListElement\":[{\"@type\":\"ListItem\",\"position\":1,\"name\":\"Home\",\"item\":\"https:\/\/szekacs.lutheran.hu\/iskola\/\"},{\"@type\":\"ListItem\",\"position\":2,\"name\":\"Gimn\u00e1ziumi ballag\u00e1s 2022\"}]},{\"@type\":\"WebSite\",\"@id\":\"https:\/\/szekacs.lutheran.hu\/iskola\/#website\",\"url\":\"https:\/\/szekacs.lutheran.hu\/iskola\/\",\"name\":\"Sz\u00e9k\u00e1cs J\u00f3zsef Evang\u00e9likus \u00d3voda, \u00c1ltal\u00e1nos Iskola \u00e9s Gimn\u00e1zium\",\"description\":\"\",\"potentialAction\":[{\"@type\":\"SearchAction\",\"target\":{\"@type\":\"EntryPoint\",\"urlTemplate\":\"https:\/\/szekacs.lutheran.hu\/iskola\/?s={search_term_string}\"},\"query-input\":{\"@type\":\"PropertyValueSpecification\",\"valueRequired\":true,\"valueName\":\"search_term_string\"}}],\"inLanguage\":\"hu\"},{\"@type\":\"Person\",\"@id\":\"https:\/\/szekacs.lutheran.hu\/iskola\/#\/schema\/person\/c2ed2e14631babb098c586494bc7d5df\",\"name\":\"admin\",\"image\":{\"@type\":\"ImageObject\",\"inLanguage\":\"hu\",\"@id\":\"https:\/\/szekacs.lutheran.hu\/iskola\/#\/schema\/person\/image\/\",\"url\":\"https:\/\/secure.gravatar.com\/avatar\/2d9a947cd9a162ca4e5eb73e817e43edd8dcbc6e501b39fb999fb53d65e181f4?s=96&d=mm&r=g\",\"contentUrl\":\"https:\/\/secure.gravatar.com\/avatar\/2d9a947cd9a162ca4e5eb73e817e43edd8dcbc6e501b39fb999fb53d65e181f4?s=96&d=mm&r=g\",\"caption\":\"admin\"},\"url\":\"https:\/\/szekacs.lutheran.hu\/iskola\/author\/admin\/\"}]}<\/script>\n<!-- \/ Yoast SEO plugin. -->","yoast_head_json":{"title":"Gimn\u00e1ziumi ballag\u00e1s 2022 - Sz\u00e9k\u00e1cs J\u00f3zsef Evang\u00e9likus \u00d3voda, \u00c1ltal\u00e1nos Iskola \u00e9s Gimn\u00e1zium","robots":{"index":"index","follow":"follow","max-snippet":"max-snippet:-1","max-image-preview":"max-image-preview:large","max-video-preview":"max-video-preview:-1"},"canonical":"https:\/\/szekacs.lutheran.hu\/iskola\/gimnaziumi-ballagas-2022\/","og_locale":"hu_HU","og_type":"article","og_title":"Gimn\u00e1ziumi ballag\u00e1s 2022 - Sz\u00e9k\u00e1cs J\u00f3zsef Evang\u00e9likus \u00d3voda, \u00c1ltal\u00e1nos Iskola \u00e9s Gimn\u00e1zium","og_description":"2022. \u00e1prilis 30-\u00e1n a 12. \u00e9vfolyamosok elk\u00f6sz\u00f6ntek k\u00f6z\u00e9piskolai tanulm\u00e1nyaik helysz\u00edn\u00e9t\u0151l, ami sokuknak els\u0151 oszt\u00e1lyos korukt\u00f3l kezdve m\u00e1sodik otthona volt. A...","og_url":"https:\/\/szekacs.lutheran.hu\/iskola\/gimnaziumi-ballagas-2022\/","og_site_name":"Sz\u00e9k\u00e1cs J\u00f3zsef Evang\u00e9likus \u00d3voda, \u00c1ltal\u00e1nos Iskola \u00e9s Gimn\u00e1zium","article_published_time":"2022-05-13T10:49:36+00:00","article_modified_time":"2022-05-13T10:49:39+00:00","og_image":[{"width":1024,"height":683,"url":"https:\/\/szekacs.lutheran.hu\/iskola\/wp-content\/uploads\/2022\/05\/debug_TZS_5145-1024x683.jpg","type":"image\/jpeg"}],"author":"admin","twitter_card":"summary_large_image","twitter_misc":{"Szerz\u0151:":"admin"},"schema":{"@context":"https:\/\/schema.org","@graph":[{"@type":"WebPage","@id":"https:\/\/szekacs.lutheran.hu\/iskola\/gimnaziumi-ballagas-2022\/","url":"https:\/\/szekacs.lutheran.hu\/iskola\/gimnaziumi-ballagas-2022\/","name":"Gimn\u00e1ziumi ballag\u00e1s 2022 - Sz\u00e9k\u00e1cs J\u00f3zsef Evang\u00e9likus \u00d3voda, \u00c1ltal\u00e1nos Iskola \u00e9s Gimn\u00e1zium","isPartOf":{"@id":"https:\/\/szekacs.lutheran.hu\/iskola\/#website"},"primaryImageOfPage":{"@id":"https:\/\/szekacs.lutheran.hu\/iskola\/gimnaziumi-ballagas-2022\/#primaryimage"},"image":{"@id":"https:\/\/szekacs.lutheran.hu\/iskola\/gimnaziumi-ballagas-2022\/#primaryimage"},"thumbnailUrl":"https:\/\/szekacs.lutheran.hu\/iskola\/wp-content\/uploads\/2022\/05\/debug_TZS_5145.jpg","datePublished":"2022-05-13T10:49:36+00:00","dateModified":"2022-05-13T10:49:39+00:00","author":{"@id":"https:\/\/szekacs.lutheran.hu\/iskola\/#\/schema\/person\/c2ed2e14631babb098c586494bc7d5df"},"breadcrumb":{"@id":"https:\/\/szekacs.lutheran.hu\/iskola\/gimnaziumi-ballagas-2022\/#breadcrumb"},"inLanguage":"hu","potentialAction":[{"@type":"ReadAction","target":["https:\/\/szekacs.lutheran.hu\/iskola\/gimnaziumi-ballagas-2022\/"]}]},{"@type":"ImageObject","inLanguage":"hu","@id":"https:\/\/szekacs.lutheran.hu\/iskola\/gimnaziumi-ballagas-2022\/#primaryimage","url":"https:\/\/szekacs.lutheran.hu\/iskola\/wp-content\/uploads\/2022\/05\/debug_TZS_5145.jpg","contentUrl":"https:\/\/szekacs.lutheran.hu\/iskola\/wp-content\/uploads\/2022\/05\/debug_TZS_5145.jpg","width":3000,"height":2000},{"@type":"BreadcrumbList","@id":"https:\/\/szekacs.lutheran.hu\/iskola\/gimnaziumi-ballagas-2022\/#breadcrumb","itemListElement":[{"@type":"ListItem","position":1,"name":"Home","item":"https:\/\/szekacs.lutheran.hu\/iskola\/"},{"@type":"ListItem","position":2,"name":"Gimn\u00e1ziumi ballag\u00e1s 2022"}]},{"@type":"WebSite","@id":"https:\/\/szekacs.lutheran.hu\/iskola\/#website","url":"https:\/\/szekacs.lutheran.hu\/iskola\/","name":"Sz\u00e9k\u00e1cs J\u00f3zsef Evang\u00e9likus \u00d3voda, \u00c1ltal\u00e1nos Iskola \u00e9s Gimn\u00e1zium","description":"","potentialAction":[{"@type":"SearchAction","target":{"@type":"EntryPoint","urlTemplate":"https:\/\/szekacs.lutheran.hu\/iskola\/?s={search_term_string}"},"query-input":{"@type":"PropertyValueSpecification","valueRequired":true,"valueName":"search_term_string"}}],"inLanguage":"hu"},{"@type":"Person","@id":"https:\/\/szekacs.lutheran.hu\/iskola\/#\/schema\/person\/c2ed2e14631babb098c586494bc7d5df","name":"admin","image":{"@type":"ImageObject","inLanguage":"hu","@id":"https:\/\/szekacs.lutheran.hu\/iskola\/#\/schema\/person\/image\/","url":"https:\/\/secure.gravatar.com\/avatar\/2d9a947cd9a162ca4e5eb73e817e43edd8dcbc6e501b39fb999fb53d65e181f4?s=96&d=mm&r=g","contentUrl":"https:\/\/secure.gravatar.com\/avatar\/2d9a947cd9a162ca4e5eb73e817e43edd8dcbc6e501b39fb999fb53d65e181f4?s=96&d=mm&r=g","caption":"admin"},"url":"https:\/\/szekacs.lutheran.hu\/iskola\/author\/admin\/"}]}},"_links":{"self":[{"href":"https:\/\/szekacs.lutheran.hu\/iskola\/wp-json\/wp\/v2\/posts\/26939","targetHints":{"allow":["GET"]}}],"collection":[{"href":"https:\/\/szekacs.lutheran.hu\/iskola\/wp-json\/wp\/v2\/posts"}],"about":[{"href":"https:\/\/szekacs.lutheran.hu\/iskola\/wp-json\/wp\/v2\/types\/post"}],"author":[{"embeddable":true,"href":"https:\/\/szekacs.lutheran.hu\/iskola\/wp-json\/wp\/v2\/users\/1"}],"replies":[{"embeddable":true,"href":"https:\/\/szekacs.lutheran.hu\/iskola\/wp-json\/wp\/v2\/comments?post=26939"}],"version-history":[{"count":1,"href":"https:\/\/szekacs.lutheran.hu\/iskola\/wp-json\/wp\/v2\/posts\/26939\/revisions"}],"predecessor-version":[{"id":27387,"href":"https:\/\/szekacs.lutheran.hu\/iskola\/wp-json\/wp\/v2\/posts\/26939\/revisions\/27387"}],"wp:featuredmedia":[{"embeddable":true,"href":"https:\/\/szekacs.lutheran.hu\/iskola\/wp-json\/wp\/v2\/media\/26794"}],"wp:attachment":[{"href":"https:\/\/szekacs.lutheran.hu\/iskola\/wp-json\/wp\/v2\/media?parent=26939"}],"wp:term":[{"taxonomy":"category","embeddable":true,"href":"https:\/\/szekacs.lutheran.hu\/iskola\/wp-json\/wp\/v2\/categories?post=26939"},{"taxonomy":"post_tag","embeddable":true,"href":"https:\/\/szekacs.lutheran.hu\/iskola\/wp-json\/wp\/v2\/tags?post=26939"}],"curies":[{"name":"wp","href":"https:\/\/api.w.org\/{rel}","templated":true}]}}