{"id":26117,"date":"2022-03-08T11:21:29","date_gmt":"2022-03-08T11:21:29","guid":{"rendered":"https:\/\/szekacs.lutheran.hu\/iskola\/?p=26117"},"modified":"2022-03-08T11:21:32","modified_gmt":"2022-03-08T11:21:32","slug":"kepzomuveszeti-palyazat","status":"publish","type":"post","link":"https:\/\/szekacs.lutheran.hu\/iskola\/kepzomuveszeti-palyazat\/","title":{"rendered":"K\u00e9pz\u0151m\u0171v\u00e9szeti p\u00e1ly\u00e1zat"},"content":{"rendered":"\n<p>A Sz\u00e9k\u00e1cs J\u00f3zsef Evang\u00e9likus \u00d3voda, \u00c1ltal\u00e1nos Iskola \u00e9s Gimn\u00e1zium  hittan- \u00e9s hum\u00e1n munkak\u00f6z\u00f6ss\u00e9ge ebben az \u00e9vben is meghirdeti az 5.-12. \u00e9vfolyam sz\u00e1m\u00e1ra a Sz\u00e9k\u00e1cs\u2013h\u00e9thez k\u00f6t\u0151d\u0151 alkot\u00f3p\u00e1ly\u00e1zat\u00e1t, melynek t\u00e9m\u00e1ja az \u00dart\u00f3l tanult im\u00e1ds\u00e1g, a Miaty\u00e1nk rajz, fot\u00f3 \u00e9s anim\u00e1ci\u00f3s illusztr\u00e1ci\u00f3ja.<\/p>\n\n\n\n<p><strong>Technika<\/strong>: szabadon v\u00e1lasztott:\nrajz (b\u00e1rmilyen technik\u00e1val), digit\u00e1lis rajz,  <br>\nrajz- esetleg t\u00e1rgyanim\u00e1ci\u00f3, fot\u00f3, Fine Art Foto<\/p>\n\n\n\n<p><strong>Az \u00e9rt\u00e9kel\u00e9s\nszempontjai:<\/strong> a m\u0171 \u00f6sszhangja, eredetis\u00e9ge, kifejez\u0151- \u00e9s k\u00f6zl\u0151ereje.<\/p>\n\n\n\n<p><strong>Lead\u00e1si hat\u00e1rid\u0151: <\/strong>2022. m\u00e1rcius 21. h\u00e9tf\u0151<\/p>\n\n\n\n<p>A p\u00e1lyamunk\u00e1kat az iskolatitk\u00e1rs\u00e1gon k\u00e9rj\u00fck leadni, a digit\u00e1lis form\u00e1tumban k\u00e9sz\u00fclt p\u00e1ly\u00e1zatokat a k\u00f6vetkez\u0151 c\u00edmre elk\u00fcldeni: <\/p>\n\n\n\n<p>Email<strong>:\u00a0<\/strong><a href=\"mailto:iskola@szekacs.lutheran.hu\">iskola@szekacs.lutheran.hu<\/a><\/p>\n\n\n\n<p>Seg\u00edts\u00e9g\u00fcl <a href=\"https:\/\/szentiras.hu\/RUF\/Mt6,9-13\" target=\"_blank\" rel=\"noreferrer noopener\" aria-label=\"itt a Miaty\u00e1nk sz\u00f6vege (\u00faj f\u00fcl\u00f6n nyitja meg)\">itt a Miaty\u00e1nk sz\u00f6vege<\/a>:<\/p>\n\n\n\n<p>Mi Aty\u00e1nk, aki a mennyekben vagy,<br>szenteltess\u00e9k meg a te neved,<br>j\u00f6jj\u00f6n el a te orsz\u00e1god, <br>legyen meg a te akaratod, amint a mennyben, \u00fagy a f\u00f6ld\u00f6n is;<br>mindennapi kenyer\u00fcnket add meg nek\u00fcnk ma, <br>\u00e9s bocs\u00e1sd meg v\u00e9tkeinket, <br>mik\u00e9ppen mi is megbocs\u00e1tunk az ellen\u00fcnk v\u00e9tkez\u0151knek; <br>\u00e9s ne v\u00edgy minket k\u00eds\u00e9rt\u00e9sbe, <br>de szabad\u00edts meg a gonoszt\u00f3l; <br>mert tied az orsz\u00e1g, a hatalom \u00e9s a dics\u0151s\u00e9g mind\u00f6r\u00f6kk\u00e9. <br>\u00c1men. <\/p>\n","protected":false},"excerpt":{"rendered":"<p>A Sz\u00e9k\u00e1cs J\u00f3zsef Evang\u00e9likus \u00d3voda, \u00c1ltal\u00e1nos Iskola \u00e9s Gimn\u00e1zium hittan- \u00e9s hum\u00e1n munkak\u00f6z\u00f6ss\u00e9ge ebben az \u00e9vben is meghirdeti az 5.-12&#8230;.<\/p>\n","protected":false},"author":1,"featured_media":26120,"comment_status":"closed","ping_status":"closed","sticky":false,"template":"","format":"standard","meta":{"footnotes":""},"categories":[42,43],"tags":[],"class_list":["post-26117","post","type-post","status-publish","format-standard","has-post-thumbnail","hentry","category-aktualis","category-iskolai-elet"],"yoast_head":"<!-- This site is optimized with the Yoast SEO plugin v26.2 - https:\/\/yoast.com\/wordpress\/plugins\/seo\/ -->\n<title>K\u00e9pz\u0151m\u0171v\u00e9szeti p\u00e1ly\u00e1zat - Sz\u00e9k\u00e1cs J\u00f3zsef Evang\u00e9likus \u00d3voda, \u00c1ltal\u00e1nos Iskola \u00e9s Gimn\u00e1zium<\/title>\n<meta name=\"robots\" content=\"index, follow, max-snippet:-1, max-image-preview:large, max-video-preview:-1\" \/>\n<link rel=\"canonical\" href=\"https:\/\/szekacs.lutheran.hu\/iskola\/kepzomuveszeti-palyazat\/\" \/>\n<meta property=\"og:locale\" content=\"hu_HU\" \/>\n<meta property=\"og:type\" content=\"article\" \/>\n<meta property=\"og:title\" content=\"K\u00e9pz\u0151m\u0171v\u00e9szeti p\u00e1ly\u00e1zat - Sz\u00e9k\u00e1cs J\u00f3zsef Evang\u00e9likus \u00d3voda, \u00c1ltal\u00e1nos Iskola \u00e9s Gimn\u00e1zium\" \/>\n<meta property=\"og:description\" content=\"A Sz\u00e9k\u00e1cs J\u00f3zsef Evang\u00e9likus \u00d3voda, \u00c1ltal\u00e1nos Iskola \u00e9s Gimn\u00e1zium hittan- \u00e9s hum\u00e1n munkak\u00f6z\u00f6ss\u00e9ge ebben az \u00e9vben is meghirdeti az 5.-12....\" \/>\n<meta property=\"og:url\" content=\"https:\/\/szekacs.lutheran.hu\/iskola\/kepzomuveszeti-palyazat\/\" \/>\n<meta property=\"og:site_name\" content=\"Sz\u00e9k\u00e1cs J\u00f3zsef Evang\u00e9likus \u00d3voda, \u00c1ltal\u00e1nos Iskola \u00e9s Gimn\u00e1zium\" \/>\n<meta property=\"article:published_time\" content=\"2022-03-08T11:21:29+00:00\" \/>\n<meta property=\"article:modified_time\" content=\"2022-03-08T11:21:32+00:00\" \/>\n<meta property=\"og:image\" content=\"https:\/\/szekacs.lutheran.hu\/iskola\/wp-content\/uploads\/2022\/03\/Miaty\u00e1nk-p\u00e1lyzat-2022-2.png\" \/>\n\t<meta property=\"og:image:width\" content=\"916\" \/>\n\t<meta property=\"og:image:height\" content=\"691\" \/>\n\t<meta property=\"og:image:type\" content=\"image\/png\" \/>\n<meta name=\"author\" content=\"admin\" \/>\n<meta name=\"twitter:card\" content=\"summary_large_image\" \/>\n<meta name=\"twitter:label1\" content=\"Szerz\u0151:\" \/>\n\t<meta name=\"twitter:data1\" content=\"admin\" \/>\n\t<meta name=\"twitter:label2\" content=\"Becs\u00fclt olvas\u00e1si id\u0151\" \/>\n\t<meta name=\"twitter:data2\" content=\"1 perc\" \/>\n<script type=\"application\/ld+json\" class=\"yoast-schema-graph\">{\"@context\":\"https:\/\/schema.org\",\"@graph\":[{\"@type\":\"WebPage\",\"@id\":\"https:\/\/szekacs.lutheran.hu\/iskola\/kepzomuveszeti-palyazat\/\",\"url\":\"https:\/\/szekacs.lutheran.hu\/iskola\/kepzomuveszeti-palyazat\/\",\"name\":\"K\u00e9pz\u0151m\u0171v\u00e9szeti p\u00e1ly\u00e1zat - Sz\u00e9k\u00e1cs J\u00f3zsef Evang\u00e9likus \u00d3voda, \u00c1ltal\u00e1nos Iskola \u00e9s Gimn\u00e1zium\",\"isPartOf\":{\"@id\":\"https:\/\/szekacs.lutheran.hu\/iskola\/#website\"},\"primaryImageOfPage\":{\"@id\":\"https:\/\/szekacs.lutheran.hu\/iskola\/kepzomuveszeti-palyazat\/#primaryimage\"},\"image\":{\"@id\":\"https:\/\/szekacs.lutheran.hu\/iskola\/kepzomuveszeti-palyazat\/#primaryimage\"},\"thumbnailUrl\":\"https:\/\/szekacs.lutheran.hu\/iskola\/wp-content\/uploads\/2022\/03\/Miaty\u00e1nk-p\u00e1lyzat-2022-2.png\",\"datePublished\":\"2022-03-08T11:21:29+00:00\",\"dateModified\":\"2022-03-08T11:21:32+00:00\",\"author\":{\"@id\":\"https:\/\/szekacs.lutheran.hu\/iskola\/#\/schema\/person\/c2ed2e14631babb098c586494bc7d5df\"},\"breadcrumb\":{\"@id\":\"https:\/\/szekacs.lutheran.hu\/iskola\/kepzomuveszeti-palyazat\/#breadcrumb\"},\"inLanguage\":\"hu\",\"potentialAction\":[{\"@type\":\"ReadAction\",\"target\":[\"https:\/\/szekacs.lutheran.hu\/iskola\/kepzomuveszeti-palyazat\/\"]}]},{\"@type\":\"ImageObject\",\"inLanguage\":\"hu\",\"@id\":\"https:\/\/szekacs.lutheran.hu\/iskola\/kepzomuveszeti-palyazat\/#primaryimage\",\"url\":\"https:\/\/szekacs.lutheran.hu\/iskola\/wp-content\/uploads\/2022\/03\/Miaty\u00e1nk-p\u00e1lyzat-2022-2.png\",\"contentUrl\":\"https:\/\/szekacs.lutheran.hu\/iskola\/wp-content\/uploads\/2022\/03\/Miaty\u00e1nk-p\u00e1lyzat-2022-2.png\",\"width\":916,\"height\":691},{\"@type\":\"BreadcrumbList\",\"@id\":\"https:\/\/szekacs.lutheran.hu\/iskola\/kepzomuveszeti-palyazat\/#breadcrumb\",\"itemListElement\":[{\"@type\":\"ListItem\",\"position\":1,\"name\":\"Home\",\"item\":\"https:\/\/szekacs.lutheran.hu\/iskola\/\"},{\"@type\":\"ListItem\",\"position\":2,\"name\":\"K\u00e9pz\u0151m\u0171v\u00e9szeti p\u00e1ly\u00e1zat\"}]},{\"@type\":\"WebSite\",\"@id\":\"https:\/\/szekacs.lutheran.hu\/iskola\/#website\",\"url\":\"https:\/\/szekacs.lutheran.hu\/iskola\/\",\"name\":\"Sz\u00e9k\u00e1cs J\u00f3zsef Evang\u00e9likus \u00d3voda, \u00c1ltal\u00e1nos Iskola \u00e9s Gimn\u00e1zium\",\"description\":\"\",\"potentialAction\":[{\"@type\":\"SearchAction\",\"target\":{\"@type\":\"EntryPoint\",\"urlTemplate\":\"https:\/\/szekacs.lutheran.hu\/iskola\/?s={search_term_string}\"},\"query-input\":{\"@type\":\"PropertyValueSpecification\",\"valueRequired\":true,\"valueName\":\"search_term_string\"}}],\"inLanguage\":\"hu\"},{\"@type\":\"Person\",\"@id\":\"https:\/\/szekacs.lutheran.hu\/iskola\/#\/schema\/person\/c2ed2e14631babb098c586494bc7d5df\",\"name\":\"admin\",\"image\":{\"@type\":\"ImageObject\",\"inLanguage\":\"hu\",\"@id\":\"https:\/\/szekacs.lutheran.hu\/iskola\/#\/schema\/person\/image\/\",\"url\":\"https:\/\/secure.gravatar.com\/avatar\/2d9a947cd9a162ca4e5eb73e817e43edd8dcbc6e501b39fb999fb53d65e181f4?s=96&d=mm&r=g\",\"contentUrl\":\"https:\/\/secure.gravatar.com\/avatar\/2d9a947cd9a162ca4e5eb73e817e43edd8dcbc6e501b39fb999fb53d65e181f4?s=96&d=mm&r=g\",\"caption\":\"admin\"},\"url\":\"https:\/\/szekacs.lutheran.hu\/iskola\/author\/admin\/\"}]}<\/script>\n<!-- \/ Yoast SEO plugin. -->","yoast_head_json":{"title":"K\u00e9pz\u0151m\u0171v\u00e9szeti p\u00e1ly\u00e1zat - Sz\u00e9k\u00e1cs J\u00f3zsef Evang\u00e9likus \u00d3voda, \u00c1ltal\u00e1nos Iskola \u00e9s Gimn\u00e1zium","robots":{"index":"index","follow":"follow","max-snippet":"max-snippet:-1","max-image-preview":"max-image-preview:large","max-video-preview":"max-video-preview:-1"},"canonical":"https:\/\/szekacs.lutheran.hu\/iskola\/kepzomuveszeti-palyazat\/","og_locale":"hu_HU","og_type":"article","og_title":"K\u00e9pz\u0151m\u0171v\u00e9szeti p\u00e1ly\u00e1zat - Sz\u00e9k\u00e1cs J\u00f3zsef Evang\u00e9likus \u00d3voda, \u00c1ltal\u00e1nos Iskola \u00e9s Gimn\u00e1zium","og_description":"A Sz\u00e9k\u00e1cs J\u00f3zsef Evang\u00e9likus \u00d3voda, \u00c1ltal\u00e1nos Iskola \u00e9s Gimn\u00e1zium hittan- \u00e9s hum\u00e1n munkak\u00f6z\u00f6ss\u00e9ge ebben az \u00e9vben is meghirdeti az 5.-12....","og_url":"https:\/\/szekacs.lutheran.hu\/iskola\/kepzomuveszeti-palyazat\/","og_site_name":"Sz\u00e9k\u00e1cs J\u00f3zsef Evang\u00e9likus \u00d3voda, \u00c1ltal\u00e1nos Iskola \u00e9s Gimn\u00e1zium","article_published_time":"2022-03-08T11:21:29+00:00","article_modified_time":"2022-03-08T11:21:32+00:00","og_image":[{"width":916,"height":691,"url":"https:\/\/szekacs.lutheran.hu\/iskola\/wp-content\/uploads\/2022\/03\/Miaty\u00e1nk-p\u00e1lyzat-2022-2.png","type":"image\/png"}],"author":"admin","twitter_card":"summary_large_image","twitter_misc":{"Szerz\u0151:":"admin","Becs\u00fclt olvas\u00e1si id\u0151":"1 perc"},"schema":{"@context":"https:\/\/schema.org","@graph":[{"@type":"WebPage","@id":"https:\/\/szekacs.lutheran.hu\/iskola\/kepzomuveszeti-palyazat\/","url":"https:\/\/szekacs.lutheran.hu\/iskola\/kepzomuveszeti-palyazat\/","name":"K\u00e9pz\u0151m\u0171v\u00e9szeti p\u00e1ly\u00e1zat - Sz\u00e9k\u00e1cs J\u00f3zsef Evang\u00e9likus \u00d3voda, \u00c1ltal\u00e1nos Iskola \u00e9s Gimn\u00e1zium","isPartOf":{"@id":"https:\/\/szekacs.lutheran.hu\/iskola\/#website"},"primaryImageOfPage":{"@id":"https:\/\/szekacs.lutheran.hu\/iskola\/kepzomuveszeti-palyazat\/#primaryimage"},"image":{"@id":"https:\/\/szekacs.lutheran.hu\/iskola\/kepzomuveszeti-palyazat\/#primaryimage"},"thumbnailUrl":"https:\/\/szekacs.lutheran.hu\/iskola\/wp-content\/uploads\/2022\/03\/Miaty\u00e1nk-p\u00e1lyzat-2022-2.png","datePublished":"2022-03-08T11:21:29+00:00","dateModified":"2022-03-08T11:21:32+00:00","author":{"@id":"https:\/\/szekacs.lutheran.hu\/iskola\/#\/schema\/person\/c2ed2e14631babb098c586494bc7d5df"},"breadcrumb":{"@id":"https:\/\/szekacs.lutheran.hu\/iskola\/kepzomuveszeti-palyazat\/#breadcrumb"},"inLanguage":"hu","potentialAction":[{"@type":"ReadAction","target":["https:\/\/szekacs.lutheran.hu\/iskola\/kepzomuveszeti-palyazat\/"]}]},{"@type":"ImageObject","inLanguage":"hu","@id":"https:\/\/szekacs.lutheran.hu\/iskola\/kepzomuveszeti-palyazat\/#primaryimage","url":"https:\/\/szekacs.lutheran.hu\/iskola\/wp-content\/uploads\/2022\/03\/Miaty\u00e1nk-p\u00e1lyzat-2022-2.png","contentUrl":"https:\/\/szekacs.lutheran.hu\/iskola\/wp-content\/uploads\/2022\/03\/Miaty\u00e1nk-p\u00e1lyzat-2022-2.png","width":916,"height":691},{"@type":"BreadcrumbList","@id":"https:\/\/szekacs.lutheran.hu\/iskola\/kepzomuveszeti-palyazat\/#breadcrumb","itemListElement":[{"@type":"ListItem","position":1,"name":"Home","item":"https:\/\/szekacs.lutheran.hu\/iskola\/"},{"@type":"ListItem","position":2,"name":"K\u00e9pz\u0151m\u0171v\u00e9szeti p\u00e1ly\u00e1zat"}]},{"@type":"WebSite","@id":"https:\/\/szekacs.lutheran.hu\/iskola\/#website","url":"https:\/\/szekacs.lutheran.hu\/iskola\/","name":"Sz\u00e9k\u00e1cs J\u00f3zsef Evang\u00e9likus \u00d3voda, \u00c1ltal\u00e1nos Iskola \u00e9s Gimn\u00e1zium","description":"","potentialAction":[{"@type":"SearchAction","target":{"@type":"EntryPoint","urlTemplate":"https:\/\/szekacs.lutheran.hu\/iskola\/?s={search_term_string}"},"query-input":{"@type":"PropertyValueSpecification","valueRequired":true,"valueName":"search_term_string"}}],"inLanguage":"hu"},{"@type":"Person","@id":"https:\/\/szekacs.lutheran.hu\/iskola\/#\/schema\/person\/c2ed2e14631babb098c586494bc7d5df","name":"admin","image":{"@type":"ImageObject","inLanguage":"hu","@id":"https:\/\/szekacs.lutheran.hu\/iskola\/#\/schema\/person\/image\/","url":"https:\/\/secure.gravatar.com\/avatar\/2d9a947cd9a162ca4e5eb73e817e43edd8dcbc6e501b39fb999fb53d65e181f4?s=96&d=mm&r=g","contentUrl":"https:\/\/secure.gravatar.com\/avatar\/2d9a947cd9a162ca4e5eb73e817e43edd8dcbc6e501b39fb999fb53d65e181f4?s=96&d=mm&r=g","caption":"admin"},"url":"https:\/\/szekacs.lutheran.hu\/iskola\/author\/admin\/"}]}},"_links":{"self":[{"href":"https:\/\/szekacs.lutheran.hu\/iskola\/wp-json\/wp\/v2\/posts\/26117","targetHints":{"allow":["GET"]}}],"collection":[{"href":"https:\/\/szekacs.lutheran.hu\/iskola\/wp-json\/wp\/v2\/posts"}],"about":[{"href":"https:\/\/szekacs.lutheran.hu\/iskola\/wp-json\/wp\/v2\/types\/post"}],"author":[{"embeddable":true,"href":"https:\/\/szekacs.lutheran.hu\/iskola\/wp-json\/wp\/v2\/users\/1"}],"replies":[{"embeddable":true,"href":"https:\/\/szekacs.lutheran.hu\/iskola\/wp-json\/wp\/v2\/comments?post=26117"}],"version-history":[{"count":1,"href":"https:\/\/szekacs.lutheran.hu\/iskola\/wp-json\/wp\/v2\/posts\/26117\/revisions"}],"predecessor-version":[{"id":26121,"href":"https:\/\/szekacs.lutheran.hu\/iskola\/wp-json\/wp\/v2\/posts\/26117\/revisions\/26121"}],"wp:featuredmedia":[{"embeddable":true,"href":"https:\/\/szekacs.lutheran.hu\/iskola\/wp-json\/wp\/v2\/media\/26120"}],"wp:attachment":[{"href":"https:\/\/szekacs.lutheran.hu\/iskola\/wp-json\/wp\/v2\/media?parent=26117"}],"wp:term":[{"taxonomy":"category","embeddable":true,"href":"https:\/\/szekacs.lutheran.hu\/iskola\/wp-json\/wp\/v2\/categories?post=26117"},{"taxonomy":"post_tag","embeddable":true,"href":"https:\/\/szekacs.lutheran.hu\/iskola\/wp-json\/wp\/v2\/tags?post=26117"}],"curies":[{"name":"wp","href":"https:\/\/api.w.org\/{rel}","templated":true}]}}