{"id":25995,"date":"2022-02-28T09:28:42","date_gmt":"2022-02-28T09:28:42","guid":{"rendered":"https:\/\/szekacs.lutheran.hu\/iskola\/?p=25995"},"modified":"2022-02-28T09:28:45","modified_gmt":"2022-02-28T09:28:45","slug":"idegen-nyelvi-temahet-iskolankban","status":"publish","type":"post","link":"https:\/\/szekacs.lutheran.hu\/iskola\/idegen-nyelvi-temahet-iskolankban\/","title":{"rendered":"Idegen nyelvi t\u00e9mah\u00e9t iskol\u00e1nkban"},"content":{"rendered":"\n<p>Az el\u0151z\u0151 \u00e9vekhez hasonl\u00f3an az idegen nyelvi munkak\u00f6z\u00f6ss\u00e9g id\u00e9n is megszervezte idegen nyelvi t\u00e9mahet\u00e9t, amikor a gyerekek az angol- \u00e9s a n\u00e9met\u00f3r\u00e1kon projektmunk\u00e1kat v\u00e9geztek. Ez a h\u00e9t a tan\u00e9v ig\u00e9j\u00e9re, vagyis az <strong><em>\u201eIsten ig\u00e9je \u00e9l\u0151 \u00e9s hat\u00f3\u2026\u201d Zsid 4,12 <\/em><\/strong>ig\u00e9re \u00e9p\u00fclt, di\u00e1kjaink ezt eg\u00e9sz\u00edtett\u00e9k ki a Biblia, a Miaty\u00e1nk, illetve a t\u00edzparancsolat idegen nyelven t\u00f6rt\u00e9n\u0151 tanulm\u00e1nyoz\u00e1s\u00e1val. <\/p>\n\n\n\n<p>Nagy \u00f6r\u00f6m\u00fcnkre szolg\u00e1l, hogy ebben a tan\u00e9vben elind\u00edthattunk egy saj\u00e1t n\u00e9met nyelv\u0171 versenyt is Benk\u0151 M\u00e1rta n\u00e9met szakos pedag\u00f3gus ir\u00e1ny\u00edt\u00e1s\u00e1val, amely a \u201eN\u00e9met szaval\u00f3verseny digit\u00e1lis k\u00f6nt\u00f6sben\u201d c\u00edmet kapta. Nemcsak a v\u00e1rosb\u00f3l, hanem a megye t\u00f6bb iskol\u00e1j\u00e1b\u00f3l is jelentkeztek di\u00e1kok, sok sz\u00e9p p\u00e1lyamunka \u00e9rkezett be, a legjobbakat d\u00edjaztuk is. A sz\u00e9k\u00e1csos helyezettek a z\u00e1r\u00f3napon kapt\u00e1k meg jutalmukat. A jelentkez\u0151 di\u00e1kok csapatban dolgoztak, az egyik\u00fck \u00e1ltal idegen nyelven elmondott szavalatot a t\u00f6bbi csapattag k\u00e9pi \u00e9s zenei al\u00e1fest\u00e9ssel tette teljess\u00e9. <\/p>\n\n\n\n<p>A h\u00e9t z\u00e1r\u00f3napj\u00e1ra vend\u00e9geket is h\u00edvtunk, Sam \u00e9s Tirca Bronsdont, &#8211; egy fiatal h\u00e1zasp\u00e1rt, akik Budapestr\u0151l \u00e9rkeztek, &#8211; hogy eml\u00e9kezetess\u00e9 tegy\u00e9k ezt a napot. A magyar anyanyelv\u0171 Tirca \u00e9s az angol anyanyelv\u0171 Sam egy idegen nyelvi kereszt\u00e9ny t\u00e1borban ismerkedtek meg,- amit az Acorn szervezett meg &#8211; az iskol\u00e1nk k\u00e9t pedag\u00f3gus\u00e1val, Fazekasn\u00e9 Jankov Ildik\u00f3val \u00e9s Kov\u00e1csn\u00e9 Misurda Ilon\u00e1val. Ott alakult ki k\u00f6z\u00f6tt\u00fck a j\u00f3 kapcsolat, amelynek gy\u00fcm\u00f6lcs\u00e9t most a di\u00e1kok is \u00e9lvezhett\u00e9k. A fiatal h\u00e1zasp\u00e1r interakt\u00edv \u00f3r\u00e1kkal, azon bel\u00fcl kv\u00edzekkel, k\u00fcl\u00f6nb\u00f6z\u0151 j\u00e1t\u00e9kokkal \u00e9s k\u00f6z\u00f6s \u00e9nekekkel igyekezett m\u00e9g ink\u00e1bb megszerettetni az angol nyelvet a di\u00e1kokkal. K\u00fcl\u00f6n foglalkoztak az als\u00f3sokkal, fels\u0151s\u00f6kkel \u00e9s a gimnazist\u00e1kkal, \u00edgy biztos\u00edtva a megfelel\u0151 nyelvi szinteket. Az interakt\u00edv angol\u00f3ra megfelelt egy k\u00f6z\u00f6s bizonys\u00e1gt\u00e9telnek, hisz a tanul\u00f3k a dalok \u00e9s a feladatok \u00e1ltal k\u00f6zelebb ker\u00fclhettek Istenhez. Nyelvi szempontb\u00f3l is hasznosnak bizonyult ez a h\u00e9t, hiszen a kereszt\u00e9nys\u00e9ghez kapcsol\u00f3d\u00f3 sz\u00f3kincs\u00fcket k\u00f6nnyed form\u00e1ban, j\u00e1t\u00e9kosan, \u00e9lvezettel b\u0151v\u00edthett\u00e9k di\u00e1kjaink. <\/p>\n\n\n\n<p style=\"text-align:right\">\u00d6kr\u00f6sn\u00e9 Miszlai Edit<\/p>\n\n\n\n<p style=\"text-align:right\">idegen nyelvi munkak\u00f6z\u00f6ss\u00e9g-vezet\u0151<\/p>\n\n\n\n<p><a href=\"https:\/\/szekacs.lutheran.hu\/iskola\/galeriak\/idegen-nyelvi-temahet\/\" target=\"_blank\" rel=\"noreferrer noopener\" aria-label=\"K\u00e9pgal\u00e9ria el\u00e9rhet\u0151 itt. (\u00faj f\u00fcl\u00f6n nyitja meg)\">K\u00e9pgal\u00e9ria el\u00e9rhet\u0151 itt.<\/a><\/p>\n","protected":false},"excerpt":{"rendered":"<p>Az el\u0151z\u0151 \u00e9vekhez hasonl\u00f3an az idegen nyelvi munkak\u00f6z\u00f6ss\u00e9g id\u00e9n is megszervezte idegen nyelvi t\u00e9mahet\u00e9t, amikor a gyerekek az angol- \u00e9s&#8230;<\/p>\n","protected":false},"author":1,"featured_media":26019,"comment_status":"closed","ping_status":"closed","sticky":false,"template":"","format":"standard","meta":{"footnotes":""},"categories":[42,43],"tags":[],"class_list":["post-25995","post","type-post","status-publish","format-standard","has-post-thumbnail","hentry","category-aktualis","category-iskolai-elet"],"yoast_head":"<!-- This site is optimized with the Yoast SEO plugin v26.2 - https:\/\/yoast.com\/wordpress\/plugins\/seo\/ -->\n<title>Idegen nyelvi t\u00e9mah\u00e9t iskol\u00e1nkban - Sz\u00e9k\u00e1cs J\u00f3zsef Evang\u00e9likus \u00d3voda, \u00c1ltal\u00e1nos Iskola \u00e9s Gimn\u00e1zium<\/title>\n<meta name=\"robots\" content=\"index, follow, max-snippet:-1, max-image-preview:large, max-video-preview:-1\" \/>\n<link rel=\"canonical\" href=\"https:\/\/szekacs.lutheran.hu\/iskola\/idegen-nyelvi-temahet-iskolankban\/\" \/>\n<meta property=\"og:locale\" content=\"hu_HU\" \/>\n<meta property=\"og:type\" content=\"article\" \/>\n<meta property=\"og:title\" content=\"Idegen nyelvi t\u00e9mah\u00e9t iskol\u00e1nkban - Sz\u00e9k\u00e1cs J\u00f3zsef Evang\u00e9likus \u00d3voda, \u00c1ltal\u00e1nos Iskola \u00e9s Gimn\u00e1zium\" \/>\n<meta property=\"og:description\" content=\"Az el\u0151z\u0151 \u00e9vekhez hasonl\u00f3an az idegen nyelvi munkak\u00f6z\u00f6ss\u00e9g id\u00e9n is megszervezte idegen nyelvi t\u00e9mahet\u00e9t, amikor a gyerekek az angol- \u00e9s...\" \/>\n<meta property=\"og:url\" content=\"https:\/\/szekacs.lutheran.hu\/iskola\/idegen-nyelvi-temahet-iskolankban\/\" \/>\n<meta property=\"og:site_name\" content=\"Sz\u00e9k\u00e1cs J\u00f3zsef Evang\u00e9likus \u00d3voda, \u00c1ltal\u00e1nos Iskola \u00e9s Gimn\u00e1zium\" \/>\n<meta property=\"article:published_time\" content=\"2022-02-28T09:28:42+00:00\" \/>\n<meta property=\"article:modified_time\" content=\"2022-02-28T09:28:45+00:00\" \/>\n<meta property=\"og:image\" content=\"https:\/\/szekacs.lutheran.hu\/iskola\/wp-content\/uploads\/2022\/02\/Idegen-nyelvi-t\u00e9mah\u00e9t-23.jpg\" \/>\n\t<meta property=\"og:image:width\" content=\"3456\" \/>\n\t<meta property=\"og:image:height\" content=\"2304\" \/>\n\t<meta property=\"og:image:type\" content=\"image\/jpeg\" \/>\n<meta name=\"author\" content=\"admin\" \/>\n<meta name=\"twitter:card\" content=\"summary_large_image\" \/>\n<meta name=\"twitter:label1\" content=\"Szerz\u0151:\" \/>\n\t<meta name=\"twitter:data1\" content=\"admin\" \/>\n\t<meta name=\"twitter:label2\" content=\"Becs\u00fclt olvas\u00e1si id\u0151\" \/>\n\t<meta name=\"twitter:data2\" content=\"2 perc\" \/>\n<script type=\"application\/ld+json\" class=\"yoast-schema-graph\">{\"@context\":\"https:\/\/schema.org\",\"@graph\":[{\"@type\":\"WebPage\",\"@id\":\"https:\/\/szekacs.lutheran.hu\/iskola\/idegen-nyelvi-temahet-iskolankban\/\",\"url\":\"https:\/\/szekacs.lutheran.hu\/iskola\/idegen-nyelvi-temahet-iskolankban\/\",\"name\":\"Idegen nyelvi t\u00e9mah\u00e9t iskol\u00e1nkban - Sz\u00e9k\u00e1cs J\u00f3zsef Evang\u00e9likus \u00d3voda, \u00c1ltal\u00e1nos Iskola \u00e9s Gimn\u00e1zium\",\"isPartOf\":{\"@id\":\"https:\/\/szekacs.lutheran.hu\/iskola\/#website\"},\"primaryImageOfPage\":{\"@id\":\"https:\/\/szekacs.lutheran.hu\/iskola\/idegen-nyelvi-temahet-iskolankban\/#primaryimage\"},\"image\":{\"@id\":\"https:\/\/szekacs.lutheran.hu\/iskola\/idegen-nyelvi-temahet-iskolankban\/#primaryimage\"},\"thumbnailUrl\":\"https:\/\/szekacs.lutheran.hu\/iskola\/wp-content\/uploads\/2022\/02\/Idegen-nyelvi-t\u00e9mah\u00e9t-23.jpg\",\"datePublished\":\"2022-02-28T09:28:42+00:00\",\"dateModified\":\"2022-02-28T09:28:45+00:00\",\"author\":{\"@id\":\"https:\/\/szekacs.lutheran.hu\/iskola\/#\/schema\/person\/c2ed2e14631babb098c586494bc7d5df\"},\"breadcrumb\":{\"@id\":\"https:\/\/szekacs.lutheran.hu\/iskola\/idegen-nyelvi-temahet-iskolankban\/#breadcrumb\"},\"inLanguage\":\"hu\",\"potentialAction\":[{\"@type\":\"ReadAction\",\"target\":[\"https:\/\/szekacs.lutheran.hu\/iskola\/idegen-nyelvi-temahet-iskolankban\/\"]}]},{\"@type\":\"ImageObject\",\"inLanguage\":\"hu\",\"@id\":\"https:\/\/szekacs.lutheran.hu\/iskola\/idegen-nyelvi-temahet-iskolankban\/#primaryimage\",\"url\":\"https:\/\/szekacs.lutheran.hu\/iskola\/wp-content\/uploads\/2022\/02\/Idegen-nyelvi-t\u00e9mah\u00e9t-23.jpg\",\"contentUrl\":\"https:\/\/szekacs.lutheran.hu\/iskola\/wp-content\/uploads\/2022\/02\/Idegen-nyelvi-t\u00e9mah\u00e9t-23.jpg\",\"width\":3456,\"height\":2304},{\"@type\":\"BreadcrumbList\",\"@id\":\"https:\/\/szekacs.lutheran.hu\/iskola\/idegen-nyelvi-temahet-iskolankban\/#breadcrumb\",\"itemListElement\":[{\"@type\":\"ListItem\",\"position\":1,\"name\":\"Home\",\"item\":\"https:\/\/szekacs.lutheran.hu\/iskola\/\"},{\"@type\":\"ListItem\",\"position\":2,\"name\":\"Idegen nyelvi t\u00e9mah\u00e9t iskol\u00e1nkban\"}]},{\"@type\":\"WebSite\",\"@id\":\"https:\/\/szekacs.lutheran.hu\/iskola\/#website\",\"url\":\"https:\/\/szekacs.lutheran.hu\/iskola\/\",\"name\":\"Sz\u00e9k\u00e1cs J\u00f3zsef Evang\u00e9likus \u00d3voda, \u00c1ltal\u00e1nos Iskola \u00e9s Gimn\u00e1zium\",\"description\":\"\",\"potentialAction\":[{\"@type\":\"SearchAction\",\"target\":{\"@type\":\"EntryPoint\",\"urlTemplate\":\"https:\/\/szekacs.lutheran.hu\/iskola\/?s={search_term_string}\"},\"query-input\":{\"@type\":\"PropertyValueSpecification\",\"valueRequired\":true,\"valueName\":\"search_term_string\"}}],\"inLanguage\":\"hu\"},{\"@type\":\"Person\",\"@id\":\"https:\/\/szekacs.lutheran.hu\/iskola\/#\/schema\/person\/c2ed2e14631babb098c586494bc7d5df\",\"name\":\"admin\",\"image\":{\"@type\":\"ImageObject\",\"inLanguage\":\"hu\",\"@id\":\"https:\/\/szekacs.lutheran.hu\/iskola\/#\/schema\/person\/image\/\",\"url\":\"https:\/\/secure.gravatar.com\/avatar\/2d9a947cd9a162ca4e5eb73e817e43edd8dcbc6e501b39fb999fb53d65e181f4?s=96&d=mm&r=g\",\"contentUrl\":\"https:\/\/secure.gravatar.com\/avatar\/2d9a947cd9a162ca4e5eb73e817e43edd8dcbc6e501b39fb999fb53d65e181f4?s=96&d=mm&r=g\",\"caption\":\"admin\"},\"url\":\"https:\/\/szekacs.lutheran.hu\/iskola\/author\/admin\/\"}]}<\/script>\n<!-- \/ Yoast SEO plugin. -->","yoast_head_json":{"title":"Idegen nyelvi t\u00e9mah\u00e9t iskol\u00e1nkban - Sz\u00e9k\u00e1cs J\u00f3zsef Evang\u00e9likus \u00d3voda, \u00c1ltal\u00e1nos Iskola \u00e9s Gimn\u00e1zium","robots":{"index":"index","follow":"follow","max-snippet":"max-snippet:-1","max-image-preview":"max-image-preview:large","max-video-preview":"max-video-preview:-1"},"canonical":"https:\/\/szekacs.lutheran.hu\/iskola\/idegen-nyelvi-temahet-iskolankban\/","og_locale":"hu_HU","og_type":"article","og_title":"Idegen nyelvi t\u00e9mah\u00e9t iskol\u00e1nkban - Sz\u00e9k\u00e1cs J\u00f3zsef Evang\u00e9likus \u00d3voda, \u00c1ltal\u00e1nos Iskola \u00e9s Gimn\u00e1zium","og_description":"Az el\u0151z\u0151 \u00e9vekhez hasonl\u00f3an az idegen nyelvi munkak\u00f6z\u00f6ss\u00e9g id\u00e9n is megszervezte idegen nyelvi t\u00e9mahet\u00e9t, amikor a gyerekek az angol- \u00e9s...","og_url":"https:\/\/szekacs.lutheran.hu\/iskola\/idegen-nyelvi-temahet-iskolankban\/","og_site_name":"Sz\u00e9k\u00e1cs J\u00f3zsef Evang\u00e9likus \u00d3voda, \u00c1ltal\u00e1nos Iskola \u00e9s Gimn\u00e1zium","article_published_time":"2022-02-28T09:28:42+00:00","article_modified_time":"2022-02-28T09:28:45+00:00","og_image":[{"width":3456,"height":2304,"url":"https:\/\/szekacs.lutheran.hu\/iskola\/wp-content\/uploads\/2022\/02\/Idegen-nyelvi-t\u00e9mah\u00e9t-23.jpg","type":"image\/jpeg"}],"author":"admin","twitter_card":"summary_large_image","twitter_misc":{"Szerz\u0151:":"admin","Becs\u00fclt olvas\u00e1si id\u0151":"2 perc"},"schema":{"@context":"https:\/\/schema.org","@graph":[{"@type":"WebPage","@id":"https:\/\/szekacs.lutheran.hu\/iskola\/idegen-nyelvi-temahet-iskolankban\/","url":"https:\/\/szekacs.lutheran.hu\/iskola\/idegen-nyelvi-temahet-iskolankban\/","name":"Idegen nyelvi t\u00e9mah\u00e9t iskol\u00e1nkban - Sz\u00e9k\u00e1cs J\u00f3zsef Evang\u00e9likus \u00d3voda, \u00c1ltal\u00e1nos Iskola \u00e9s Gimn\u00e1zium","isPartOf":{"@id":"https:\/\/szekacs.lutheran.hu\/iskola\/#website"},"primaryImageOfPage":{"@id":"https:\/\/szekacs.lutheran.hu\/iskola\/idegen-nyelvi-temahet-iskolankban\/#primaryimage"},"image":{"@id":"https:\/\/szekacs.lutheran.hu\/iskola\/idegen-nyelvi-temahet-iskolankban\/#primaryimage"},"thumbnailUrl":"https:\/\/szekacs.lutheran.hu\/iskola\/wp-content\/uploads\/2022\/02\/Idegen-nyelvi-t\u00e9mah\u00e9t-23.jpg","datePublished":"2022-02-28T09:28:42+00:00","dateModified":"2022-02-28T09:28:45+00:00","author":{"@id":"https:\/\/szekacs.lutheran.hu\/iskola\/#\/schema\/person\/c2ed2e14631babb098c586494bc7d5df"},"breadcrumb":{"@id":"https:\/\/szekacs.lutheran.hu\/iskola\/idegen-nyelvi-temahet-iskolankban\/#breadcrumb"},"inLanguage":"hu","potentialAction":[{"@type":"ReadAction","target":["https:\/\/szekacs.lutheran.hu\/iskola\/idegen-nyelvi-temahet-iskolankban\/"]}]},{"@type":"ImageObject","inLanguage":"hu","@id":"https:\/\/szekacs.lutheran.hu\/iskola\/idegen-nyelvi-temahet-iskolankban\/#primaryimage","url":"https:\/\/szekacs.lutheran.hu\/iskola\/wp-content\/uploads\/2022\/02\/Idegen-nyelvi-t\u00e9mah\u00e9t-23.jpg","contentUrl":"https:\/\/szekacs.lutheran.hu\/iskola\/wp-content\/uploads\/2022\/02\/Idegen-nyelvi-t\u00e9mah\u00e9t-23.jpg","width":3456,"height":2304},{"@type":"BreadcrumbList","@id":"https:\/\/szekacs.lutheran.hu\/iskola\/idegen-nyelvi-temahet-iskolankban\/#breadcrumb","itemListElement":[{"@type":"ListItem","position":1,"name":"Home","item":"https:\/\/szekacs.lutheran.hu\/iskola\/"},{"@type":"ListItem","position":2,"name":"Idegen nyelvi t\u00e9mah\u00e9t iskol\u00e1nkban"}]},{"@type":"WebSite","@id":"https:\/\/szekacs.lutheran.hu\/iskola\/#website","url":"https:\/\/szekacs.lutheran.hu\/iskola\/","name":"Sz\u00e9k\u00e1cs J\u00f3zsef Evang\u00e9likus \u00d3voda, \u00c1ltal\u00e1nos Iskola \u00e9s Gimn\u00e1zium","description":"","potentialAction":[{"@type":"SearchAction","target":{"@type":"EntryPoint","urlTemplate":"https:\/\/szekacs.lutheran.hu\/iskola\/?s={search_term_string}"},"query-input":{"@type":"PropertyValueSpecification","valueRequired":true,"valueName":"search_term_string"}}],"inLanguage":"hu"},{"@type":"Person","@id":"https:\/\/szekacs.lutheran.hu\/iskola\/#\/schema\/person\/c2ed2e14631babb098c586494bc7d5df","name":"admin","image":{"@type":"ImageObject","inLanguage":"hu","@id":"https:\/\/szekacs.lutheran.hu\/iskola\/#\/schema\/person\/image\/","url":"https:\/\/secure.gravatar.com\/avatar\/2d9a947cd9a162ca4e5eb73e817e43edd8dcbc6e501b39fb999fb53d65e181f4?s=96&d=mm&r=g","contentUrl":"https:\/\/secure.gravatar.com\/avatar\/2d9a947cd9a162ca4e5eb73e817e43edd8dcbc6e501b39fb999fb53d65e181f4?s=96&d=mm&r=g","caption":"admin"},"url":"https:\/\/szekacs.lutheran.hu\/iskola\/author\/admin\/"}]}},"_links":{"self":[{"href":"https:\/\/szekacs.lutheran.hu\/iskola\/wp-json\/wp\/v2\/posts\/25995","targetHints":{"allow":["GET"]}}],"collection":[{"href":"https:\/\/szekacs.lutheran.hu\/iskola\/wp-json\/wp\/v2\/posts"}],"about":[{"href":"https:\/\/szekacs.lutheran.hu\/iskola\/wp-json\/wp\/v2\/types\/post"}],"author":[{"embeddable":true,"href":"https:\/\/szekacs.lutheran.hu\/iskola\/wp-json\/wp\/v2\/users\/1"}],"replies":[{"embeddable":true,"href":"https:\/\/szekacs.lutheran.hu\/iskola\/wp-json\/wp\/v2\/comments?post=25995"}],"version-history":[{"count":1,"href":"https:\/\/szekacs.lutheran.hu\/iskola\/wp-json\/wp\/v2\/posts\/25995\/revisions"}],"predecessor-version":[{"id":26023,"href":"https:\/\/szekacs.lutheran.hu\/iskola\/wp-json\/wp\/v2\/posts\/25995\/revisions\/26023"}],"wp:featuredmedia":[{"embeddable":true,"href":"https:\/\/szekacs.lutheran.hu\/iskola\/wp-json\/wp\/v2\/media\/26019"}],"wp:attachment":[{"href":"https:\/\/szekacs.lutheran.hu\/iskola\/wp-json\/wp\/v2\/media?parent=25995"}],"wp:term":[{"taxonomy":"category","embeddable":true,"href":"https:\/\/szekacs.lutheran.hu\/iskola\/wp-json\/wp\/v2\/categories?post=25995"},{"taxonomy":"post_tag","embeddable":true,"href":"https:\/\/szekacs.lutheran.hu\/iskola\/wp-json\/wp\/v2\/tags?post=25995"}],"curies":[{"name":"wp","href":"https:\/\/api.w.org\/{rel}","templated":true}]}}