{"id":24993,"date":"2022-01-26T12:53:21","date_gmt":"2022-01-26T12:53:21","guid":{"rendered":"https:\/\/szekacs.lutheran.hu\/iskola\/?p=24993"},"modified":"2022-02-09T12:22:26","modified_gmt":"2022-02-09T12:22:26","slug":"szalagavato-2022","status":"publish","type":"post","link":"https:\/\/szekacs.lutheran.hu\/iskola\/szalagavato-2022\/","title":{"rendered":"Szalagavat\u00f3 2022"},"content":{"rendered":"\n<p>2022. janu\u00e1r 29-\u00e9n, szombaton 17 \u00f3rakor ker\u00fclt sor a tan\u00e9v szalagavat\u00f3j\u00e1ra. Az eg\u00e9sz h\u00e9t a szalagavat\u00f3ra k\u00e9sz\u00fcl\u00e9s l\u00e1z\u00e1ban telt az iskol\u00e1ban. A v\u00e9gz\u0151s\u00f6k sokat pr\u00f3b\u00e1ltak, gyakoroltak, hogy szombat este, amikor megkapt\u00e1k a szalagot, viszonz\u00e1sul sz\u00e9p m\u0171sorral tudj\u00e1k meglepni a k\u00f6z\u00f6ns\u00e9get. <\/p>\n\n\n\n<p>A j\u00e1rv\u00e1ny\u00fcgyi korl\u00e1toz\u00e1sok miatt ebben az esztend\u0151ben nagyon kevesen tudt\u00e1k szem\u00e9lyesen megn\u00e9zni a 12.-esek szalagavat\u00f3j\u00e1t, azonban az eg\u00e9sz esem\u00e9ny \u00e9l\u0151ben k\u00f6vethet\u0151 volt az Oroscafe Facebook-oldal\u00e1n \u00e9s Youtube csatorn\u00e1j\u00e1n.<\/p>\n\n\n\n<p>A szalagavat\u00f3r\u00f3l k\u00e9sz\u00fclt v\u00e1gott felv\u00e9tel iskol\u00e1nk Youtube csatorn\u00e1j\u00e1n l\u00e1that\u00f3:<\/p>\n\n\n\n<figure class=\"wp-block-embed-youtube wp-block-embed is-type-video is-provider-youtube wp-embed-aspect-16-9 wp-has-aspect-ratio\"><div class=\"wp-block-embed__wrapper\">\n<iframe loading=\"lazy\" title=\"Szalagavat\u00f3 2022. janu\u00e1r 29.\" width=\"500\" height=\"281\" src=\"https:\/\/www.youtube.com\/embed\/lBFBELFOdkk?feature=oembed\" frameborder=\"0\" allow=\"accelerometer; autoplay; clipboard-write; encrypted-media; gyroscope; picture-in-picture; web-share\" referrerpolicy=\"strict-origin-when-cross-origin\" allowfullscreen><\/iframe>\n<\/div><\/figure>\n\n\n\n<figure class=\"wp-block-image\"><img loading=\"lazy\" decoding=\"async\" width=\"1024\" height=\"795\" src=\"https:\/\/szekacs.lutheran.hu\/iskola\/wp-content\/uploads\/2022\/01\/szalag-1024x795.jpg\" alt=\"\" class=\"wp-image-24994\" srcset=\"https:\/\/szekacs.lutheran.hu\/iskola\/wp-content\/uploads\/2022\/01\/szalag-1024x795.jpg 1024w, https:\/\/szekacs.lutheran.hu\/iskola\/wp-content\/uploads\/2022\/01\/szalag-300x233.jpg 300w, https:\/\/szekacs.lutheran.hu\/iskola\/wp-content\/uploads\/2022\/01\/szalag-768x597.jpg 768w, https:\/\/szekacs.lutheran.hu\/iskola\/wp-content\/uploads\/2022\/01\/szalag-580x450.jpg 580w, https:\/\/szekacs.lutheran.hu\/iskola\/wp-content\/uploads\/2022\/01\/szalag-860x668.jpg 860w, https:\/\/szekacs.lutheran.hu\/iskola\/wp-content\/uploads\/2022\/01\/szalag-1160x901.jpg 1160w, https:\/\/szekacs.lutheran.hu\/iskola\/wp-content\/uploads\/2022\/01\/szalag-1320x1025.jpg 1320w\" sizes=\"auto, (max-width: 1024px) 100vw, 1024px\" \/><figcaption>A 12. \u00e9vfolyam di\u00e1kjai<\/figcaption><\/figure>\n\n\n\n<p>A szem\u00e9lyesen jelenlev\u0151 vend\u00e9gekt\u0151l v\u00e9detts\u00e9gi igazolv\u00e1nyt \u00e9s a maszk haszn\u00e1lat\u00e1t k\u00e9rt\u00fck. B\u00edzunk benne, j\u00f6v\u0151re m\u00e9g nagyobb k\u00f6rben, korl\u00e1toz\u00e1sok n\u00e9lk\u00fcl folytat\u00f3dhat iskol\u00e1nk sz\u00e9p hagyom\u00e1nya.<\/p>\n\n\n\n<p>Er\u0151s v\u00e1r a mi Isten\u00fcnk!<\/p>\n","protected":false},"excerpt":{"rendered":"<p>2022. janu\u00e1r 29-\u00e9n, szombaton 17 \u00f3rakor ker\u00fclt sor a tan\u00e9v szalagavat\u00f3j\u00e1ra. Az eg\u00e9sz h\u00e9t a szalagavat\u00f3ra k\u00e9sz\u00fcl\u00e9s l\u00e1z\u00e1ban telt az&#8230;<\/p>\n","protected":false},"author":1,"featured_media":0,"comment_status":"closed","ping_status":"closed","sticky":false,"template":"","format":"standard","meta":{"footnotes":""},"categories":[42],"tags":[],"class_list":["post-24993","post","type-post","status-publish","format-standard","hentry","category-aktualis"],"yoast_head":"<!-- This site is optimized with the Yoast SEO plugin v26.2 - https:\/\/yoast.com\/wordpress\/plugins\/seo\/ -->\n<title>Szalagavat\u00f3 2022 - Sz\u00e9k\u00e1cs J\u00f3zsef Evang\u00e9likus \u00d3voda, \u00c1ltal\u00e1nos Iskola \u00e9s Gimn\u00e1zium<\/title>\n<meta name=\"robots\" content=\"index, follow, max-snippet:-1, max-image-preview:large, max-video-preview:-1\" \/>\n<link rel=\"canonical\" href=\"https:\/\/szekacs.lutheran.hu\/iskola\/szalagavato-2022\/\" \/>\n<meta property=\"og:locale\" content=\"hu_HU\" \/>\n<meta property=\"og:type\" content=\"article\" \/>\n<meta property=\"og:title\" content=\"Szalagavat\u00f3 2022 - Sz\u00e9k\u00e1cs J\u00f3zsef Evang\u00e9likus \u00d3voda, \u00c1ltal\u00e1nos Iskola \u00e9s Gimn\u00e1zium\" \/>\n<meta property=\"og:description\" content=\"2022. janu\u00e1r 29-\u00e9n, szombaton 17 \u00f3rakor ker\u00fclt sor a tan\u00e9v szalagavat\u00f3j\u00e1ra. Az eg\u00e9sz h\u00e9t a szalagavat\u00f3ra k\u00e9sz\u00fcl\u00e9s l\u00e1z\u00e1ban telt az...\" \/>\n<meta property=\"og:url\" content=\"https:\/\/szekacs.lutheran.hu\/iskola\/szalagavato-2022\/\" \/>\n<meta property=\"og:site_name\" content=\"Sz\u00e9k\u00e1cs J\u00f3zsef Evang\u00e9likus \u00d3voda, \u00c1ltal\u00e1nos Iskola \u00e9s Gimn\u00e1zium\" \/>\n<meta property=\"article:published_time\" content=\"2022-01-26T12:53:21+00:00\" \/>\n<meta property=\"article:modified_time\" content=\"2022-02-09T12:22:26+00:00\" \/>\n<meta property=\"og:image\" content=\"https:\/\/szekacs.lutheran.hu\/iskola\/wp-content\/uploads\/2022\/01\/szalag.jpg\" \/>\n\t<meta property=\"og:image:width\" content=\"2575\" \/>\n\t<meta property=\"og:image:height\" content=\"2000\" \/>\n\t<meta property=\"og:image:type\" content=\"image\/jpeg\" \/>\n<meta name=\"author\" content=\"admin\" \/>\n<meta name=\"twitter:card\" content=\"summary_large_image\" \/>\n<meta name=\"twitter:label1\" content=\"Szerz\u0151:\" \/>\n\t<meta name=\"twitter:data1\" content=\"admin\" \/>\n\t<meta name=\"twitter:label2\" content=\"Becs\u00fclt olvas\u00e1si id\u0151\" \/>\n\t<meta name=\"twitter:data2\" content=\"1 perc\" \/>\n<script type=\"application\/ld+json\" class=\"yoast-schema-graph\">{\"@context\":\"https:\/\/schema.org\",\"@graph\":[{\"@type\":\"WebPage\",\"@id\":\"https:\/\/szekacs.lutheran.hu\/iskola\/szalagavato-2022\/\",\"url\":\"https:\/\/szekacs.lutheran.hu\/iskola\/szalagavato-2022\/\",\"name\":\"Szalagavat\u00f3 2022 - Sz\u00e9k\u00e1cs J\u00f3zsef Evang\u00e9likus \u00d3voda, \u00c1ltal\u00e1nos Iskola \u00e9s Gimn\u00e1zium\",\"isPartOf\":{\"@id\":\"https:\/\/szekacs.lutheran.hu\/iskola\/#website\"},\"primaryImageOfPage\":{\"@id\":\"https:\/\/szekacs.lutheran.hu\/iskola\/szalagavato-2022\/#primaryimage\"},\"image\":{\"@id\":\"https:\/\/szekacs.lutheran.hu\/iskola\/szalagavato-2022\/#primaryimage\"},\"thumbnailUrl\":\"https:\/\/szekacs.lutheran.hu\/iskola\/wp-content\/uploads\/2022\/01\/szalag-1024x795.jpg\",\"datePublished\":\"2022-01-26T12:53:21+00:00\",\"dateModified\":\"2022-02-09T12:22:26+00:00\",\"author\":{\"@id\":\"https:\/\/szekacs.lutheran.hu\/iskola\/#\/schema\/person\/c2ed2e14631babb098c586494bc7d5df\"},\"breadcrumb\":{\"@id\":\"https:\/\/szekacs.lutheran.hu\/iskola\/szalagavato-2022\/#breadcrumb\"},\"inLanguage\":\"hu\",\"potentialAction\":[{\"@type\":\"ReadAction\",\"target\":[\"https:\/\/szekacs.lutheran.hu\/iskola\/szalagavato-2022\/\"]}]},{\"@type\":\"ImageObject\",\"inLanguage\":\"hu\",\"@id\":\"https:\/\/szekacs.lutheran.hu\/iskola\/szalagavato-2022\/#primaryimage\",\"url\":\"https:\/\/szekacs.lutheran.hu\/iskola\/wp-content\/uploads\/2022\/01\/szalag.jpg\",\"contentUrl\":\"https:\/\/szekacs.lutheran.hu\/iskola\/wp-content\/uploads\/2022\/01\/szalag.jpg\",\"width\":2575,\"height\":2000},{\"@type\":\"BreadcrumbList\",\"@id\":\"https:\/\/szekacs.lutheran.hu\/iskola\/szalagavato-2022\/#breadcrumb\",\"itemListElement\":[{\"@type\":\"ListItem\",\"position\":1,\"name\":\"Home\",\"item\":\"https:\/\/szekacs.lutheran.hu\/iskola\/\"},{\"@type\":\"ListItem\",\"position\":2,\"name\":\"Szalagavat\u00f3 2022\"}]},{\"@type\":\"WebSite\",\"@id\":\"https:\/\/szekacs.lutheran.hu\/iskola\/#website\",\"url\":\"https:\/\/szekacs.lutheran.hu\/iskola\/\",\"name\":\"Sz\u00e9k\u00e1cs J\u00f3zsef Evang\u00e9likus \u00d3voda, \u00c1ltal\u00e1nos Iskola \u00e9s Gimn\u00e1zium\",\"description\":\"\",\"potentialAction\":[{\"@type\":\"SearchAction\",\"target\":{\"@type\":\"EntryPoint\",\"urlTemplate\":\"https:\/\/szekacs.lutheran.hu\/iskola\/?s={search_term_string}\"},\"query-input\":{\"@type\":\"PropertyValueSpecification\",\"valueRequired\":true,\"valueName\":\"search_term_string\"}}],\"inLanguage\":\"hu\"},{\"@type\":\"Person\",\"@id\":\"https:\/\/szekacs.lutheran.hu\/iskola\/#\/schema\/person\/c2ed2e14631babb098c586494bc7d5df\",\"name\":\"admin\",\"image\":{\"@type\":\"ImageObject\",\"inLanguage\":\"hu\",\"@id\":\"https:\/\/szekacs.lutheran.hu\/iskola\/#\/schema\/person\/image\/\",\"url\":\"https:\/\/secure.gravatar.com\/avatar\/2d9a947cd9a162ca4e5eb73e817e43edd8dcbc6e501b39fb999fb53d65e181f4?s=96&d=mm&r=g\",\"contentUrl\":\"https:\/\/secure.gravatar.com\/avatar\/2d9a947cd9a162ca4e5eb73e817e43edd8dcbc6e501b39fb999fb53d65e181f4?s=96&d=mm&r=g\",\"caption\":\"admin\"},\"url\":\"https:\/\/szekacs.lutheran.hu\/iskola\/author\/admin\/\"}]}<\/script>\n<!-- \/ Yoast SEO plugin. -->","yoast_head_json":{"title":"Szalagavat\u00f3 2022 - Sz\u00e9k\u00e1cs J\u00f3zsef Evang\u00e9likus \u00d3voda, \u00c1ltal\u00e1nos Iskola \u00e9s Gimn\u00e1zium","robots":{"index":"index","follow":"follow","max-snippet":"max-snippet:-1","max-image-preview":"max-image-preview:large","max-video-preview":"max-video-preview:-1"},"canonical":"https:\/\/szekacs.lutheran.hu\/iskola\/szalagavato-2022\/","og_locale":"hu_HU","og_type":"article","og_title":"Szalagavat\u00f3 2022 - Sz\u00e9k\u00e1cs J\u00f3zsef Evang\u00e9likus \u00d3voda, \u00c1ltal\u00e1nos Iskola \u00e9s Gimn\u00e1zium","og_description":"2022. janu\u00e1r 29-\u00e9n, szombaton 17 \u00f3rakor ker\u00fclt sor a tan\u00e9v szalagavat\u00f3j\u00e1ra. Az eg\u00e9sz h\u00e9t a szalagavat\u00f3ra k\u00e9sz\u00fcl\u00e9s l\u00e1z\u00e1ban telt az...","og_url":"https:\/\/szekacs.lutheran.hu\/iskola\/szalagavato-2022\/","og_site_name":"Sz\u00e9k\u00e1cs J\u00f3zsef Evang\u00e9likus \u00d3voda, \u00c1ltal\u00e1nos Iskola \u00e9s Gimn\u00e1zium","article_published_time":"2022-01-26T12:53:21+00:00","article_modified_time":"2022-02-09T12:22:26+00:00","og_image":[{"width":2575,"height":2000,"url":"https:\/\/szekacs.lutheran.hu\/iskola\/wp-content\/uploads\/2022\/01\/szalag.jpg","type":"image\/jpeg"}],"author":"admin","twitter_card":"summary_large_image","twitter_misc":{"Szerz\u0151:":"admin","Becs\u00fclt olvas\u00e1si id\u0151":"1 perc"},"schema":{"@context":"https:\/\/schema.org","@graph":[{"@type":"WebPage","@id":"https:\/\/szekacs.lutheran.hu\/iskola\/szalagavato-2022\/","url":"https:\/\/szekacs.lutheran.hu\/iskola\/szalagavato-2022\/","name":"Szalagavat\u00f3 2022 - Sz\u00e9k\u00e1cs J\u00f3zsef Evang\u00e9likus \u00d3voda, \u00c1ltal\u00e1nos Iskola \u00e9s Gimn\u00e1zium","isPartOf":{"@id":"https:\/\/szekacs.lutheran.hu\/iskola\/#website"},"primaryImageOfPage":{"@id":"https:\/\/szekacs.lutheran.hu\/iskola\/szalagavato-2022\/#primaryimage"},"image":{"@id":"https:\/\/szekacs.lutheran.hu\/iskola\/szalagavato-2022\/#primaryimage"},"thumbnailUrl":"https:\/\/szekacs.lutheran.hu\/iskola\/wp-content\/uploads\/2022\/01\/szalag-1024x795.jpg","datePublished":"2022-01-26T12:53:21+00:00","dateModified":"2022-02-09T12:22:26+00:00","author":{"@id":"https:\/\/szekacs.lutheran.hu\/iskola\/#\/schema\/person\/c2ed2e14631babb098c586494bc7d5df"},"breadcrumb":{"@id":"https:\/\/szekacs.lutheran.hu\/iskola\/szalagavato-2022\/#breadcrumb"},"inLanguage":"hu","potentialAction":[{"@type":"ReadAction","target":["https:\/\/szekacs.lutheran.hu\/iskola\/szalagavato-2022\/"]}]},{"@type":"ImageObject","inLanguage":"hu","@id":"https:\/\/szekacs.lutheran.hu\/iskola\/szalagavato-2022\/#primaryimage","url":"https:\/\/szekacs.lutheran.hu\/iskola\/wp-content\/uploads\/2022\/01\/szalag.jpg","contentUrl":"https:\/\/szekacs.lutheran.hu\/iskola\/wp-content\/uploads\/2022\/01\/szalag.jpg","width":2575,"height":2000},{"@type":"BreadcrumbList","@id":"https:\/\/szekacs.lutheran.hu\/iskola\/szalagavato-2022\/#breadcrumb","itemListElement":[{"@type":"ListItem","position":1,"name":"Home","item":"https:\/\/szekacs.lutheran.hu\/iskola\/"},{"@type":"ListItem","position":2,"name":"Szalagavat\u00f3 2022"}]},{"@type":"WebSite","@id":"https:\/\/szekacs.lutheran.hu\/iskola\/#website","url":"https:\/\/szekacs.lutheran.hu\/iskola\/","name":"Sz\u00e9k\u00e1cs J\u00f3zsef Evang\u00e9likus \u00d3voda, \u00c1ltal\u00e1nos Iskola \u00e9s Gimn\u00e1zium","description":"","potentialAction":[{"@type":"SearchAction","target":{"@type":"EntryPoint","urlTemplate":"https:\/\/szekacs.lutheran.hu\/iskola\/?s={search_term_string}"},"query-input":{"@type":"PropertyValueSpecification","valueRequired":true,"valueName":"search_term_string"}}],"inLanguage":"hu"},{"@type":"Person","@id":"https:\/\/szekacs.lutheran.hu\/iskola\/#\/schema\/person\/c2ed2e14631babb098c586494bc7d5df","name":"admin","image":{"@type":"ImageObject","inLanguage":"hu","@id":"https:\/\/szekacs.lutheran.hu\/iskola\/#\/schema\/person\/image\/","url":"https:\/\/secure.gravatar.com\/avatar\/2d9a947cd9a162ca4e5eb73e817e43edd8dcbc6e501b39fb999fb53d65e181f4?s=96&d=mm&r=g","contentUrl":"https:\/\/secure.gravatar.com\/avatar\/2d9a947cd9a162ca4e5eb73e817e43edd8dcbc6e501b39fb999fb53d65e181f4?s=96&d=mm&r=g","caption":"admin"},"url":"https:\/\/szekacs.lutheran.hu\/iskola\/author\/admin\/"}]}},"_links":{"self":[{"href":"https:\/\/szekacs.lutheran.hu\/iskola\/wp-json\/wp\/v2\/posts\/24993","targetHints":{"allow":["GET"]}}],"collection":[{"href":"https:\/\/szekacs.lutheran.hu\/iskola\/wp-json\/wp\/v2\/posts"}],"about":[{"href":"https:\/\/szekacs.lutheran.hu\/iskola\/wp-json\/wp\/v2\/types\/post"}],"author":[{"embeddable":true,"href":"https:\/\/szekacs.lutheran.hu\/iskola\/wp-json\/wp\/v2\/users\/1"}],"replies":[{"embeddable":true,"href":"https:\/\/szekacs.lutheran.hu\/iskola\/wp-json\/wp\/v2\/comments?post=24993"}],"version-history":[{"count":3,"href":"https:\/\/szekacs.lutheran.hu\/iskola\/wp-json\/wp\/v2\/posts\/24993\/revisions"}],"predecessor-version":[{"id":24998,"href":"https:\/\/szekacs.lutheran.hu\/iskola\/wp-json\/wp\/v2\/posts\/24993\/revisions\/24998"}],"wp:attachment":[{"href":"https:\/\/szekacs.lutheran.hu\/iskola\/wp-json\/wp\/v2\/media?parent=24993"}],"wp:term":[{"taxonomy":"category","embeddable":true,"href":"https:\/\/szekacs.lutheran.hu\/iskola\/wp-json\/wp\/v2\/categories?post=24993"},{"taxonomy":"post_tag","embeddable":true,"href":"https:\/\/szekacs.lutheran.hu\/iskola\/wp-json\/wp\/v2\/tags?post=24993"}],"curies":[{"name":"wp","href":"https:\/\/api.w.org\/{rel}","templated":true}]}}