{"id":24918,"date":"2021-10-20T13:55:49","date_gmt":"2021-10-20T13:55:49","guid":{"rendered":"https:\/\/szekacs.lutheran.hu\/iskola\/?p=24918"},"modified":"2021-10-20T13:55:51","modified_gmt":"2021-10-20T13:55:51","slug":"utazz-velunk-a-vilag-korul","status":"publish","type":"post","link":"https:\/\/szekacs.lutheran.hu\/iskola\/utazz-velunk-a-vilag-korul\/","title":{"rendered":"Utazz vel\u00fcnk a vil\u00e1g k\u00f6r\u00fcl!"},"content":{"rendered":"\n<p>A v\u00e1rosi Tehets\u00e9g-H\u00cdD programhoz kapcsol\u00f3d\u00f3an meghirdett\u00fck az \u00e1ltal\u00e1nos iskol\u00e1k fels\u0151 tagozatosainak az &#8222;Utazz vel\u00fcnk a vil\u00e1g k\u00f6r\u00fcl&#8221; komplex tehets\u00e9gfejleszt\u0151 programunkat. <\/p>\n\n\n\n<p>Egy 15 X 1,5 \u00f3r\u00e1s sorozatot szervez\u00fcnk, p\u00e9ntek d\u00e9lut\u00e1nonk\u00e9nt, k\u00e9theti rendszeress\u00e9ggel. A program nyitott m\u00e1s orosh\u00e1zi iskol\u00e1k fel\u00e9 is.<\/p>\n\n\n\n<p>Jelentkezni lehet a plak\u00e1ton tal\u00e1lhat\u00f3 c\u00edmen \u00e9s hat\u00e1rid\u0151ig. <\/p>\n","protected":false},"excerpt":{"rendered":"<p>A v\u00e1rosi Tehets\u00e9g-H\u00cdD programhoz kapcsol\u00f3d\u00f3an meghirdett\u00fck az \u00e1ltal\u00e1nos iskol\u00e1k fels\u0151 tagozatosainak az &#8222;Utazz vel\u00fcnk a vil\u00e1g k\u00f6r\u00fcl&#8221; komplex tehets\u00e9gfejleszt\u0151 programunkat&#8230;.<\/p>\n","protected":false},"author":1,"featured_media":24919,"comment_status":"closed","ping_status":"closed","sticky":false,"template":"","format":"standard","meta":{"footnotes":""},"categories":[42,43],"tags":[],"class_list":["post-24918","post","type-post","status-publish","format-standard","has-post-thumbnail","hentry","category-aktualis","category-iskolai-elet"],"yoast_head":"<!-- This site is optimized with the Yoast SEO plugin v26.2 - https:\/\/yoast.com\/wordpress\/plugins\/seo\/ -->\n<title>Utazz vel\u00fcnk a vil\u00e1g k\u00f6r\u00fcl! - Sz\u00e9k\u00e1cs J\u00f3zsef Evang\u00e9likus \u00d3voda, \u00c1ltal\u00e1nos Iskola \u00e9s Gimn\u00e1zium<\/title>\n<meta name=\"robots\" content=\"index, follow, max-snippet:-1, max-image-preview:large, max-video-preview:-1\" \/>\n<link rel=\"canonical\" href=\"https:\/\/szekacs.lutheran.hu\/iskola\/utazz-velunk-a-vilag-korul\/\" \/>\n<meta property=\"og:locale\" content=\"hu_HU\" \/>\n<meta property=\"og:type\" content=\"article\" \/>\n<meta property=\"og:title\" content=\"Utazz vel\u00fcnk a vil\u00e1g k\u00f6r\u00fcl! - Sz\u00e9k\u00e1cs J\u00f3zsef Evang\u00e9likus \u00d3voda, \u00c1ltal\u00e1nos Iskola \u00e9s Gimn\u00e1zium\" \/>\n<meta property=\"og:description\" content=\"A v\u00e1rosi Tehets\u00e9g-H\u00cdD programhoz kapcsol\u00f3d\u00f3an meghirdett\u00fck az \u00e1ltal\u00e1nos iskol\u00e1k fels\u0151 tagozatosainak az &#8222;Utazz vel\u00fcnk a vil\u00e1g k\u00f6r\u00fcl&#8221; komplex tehets\u00e9gfejleszt\u0151 programunkat....\" \/>\n<meta property=\"og:url\" content=\"https:\/\/szekacs.lutheran.hu\/iskola\/utazz-velunk-a-vilag-korul\/\" \/>\n<meta property=\"og:site_name\" content=\"Sz\u00e9k\u00e1cs J\u00f3zsef Evang\u00e9likus \u00d3voda, \u00c1ltal\u00e1nos Iskola \u00e9s Gimn\u00e1zium\" \/>\n<meta property=\"article:published_time\" content=\"2021-10-20T13:55:49+00:00\" \/>\n<meta property=\"article:modified_time\" content=\"2021-10-20T13:55:51+00:00\" \/>\n<meta property=\"og:image\" content=\"https:\/\/szekacs.lutheran.hu\/iskola\/wp-content\/uploads\/2021\/10\/utazz-vel\u00fcnk-a-vil\u00e1g-k\u00f6r\u00fcl.png\" \/>\n\t<meta property=\"og:image:width\" content=\"1587\" \/>\n\t<meta property=\"og:image:height\" content=\"2245\" \/>\n\t<meta property=\"og:image:type\" content=\"image\/png\" \/>\n<meta name=\"author\" content=\"admin\" \/>\n<meta name=\"twitter:card\" content=\"summary_large_image\" \/>\n<meta name=\"twitter:label1\" content=\"Szerz\u0151:\" \/>\n\t<meta name=\"twitter:data1\" content=\"admin\" \/>\n<script type=\"application\/ld+json\" class=\"yoast-schema-graph\">{\"@context\":\"https:\/\/schema.org\",\"@graph\":[{\"@type\":\"WebPage\",\"@id\":\"https:\/\/szekacs.lutheran.hu\/iskola\/utazz-velunk-a-vilag-korul\/\",\"url\":\"https:\/\/szekacs.lutheran.hu\/iskola\/utazz-velunk-a-vilag-korul\/\",\"name\":\"Utazz vel\u00fcnk a vil\u00e1g k\u00f6r\u00fcl! - Sz\u00e9k\u00e1cs J\u00f3zsef Evang\u00e9likus \u00d3voda, \u00c1ltal\u00e1nos Iskola \u00e9s Gimn\u00e1zium\",\"isPartOf\":{\"@id\":\"https:\/\/szekacs.lutheran.hu\/iskola\/#website\"},\"primaryImageOfPage\":{\"@id\":\"https:\/\/szekacs.lutheran.hu\/iskola\/utazz-velunk-a-vilag-korul\/#primaryimage\"},\"image\":{\"@id\":\"https:\/\/szekacs.lutheran.hu\/iskola\/utazz-velunk-a-vilag-korul\/#primaryimage\"},\"thumbnailUrl\":\"https:\/\/szekacs.lutheran.hu\/iskola\/wp-content\/uploads\/2021\/10\/utazz-vel\u00fcnk-a-vil\u00e1g-k\u00f6r\u00fcl.png\",\"datePublished\":\"2021-10-20T13:55:49+00:00\",\"dateModified\":\"2021-10-20T13:55:51+00:00\",\"author\":{\"@id\":\"https:\/\/szekacs.lutheran.hu\/iskola\/#\/schema\/person\/c2ed2e14631babb098c586494bc7d5df\"},\"breadcrumb\":{\"@id\":\"https:\/\/szekacs.lutheran.hu\/iskola\/utazz-velunk-a-vilag-korul\/#breadcrumb\"},\"inLanguage\":\"hu\",\"potentialAction\":[{\"@type\":\"ReadAction\",\"target\":[\"https:\/\/szekacs.lutheran.hu\/iskola\/utazz-velunk-a-vilag-korul\/\"]}]},{\"@type\":\"ImageObject\",\"inLanguage\":\"hu\",\"@id\":\"https:\/\/szekacs.lutheran.hu\/iskola\/utazz-velunk-a-vilag-korul\/#primaryimage\",\"url\":\"https:\/\/szekacs.lutheran.hu\/iskola\/wp-content\/uploads\/2021\/10\/utazz-vel\u00fcnk-a-vil\u00e1g-k\u00f6r\u00fcl.png\",\"contentUrl\":\"https:\/\/szekacs.lutheran.hu\/iskola\/wp-content\/uploads\/2021\/10\/utazz-vel\u00fcnk-a-vil\u00e1g-k\u00f6r\u00fcl.png\",\"width\":1587,\"height\":2245},{\"@type\":\"BreadcrumbList\",\"@id\":\"https:\/\/szekacs.lutheran.hu\/iskola\/utazz-velunk-a-vilag-korul\/#breadcrumb\",\"itemListElement\":[{\"@type\":\"ListItem\",\"position\":1,\"name\":\"Home\",\"item\":\"https:\/\/szekacs.lutheran.hu\/iskola\/\"},{\"@type\":\"ListItem\",\"position\":2,\"name\":\"Utazz vel\u00fcnk a vil\u00e1g k\u00f6r\u00fcl!\"}]},{\"@type\":\"WebSite\",\"@id\":\"https:\/\/szekacs.lutheran.hu\/iskola\/#website\",\"url\":\"https:\/\/szekacs.lutheran.hu\/iskola\/\",\"name\":\"Sz\u00e9k\u00e1cs J\u00f3zsef Evang\u00e9likus \u00d3voda, \u00c1ltal\u00e1nos Iskola \u00e9s Gimn\u00e1zium\",\"description\":\"\",\"potentialAction\":[{\"@type\":\"SearchAction\",\"target\":{\"@type\":\"EntryPoint\",\"urlTemplate\":\"https:\/\/szekacs.lutheran.hu\/iskola\/?s={search_term_string}\"},\"query-input\":{\"@type\":\"PropertyValueSpecification\",\"valueRequired\":true,\"valueName\":\"search_term_string\"}}],\"inLanguage\":\"hu\"},{\"@type\":\"Person\",\"@id\":\"https:\/\/szekacs.lutheran.hu\/iskola\/#\/schema\/person\/c2ed2e14631babb098c586494bc7d5df\",\"name\":\"admin\",\"image\":{\"@type\":\"ImageObject\",\"inLanguage\":\"hu\",\"@id\":\"https:\/\/szekacs.lutheran.hu\/iskola\/#\/schema\/person\/image\/\",\"url\":\"https:\/\/secure.gravatar.com\/avatar\/2d9a947cd9a162ca4e5eb73e817e43edd8dcbc6e501b39fb999fb53d65e181f4?s=96&d=mm&r=g\",\"contentUrl\":\"https:\/\/secure.gravatar.com\/avatar\/2d9a947cd9a162ca4e5eb73e817e43edd8dcbc6e501b39fb999fb53d65e181f4?s=96&d=mm&r=g\",\"caption\":\"admin\"},\"url\":\"https:\/\/szekacs.lutheran.hu\/iskola\/author\/admin\/\"}]}<\/script>\n<!-- \/ Yoast SEO plugin. -->","yoast_head_json":{"title":"Utazz vel\u00fcnk a vil\u00e1g k\u00f6r\u00fcl! - Sz\u00e9k\u00e1cs J\u00f3zsef Evang\u00e9likus \u00d3voda, \u00c1ltal\u00e1nos Iskola \u00e9s Gimn\u00e1zium","robots":{"index":"index","follow":"follow","max-snippet":"max-snippet:-1","max-image-preview":"max-image-preview:large","max-video-preview":"max-video-preview:-1"},"canonical":"https:\/\/szekacs.lutheran.hu\/iskola\/utazz-velunk-a-vilag-korul\/","og_locale":"hu_HU","og_type":"article","og_title":"Utazz vel\u00fcnk a vil\u00e1g k\u00f6r\u00fcl! - Sz\u00e9k\u00e1cs J\u00f3zsef Evang\u00e9likus \u00d3voda, \u00c1ltal\u00e1nos Iskola \u00e9s Gimn\u00e1zium","og_description":"A v\u00e1rosi Tehets\u00e9g-H\u00cdD programhoz kapcsol\u00f3d\u00f3an meghirdett\u00fck az \u00e1ltal\u00e1nos iskol\u00e1k fels\u0151 tagozatosainak az &#8222;Utazz vel\u00fcnk a vil\u00e1g k\u00f6r\u00fcl&#8221; komplex tehets\u00e9gfejleszt\u0151 programunkat....","og_url":"https:\/\/szekacs.lutheran.hu\/iskola\/utazz-velunk-a-vilag-korul\/","og_site_name":"Sz\u00e9k\u00e1cs J\u00f3zsef Evang\u00e9likus \u00d3voda, \u00c1ltal\u00e1nos Iskola \u00e9s Gimn\u00e1zium","article_published_time":"2021-10-20T13:55:49+00:00","article_modified_time":"2021-10-20T13:55:51+00:00","og_image":[{"width":1587,"height":2245,"url":"https:\/\/szekacs.lutheran.hu\/iskola\/wp-content\/uploads\/2021\/10\/utazz-vel\u00fcnk-a-vil\u00e1g-k\u00f6r\u00fcl.png","type":"image\/png"}],"author":"admin","twitter_card":"summary_large_image","twitter_misc":{"Szerz\u0151:":"admin"},"schema":{"@context":"https:\/\/schema.org","@graph":[{"@type":"WebPage","@id":"https:\/\/szekacs.lutheran.hu\/iskola\/utazz-velunk-a-vilag-korul\/","url":"https:\/\/szekacs.lutheran.hu\/iskola\/utazz-velunk-a-vilag-korul\/","name":"Utazz vel\u00fcnk a vil\u00e1g k\u00f6r\u00fcl! - Sz\u00e9k\u00e1cs J\u00f3zsef Evang\u00e9likus \u00d3voda, \u00c1ltal\u00e1nos Iskola \u00e9s Gimn\u00e1zium","isPartOf":{"@id":"https:\/\/szekacs.lutheran.hu\/iskola\/#website"},"primaryImageOfPage":{"@id":"https:\/\/szekacs.lutheran.hu\/iskola\/utazz-velunk-a-vilag-korul\/#primaryimage"},"image":{"@id":"https:\/\/szekacs.lutheran.hu\/iskola\/utazz-velunk-a-vilag-korul\/#primaryimage"},"thumbnailUrl":"https:\/\/szekacs.lutheran.hu\/iskola\/wp-content\/uploads\/2021\/10\/utazz-vel\u00fcnk-a-vil\u00e1g-k\u00f6r\u00fcl.png","datePublished":"2021-10-20T13:55:49+00:00","dateModified":"2021-10-20T13:55:51+00:00","author":{"@id":"https:\/\/szekacs.lutheran.hu\/iskola\/#\/schema\/person\/c2ed2e14631babb098c586494bc7d5df"},"breadcrumb":{"@id":"https:\/\/szekacs.lutheran.hu\/iskola\/utazz-velunk-a-vilag-korul\/#breadcrumb"},"inLanguage":"hu","potentialAction":[{"@type":"ReadAction","target":["https:\/\/szekacs.lutheran.hu\/iskola\/utazz-velunk-a-vilag-korul\/"]}]},{"@type":"ImageObject","inLanguage":"hu","@id":"https:\/\/szekacs.lutheran.hu\/iskola\/utazz-velunk-a-vilag-korul\/#primaryimage","url":"https:\/\/szekacs.lutheran.hu\/iskola\/wp-content\/uploads\/2021\/10\/utazz-vel\u00fcnk-a-vil\u00e1g-k\u00f6r\u00fcl.png","contentUrl":"https:\/\/szekacs.lutheran.hu\/iskola\/wp-content\/uploads\/2021\/10\/utazz-vel\u00fcnk-a-vil\u00e1g-k\u00f6r\u00fcl.png","width":1587,"height":2245},{"@type":"BreadcrumbList","@id":"https:\/\/szekacs.lutheran.hu\/iskola\/utazz-velunk-a-vilag-korul\/#breadcrumb","itemListElement":[{"@type":"ListItem","position":1,"name":"Home","item":"https:\/\/szekacs.lutheran.hu\/iskola\/"},{"@type":"ListItem","position":2,"name":"Utazz vel\u00fcnk a vil\u00e1g k\u00f6r\u00fcl!"}]},{"@type":"WebSite","@id":"https:\/\/szekacs.lutheran.hu\/iskola\/#website","url":"https:\/\/szekacs.lutheran.hu\/iskola\/","name":"Sz\u00e9k\u00e1cs J\u00f3zsef Evang\u00e9likus \u00d3voda, \u00c1ltal\u00e1nos Iskola \u00e9s Gimn\u00e1zium","description":"","potentialAction":[{"@type":"SearchAction","target":{"@type":"EntryPoint","urlTemplate":"https:\/\/szekacs.lutheran.hu\/iskola\/?s={search_term_string}"},"query-input":{"@type":"PropertyValueSpecification","valueRequired":true,"valueName":"search_term_string"}}],"inLanguage":"hu"},{"@type":"Person","@id":"https:\/\/szekacs.lutheran.hu\/iskola\/#\/schema\/person\/c2ed2e14631babb098c586494bc7d5df","name":"admin","image":{"@type":"ImageObject","inLanguage":"hu","@id":"https:\/\/szekacs.lutheran.hu\/iskola\/#\/schema\/person\/image\/","url":"https:\/\/secure.gravatar.com\/avatar\/2d9a947cd9a162ca4e5eb73e817e43edd8dcbc6e501b39fb999fb53d65e181f4?s=96&d=mm&r=g","contentUrl":"https:\/\/secure.gravatar.com\/avatar\/2d9a947cd9a162ca4e5eb73e817e43edd8dcbc6e501b39fb999fb53d65e181f4?s=96&d=mm&r=g","caption":"admin"},"url":"https:\/\/szekacs.lutheran.hu\/iskola\/author\/admin\/"}]}},"_links":{"self":[{"href":"https:\/\/szekacs.lutheran.hu\/iskola\/wp-json\/wp\/v2\/posts\/24918","targetHints":{"allow":["GET"]}}],"collection":[{"href":"https:\/\/szekacs.lutheran.hu\/iskola\/wp-json\/wp\/v2\/posts"}],"about":[{"href":"https:\/\/szekacs.lutheran.hu\/iskola\/wp-json\/wp\/v2\/types\/post"}],"author":[{"embeddable":true,"href":"https:\/\/szekacs.lutheran.hu\/iskola\/wp-json\/wp\/v2\/users\/1"}],"replies":[{"embeddable":true,"href":"https:\/\/szekacs.lutheran.hu\/iskola\/wp-json\/wp\/v2\/comments?post=24918"}],"version-history":[{"count":1,"href":"https:\/\/szekacs.lutheran.hu\/iskola\/wp-json\/wp\/v2\/posts\/24918\/revisions"}],"predecessor-version":[{"id":24920,"href":"https:\/\/szekacs.lutheran.hu\/iskola\/wp-json\/wp\/v2\/posts\/24918\/revisions\/24920"}],"wp:featuredmedia":[{"embeddable":true,"href":"https:\/\/szekacs.lutheran.hu\/iskola\/wp-json\/wp\/v2\/media\/24919"}],"wp:attachment":[{"href":"https:\/\/szekacs.lutheran.hu\/iskola\/wp-json\/wp\/v2\/media?parent=24918"}],"wp:term":[{"taxonomy":"category","embeddable":true,"href":"https:\/\/szekacs.lutheran.hu\/iskola\/wp-json\/wp\/v2\/categories?post=24918"},{"taxonomy":"post_tag","embeddable":true,"href":"https:\/\/szekacs.lutheran.hu\/iskola\/wp-json\/wp\/v2\/tags?post=24918"}],"curies":[{"name":"wp","href":"https:\/\/api.w.org\/{rel}","templated":true}]}}