{"id":24905,"date":"2021-10-14T08:57:21","date_gmt":"2021-10-14T08:57:21","guid":{"rendered":"https:\/\/szekacs.lutheran.hu\/iskola\/?p=24905"},"modified":"2021-10-14T08:57:23","modified_gmt":"2021-10-14T08:57:23","slug":"probanyelvvizsga-2","status":"publish","type":"post","link":"https:\/\/szekacs.lutheran.hu\/iskola\/probanyelvvizsga-2\/","title":{"rendered":"Pr\u00f3banyelvvizsga"},"content":{"rendered":"\n<p><strong>LanguageCert pr\u00f3banyelvvizsg\u00e1t tartunk<\/strong> a Sz\u00e9k\u00e1cs Evang\u00e9likus Iskol\u00e1ban <strong>2021. okt\u00f3ber 22-\u00e9n 14 \u00f3rai\nkezdettel.<\/strong><\/p>\n\n\n\n<p>A jelentkez\u0151k olvasott sz\u00f6veg \u00e9rt\u00e9se, \u00edrott sz\u00f6veg l\u00e9trehoz\u00e1sa  \u00e9s hall\u00e1s ut\u00e1ni sz\u00f6veg\u00e9rt\u00e9s ter\u00fcleteken m\u00e9rhetik meg tud\u00e1sukat. <em>A vizsga ingyenes.<\/em><\/p>\n\n\n\n<p><strong>Jelentkezni 2021. okt\u00f3ber 20-ig<\/strong> a szaktan\u00e1rokn\u00e1l, illetve \u00d6kr\u00f6sn\u00e9 Miszlai Edit tan\u00e1rn\u0151n\u00e9l lehet szem\u00e9lyesen, tov\u00e1bb\u00e1 a 30-907-68-68 telefonsz\u00e1mon vagy e-mailben a miszlaiedit@freemail.hu c\u00edmen.<\/p>\n\n\n\n<p>Tov\u00e1bbi inform\u00e1ci\u00f3k <a href=\"https:\/\/szekacs.lutheran.hu\/iskola\/skm_c22721101214560\/\" target=\"_blank\" rel=\"noreferrer noopener\" aria-label=\"a mell\u00e9kelt dokumentumban. (\u00faj f\u00fcl\u00f6n nyitja meg)\">a mell\u00e9kelt dokumentumban.<\/a><\/p>\n","protected":false},"excerpt":{"rendered":"<p>LanguageCert pr\u00f3banyelvvizsg\u00e1t tartunk a Sz\u00e9k\u00e1cs Evang\u00e9likus Iskol\u00e1ban 2021. okt\u00f3ber 22-\u00e9n 14 \u00f3rai kezdettel. A jelentkez\u0151k olvasott sz\u00f6veg \u00e9rt\u00e9se, \u00edrott sz\u00f6veg&#8230;<\/p>\n","protected":false},"author":1,"featured_media":24907,"comment_status":"closed","ping_status":"closed","sticky":false,"template":"","format":"standard","meta":{"footnotes":""},"categories":[42,43],"tags":[],"class_list":["post-24905","post","type-post","status-publish","format-standard","has-post-thumbnail","hentry","category-aktualis","category-iskolai-elet"],"yoast_head":"<!-- This site is optimized with the Yoast SEO plugin v26.2 - https:\/\/yoast.com\/wordpress\/plugins\/seo\/ -->\n<title>Pr\u00f3banyelvvizsga - Sz\u00e9k\u00e1cs J\u00f3zsef Evang\u00e9likus \u00d3voda, \u00c1ltal\u00e1nos Iskola \u00e9s Gimn\u00e1zium<\/title>\n<meta name=\"robots\" content=\"index, follow, max-snippet:-1, max-image-preview:large, max-video-preview:-1\" \/>\n<link rel=\"canonical\" href=\"https:\/\/szekacs.lutheran.hu\/iskola\/probanyelvvizsga-2\/\" \/>\n<meta property=\"og:locale\" content=\"hu_HU\" \/>\n<meta property=\"og:type\" content=\"article\" \/>\n<meta property=\"og:title\" content=\"Pr\u00f3banyelvvizsga - Sz\u00e9k\u00e1cs J\u00f3zsef Evang\u00e9likus \u00d3voda, \u00c1ltal\u00e1nos Iskola \u00e9s Gimn\u00e1zium\" \/>\n<meta property=\"og:description\" content=\"LanguageCert pr\u00f3banyelvvizsg\u00e1t tartunk a Sz\u00e9k\u00e1cs Evang\u00e9likus Iskol\u00e1ban 2021. okt\u00f3ber 22-\u00e9n 14 \u00f3rai kezdettel. A jelentkez\u0151k olvasott sz\u00f6veg \u00e9rt\u00e9se, \u00edrott sz\u00f6veg...\" \/>\n<meta property=\"og:url\" content=\"https:\/\/szekacs.lutheran.hu\/iskola\/probanyelvvizsga-2\/\" \/>\n<meta property=\"og:site_name\" content=\"Sz\u00e9k\u00e1cs J\u00f3zsef Evang\u00e9likus \u00d3voda, \u00c1ltal\u00e1nos Iskola \u00e9s Gimn\u00e1zium\" \/>\n<meta property=\"article:published_time\" content=\"2021-10-14T08:57:21+00:00\" \/>\n<meta property=\"article:modified_time\" content=\"2021-10-14T08:57:23+00:00\" \/>\n<meta property=\"og:image\" content=\"https:\/\/szekacs.lutheran.hu\/iskola\/wp-content\/uploads\/2021\/10\/PR\u00d3BANYELVVIZSGA.png\" \/>\n\t<meta property=\"og:image:width\" content=\"1150\" \/>\n\t<meta property=\"og:image:height\" content=\"701\" \/>\n\t<meta property=\"og:image:type\" content=\"image\/png\" \/>\n<meta name=\"author\" content=\"admin\" \/>\n<meta name=\"twitter:card\" content=\"summary_large_image\" \/>\n<meta name=\"twitter:label1\" content=\"Szerz\u0151:\" \/>\n\t<meta name=\"twitter:data1\" content=\"admin\" \/>\n<script type=\"application\/ld+json\" class=\"yoast-schema-graph\">{\"@context\":\"https:\/\/schema.org\",\"@graph\":[{\"@type\":\"WebPage\",\"@id\":\"https:\/\/szekacs.lutheran.hu\/iskola\/probanyelvvizsga-2\/\",\"url\":\"https:\/\/szekacs.lutheran.hu\/iskola\/probanyelvvizsga-2\/\",\"name\":\"Pr\u00f3banyelvvizsga - Sz\u00e9k\u00e1cs J\u00f3zsef Evang\u00e9likus \u00d3voda, \u00c1ltal\u00e1nos Iskola \u00e9s Gimn\u00e1zium\",\"isPartOf\":{\"@id\":\"https:\/\/szekacs.lutheran.hu\/iskola\/#website\"},\"primaryImageOfPage\":{\"@id\":\"https:\/\/szekacs.lutheran.hu\/iskola\/probanyelvvizsga-2\/#primaryimage\"},\"image\":{\"@id\":\"https:\/\/szekacs.lutheran.hu\/iskola\/probanyelvvizsga-2\/#primaryimage\"},\"thumbnailUrl\":\"https:\/\/szekacs.lutheran.hu\/iskola\/wp-content\/uploads\/2021\/10\/PR\u00d3BANYELVVIZSGA.png\",\"datePublished\":\"2021-10-14T08:57:21+00:00\",\"dateModified\":\"2021-10-14T08:57:23+00:00\",\"author\":{\"@id\":\"https:\/\/szekacs.lutheran.hu\/iskola\/#\/schema\/person\/c2ed2e14631babb098c586494bc7d5df\"},\"breadcrumb\":{\"@id\":\"https:\/\/szekacs.lutheran.hu\/iskola\/probanyelvvizsga-2\/#breadcrumb\"},\"inLanguage\":\"hu\",\"potentialAction\":[{\"@type\":\"ReadAction\",\"target\":[\"https:\/\/szekacs.lutheran.hu\/iskola\/probanyelvvizsga-2\/\"]}]},{\"@type\":\"ImageObject\",\"inLanguage\":\"hu\",\"@id\":\"https:\/\/szekacs.lutheran.hu\/iskola\/probanyelvvizsga-2\/#primaryimage\",\"url\":\"https:\/\/szekacs.lutheran.hu\/iskola\/wp-content\/uploads\/2021\/10\/PR\u00d3BANYELVVIZSGA.png\",\"contentUrl\":\"https:\/\/szekacs.lutheran.hu\/iskola\/wp-content\/uploads\/2021\/10\/PR\u00d3BANYELVVIZSGA.png\",\"width\":1150,\"height\":701},{\"@type\":\"BreadcrumbList\",\"@id\":\"https:\/\/szekacs.lutheran.hu\/iskola\/probanyelvvizsga-2\/#breadcrumb\",\"itemListElement\":[{\"@type\":\"ListItem\",\"position\":1,\"name\":\"Home\",\"item\":\"https:\/\/szekacs.lutheran.hu\/iskola\/\"},{\"@type\":\"ListItem\",\"position\":2,\"name\":\"Pr\u00f3banyelvvizsga\"}]},{\"@type\":\"WebSite\",\"@id\":\"https:\/\/szekacs.lutheran.hu\/iskola\/#website\",\"url\":\"https:\/\/szekacs.lutheran.hu\/iskola\/\",\"name\":\"Sz\u00e9k\u00e1cs J\u00f3zsef Evang\u00e9likus \u00d3voda, \u00c1ltal\u00e1nos Iskola \u00e9s Gimn\u00e1zium\",\"description\":\"\",\"potentialAction\":[{\"@type\":\"SearchAction\",\"target\":{\"@type\":\"EntryPoint\",\"urlTemplate\":\"https:\/\/szekacs.lutheran.hu\/iskola\/?s={search_term_string}\"},\"query-input\":{\"@type\":\"PropertyValueSpecification\",\"valueRequired\":true,\"valueName\":\"search_term_string\"}}],\"inLanguage\":\"hu\"},{\"@type\":\"Person\",\"@id\":\"https:\/\/szekacs.lutheran.hu\/iskola\/#\/schema\/person\/c2ed2e14631babb098c586494bc7d5df\",\"name\":\"admin\",\"image\":{\"@type\":\"ImageObject\",\"inLanguage\":\"hu\",\"@id\":\"https:\/\/szekacs.lutheran.hu\/iskola\/#\/schema\/person\/image\/\",\"url\":\"https:\/\/secure.gravatar.com\/avatar\/2d9a947cd9a162ca4e5eb73e817e43edd8dcbc6e501b39fb999fb53d65e181f4?s=96&d=mm&r=g\",\"contentUrl\":\"https:\/\/secure.gravatar.com\/avatar\/2d9a947cd9a162ca4e5eb73e817e43edd8dcbc6e501b39fb999fb53d65e181f4?s=96&d=mm&r=g\",\"caption\":\"admin\"},\"url\":\"https:\/\/szekacs.lutheran.hu\/iskola\/author\/admin\/\"}]}<\/script>\n<!-- \/ Yoast SEO plugin. -->","yoast_head_json":{"title":"Pr\u00f3banyelvvizsga - Sz\u00e9k\u00e1cs J\u00f3zsef Evang\u00e9likus \u00d3voda, \u00c1ltal\u00e1nos Iskola \u00e9s Gimn\u00e1zium","robots":{"index":"index","follow":"follow","max-snippet":"max-snippet:-1","max-image-preview":"max-image-preview:large","max-video-preview":"max-video-preview:-1"},"canonical":"https:\/\/szekacs.lutheran.hu\/iskola\/probanyelvvizsga-2\/","og_locale":"hu_HU","og_type":"article","og_title":"Pr\u00f3banyelvvizsga - Sz\u00e9k\u00e1cs J\u00f3zsef Evang\u00e9likus \u00d3voda, \u00c1ltal\u00e1nos Iskola \u00e9s Gimn\u00e1zium","og_description":"LanguageCert pr\u00f3banyelvvizsg\u00e1t tartunk a Sz\u00e9k\u00e1cs Evang\u00e9likus Iskol\u00e1ban 2021. okt\u00f3ber 22-\u00e9n 14 \u00f3rai kezdettel. A jelentkez\u0151k olvasott sz\u00f6veg \u00e9rt\u00e9se, \u00edrott sz\u00f6veg...","og_url":"https:\/\/szekacs.lutheran.hu\/iskola\/probanyelvvizsga-2\/","og_site_name":"Sz\u00e9k\u00e1cs J\u00f3zsef Evang\u00e9likus \u00d3voda, \u00c1ltal\u00e1nos Iskola \u00e9s Gimn\u00e1zium","article_published_time":"2021-10-14T08:57:21+00:00","article_modified_time":"2021-10-14T08:57:23+00:00","og_image":[{"width":1150,"height":701,"url":"https:\/\/szekacs.lutheran.hu\/iskola\/wp-content\/uploads\/2021\/10\/PR\u00d3BANYELVVIZSGA.png","type":"image\/png"}],"author":"admin","twitter_card":"summary_large_image","twitter_misc":{"Szerz\u0151:":"admin"},"schema":{"@context":"https:\/\/schema.org","@graph":[{"@type":"WebPage","@id":"https:\/\/szekacs.lutheran.hu\/iskola\/probanyelvvizsga-2\/","url":"https:\/\/szekacs.lutheran.hu\/iskola\/probanyelvvizsga-2\/","name":"Pr\u00f3banyelvvizsga - Sz\u00e9k\u00e1cs J\u00f3zsef Evang\u00e9likus \u00d3voda, \u00c1ltal\u00e1nos Iskola \u00e9s Gimn\u00e1zium","isPartOf":{"@id":"https:\/\/szekacs.lutheran.hu\/iskola\/#website"},"primaryImageOfPage":{"@id":"https:\/\/szekacs.lutheran.hu\/iskola\/probanyelvvizsga-2\/#primaryimage"},"image":{"@id":"https:\/\/szekacs.lutheran.hu\/iskola\/probanyelvvizsga-2\/#primaryimage"},"thumbnailUrl":"https:\/\/szekacs.lutheran.hu\/iskola\/wp-content\/uploads\/2021\/10\/PR\u00d3BANYELVVIZSGA.png","datePublished":"2021-10-14T08:57:21+00:00","dateModified":"2021-10-14T08:57:23+00:00","author":{"@id":"https:\/\/szekacs.lutheran.hu\/iskola\/#\/schema\/person\/c2ed2e14631babb098c586494bc7d5df"},"breadcrumb":{"@id":"https:\/\/szekacs.lutheran.hu\/iskola\/probanyelvvizsga-2\/#breadcrumb"},"inLanguage":"hu","potentialAction":[{"@type":"ReadAction","target":["https:\/\/szekacs.lutheran.hu\/iskola\/probanyelvvizsga-2\/"]}]},{"@type":"ImageObject","inLanguage":"hu","@id":"https:\/\/szekacs.lutheran.hu\/iskola\/probanyelvvizsga-2\/#primaryimage","url":"https:\/\/szekacs.lutheran.hu\/iskola\/wp-content\/uploads\/2021\/10\/PR\u00d3BANYELVVIZSGA.png","contentUrl":"https:\/\/szekacs.lutheran.hu\/iskola\/wp-content\/uploads\/2021\/10\/PR\u00d3BANYELVVIZSGA.png","width":1150,"height":701},{"@type":"BreadcrumbList","@id":"https:\/\/szekacs.lutheran.hu\/iskola\/probanyelvvizsga-2\/#breadcrumb","itemListElement":[{"@type":"ListItem","position":1,"name":"Home","item":"https:\/\/szekacs.lutheran.hu\/iskola\/"},{"@type":"ListItem","position":2,"name":"Pr\u00f3banyelvvizsga"}]},{"@type":"WebSite","@id":"https:\/\/szekacs.lutheran.hu\/iskola\/#website","url":"https:\/\/szekacs.lutheran.hu\/iskola\/","name":"Sz\u00e9k\u00e1cs J\u00f3zsef Evang\u00e9likus \u00d3voda, \u00c1ltal\u00e1nos Iskola \u00e9s Gimn\u00e1zium","description":"","potentialAction":[{"@type":"SearchAction","target":{"@type":"EntryPoint","urlTemplate":"https:\/\/szekacs.lutheran.hu\/iskola\/?s={search_term_string}"},"query-input":{"@type":"PropertyValueSpecification","valueRequired":true,"valueName":"search_term_string"}}],"inLanguage":"hu"},{"@type":"Person","@id":"https:\/\/szekacs.lutheran.hu\/iskola\/#\/schema\/person\/c2ed2e14631babb098c586494bc7d5df","name":"admin","image":{"@type":"ImageObject","inLanguage":"hu","@id":"https:\/\/szekacs.lutheran.hu\/iskola\/#\/schema\/person\/image\/","url":"https:\/\/secure.gravatar.com\/avatar\/2d9a947cd9a162ca4e5eb73e817e43edd8dcbc6e501b39fb999fb53d65e181f4?s=96&d=mm&r=g","contentUrl":"https:\/\/secure.gravatar.com\/avatar\/2d9a947cd9a162ca4e5eb73e817e43edd8dcbc6e501b39fb999fb53d65e181f4?s=96&d=mm&r=g","caption":"admin"},"url":"https:\/\/szekacs.lutheran.hu\/iskola\/author\/admin\/"}]}},"_links":{"self":[{"href":"https:\/\/szekacs.lutheran.hu\/iskola\/wp-json\/wp\/v2\/posts\/24905","targetHints":{"allow":["GET"]}}],"collection":[{"href":"https:\/\/szekacs.lutheran.hu\/iskola\/wp-json\/wp\/v2\/posts"}],"about":[{"href":"https:\/\/szekacs.lutheran.hu\/iskola\/wp-json\/wp\/v2\/types\/post"}],"author":[{"embeddable":true,"href":"https:\/\/szekacs.lutheran.hu\/iskola\/wp-json\/wp\/v2\/users\/1"}],"replies":[{"embeddable":true,"href":"https:\/\/szekacs.lutheran.hu\/iskola\/wp-json\/wp\/v2\/comments?post=24905"}],"version-history":[{"count":2,"href":"https:\/\/szekacs.lutheran.hu\/iskola\/wp-json\/wp\/v2\/posts\/24905\/revisions"}],"predecessor-version":[{"id":24909,"href":"https:\/\/szekacs.lutheran.hu\/iskola\/wp-json\/wp\/v2\/posts\/24905\/revisions\/24909"}],"wp:featuredmedia":[{"embeddable":true,"href":"https:\/\/szekacs.lutheran.hu\/iskola\/wp-json\/wp\/v2\/media\/24907"}],"wp:attachment":[{"href":"https:\/\/szekacs.lutheran.hu\/iskola\/wp-json\/wp\/v2\/media?parent=24905"}],"wp:term":[{"taxonomy":"category","embeddable":true,"href":"https:\/\/szekacs.lutheran.hu\/iskola\/wp-json\/wp\/v2\/categories?post=24905"},{"taxonomy":"post_tag","embeddable":true,"href":"https:\/\/szekacs.lutheran.hu\/iskola\/wp-json\/wp\/v2\/tags?post=24905"}],"curies":[{"name":"wp","href":"https:\/\/api.w.org\/{rel}","templated":true}]}}