{"id":24776,"date":"2021-08-26T09:25:45","date_gmt":"2021-08-26T09:25:45","guid":{"rendered":"https:\/\/szekacs.lutheran.hu\/iskola\/?p=24776"},"modified":"2021-08-26T09:31:41","modified_gmt":"2021-08-26T09:31:41","slug":"tanevkezdes-2","status":"publish","type":"post","link":"https:\/\/szekacs.lutheran.hu\/iskola\/tanevkezdes-2\/","title":{"rendered":"Tan\u00e9vkezd\u00e9s"},"content":{"rendered":"\n<p>A 2021\/22. tan\u00e9v  szeptember 1-j\u00e9n veszi kezdet\u00e9t. Az els\u0151 tan\u00edt\u00e1si napon 3 oszt\u00e1lyf\u0151n\u00f6ki \u00f3ra lesz 8-t\u00f3l 11 \u00f3r\u00e1ig. F\u00fczetet, \u00edr\u00f3eszk\u00f6zt, illetve az oszt\u00e1lyf\u0151n\u00f6k\u00f6k \u00e1ltal k\u00e9rt felszerel\u00e9st kell hozni erre a napra. Eb\u00e9d csak h\u00e9tf\u0151t\u0151l, szeptember 6-t\u00f3l lesz az iskol\u00e1ban.<\/p>\n\n\n\n<p>Iskol\u00e1nk tan\u00e9vnyit\u00f3 istentisztelete <strong>2021. szeptember 5-\u00e9n, vas\u00e1rnap<\/strong>  az evang\u00e9likus templomban lesz, a r\u00e9szv\u00e9tel k\u00f6telez\u0151. Megjelen\u00e9s iskolai <strong>egyenruh\u00e1ban<\/strong>, az <strong>\u00e9nekesk\u00f6nyv\u00e9t <\/strong>mindenki hozza mag\u00e1val!<\/p>\n\n\n\n<p><strong>Gy\u00fclekez\u0151 f\u00e9l 10-kor<\/strong> az iskol\u00e1ban, innen k\u00f6z\u00f6sen vonulunk \u00e1t a templomba, ahonnan egy\u00e9nileg lehet majd a tan\u00e9vnyit\u00f3 ut\u00e1n hazaindulni.<\/p>\n","protected":false},"excerpt":{"rendered":"<p>A 2021\/22. tan\u00e9v szeptember 1-j\u00e9n veszi kezdet\u00e9t. Az els\u0151 tan\u00edt\u00e1si napon 3 oszt\u00e1lyf\u0151n\u00f6ki \u00f3ra lesz 8-t\u00f3l 11 \u00f3r\u00e1ig. F\u00fczetet, \u00edr\u00f3eszk\u00f6zt,&#8230;<\/p>\n","protected":false},"author":1,"featured_media":24777,"comment_status":"closed","ping_status":"closed","sticky":false,"template":"","format":"standard","meta":{"footnotes":""},"categories":[42,43],"tags":[],"class_list":["post-24776","post","type-post","status-publish","format-standard","has-post-thumbnail","hentry","category-aktualis","category-iskolai-elet"],"yoast_head":"<!-- This site is optimized with the Yoast SEO plugin v26.2 - https:\/\/yoast.com\/wordpress\/plugins\/seo\/ -->\n<title>Tan\u00e9vkezd\u00e9s - Sz\u00e9k\u00e1cs J\u00f3zsef Evang\u00e9likus \u00d3voda, \u00c1ltal\u00e1nos Iskola \u00e9s Gimn\u00e1zium<\/title>\n<meta name=\"robots\" content=\"index, follow, max-snippet:-1, max-image-preview:large, max-video-preview:-1\" \/>\n<link rel=\"canonical\" href=\"https:\/\/szekacs.lutheran.hu\/iskola\/tanevkezdes-2\/\" \/>\n<meta property=\"og:locale\" content=\"hu_HU\" \/>\n<meta property=\"og:type\" content=\"article\" \/>\n<meta property=\"og:title\" content=\"Tan\u00e9vkezd\u00e9s - Sz\u00e9k\u00e1cs J\u00f3zsef Evang\u00e9likus \u00d3voda, \u00c1ltal\u00e1nos Iskola \u00e9s Gimn\u00e1zium\" \/>\n<meta property=\"og:description\" content=\"A 2021\/22. tan\u00e9v szeptember 1-j\u00e9n veszi kezdet\u00e9t. Az els\u0151 tan\u00edt\u00e1si napon 3 oszt\u00e1lyf\u0151n\u00f6ki \u00f3ra lesz 8-t\u00f3l 11 \u00f3r\u00e1ig. F\u00fczetet, \u00edr\u00f3eszk\u00f6zt,...\" \/>\n<meta property=\"og:url\" content=\"https:\/\/szekacs.lutheran.hu\/iskola\/tanevkezdes-2\/\" \/>\n<meta property=\"og:site_name\" content=\"Sz\u00e9k\u00e1cs J\u00f3zsef Evang\u00e9likus \u00d3voda, \u00c1ltal\u00e1nos Iskola \u00e9s Gimn\u00e1zium\" \/>\n<meta property=\"article:published_time\" content=\"2021-08-26T09:25:45+00:00\" \/>\n<meta property=\"article:modified_time\" content=\"2021-08-26T09:31:41+00:00\" \/>\n<meta property=\"og:image\" content=\"https:\/\/szekacs.lutheran.hu\/iskola\/wp-content\/uploads\/2021\/08\/tan\u00e9vnyit\u00f3-2021.png\" \/>\n\t<meta property=\"og:image:width\" content=\"1110\" \/>\n\t<meta property=\"og:image:height\" content=\"600\" \/>\n\t<meta property=\"og:image:type\" content=\"image\/png\" \/>\n<meta name=\"author\" content=\"admin\" \/>\n<meta name=\"twitter:card\" content=\"summary_large_image\" \/>\n<meta name=\"twitter:label1\" content=\"Szerz\u0151:\" \/>\n\t<meta name=\"twitter:data1\" content=\"admin\" \/>\n\t<meta name=\"twitter:label2\" content=\"Becs\u00fclt olvas\u00e1si id\u0151\" \/>\n\t<meta name=\"twitter:data2\" content=\"1 perc\" \/>\n<script type=\"application\/ld+json\" class=\"yoast-schema-graph\">{\"@context\":\"https:\/\/schema.org\",\"@graph\":[{\"@type\":\"WebPage\",\"@id\":\"https:\/\/szekacs.lutheran.hu\/iskola\/tanevkezdes-2\/\",\"url\":\"https:\/\/szekacs.lutheran.hu\/iskola\/tanevkezdes-2\/\",\"name\":\"Tan\u00e9vkezd\u00e9s - Sz\u00e9k\u00e1cs J\u00f3zsef Evang\u00e9likus \u00d3voda, \u00c1ltal\u00e1nos Iskola \u00e9s Gimn\u00e1zium\",\"isPartOf\":{\"@id\":\"https:\/\/szekacs.lutheran.hu\/iskola\/#website\"},\"primaryImageOfPage\":{\"@id\":\"https:\/\/szekacs.lutheran.hu\/iskola\/tanevkezdes-2\/#primaryimage\"},\"image\":{\"@id\":\"https:\/\/szekacs.lutheran.hu\/iskola\/tanevkezdes-2\/#primaryimage\"},\"thumbnailUrl\":\"https:\/\/szekacs.lutheran.hu\/iskola\/wp-content\/uploads\/2021\/08\/tan\u00e9vnyit\u00f3-2021.png\",\"datePublished\":\"2021-08-26T09:25:45+00:00\",\"dateModified\":\"2021-08-26T09:31:41+00:00\",\"author\":{\"@id\":\"https:\/\/szekacs.lutheran.hu\/iskola\/#\/schema\/person\/c2ed2e14631babb098c586494bc7d5df\"},\"breadcrumb\":{\"@id\":\"https:\/\/szekacs.lutheran.hu\/iskola\/tanevkezdes-2\/#breadcrumb\"},\"inLanguage\":\"hu\",\"potentialAction\":[{\"@type\":\"ReadAction\",\"target\":[\"https:\/\/szekacs.lutheran.hu\/iskola\/tanevkezdes-2\/\"]}]},{\"@type\":\"ImageObject\",\"inLanguage\":\"hu\",\"@id\":\"https:\/\/szekacs.lutheran.hu\/iskola\/tanevkezdes-2\/#primaryimage\",\"url\":\"https:\/\/szekacs.lutheran.hu\/iskola\/wp-content\/uploads\/2021\/08\/tan\u00e9vnyit\u00f3-2021.png\",\"contentUrl\":\"https:\/\/szekacs.lutheran.hu\/iskola\/wp-content\/uploads\/2021\/08\/tan\u00e9vnyit\u00f3-2021.png\",\"width\":1110,\"height\":600},{\"@type\":\"BreadcrumbList\",\"@id\":\"https:\/\/szekacs.lutheran.hu\/iskola\/tanevkezdes-2\/#breadcrumb\",\"itemListElement\":[{\"@type\":\"ListItem\",\"position\":1,\"name\":\"Home\",\"item\":\"https:\/\/szekacs.lutheran.hu\/iskola\/\"},{\"@type\":\"ListItem\",\"position\":2,\"name\":\"Tan\u00e9vkezd\u00e9s\"}]},{\"@type\":\"WebSite\",\"@id\":\"https:\/\/szekacs.lutheran.hu\/iskola\/#website\",\"url\":\"https:\/\/szekacs.lutheran.hu\/iskola\/\",\"name\":\"Sz\u00e9k\u00e1cs J\u00f3zsef Evang\u00e9likus \u00d3voda, \u00c1ltal\u00e1nos Iskola \u00e9s Gimn\u00e1zium\",\"description\":\"\",\"potentialAction\":[{\"@type\":\"SearchAction\",\"target\":{\"@type\":\"EntryPoint\",\"urlTemplate\":\"https:\/\/szekacs.lutheran.hu\/iskola\/?s={search_term_string}\"},\"query-input\":{\"@type\":\"PropertyValueSpecification\",\"valueRequired\":true,\"valueName\":\"search_term_string\"}}],\"inLanguage\":\"hu\"},{\"@type\":\"Person\",\"@id\":\"https:\/\/szekacs.lutheran.hu\/iskola\/#\/schema\/person\/c2ed2e14631babb098c586494bc7d5df\",\"name\":\"admin\",\"image\":{\"@type\":\"ImageObject\",\"inLanguage\":\"hu\",\"@id\":\"https:\/\/szekacs.lutheran.hu\/iskola\/#\/schema\/person\/image\/\",\"url\":\"https:\/\/secure.gravatar.com\/avatar\/2d9a947cd9a162ca4e5eb73e817e43edd8dcbc6e501b39fb999fb53d65e181f4?s=96&d=mm&r=g\",\"contentUrl\":\"https:\/\/secure.gravatar.com\/avatar\/2d9a947cd9a162ca4e5eb73e817e43edd8dcbc6e501b39fb999fb53d65e181f4?s=96&d=mm&r=g\",\"caption\":\"admin\"},\"url\":\"https:\/\/szekacs.lutheran.hu\/iskola\/author\/admin\/\"}]}<\/script>\n<!-- \/ Yoast SEO plugin. -->","yoast_head_json":{"title":"Tan\u00e9vkezd\u00e9s - Sz\u00e9k\u00e1cs J\u00f3zsef Evang\u00e9likus \u00d3voda, \u00c1ltal\u00e1nos Iskola \u00e9s Gimn\u00e1zium","robots":{"index":"index","follow":"follow","max-snippet":"max-snippet:-1","max-image-preview":"max-image-preview:large","max-video-preview":"max-video-preview:-1"},"canonical":"https:\/\/szekacs.lutheran.hu\/iskola\/tanevkezdes-2\/","og_locale":"hu_HU","og_type":"article","og_title":"Tan\u00e9vkezd\u00e9s - Sz\u00e9k\u00e1cs J\u00f3zsef Evang\u00e9likus \u00d3voda, \u00c1ltal\u00e1nos Iskola \u00e9s Gimn\u00e1zium","og_description":"A 2021\/22. tan\u00e9v szeptember 1-j\u00e9n veszi kezdet\u00e9t. Az els\u0151 tan\u00edt\u00e1si napon 3 oszt\u00e1lyf\u0151n\u00f6ki \u00f3ra lesz 8-t\u00f3l 11 \u00f3r\u00e1ig. F\u00fczetet, \u00edr\u00f3eszk\u00f6zt,...","og_url":"https:\/\/szekacs.lutheran.hu\/iskola\/tanevkezdes-2\/","og_site_name":"Sz\u00e9k\u00e1cs J\u00f3zsef Evang\u00e9likus \u00d3voda, \u00c1ltal\u00e1nos Iskola \u00e9s Gimn\u00e1zium","article_published_time":"2021-08-26T09:25:45+00:00","article_modified_time":"2021-08-26T09:31:41+00:00","og_image":[{"width":1110,"height":600,"url":"https:\/\/szekacs.lutheran.hu\/iskola\/wp-content\/uploads\/2021\/08\/tan\u00e9vnyit\u00f3-2021.png","type":"image\/png"}],"author":"admin","twitter_card":"summary_large_image","twitter_misc":{"Szerz\u0151:":"admin","Becs\u00fclt olvas\u00e1si id\u0151":"1 perc"},"schema":{"@context":"https:\/\/schema.org","@graph":[{"@type":"WebPage","@id":"https:\/\/szekacs.lutheran.hu\/iskola\/tanevkezdes-2\/","url":"https:\/\/szekacs.lutheran.hu\/iskola\/tanevkezdes-2\/","name":"Tan\u00e9vkezd\u00e9s - Sz\u00e9k\u00e1cs J\u00f3zsef Evang\u00e9likus \u00d3voda, \u00c1ltal\u00e1nos Iskola \u00e9s Gimn\u00e1zium","isPartOf":{"@id":"https:\/\/szekacs.lutheran.hu\/iskola\/#website"},"primaryImageOfPage":{"@id":"https:\/\/szekacs.lutheran.hu\/iskola\/tanevkezdes-2\/#primaryimage"},"image":{"@id":"https:\/\/szekacs.lutheran.hu\/iskola\/tanevkezdes-2\/#primaryimage"},"thumbnailUrl":"https:\/\/szekacs.lutheran.hu\/iskola\/wp-content\/uploads\/2021\/08\/tan\u00e9vnyit\u00f3-2021.png","datePublished":"2021-08-26T09:25:45+00:00","dateModified":"2021-08-26T09:31:41+00:00","author":{"@id":"https:\/\/szekacs.lutheran.hu\/iskola\/#\/schema\/person\/c2ed2e14631babb098c586494bc7d5df"},"breadcrumb":{"@id":"https:\/\/szekacs.lutheran.hu\/iskola\/tanevkezdes-2\/#breadcrumb"},"inLanguage":"hu","potentialAction":[{"@type":"ReadAction","target":["https:\/\/szekacs.lutheran.hu\/iskola\/tanevkezdes-2\/"]}]},{"@type":"ImageObject","inLanguage":"hu","@id":"https:\/\/szekacs.lutheran.hu\/iskola\/tanevkezdes-2\/#primaryimage","url":"https:\/\/szekacs.lutheran.hu\/iskola\/wp-content\/uploads\/2021\/08\/tan\u00e9vnyit\u00f3-2021.png","contentUrl":"https:\/\/szekacs.lutheran.hu\/iskola\/wp-content\/uploads\/2021\/08\/tan\u00e9vnyit\u00f3-2021.png","width":1110,"height":600},{"@type":"BreadcrumbList","@id":"https:\/\/szekacs.lutheran.hu\/iskola\/tanevkezdes-2\/#breadcrumb","itemListElement":[{"@type":"ListItem","position":1,"name":"Home","item":"https:\/\/szekacs.lutheran.hu\/iskola\/"},{"@type":"ListItem","position":2,"name":"Tan\u00e9vkezd\u00e9s"}]},{"@type":"WebSite","@id":"https:\/\/szekacs.lutheran.hu\/iskola\/#website","url":"https:\/\/szekacs.lutheran.hu\/iskola\/","name":"Sz\u00e9k\u00e1cs J\u00f3zsef Evang\u00e9likus \u00d3voda, \u00c1ltal\u00e1nos Iskola \u00e9s Gimn\u00e1zium","description":"","potentialAction":[{"@type":"SearchAction","target":{"@type":"EntryPoint","urlTemplate":"https:\/\/szekacs.lutheran.hu\/iskola\/?s={search_term_string}"},"query-input":{"@type":"PropertyValueSpecification","valueRequired":true,"valueName":"search_term_string"}}],"inLanguage":"hu"},{"@type":"Person","@id":"https:\/\/szekacs.lutheran.hu\/iskola\/#\/schema\/person\/c2ed2e14631babb098c586494bc7d5df","name":"admin","image":{"@type":"ImageObject","inLanguage":"hu","@id":"https:\/\/szekacs.lutheran.hu\/iskola\/#\/schema\/person\/image\/","url":"https:\/\/secure.gravatar.com\/avatar\/2d9a947cd9a162ca4e5eb73e817e43edd8dcbc6e501b39fb999fb53d65e181f4?s=96&d=mm&r=g","contentUrl":"https:\/\/secure.gravatar.com\/avatar\/2d9a947cd9a162ca4e5eb73e817e43edd8dcbc6e501b39fb999fb53d65e181f4?s=96&d=mm&r=g","caption":"admin"},"url":"https:\/\/szekacs.lutheran.hu\/iskola\/author\/admin\/"}]}},"_links":{"self":[{"href":"https:\/\/szekacs.lutheran.hu\/iskola\/wp-json\/wp\/v2\/posts\/24776","targetHints":{"allow":["GET"]}}],"collection":[{"href":"https:\/\/szekacs.lutheran.hu\/iskola\/wp-json\/wp\/v2\/posts"}],"about":[{"href":"https:\/\/szekacs.lutheran.hu\/iskola\/wp-json\/wp\/v2\/types\/post"}],"author":[{"embeddable":true,"href":"https:\/\/szekacs.lutheran.hu\/iskola\/wp-json\/wp\/v2\/users\/1"}],"replies":[{"embeddable":true,"href":"https:\/\/szekacs.lutheran.hu\/iskola\/wp-json\/wp\/v2\/comments?post=24776"}],"version-history":[{"count":2,"href":"https:\/\/szekacs.lutheran.hu\/iskola\/wp-json\/wp\/v2\/posts\/24776\/revisions"}],"predecessor-version":[{"id":24779,"href":"https:\/\/szekacs.lutheran.hu\/iskola\/wp-json\/wp\/v2\/posts\/24776\/revisions\/24779"}],"wp:featuredmedia":[{"embeddable":true,"href":"https:\/\/szekacs.lutheran.hu\/iskola\/wp-json\/wp\/v2\/media\/24777"}],"wp:attachment":[{"href":"https:\/\/szekacs.lutheran.hu\/iskola\/wp-json\/wp\/v2\/media?parent=24776"}],"wp:term":[{"taxonomy":"category","embeddable":true,"href":"https:\/\/szekacs.lutheran.hu\/iskola\/wp-json\/wp\/v2\/categories?post=24776"},{"taxonomy":"post_tag","embeddable":true,"href":"https:\/\/szekacs.lutheran.hu\/iskola\/wp-json\/wp\/v2\/tags?post=24776"}],"curies":[{"name":"wp","href":"https:\/\/api.w.org\/{rel}","templated":true}]}}