{"id":24753,"date":"2021-07-07T06:57:12","date_gmt":"2021-07-07T06:57:12","guid":{"rendered":"https:\/\/szekacs.lutheran.hu\/iskola\/?p=24753"},"modified":"2021-07-07T06:57:14","modified_gmt":"2021-07-07T06:57:14","slug":"palyazati-hirlevel-2","status":"publish","type":"post","link":"https:\/\/szekacs.lutheran.hu\/iskola\/palyazati-hirlevel-2\/","title":{"rendered":"P\u00e1ly\u00e1zati h\u00edrlev\u00e9l 2."},"content":{"rendered":"\n<p><strong>J\u00e1t\u00e9k a tanul\u00e1s!<\/strong><\/p>\n\n\n\n<p>A c\u00edmk\u00e9nt\nv\u00e1lasztott jelmondat a c\u00e9lja \u00e9s az alapvet\u0151 hitvall\u00e1sa iskol\u00e1nk \u00faj p\u00e1ly\u00e1zati\nprogramj\u00e1nak, melynek megval\u00f3s\u00edt\u00e1sa a 2020\/21. tan\u00e9vben indult el.<\/p>\n\n\n\n<p>A p\u00e1ly\u00e1zat megval\u00f3s\u00edt\u00e1s\u00e1ban t\u00f6reksz\u00fcnk az int\u00e9zm\u00e9nyben foly\u00f3 integr\u00e1ci\u00f3s tev\u00e9kenys\u00e9g meg\u00faj\u00edt\u00e1s\u00e1ra, melynek eredm\u00e9nyek\u00e9ppen egyr\u00e9szt az SNI \u00e9s BTMN tanul\u00f3k m\u00e9g nagyobb sikereket \u00e9rhetnek el a tanul\u00e1sban, m\u00e1sr\u00e9szt programjainkon kereszt\u00fcl minden tan\u00e1rban \u00e9s di\u00e1kban er\u0151s\u00f6dhet az elfogad\u00f3-befogad\u00f3 szeml\u00e9let. <\/p>\n\n\n\n<p>Az idei \u00e9vet\nnyit\u00f3 \u00fajdons\u00e1g az enkausztika m\u0171v\u00e9szet\u00e9vel val\u00f3 ismerked\u00e9s volt iskol\u00e1nk als\u00f3\ntagozatos tan\u00edt\u00f3i k\u00f6r\u00e9ben. B\u00e1r a k\u00f6z\u00f6s munk\u00e1lkod\u00e1st online oktat\u00e1s is\nmegszak\u00edtotta, ez m\u00e9gsem szegte tan\u00edt\u00f3ink kedv\u00e9t. T\u00f6bb alkalommal, t\u00f6bb\noszt\u00e1lyban is el\u0151ker\u00fclt az enkausztika k\u00e9szlet, any\u00e1k napj\u00e1ra is k\u00e9sz\u00edtettek\naj\u00e1nd\u00e9kot a seg\u00edts\u00e9g\u00e9vel.<\/p>\n\n\n\n<p>A tan\u00e9v elej\u00e9n\n\u00f6szt\u00f6nd\u00edjp\u00e1ly\u00e1zatot \u00edrtunk ki h\u00e1tr\u00e1nyos helyzet\u0171 \u00e9s halmozottan h\u00e1tr\u00e1nyos helyzet\u0171\nfels\u0151 tagozatos di\u00e1kok sz\u00e1m\u00e1ra. Az \u00f6szt\u00f6nd\u00edj c\u00e9lja, hogy t\u00e1mogassa azokat, akik\nszeretn\u00e9k egy\u00e9ni c\u00e9ljaikat megval\u00f3s\u00edtani. Az \u00f6szt\u00f6nd\u00edj elnyer\u00e9s\u00e9nek felt\u00e9tel\u00e9t\n\u00edgy fogalmaztuk meg: \u201eA beny\u00fajtott p\u00e1ly\u00e1zatok k\u00f6z\u00fcl a tan\u00e9v v\u00e9g\u00e9n az el\u0151z\u0151 \u00e9v\nv\u00e9gi eredm\u00e9nyhez k\u00e9pest legt\u00f6bbet jav\u00edt\u00f3 di\u00e1k 20.000 Ft jutalomban, a 2. \u00e9s 3.\nhelyezett pedig 15.000 Ft jutalomban r\u00e9szes\u00fcl. (Azonos m\u00e9rt\u00e9k\u0171 jav\u00edt\u00e1s eset\u00e9n a\njobb tanulm\u00e1nyi eredm\u00e9ny a d\u00f6nt\u0151.)\u201d<\/p>\n\n\n\n<p>A p\u00e1ly\u00e1z\u00f3\ndi\u00e1kok k\u00f6z\u00fcl kett\u0151nek siker\u00fclt jav\u00edtania az \u00e9v v\u00e9gi eredm\u00e9ny\u00e9n, ez\u00e9rt \u0151ket\nd\u00edjazta iskol\u00e1nk: Katona Molli Merc\u00e9desz \u00e9s Luk\u00e1cs L\u00e1szl\u00f3 kaptak t\u00e1mogat\u00e1st\ntanulm\u00e1nyaik v\u00e9gz\u00e9s\u00e9hez. Az \u00f6szt\u00f6nd\u00edjk\u00e9nt megp\u00e1ly\u00e1zott \u00f6sszeg kifizet\u00e9s\u00e9re a\nfelhaszn\u00e1l\u00e1si c\u00e9lk\u00e9nt megjel\u00f6lt t\u00e1rgy vagy szolg\u00e1ltat\u00e1s megv\u00e1s\u00e1rl\u00e1s\u00e1t igazol\u00f3,\naz iskola nev\u00e9re ki\u00e1ll\u00edtott sz\u00e1mla ellen\u00e9ben van lehet\u0151s\u00e9g. <\/p>\n","protected":false},"excerpt":{"rendered":"<p>J\u00e1t\u00e9k a tanul\u00e1s! A c\u00edmk\u00e9nt v\u00e1lasztott jelmondat a c\u00e9lja \u00e9s az alapvet\u0151 hitvall\u00e1sa iskol\u00e1nk \u00faj p\u00e1ly\u00e1zati programj\u00e1nak, melynek megval\u00f3s\u00edt\u00e1sa a&#8230;<\/p>\n","protected":false},"author":1,"featured_media":23336,"comment_status":"closed","ping_status":"closed","sticky":false,"template":"","format":"standard","meta":{"footnotes":""},"categories":[42,43],"tags":[],"class_list":["post-24753","post","type-post","status-publish","format-standard","has-post-thumbnail","hentry","category-aktualis","category-iskolai-elet"],"yoast_head":"<!-- This site is optimized with the Yoast SEO plugin v26.2 - https:\/\/yoast.com\/wordpress\/plugins\/seo\/ -->\n<title>P\u00e1ly\u00e1zati h\u00edrlev\u00e9l 2. - Sz\u00e9k\u00e1cs J\u00f3zsef Evang\u00e9likus \u00d3voda, \u00c1ltal\u00e1nos Iskola \u00e9s Gimn\u00e1zium<\/title>\n<meta name=\"robots\" content=\"index, follow, max-snippet:-1, max-image-preview:large, max-video-preview:-1\" \/>\n<link rel=\"canonical\" href=\"https:\/\/szekacs.lutheran.hu\/iskola\/palyazati-hirlevel-2\/\" \/>\n<meta property=\"og:locale\" content=\"hu_HU\" \/>\n<meta property=\"og:type\" content=\"article\" \/>\n<meta property=\"og:title\" content=\"P\u00e1ly\u00e1zati h\u00edrlev\u00e9l 2. - Sz\u00e9k\u00e1cs J\u00f3zsef Evang\u00e9likus \u00d3voda, \u00c1ltal\u00e1nos Iskola \u00e9s Gimn\u00e1zium\" \/>\n<meta property=\"og:description\" content=\"J\u00e1t\u00e9k a tanul\u00e1s! A c\u00edmk\u00e9nt v\u00e1lasztott jelmondat a c\u00e9lja \u00e9s az alapvet\u0151 hitvall\u00e1sa iskol\u00e1nk \u00faj p\u00e1ly\u00e1zati programj\u00e1nak, melynek megval\u00f3s\u00edt\u00e1sa a...\" \/>\n<meta property=\"og:url\" content=\"https:\/\/szekacs.lutheran.hu\/iskola\/palyazati-hirlevel-2\/\" \/>\n<meta property=\"og:site_name\" content=\"Sz\u00e9k\u00e1cs J\u00f3zsef Evang\u00e9likus \u00d3voda, \u00c1ltal\u00e1nos Iskola \u00e9s Gimn\u00e1zium\" \/>\n<meta property=\"article:published_time\" content=\"2021-07-07T06:57:12+00:00\" \/>\n<meta property=\"article:modified_time\" content=\"2021-07-07T06:57:14+00:00\" \/>\n<meta property=\"og:image\" content=\"https:\/\/szekacs.lutheran.hu\/iskola\/wp-content\/uploads\/2021\/03\/P\u00e1l\u00e1yzati-h\u00edrlev\u00e9l.png\" \/>\n\t<meta property=\"og:image:width\" content=\"713\" \/>\n\t<meta property=\"og:image:height\" content=\"593\" \/>\n\t<meta property=\"og:image:type\" content=\"image\/png\" \/>\n<meta name=\"author\" content=\"admin\" \/>\n<meta name=\"twitter:card\" content=\"summary_large_image\" \/>\n<meta name=\"twitter:label1\" content=\"Szerz\u0151:\" \/>\n\t<meta name=\"twitter:data1\" content=\"admin\" \/>\n\t<meta name=\"twitter:label2\" content=\"Becs\u00fclt olvas\u00e1si id\u0151\" \/>\n\t<meta name=\"twitter:data2\" content=\"2 perc\" \/>\n<script type=\"application\/ld+json\" class=\"yoast-schema-graph\">{\"@context\":\"https:\/\/schema.org\",\"@graph\":[{\"@type\":\"WebPage\",\"@id\":\"https:\/\/szekacs.lutheran.hu\/iskola\/palyazati-hirlevel-2\/\",\"url\":\"https:\/\/szekacs.lutheran.hu\/iskola\/palyazati-hirlevel-2\/\",\"name\":\"P\u00e1ly\u00e1zati h\u00edrlev\u00e9l 2. - Sz\u00e9k\u00e1cs J\u00f3zsef Evang\u00e9likus \u00d3voda, \u00c1ltal\u00e1nos Iskola \u00e9s Gimn\u00e1zium\",\"isPartOf\":{\"@id\":\"https:\/\/szekacs.lutheran.hu\/iskola\/#website\"},\"primaryImageOfPage\":{\"@id\":\"https:\/\/szekacs.lutheran.hu\/iskola\/palyazati-hirlevel-2\/#primaryimage\"},\"image\":{\"@id\":\"https:\/\/szekacs.lutheran.hu\/iskola\/palyazati-hirlevel-2\/#primaryimage\"},\"thumbnailUrl\":\"https:\/\/szekacs.lutheran.hu\/iskola\/wp-content\/uploads\/2021\/03\/P\u00e1l\u00e1yzati-h\u00edrlev\u00e9l.png\",\"datePublished\":\"2021-07-07T06:57:12+00:00\",\"dateModified\":\"2021-07-07T06:57:14+00:00\",\"author\":{\"@id\":\"https:\/\/szekacs.lutheran.hu\/iskola\/#\/schema\/person\/c2ed2e14631babb098c586494bc7d5df\"},\"breadcrumb\":{\"@id\":\"https:\/\/szekacs.lutheran.hu\/iskola\/palyazati-hirlevel-2\/#breadcrumb\"},\"inLanguage\":\"hu\",\"potentialAction\":[{\"@type\":\"ReadAction\",\"target\":[\"https:\/\/szekacs.lutheran.hu\/iskola\/palyazati-hirlevel-2\/\"]}]},{\"@type\":\"ImageObject\",\"inLanguage\":\"hu\",\"@id\":\"https:\/\/szekacs.lutheran.hu\/iskola\/palyazati-hirlevel-2\/#primaryimage\",\"url\":\"https:\/\/szekacs.lutheran.hu\/iskola\/wp-content\/uploads\/2021\/03\/P\u00e1l\u00e1yzati-h\u00edrlev\u00e9l.png\",\"contentUrl\":\"https:\/\/szekacs.lutheran.hu\/iskola\/wp-content\/uploads\/2021\/03\/P\u00e1l\u00e1yzati-h\u00edrlev\u00e9l.png\",\"width\":713,\"height\":593},{\"@type\":\"BreadcrumbList\",\"@id\":\"https:\/\/szekacs.lutheran.hu\/iskola\/palyazati-hirlevel-2\/#breadcrumb\",\"itemListElement\":[{\"@type\":\"ListItem\",\"position\":1,\"name\":\"Home\",\"item\":\"https:\/\/szekacs.lutheran.hu\/iskola\/\"},{\"@type\":\"ListItem\",\"position\":2,\"name\":\"P\u00e1ly\u00e1zati h\u00edrlev\u00e9l 2.\"}]},{\"@type\":\"WebSite\",\"@id\":\"https:\/\/szekacs.lutheran.hu\/iskola\/#website\",\"url\":\"https:\/\/szekacs.lutheran.hu\/iskola\/\",\"name\":\"Sz\u00e9k\u00e1cs J\u00f3zsef Evang\u00e9likus \u00d3voda, \u00c1ltal\u00e1nos Iskola \u00e9s Gimn\u00e1zium\",\"description\":\"\",\"potentialAction\":[{\"@type\":\"SearchAction\",\"target\":{\"@type\":\"EntryPoint\",\"urlTemplate\":\"https:\/\/szekacs.lutheran.hu\/iskola\/?s={search_term_string}\"},\"query-input\":{\"@type\":\"PropertyValueSpecification\",\"valueRequired\":true,\"valueName\":\"search_term_string\"}}],\"inLanguage\":\"hu\"},{\"@type\":\"Person\",\"@id\":\"https:\/\/szekacs.lutheran.hu\/iskola\/#\/schema\/person\/c2ed2e14631babb098c586494bc7d5df\",\"name\":\"admin\",\"image\":{\"@type\":\"ImageObject\",\"inLanguage\":\"hu\",\"@id\":\"https:\/\/szekacs.lutheran.hu\/iskola\/#\/schema\/person\/image\/\",\"url\":\"https:\/\/secure.gravatar.com\/avatar\/2d9a947cd9a162ca4e5eb73e817e43edd8dcbc6e501b39fb999fb53d65e181f4?s=96&d=mm&r=g\",\"contentUrl\":\"https:\/\/secure.gravatar.com\/avatar\/2d9a947cd9a162ca4e5eb73e817e43edd8dcbc6e501b39fb999fb53d65e181f4?s=96&d=mm&r=g\",\"caption\":\"admin\"},\"url\":\"https:\/\/szekacs.lutheran.hu\/iskola\/author\/admin\/\"}]}<\/script>\n<!-- \/ Yoast SEO plugin. -->","yoast_head_json":{"title":"P\u00e1ly\u00e1zati h\u00edrlev\u00e9l 2. - Sz\u00e9k\u00e1cs J\u00f3zsef Evang\u00e9likus \u00d3voda, \u00c1ltal\u00e1nos Iskola \u00e9s Gimn\u00e1zium","robots":{"index":"index","follow":"follow","max-snippet":"max-snippet:-1","max-image-preview":"max-image-preview:large","max-video-preview":"max-video-preview:-1"},"canonical":"https:\/\/szekacs.lutheran.hu\/iskola\/palyazati-hirlevel-2\/","og_locale":"hu_HU","og_type":"article","og_title":"P\u00e1ly\u00e1zati h\u00edrlev\u00e9l 2. - Sz\u00e9k\u00e1cs J\u00f3zsef Evang\u00e9likus \u00d3voda, \u00c1ltal\u00e1nos Iskola \u00e9s Gimn\u00e1zium","og_description":"J\u00e1t\u00e9k a tanul\u00e1s! A c\u00edmk\u00e9nt v\u00e1lasztott jelmondat a c\u00e9lja \u00e9s az alapvet\u0151 hitvall\u00e1sa iskol\u00e1nk \u00faj p\u00e1ly\u00e1zati programj\u00e1nak, melynek megval\u00f3s\u00edt\u00e1sa a...","og_url":"https:\/\/szekacs.lutheran.hu\/iskola\/palyazati-hirlevel-2\/","og_site_name":"Sz\u00e9k\u00e1cs J\u00f3zsef Evang\u00e9likus \u00d3voda, \u00c1ltal\u00e1nos Iskola \u00e9s Gimn\u00e1zium","article_published_time":"2021-07-07T06:57:12+00:00","article_modified_time":"2021-07-07T06:57:14+00:00","og_image":[{"width":713,"height":593,"url":"https:\/\/szekacs.lutheran.hu\/iskola\/wp-content\/uploads\/2021\/03\/P\u00e1l\u00e1yzati-h\u00edrlev\u00e9l.png","type":"image\/png"}],"author":"admin","twitter_card":"summary_large_image","twitter_misc":{"Szerz\u0151:":"admin","Becs\u00fclt olvas\u00e1si id\u0151":"2 perc"},"schema":{"@context":"https:\/\/schema.org","@graph":[{"@type":"WebPage","@id":"https:\/\/szekacs.lutheran.hu\/iskola\/palyazati-hirlevel-2\/","url":"https:\/\/szekacs.lutheran.hu\/iskola\/palyazati-hirlevel-2\/","name":"P\u00e1ly\u00e1zati h\u00edrlev\u00e9l 2. - Sz\u00e9k\u00e1cs J\u00f3zsef Evang\u00e9likus \u00d3voda, \u00c1ltal\u00e1nos Iskola \u00e9s Gimn\u00e1zium","isPartOf":{"@id":"https:\/\/szekacs.lutheran.hu\/iskola\/#website"},"primaryImageOfPage":{"@id":"https:\/\/szekacs.lutheran.hu\/iskola\/palyazati-hirlevel-2\/#primaryimage"},"image":{"@id":"https:\/\/szekacs.lutheran.hu\/iskola\/palyazati-hirlevel-2\/#primaryimage"},"thumbnailUrl":"https:\/\/szekacs.lutheran.hu\/iskola\/wp-content\/uploads\/2021\/03\/P\u00e1l\u00e1yzati-h\u00edrlev\u00e9l.png","datePublished":"2021-07-07T06:57:12+00:00","dateModified":"2021-07-07T06:57:14+00:00","author":{"@id":"https:\/\/szekacs.lutheran.hu\/iskola\/#\/schema\/person\/c2ed2e14631babb098c586494bc7d5df"},"breadcrumb":{"@id":"https:\/\/szekacs.lutheran.hu\/iskola\/palyazati-hirlevel-2\/#breadcrumb"},"inLanguage":"hu","potentialAction":[{"@type":"ReadAction","target":["https:\/\/szekacs.lutheran.hu\/iskola\/palyazati-hirlevel-2\/"]}]},{"@type":"ImageObject","inLanguage":"hu","@id":"https:\/\/szekacs.lutheran.hu\/iskola\/palyazati-hirlevel-2\/#primaryimage","url":"https:\/\/szekacs.lutheran.hu\/iskola\/wp-content\/uploads\/2021\/03\/P\u00e1l\u00e1yzati-h\u00edrlev\u00e9l.png","contentUrl":"https:\/\/szekacs.lutheran.hu\/iskola\/wp-content\/uploads\/2021\/03\/P\u00e1l\u00e1yzati-h\u00edrlev\u00e9l.png","width":713,"height":593},{"@type":"BreadcrumbList","@id":"https:\/\/szekacs.lutheran.hu\/iskola\/palyazati-hirlevel-2\/#breadcrumb","itemListElement":[{"@type":"ListItem","position":1,"name":"Home","item":"https:\/\/szekacs.lutheran.hu\/iskola\/"},{"@type":"ListItem","position":2,"name":"P\u00e1ly\u00e1zati h\u00edrlev\u00e9l 2."}]},{"@type":"WebSite","@id":"https:\/\/szekacs.lutheran.hu\/iskola\/#website","url":"https:\/\/szekacs.lutheran.hu\/iskola\/","name":"Sz\u00e9k\u00e1cs J\u00f3zsef Evang\u00e9likus \u00d3voda, \u00c1ltal\u00e1nos Iskola \u00e9s Gimn\u00e1zium","description":"","potentialAction":[{"@type":"SearchAction","target":{"@type":"EntryPoint","urlTemplate":"https:\/\/szekacs.lutheran.hu\/iskola\/?s={search_term_string}"},"query-input":{"@type":"PropertyValueSpecification","valueRequired":true,"valueName":"search_term_string"}}],"inLanguage":"hu"},{"@type":"Person","@id":"https:\/\/szekacs.lutheran.hu\/iskola\/#\/schema\/person\/c2ed2e14631babb098c586494bc7d5df","name":"admin","image":{"@type":"ImageObject","inLanguage":"hu","@id":"https:\/\/szekacs.lutheran.hu\/iskola\/#\/schema\/person\/image\/","url":"https:\/\/secure.gravatar.com\/avatar\/2d9a947cd9a162ca4e5eb73e817e43edd8dcbc6e501b39fb999fb53d65e181f4?s=96&d=mm&r=g","contentUrl":"https:\/\/secure.gravatar.com\/avatar\/2d9a947cd9a162ca4e5eb73e817e43edd8dcbc6e501b39fb999fb53d65e181f4?s=96&d=mm&r=g","caption":"admin"},"url":"https:\/\/szekacs.lutheran.hu\/iskola\/author\/admin\/"}]}},"_links":{"self":[{"href":"https:\/\/szekacs.lutheran.hu\/iskola\/wp-json\/wp\/v2\/posts\/24753","targetHints":{"allow":["GET"]}}],"collection":[{"href":"https:\/\/szekacs.lutheran.hu\/iskola\/wp-json\/wp\/v2\/posts"}],"about":[{"href":"https:\/\/szekacs.lutheran.hu\/iskola\/wp-json\/wp\/v2\/types\/post"}],"author":[{"embeddable":true,"href":"https:\/\/szekacs.lutheran.hu\/iskola\/wp-json\/wp\/v2\/users\/1"}],"replies":[{"embeddable":true,"href":"https:\/\/szekacs.lutheran.hu\/iskola\/wp-json\/wp\/v2\/comments?post=24753"}],"version-history":[{"count":1,"href":"https:\/\/szekacs.lutheran.hu\/iskola\/wp-json\/wp\/v2\/posts\/24753\/revisions"}],"predecessor-version":[{"id":24754,"href":"https:\/\/szekacs.lutheran.hu\/iskola\/wp-json\/wp\/v2\/posts\/24753\/revisions\/24754"}],"wp:featuredmedia":[{"embeddable":true,"href":"https:\/\/szekacs.lutheran.hu\/iskola\/wp-json\/wp\/v2\/media\/23336"}],"wp:attachment":[{"href":"https:\/\/szekacs.lutheran.hu\/iskola\/wp-json\/wp\/v2\/media?parent=24753"}],"wp:term":[{"taxonomy":"category","embeddable":true,"href":"https:\/\/szekacs.lutheran.hu\/iskola\/wp-json\/wp\/v2\/categories?post=24753"},{"taxonomy":"post_tag","embeddable":true,"href":"https:\/\/szekacs.lutheran.hu\/iskola\/wp-json\/wp\/v2\/tags?post=24753"}],"curies":[{"name":"wp","href":"https:\/\/api.w.org\/{rel}","templated":true}]}}