{"id":24224,"date":"2021-06-15T13:32:39","date_gmt":"2021-06-15T13:32:39","guid":{"rendered":"https:\/\/szekacs.lutheran.hu\/iskola\/?p=24224"},"modified":"2021-06-28T10:45:38","modified_gmt":"2021-06-28T10:45:38","slug":"dok-nap","status":"publish","type":"post","link":"https:\/\/szekacs.lutheran.hu\/iskola\/dok-nap\/","title":{"rendered":"D\u00d6K-nap"},"content":{"rendered":"\n<p>A tan\u00e9v utols\u00f3 napjaiban megrendezett Di\u00e1k\u00f6nkorm\u00e1nyzati nap minden \u00e9vben v\u00e1rva v\u00e1rt esem\u00e9ny. Nemcsak a ny\u00e1ri sz\u00fcnet k\u00f6zeledte miatt csalogat\u00f3, hanem a soksz\u00edn\u0171 program, a sokf\u00e9le esem\u00e9ny miatt is.<\/p>\n\n\n\n<p>2021-ben a D\u00d6K-nap a Sz\u00e9k\u00e1cs Evang\u00e9likus Iskola egyh\u00e1zi fenntart\u00e1s\u00fa 25. \u00e9ve \u00fcnnepl\u00e9s\u00e9nek jegy\u00e9ben telt. A reggeli \u00e1h\u00edtatot a sportp\u00e1ly\u00e1n hallgatta meg az iskola eg\u00e9sz k\u00f6z\u00f6ss\u00e9ge, majd a Sz\u00e9k\u00e1cs-indul\u00f3t \u00e9nekelve elindultak az oszt\u00e1lyok, hogy kialak\u00edts\u00e1k a &#8222;SZ\u00c9K\u00c1CS 25&#8221; felirat\u00fa \u00e9l\u0151k\u00e9pet. Megmutatt\u00e1k az iskola k\u00f6z\u00f6ss\u00e9g\u00e9nek azt a 25 \u00e9vre lez\u00e1rt id\u0151kapszul\u00e1t is, mely a jelen pillanat mellett az elm\u00falt 25 \u00e9vr\u0151l is lenyomatot szeretne adni.<\/p>\n\n\n\n<p>Ezut\u00e1n oszt\u00e1lyonk\u00e9nt vettek r\u00e9szt a di\u00e1kok a k\u00f6vetkez\u0151 programokon: birk\u00f3z\u00f3 bemutat\u00f3 \u00e9s v\u00edv\u00e1shoz kapcsol\u00f3d\u00f3 j\u00e1t\u00e9kok, illetve &#8222;SZEVA25&#8221; felirat\u00fa kark\u00f6t\u0151t is k\u00e9sz\u00edtettek mindannyian.<\/p>\n\n\n\n<p>A nap cs\u00facspontj\u00e1hoz \u00fajra a sportp\u00e1ly\u00e1n gy\u0171lt \u00f6ssze a di\u00e1kok. El\u0151sz\u00f6r a d\u00e9lel\u0151tt folyam\u00e1n megtanult h\u00e1laad\u00f3 t\u00e1ncot mutatt\u00e1k be, a k\u00f6zben eleredt es\u0151 ellen\u00e9re is vid\u00e1man, majd felv\u00e1gt\u00e1k a 600 szeletes sz\u00fclet\u00e9snapi tort\u00e1t. A Ficsor cukr\u00e1szda \u00e1ltal k\u00e9sz\u00edtett hatalmas tort\u00e1n az iskola legfiatalabb \u00e9s legid\u0151sebb di\u00e1kja f\u00fajta el a gyerty\u00e1t.<\/p>\n\n\n\n<p><a rel=\"noreferrer noopener\" aria-label=\"K\u00e9pgal\u00e9ria megtekinthet\u0151 az iskola honlapj\u00e1n (\u00faj f\u00fcl\u00f6n nyitja meg)\" href=\"http:\/\/ https:\/\/szekacs.lutheran.hu\/iskola\/galeriak\/szekacs-25-elokep\/\" target=\"_blank\">Az \u00e9l\u0151k\u00e9p fot\u00f3i megtekinthet\u0151k az iskola honlapj\u00e1n<\/a>.<\/p>\n\n\n\n<p>A Sz\u00e9k\u00e1cs indul\u00f3 \u00e9s az \u00e9l\u0151k\u00e9p kirajzol\u00f3d\u00e1sa vide\u00f3s form\u00e1ban itt l\u00e1that\u00f3: <a rel=\"noreferrer noopener\" aria-label=\"https:\/\/youtu.be\/YjCzt7KDZ_0 (\u00faj f\u00fcl\u00f6n nyitja meg)\" href=\"https:\/\/youtu.be\/YjCzt7KDZ_0\" target=\"_blank\">https:\/\/youtu.be\/YjCzt7KDZ_0<\/a> <\/p>\n\n\n\n<p>A D\u00d6K-nap esem\u00e9nyfot\u00f3i <a href=\"http:\/\/ https:\/\/szekacs.lutheran.hu\/iskola\/galeriak\/24415\/\" target=\"_blank\" rel=\"noreferrer noopener\" aria-label=\"a honlapon, a gal\u00e9ri\u00e1ban  (\u00faj f\u00fcl\u00f6n nyitja meg)\">a honlapon, a gal\u00e9ri\u00e1ban <\/a>l\u00e1that\u00f3ak.<\/p>\n","protected":false},"excerpt":{"rendered":"<p>A tan\u00e9v utols\u00f3 napjaiban megrendezett Di\u00e1k\u00f6nkorm\u00e1nyzati nap minden \u00e9vben v\u00e1rva v\u00e1rt esem\u00e9ny. Nemcsak a ny\u00e1ri sz\u00fcnet k\u00f6zeledte miatt csalogat\u00f3, hanem&#8230;<\/p>\n","protected":false},"author":1,"featured_media":24225,"comment_status":"closed","ping_status":"closed","sticky":false,"template":"","format":"standard","meta":{"footnotes":""},"categories":[42,43],"tags":[],"class_list":["post-24224","post","type-post","status-publish","format-standard","has-post-thumbnail","hentry","category-aktualis","category-iskolai-elet"],"yoast_head":"<!-- This site is optimized with the Yoast SEO plugin v26.2 - https:\/\/yoast.com\/wordpress\/plugins\/seo\/ -->\n<title>D\u00d6K-nap - Sz\u00e9k\u00e1cs J\u00f3zsef Evang\u00e9likus \u00d3voda, \u00c1ltal\u00e1nos Iskola \u00e9s Gimn\u00e1zium<\/title>\n<meta name=\"robots\" content=\"index, follow, max-snippet:-1, max-image-preview:large, max-video-preview:-1\" \/>\n<link rel=\"canonical\" href=\"https:\/\/szekacs.lutheran.hu\/iskola\/dok-nap\/\" \/>\n<meta property=\"og:locale\" content=\"hu_HU\" \/>\n<meta property=\"og:type\" content=\"article\" \/>\n<meta property=\"og:title\" content=\"D\u00d6K-nap - Sz\u00e9k\u00e1cs J\u00f3zsef Evang\u00e9likus \u00d3voda, \u00c1ltal\u00e1nos Iskola \u00e9s Gimn\u00e1zium\" \/>\n<meta property=\"og:description\" content=\"A tan\u00e9v utols\u00f3 napjaiban megrendezett Di\u00e1k\u00f6nkorm\u00e1nyzati nap minden \u00e9vben v\u00e1rva v\u00e1rt esem\u00e9ny. Nemcsak a ny\u00e1ri sz\u00fcnet k\u00f6zeledte miatt csalogat\u00f3, hanem...\" \/>\n<meta property=\"og:url\" content=\"https:\/\/szekacs.lutheran.hu\/iskola\/dok-nap\/\" \/>\n<meta property=\"og:site_name\" content=\"Sz\u00e9k\u00e1cs J\u00f3zsef Evang\u00e9likus \u00d3voda, \u00c1ltal\u00e1nos Iskola \u00e9s Gimn\u00e1zium\" \/>\n<meta property=\"article:published_time\" content=\"2021-06-15T13:32:39+00:00\" \/>\n<meta property=\"article:modified_time\" content=\"2021-06-28T10:45:38+00:00\" \/>\n<meta property=\"og:image\" content=\"https:\/\/szekacs.lutheran.hu\/iskola\/wp-content\/uploads\/2021\/06\/DJI_0011-1024x559.jpg\" \/>\n\t<meta property=\"og:image:width\" content=\"1024\" \/>\n\t<meta property=\"og:image:height\" content=\"559\" \/>\n\t<meta property=\"og:image:type\" content=\"image\/jpeg\" \/>\n<meta name=\"author\" content=\"admin\" \/>\n<meta name=\"twitter:card\" content=\"summary_large_image\" \/>\n<meta name=\"twitter:label1\" content=\"Szerz\u0151:\" \/>\n\t<meta name=\"twitter:data1\" content=\"admin\" \/>\n\t<meta name=\"twitter:label2\" content=\"Becs\u00fclt olvas\u00e1si id\u0151\" \/>\n\t<meta name=\"twitter:data2\" content=\"2 perc\" \/>\n<script type=\"application\/ld+json\" class=\"yoast-schema-graph\">{\"@context\":\"https:\/\/schema.org\",\"@graph\":[{\"@type\":\"WebPage\",\"@id\":\"https:\/\/szekacs.lutheran.hu\/iskola\/dok-nap\/\",\"url\":\"https:\/\/szekacs.lutheran.hu\/iskola\/dok-nap\/\",\"name\":\"D\u00d6K-nap - Sz\u00e9k\u00e1cs J\u00f3zsef Evang\u00e9likus \u00d3voda, \u00c1ltal\u00e1nos Iskola \u00e9s Gimn\u00e1zium\",\"isPartOf\":{\"@id\":\"https:\/\/szekacs.lutheran.hu\/iskola\/#website\"},\"primaryImageOfPage\":{\"@id\":\"https:\/\/szekacs.lutheran.hu\/iskola\/dok-nap\/#primaryimage\"},\"image\":{\"@id\":\"https:\/\/szekacs.lutheran.hu\/iskola\/dok-nap\/#primaryimage\"},\"thumbnailUrl\":\"https:\/\/szekacs.lutheran.hu\/iskola\/wp-content\/uploads\/2021\/06\/DJI_0011.jpg\",\"datePublished\":\"2021-06-15T13:32:39+00:00\",\"dateModified\":\"2021-06-28T10:45:38+00:00\",\"author\":{\"@id\":\"https:\/\/szekacs.lutheran.hu\/iskola\/#\/schema\/person\/c2ed2e14631babb098c586494bc7d5df\"},\"breadcrumb\":{\"@id\":\"https:\/\/szekacs.lutheran.hu\/iskola\/dok-nap\/#breadcrumb\"},\"inLanguage\":\"hu\",\"potentialAction\":[{\"@type\":\"ReadAction\",\"target\":[\"https:\/\/szekacs.lutheran.hu\/iskola\/dok-nap\/\"]}]},{\"@type\":\"ImageObject\",\"inLanguage\":\"hu\",\"@id\":\"https:\/\/szekacs.lutheran.hu\/iskola\/dok-nap\/#primaryimage\",\"url\":\"https:\/\/szekacs.lutheran.hu\/iskola\/wp-content\/uploads\/2021\/06\/DJI_0011.jpg\",\"contentUrl\":\"https:\/\/szekacs.lutheran.hu\/iskola\/wp-content\/uploads\/2021\/06\/DJI_0011.jpg\",\"width\":5464,\"height\":2982},{\"@type\":\"BreadcrumbList\",\"@id\":\"https:\/\/szekacs.lutheran.hu\/iskola\/dok-nap\/#breadcrumb\",\"itemListElement\":[{\"@type\":\"ListItem\",\"position\":1,\"name\":\"Home\",\"item\":\"https:\/\/szekacs.lutheran.hu\/iskola\/\"},{\"@type\":\"ListItem\",\"position\":2,\"name\":\"D\u00d6K-nap\"}]},{\"@type\":\"WebSite\",\"@id\":\"https:\/\/szekacs.lutheran.hu\/iskola\/#website\",\"url\":\"https:\/\/szekacs.lutheran.hu\/iskola\/\",\"name\":\"Sz\u00e9k\u00e1cs J\u00f3zsef Evang\u00e9likus \u00d3voda, \u00c1ltal\u00e1nos Iskola \u00e9s Gimn\u00e1zium\",\"description\":\"\",\"potentialAction\":[{\"@type\":\"SearchAction\",\"target\":{\"@type\":\"EntryPoint\",\"urlTemplate\":\"https:\/\/szekacs.lutheran.hu\/iskola\/?s={search_term_string}\"},\"query-input\":{\"@type\":\"PropertyValueSpecification\",\"valueRequired\":true,\"valueName\":\"search_term_string\"}}],\"inLanguage\":\"hu\"},{\"@type\":\"Person\",\"@id\":\"https:\/\/szekacs.lutheran.hu\/iskola\/#\/schema\/person\/c2ed2e14631babb098c586494bc7d5df\",\"name\":\"admin\",\"image\":{\"@type\":\"ImageObject\",\"inLanguage\":\"hu\",\"@id\":\"https:\/\/szekacs.lutheran.hu\/iskola\/#\/schema\/person\/image\/\",\"url\":\"https:\/\/secure.gravatar.com\/avatar\/2d9a947cd9a162ca4e5eb73e817e43edd8dcbc6e501b39fb999fb53d65e181f4?s=96&d=mm&r=g\",\"contentUrl\":\"https:\/\/secure.gravatar.com\/avatar\/2d9a947cd9a162ca4e5eb73e817e43edd8dcbc6e501b39fb999fb53d65e181f4?s=96&d=mm&r=g\",\"caption\":\"admin\"},\"url\":\"https:\/\/szekacs.lutheran.hu\/iskola\/author\/admin\/\"}]}<\/script>\n<!-- \/ Yoast SEO plugin. -->","yoast_head_json":{"title":"D\u00d6K-nap - Sz\u00e9k\u00e1cs J\u00f3zsef Evang\u00e9likus \u00d3voda, \u00c1ltal\u00e1nos Iskola \u00e9s Gimn\u00e1zium","robots":{"index":"index","follow":"follow","max-snippet":"max-snippet:-1","max-image-preview":"max-image-preview:large","max-video-preview":"max-video-preview:-1"},"canonical":"https:\/\/szekacs.lutheran.hu\/iskola\/dok-nap\/","og_locale":"hu_HU","og_type":"article","og_title":"D\u00d6K-nap - Sz\u00e9k\u00e1cs J\u00f3zsef Evang\u00e9likus \u00d3voda, \u00c1ltal\u00e1nos Iskola \u00e9s Gimn\u00e1zium","og_description":"A tan\u00e9v utols\u00f3 napjaiban megrendezett Di\u00e1k\u00f6nkorm\u00e1nyzati nap minden \u00e9vben v\u00e1rva v\u00e1rt esem\u00e9ny. Nemcsak a ny\u00e1ri sz\u00fcnet k\u00f6zeledte miatt csalogat\u00f3, hanem...","og_url":"https:\/\/szekacs.lutheran.hu\/iskola\/dok-nap\/","og_site_name":"Sz\u00e9k\u00e1cs J\u00f3zsef Evang\u00e9likus \u00d3voda, \u00c1ltal\u00e1nos Iskola \u00e9s Gimn\u00e1zium","article_published_time":"2021-06-15T13:32:39+00:00","article_modified_time":"2021-06-28T10:45:38+00:00","og_image":[{"width":1024,"height":559,"url":"https:\/\/szekacs.lutheran.hu\/iskola\/wp-content\/uploads\/2021\/06\/DJI_0011-1024x559.jpg","type":"image\/jpeg"}],"author":"admin","twitter_card":"summary_large_image","twitter_misc":{"Szerz\u0151:":"admin","Becs\u00fclt olvas\u00e1si id\u0151":"2 perc"},"schema":{"@context":"https:\/\/schema.org","@graph":[{"@type":"WebPage","@id":"https:\/\/szekacs.lutheran.hu\/iskola\/dok-nap\/","url":"https:\/\/szekacs.lutheran.hu\/iskola\/dok-nap\/","name":"D\u00d6K-nap - Sz\u00e9k\u00e1cs J\u00f3zsef Evang\u00e9likus \u00d3voda, \u00c1ltal\u00e1nos Iskola \u00e9s Gimn\u00e1zium","isPartOf":{"@id":"https:\/\/szekacs.lutheran.hu\/iskola\/#website"},"primaryImageOfPage":{"@id":"https:\/\/szekacs.lutheran.hu\/iskola\/dok-nap\/#primaryimage"},"image":{"@id":"https:\/\/szekacs.lutheran.hu\/iskola\/dok-nap\/#primaryimage"},"thumbnailUrl":"https:\/\/szekacs.lutheran.hu\/iskola\/wp-content\/uploads\/2021\/06\/DJI_0011.jpg","datePublished":"2021-06-15T13:32:39+00:00","dateModified":"2021-06-28T10:45:38+00:00","author":{"@id":"https:\/\/szekacs.lutheran.hu\/iskola\/#\/schema\/person\/c2ed2e14631babb098c586494bc7d5df"},"breadcrumb":{"@id":"https:\/\/szekacs.lutheran.hu\/iskola\/dok-nap\/#breadcrumb"},"inLanguage":"hu","potentialAction":[{"@type":"ReadAction","target":["https:\/\/szekacs.lutheran.hu\/iskola\/dok-nap\/"]}]},{"@type":"ImageObject","inLanguage":"hu","@id":"https:\/\/szekacs.lutheran.hu\/iskola\/dok-nap\/#primaryimage","url":"https:\/\/szekacs.lutheran.hu\/iskola\/wp-content\/uploads\/2021\/06\/DJI_0011.jpg","contentUrl":"https:\/\/szekacs.lutheran.hu\/iskola\/wp-content\/uploads\/2021\/06\/DJI_0011.jpg","width":5464,"height":2982},{"@type":"BreadcrumbList","@id":"https:\/\/szekacs.lutheran.hu\/iskola\/dok-nap\/#breadcrumb","itemListElement":[{"@type":"ListItem","position":1,"name":"Home","item":"https:\/\/szekacs.lutheran.hu\/iskola\/"},{"@type":"ListItem","position":2,"name":"D\u00d6K-nap"}]},{"@type":"WebSite","@id":"https:\/\/szekacs.lutheran.hu\/iskola\/#website","url":"https:\/\/szekacs.lutheran.hu\/iskola\/","name":"Sz\u00e9k\u00e1cs J\u00f3zsef Evang\u00e9likus \u00d3voda, \u00c1ltal\u00e1nos Iskola \u00e9s Gimn\u00e1zium","description":"","potentialAction":[{"@type":"SearchAction","target":{"@type":"EntryPoint","urlTemplate":"https:\/\/szekacs.lutheran.hu\/iskola\/?s={search_term_string}"},"query-input":{"@type":"PropertyValueSpecification","valueRequired":true,"valueName":"search_term_string"}}],"inLanguage":"hu"},{"@type":"Person","@id":"https:\/\/szekacs.lutheran.hu\/iskola\/#\/schema\/person\/c2ed2e14631babb098c586494bc7d5df","name":"admin","image":{"@type":"ImageObject","inLanguage":"hu","@id":"https:\/\/szekacs.lutheran.hu\/iskola\/#\/schema\/person\/image\/","url":"https:\/\/secure.gravatar.com\/avatar\/2d9a947cd9a162ca4e5eb73e817e43edd8dcbc6e501b39fb999fb53d65e181f4?s=96&d=mm&r=g","contentUrl":"https:\/\/secure.gravatar.com\/avatar\/2d9a947cd9a162ca4e5eb73e817e43edd8dcbc6e501b39fb999fb53d65e181f4?s=96&d=mm&r=g","caption":"admin"},"url":"https:\/\/szekacs.lutheran.hu\/iskola\/author\/admin\/"}]}},"_links":{"self":[{"href":"https:\/\/szekacs.lutheran.hu\/iskola\/wp-json\/wp\/v2\/posts\/24224","targetHints":{"allow":["GET"]}}],"collection":[{"href":"https:\/\/szekacs.lutheran.hu\/iskola\/wp-json\/wp\/v2\/posts"}],"about":[{"href":"https:\/\/szekacs.lutheran.hu\/iskola\/wp-json\/wp\/v2\/types\/post"}],"author":[{"embeddable":true,"href":"https:\/\/szekacs.lutheran.hu\/iskola\/wp-json\/wp\/v2\/users\/1"}],"replies":[{"embeddable":true,"href":"https:\/\/szekacs.lutheran.hu\/iskola\/wp-json\/wp\/v2\/comments?post=24224"}],"version-history":[{"count":4,"href":"https:\/\/szekacs.lutheran.hu\/iskola\/wp-json\/wp\/v2\/posts\/24224\/revisions"}],"predecessor-version":[{"id":24746,"href":"https:\/\/szekacs.lutheran.hu\/iskola\/wp-json\/wp\/v2\/posts\/24224\/revisions\/24746"}],"wp:featuredmedia":[{"embeddable":true,"href":"https:\/\/szekacs.lutheran.hu\/iskola\/wp-json\/wp\/v2\/media\/24225"}],"wp:attachment":[{"href":"https:\/\/szekacs.lutheran.hu\/iskola\/wp-json\/wp\/v2\/media?parent=24224"}],"wp:term":[{"taxonomy":"category","embeddable":true,"href":"https:\/\/szekacs.lutheran.hu\/iskola\/wp-json\/wp\/v2\/categories?post=24224"},{"taxonomy":"post_tag","embeddable":true,"href":"https:\/\/szekacs.lutheran.hu\/iskola\/wp-json\/wp\/v2\/tags?post=24224"}],"curies":[{"name":"wp","href":"https:\/\/api.w.org\/{rel}","templated":true}]}}