{"id":24216,"date":"2021-06-11T13:28:26","date_gmt":"2021-06-11T13:28:26","guid":{"rendered":"https:\/\/szekacs.lutheran.hu\/iskola\/?p=24216"},"modified":"2021-06-16T10:06:20","modified_gmt":"2021-06-16T10:06:20","slug":"nyolcadikosok-ballagasa","status":"publish","type":"post","link":"https:\/\/szekacs.lutheran.hu\/iskola\/nyolcadikosok-ballagasa\/","title":{"rendered":"Nyolcadikosok ballag\u00e1sa"},"content":{"rendered":"\n<p>&#8222;A sz\u00e1rny megn\u0151tt, \u00fcresen \u00e1ll a f\u00e9szek,<br> Csak \u00e1lom volt a r\u00e9gi j\u00f3 vil\u00e1g,<br> \u00c9s mint a fecske alkonyati sz\u00e9lnek,<br> Ma sz\u00e1rnyat bontott egy sereg di\u00e1k.&#8221; (Wass Albert: B\u00facs\u00fael\u00e9gia)<\/p>\n\n\n\n<p>A ballag\u00e1st megel\u0151z\u0151en hagyom\u00e1nyosan szeren\u00e1dra ker\u00fclt sor, ahol \u00e9nekkel vettek b\u00facs\u00fat tan\u00e1raikt\u00f3l a ballag\u00f3k. Az esem\u00e9nyt \u00f6sszefoglal\u00f3 vide\u00f3 itt l\u00e1that\u00f3: <a href=\"https:\/\/youtu.be\/hRab9DUtypg\" target=\"_blank\" rel=\"noreferrer noopener\" aria-label=\"https:\/\/youtu.be\/hRab9DUtypg (\u00faj f\u00fcl\u00f6n nyitja meg)\">https:\/\/youtu.be\/hRab9DUtypg<\/a> <\/p>\n\n\n\n<p>2021. j\u00fanius 12-\u00e9n, szombaton 10 \u00f3rakor kezd\u0151d\u00f6tt 8. oszt\u00e1lyosaink ballag\u00e1si \u00fcnneps\u00e9ge az evang\u00e9likus templomban. El\u0151tte sz\u0171k k\u00f6rben vettek egym\u00e1st\u00f3l b\u00facs\u00fat az oszt\u00e1lyok \u00e9s az oszt\u00e1lyf\u0151n\u00f6k\u00f6k, majd a 7. oszt\u00e1lyosokt\u00f3l megkapt\u00e1k a tariszny\u00e1t, amely jelk\u00e9pe az elv\u00e1l\u00e1snak, egy korszak lez\u00e1rult\u00e1nak.<\/p>\n\n\n\n<p>A j\u00e1rv\u00e1ny\u00fcgyi szab\u00e1lyok miatt csak korl\u00e1tozott sz\u00e1m\u00fa vend\u00e9ge lehetett a ballag\u00e1si \u00fcnneps\u00e9gnek. Akik &#8211; emiatt vagy m\u00e1s okb\u00f3l &#8211; szem\u00e9lyesen nem tudtak jelen lenni, az iskola Facebook oldal\u00e1n vagy a youtube seg\u00edts\u00e9g\u00e9vel megn\u00e9zhett\u00e9k az \u00e9l\u0151 k\u00f6zvet\u00edt\u00e9st: <a href=\"https:\/\/youtu.be\/DgZGc_ZoENY\" target=\"_blank\" rel=\"noreferrer noopener\" aria-label=\"https:\/\/youtu.be\/DgZGc_ZoENY\ufffc  (\u00faj f\u00fcl\u00f6n nyitja meg)\">https:\/\/youtu.be\/DgZGc_ZoENY<a href=\"https:\/\/www.youtube.com\/watch?v=DgZGc_ZoENY\"><\/a> <\/a><\/p>\n\n\n\n<p>A ballag\u00e1sr\u00f3l k\u00e9sz\u00fclt szerkesztett vide\u00f3 itt l\u00e1that\u00f3:  <a rel=\"noreferrer noopener\" target=\"_blank\" href=\"https:\/\/youtu.be\/OpqDbEiUYIU\">https:\/\/youtu.be\/OpqDbEiUYIU<\/a><\/p>\n\n\n\n<p>A ballag\u00e1son k\u00e9sz\u00fclt f\u00e9nyk\u00e9pek megtekinthet\u0151k a honlapon, a gal\u00e9ri\u00e1ban, illetve az al\u00e1bbi linken:  <a href=\"https:\/\/szekacs.lutheran.hu\/iskola\/galeriak\/ballagas-8-evf\/\">https:\/\/szekacs.lutheran.hu\/iskola\/galeriak\/ballagas-8-evf\/<\/a> \u200e <\/p>\n","protected":false},"excerpt":{"rendered":"<p>&#8222;A sz\u00e1rny megn\u0151tt, \u00fcresen \u00e1ll a f\u00e9szek, Csak \u00e1lom volt a r\u00e9gi j\u00f3 vil\u00e1g, \u00c9s mint a fecske alkonyati sz\u00e9lnek,&#8230;<\/p>\n","protected":false},"author":1,"featured_media":24217,"comment_status":"closed","ping_status":"closed","sticky":false,"template":"","format":"standard","meta":{"footnotes":""},"categories":[42,43],"tags":[],"class_list":["post-24216","post","type-post","status-publish","format-standard","has-post-thumbnail","hentry","category-aktualis","category-iskolai-elet"],"yoast_head":"<!-- This site is optimized with the Yoast SEO plugin v26.2 - https:\/\/yoast.com\/wordpress\/plugins\/seo\/ -->\n<title>Nyolcadikosok ballag\u00e1sa - Sz\u00e9k\u00e1cs J\u00f3zsef Evang\u00e9likus \u00d3voda, \u00c1ltal\u00e1nos Iskola \u00e9s Gimn\u00e1zium<\/title>\n<meta name=\"robots\" content=\"index, follow, max-snippet:-1, max-image-preview:large, max-video-preview:-1\" \/>\n<link rel=\"canonical\" href=\"https:\/\/szekacs.lutheran.hu\/iskola\/nyolcadikosok-ballagasa\/\" \/>\n<meta property=\"og:locale\" content=\"hu_HU\" \/>\n<meta property=\"og:type\" content=\"article\" \/>\n<meta property=\"og:title\" content=\"Nyolcadikosok ballag\u00e1sa - Sz\u00e9k\u00e1cs J\u00f3zsef Evang\u00e9likus \u00d3voda, \u00c1ltal\u00e1nos Iskola \u00e9s Gimn\u00e1zium\" \/>\n<meta property=\"og:description\" content=\"&#8222;A sz\u00e1rny megn\u0151tt, \u00fcresen \u00e1ll a f\u00e9szek, Csak \u00e1lom volt a r\u00e9gi j\u00f3 vil\u00e1g, \u00c9s mint a fecske alkonyati sz\u00e9lnek,...\" \/>\n<meta property=\"og:url\" content=\"https:\/\/szekacs.lutheran.hu\/iskola\/nyolcadikosok-ballagasa\/\" \/>\n<meta property=\"og:site_name\" content=\"Sz\u00e9k\u00e1cs J\u00f3zsef Evang\u00e9likus \u00d3voda, \u00c1ltal\u00e1nos Iskola \u00e9s Gimn\u00e1zium\" \/>\n<meta property=\"article:published_time\" content=\"2021-06-11T13:28:26+00:00\" \/>\n<meta property=\"article:modified_time\" content=\"2021-06-16T10:06:20+00:00\" \/>\n<meta property=\"og:image\" content=\"https:\/\/szekacs.lutheran.hu\/iskola\/wp-content\/uploads\/2021\/06\/199703043_829305221045244_6124251999800495766_n.jpg\" \/>\n\t<meta property=\"og:image:width\" content=\"720\" \/>\n\t<meta property=\"og:image:height\" content=\"900\" \/>\n\t<meta property=\"og:image:type\" content=\"image\/jpeg\" \/>\n<meta name=\"author\" content=\"admin\" \/>\n<meta name=\"twitter:card\" content=\"summary_large_image\" \/>\n<meta name=\"twitter:label1\" content=\"Szerz\u0151:\" \/>\n\t<meta name=\"twitter:data1\" content=\"admin\" \/>\n\t<meta name=\"twitter:label2\" content=\"Becs\u00fclt olvas\u00e1si id\u0151\" \/>\n\t<meta name=\"twitter:data2\" content=\"1 perc\" \/>\n<script type=\"application\/ld+json\" class=\"yoast-schema-graph\">{\"@context\":\"https:\/\/schema.org\",\"@graph\":[{\"@type\":\"WebPage\",\"@id\":\"https:\/\/szekacs.lutheran.hu\/iskola\/nyolcadikosok-ballagasa\/\",\"url\":\"https:\/\/szekacs.lutheran.hu\/iskola\/nyolcadikosok-ballagasa\/\",\"name\":\"Nyolcadikosok ballag\u00e1sa - Sz\u00e9k\u00e1cs J\u00f3zsef Evang\u00e9likus \u00d3voda, \u00c1ltal\u00e1nos Iskola \u00e9s Gimn\u00e1zium\",\"isPartOf\":{\"@id\":\"https:\/\/szekacs.lutheran.hu\/iskola\/#website\"},\"primaryImageOfPage\":{\"@id\":\"https:\/\/szekacs.lutheran.hu\/iskola\/nyolcadikosok-ballagasa\/#primaryimage\"},\"image\":{\"@id\":\"https:\/\/szekacs.lutheran.hu\/iskola\/nyolcadikosok-ballagasa\/#primaryimage\"},\"thumbnailUrl\":\"https:\/\/szekacs.lutheran.hu\/iskola\/wp-content\/uploads\/2021\/06\/199703043_829305221045244_6124251999800495766_n.jpg\",\"datePublished\":\"2021-06-11T13:28:26+00:00\",\"dateModified\":\"2021-06-16T10:06:20+00:00\",\"author\":{\"@id\":\"https:\/\/szekacs.lutheran.hu\/iskola\/#\/schema\/person\/c2ed2e14631babb098c586494bc7d5df\"},\"breadcrumb\":{\"@id\":\"https:\/\/szekacs.lutheran.hu\/iskola\/nyolcadikosok-ballagasa\/#breadcrumb\"},\"inLanguage\":\"hu\",\"potentialAction\":[{\"@type\":\"ReadAction\",\"target\":[\"https:\/\/szekacs.lutheran.hu\/iskola\/nyolcadikosok-ballagasa\/\"]}]},{\"@type\":\"ImageObject\",\"inLanguage\":\"hu\",\"@id\":\"https:\/\/szekacs.lutheran.hu\/iskola\/nyolcadikosok-ballagasa\/#primaryimage\",\"url\":\"https:\/\/szekacs.lutheran.hu\/iskola\/wp-content\/uploads\/2021\/06\/199703043_829305221045244_6124251999800495766_n.jpg\",\"contentUrl\":\"https:\/\/szekacs.lutheran.hu\/iskola\/wp-content\/uploads\/2021\/06\/199703043_829305221045244_6124251999800495766_n.jpg\",\"width\":720,\"height\":900},{\"@type\":\"BreadcrumbList\",\"@id\":\"https:\/\/szekacs.lutheran.hu\/iskola\/nyolcadikosok-ballagasa\/#breadcrumb\",\"itemListElement\":[{\"@type\":\"ListItem\",\"position\":1,\"name\":\"Home\",\"item\":\"https:\/\/szekacs.lutheran.hu\/iskola\/\"},{\"@type\":\"ListItem\",\"position\":2,\"name\":\"Nyolcadikosok ballag\u00e1sa\"}]},{\"@type\":\"WebSite\",\"@id\":\"https:\/\/szekacs.lutheran.hu\/iskola\/#website\",\"url\":\"https:\/\/szekacs.lutheran.hu\/iskola\/\",\"name\":\"Sz\u00e9k\u00e1cs J\u00f3zsef Evang\u00e9likus \u00d3voda, \u00c1ltal\u00e1nos Iskola \u00e9s Gimn\u00e1zium\",\"description\":\"\",\"potentialAction\":[{\"@type\":\"SearchAction\",\"target\":{\"@type\":\"EntryPoint\",\"urlTemplate\":\"https:\/\/szekacs.lutheran.hu\/iskola\/?s={search_term_string}\"},\"query-input\":{\"@type\":\"PropertyValueSpecification\",\"valueRequired\":true,\"valueName\":\"search_term_string\"}}],\"inLanguage\":\"hu\"},{\"@type\":\"Person\",\"@id\":\"https:\/\/szekacs.lutheran.hu\/iskola\/#\/schema\/person\/c2ed2e14631babb098c586494bc7d5df\",\"name\":\"admin\",\"image\":{\"@type\":\"ImageObject\",\"inLanguage\":\"hu\",\"@id\":\"https:\/\/szekacs.lutheran.hu\/iskola\/#\/schema\/person\/image\/\",\"url\":\"https:\/\/secure.gravatar.com\/avatar\/2d9a947cd9a162ca4e5eb73e817e43edd8dcbc6e501b39fb999fb53d65e181f4?s=96&d=mm&r=g\",\"contentUrl\":\"https:\/\/secure.gravatar.com\/avatar\/2d9a947cd9a162ca4e5eb73e817e43edd8dcbc6e501b39fb999fb53d65e181f4?s=96&d=mm&r=g\",\"caption\":\"admin\"},\"url\":\"https:\/\/szekacs.lutheran.hu\/iskola\/author\/admin\/\"}]}<\/script>\n<!-- \/ Yoast SEO plugin. -->","yoast_head_json":{"title":"Nyolcadikosok ballag\u00e1sa - Sz\u00e9k\u00e1cs J\u00f3zsef Evang\u00e9likus \u00d3voda, \u00c1ltal\u00e1nos Iskola \u00e9s Gimn\u00e1zium","robots":{"index":"index","follow":"follow","max-snippet":"max-snippet:-1","max-image-preview":"max-image-preview:large","max-video-preview":"max-video-preview:-1"},"canonical":"https:\/\/szekacs.lutheran.hu\/iskola\/nyolcadikosok-ballagasa\/","og_locale":"hu_HU","og_type":"article","og_title":"Nyolcadikosok ballag\u00e1sa - Sz\u00e9k\u00e1cs J\u00f3zsef Evang\u00e9likus \u00d3voda, \u00c1ltal\u00e1nos Iskola \u00e9s Gimn\u00e1zium","og_description":"&#8222;A sz\u00e1rny megn\u0151tt, \u00fcresen \u00e1ll a f\u00e9szek, Csak \u00e1lom volt a r\u00e9gi j\u00f3 vil\u00e1g, \u00c9s mint a fecske alkonyati sz\u00e9lnek,...","og_url":"https:\/\/szekacs.lutheran.hu\/iskola\/nyolcadikosok-ballagasa\/","og_site_name":"Sz\u00e9k\u00e1cs J\u00f3zsef Evang\u00e9likus \u00d3voda, \u00c1ltal\u00e1nos Iskola \u00e9s Gimn\u00e1zium","article_published_time":"2021-06-11T13:28:26+00:00","article_modified_time":"2021-06-16T10:06:20+00:00","og_image":[{"width":720,"height":900,"url":"https:\/\/szekacs.lutheran.hu\/iskola\/wp-content\/uploads\/2021\/06\/199703043_829305221045244_6124251999800495766_n.jpg","type":"image\/jpeg"}],"author":"admin","twitter_card":"summary_large_image","twitter_misc":{"Szerz\u0151:":"admin","Becs\u00fclt olvas\u00e1si id\u0151":"1 perc"},"schema":{"@context":"https:\/\/schema.org","@graph":[{"@type":"WebPage","@id":"https:\/\/szekacs.lutheran.hu\/iskola\/nyolcadikosok-ballagasa\/","url":"https:\/\/szekacs.lutheran.hu\/iskola\/nyolcadikosok-ballagasa\/","name":"Nyolcadikosok ballag\u00e1sa - Sz\u00e9k\u00e1cs J\u00f3zsef Evang\u00e9likus \u00d3voda, \u00c1ltal\u00e1nos Iskola \u00e9s Gimn\u00e1zium","isPartOf":{"@id":"https:\/\/szekacs.lutheran.hu\/iskola\/#website"},"primaryImageOfPage":{"@id":"https:\/\/szekacs.lutheran.hu\/iskola\/nyolcadikosok-ballagasa\/#primaryimage"},"image":{"@id":"https:\/\/szekacs.lutheran.hu\/iskola\/nyolcadikosok-ballagasa\/#primaryimage"},"thumbnailUrl":"https:\/\/szekacs.lutheran.hu\/iskola\/wp-content\/uploads\/2021\/06\/199703043_829305221045244_6124251999800495766_n.jpg","datePublished":"2021-06-11T13:28:26+00:00","dateModified":"2021-06-16T10:06:20+00:00","author":{"@id":"https:\/\/szekacs.lutheran.hu\/iskola\/#\/schema\/person\/c2ed2e14631babb098c586494bc7d5df"},"breadcrumb":{"@id":"https:\/\/szekacs.lutheran.hu\/iskola\/nyolcadikosok-ballagasa\/#breadcrumb"},"inLanguage":"hu","potentialAction":[{"@type":"ReadAction","target":["https:\/\/szekacs.lutheran.hu\/iskola\/nyolcadikosok-ballagasa\/"]}]},{"@type":"ImageObject","inLanguage":"hu","@id":"https:\/\/szekacs.lutheran.hu\/iskola\/nyolcadikosok-ballagasa\/#primaryimage","url":"https:\/\/szekacs.lutheran.hu\/iskola\/wp-content\/uploads\/2021\/06\/199703043_829305221045244_6124251999800495766_n.jpg","contentUrl":"https:\/\/szekacs.lutheran.hu\/iskola\/wp-content\/uploads\/2021\/06\/199703043_829305221045244_6124251999800495766_n.jpg","width":720,"height":900},{"@type":"BreadcrumbList","@id":"https:\/\/szekacs.lutheran.hu\/iskola\/nyolcadikosok-ballagasa\/#breadcrumb","itemListElement":[{"@type":"ListItem","position":1,"name":"Home","item":"https:\/\/szekacs.lutheran.hu\/iskola\/"},{"@type":"ListItem","position":2,"name":"Nyolcadikosok ballag\u00e1sa"}]},{"@type":"WebSite","@id":"https:\/\/szekacs.lutheran.hu\/iskola\/#website","url":"https:\/\/szekacs.lutheran.hu\/iskola\/","name":"Sz\u00e9k\u00e1cs J\u00f3zsef Evang\u00e9likus \u00d3voda, \u00c1ltal\u00e1nos Iskola \u00e9s Gimn\u00e1zium","description":"","potentialAction":[{"@type":"SearchAction","target":{"@type":"EntryPoint","urlTemplate":"https:\/\/szekacs.lutheran.hu\/iskola\/?s={search_term_string}"},"query-input":{"@type":"PropertyValueSpecification","valueRequired":true,"valueName":"search_term_string"}}],"inLanguage":"hu"},{"@type":"Person","@id":"https:\/\/szekacs.lutheran.hu\/iskola\/#\/schema\/person\/c2ed2e14631babb098c586494bc7d5df","name":"admin","image":{"@type":"ImageObject","inLanguage":"hu","@id":"https:\/\/szekacs.lutheran.hu\/iskola\/#\/schema\/person\/image\/","url":"https:\/\/secure.gravatar.com\/avatar\/2d9a947cd9a162ca4e5eb73e817e43edd8dcbc6e501b39fb999fb53d65e181f4?s=96&d=mm&r=g","contentUrl":"https:\/\/secure.gravatar.com\/avatar\/2d9a947cd9a162ca4e5eb73e817e43edd8dcbc6e501b39fb999fb53d65e181f4?s=96&d=mm&r=g","caption":"admin"},"url":"https:\/\/szekacs.lutheran.hu\/iskola\/author\/admin\/"}]}},"_links":{"self":[{"href":"https:\/\/szekacs.lutheran.hu\/iskola\/wp-json\/wp\/v2\/posts\/24216","targetHints":{"allow":["GET"]}}],"collection":[{"href":"https:\/\/szekacs.lutheran.hu\/iskola\/wp-json\/wp\/v2\/posts"}],"about":[{"href":"https:\/\/szekacs.lutheran.hu\/iskola\/wp-json\/wp\/v2\/types\/post"}],"author":[{"embeddable":true,"href":"https:\/\/szekacs.lutheran.hu\/iskola\/wp-json\/wp\/v2\/users\/1"}],"replies":[{"embeddable":true,"href":"https:\/\/szekacs.lutheran.hu\/iskola\/wp-json\/wp\/v2\/comments?post=24216"}],"version-history":[{"count":3,"href":"https:\/\/szekacs.lutheran.hu\/iskola\/wp-json\/wp\/v2\/posts\/24216\/revisions"}],"predecessor-version":[{"id":24290,"href":"https:\/\/szekacs.lutheran.hu\/iskola\/wp-json\/wp\/v2\/posts\/24216\/revisions\/24290"}],"wp:featuredmedia":[{"embeddable":true,"href":"https:\/\/szekacs.lutheran.hu\/iskola\/wp-json\/wp\/v2\/media\/24217"}],"wp:attachment":[{"href":"https:\/\/szekacs.lutheran.hu\/iskola\/wp-json\/wp\/v2\/media?parent=24216"}],"wp:term":[{"taxonomy":"category","embeddable":true,"href":"https:\/\/szekacs.lutheran.hu\/iskola\/wp-json\/wp\/v2\/categories?post=24216"},{"taxonomy":"post_tag","embeddable":true,"href":"https:\/\/szekacs.lutheran.hu\/iskola\/wp-json\/wp\/v2\/tags?post=24216"}],"curies":[{"name":"wp","href":"https:\/\/api.w.org\/{rel}","templated":true}]}}