{"id":24141,"date":"2021-06-10T07:02:18","date_gmt":"2021-06-10T07:02:18","guid":{"rendered":"https:\/\/szekacs.lutheran.hu\/iskola\/?p=24141"},"modified":"2021-06-10T07:02:22","modified_gmt":"2021-06-10T07:02:22","slug":"emlekezesek-gondolatok-a-25-ev-kapcsan","status":"publish","type":"post","link":"https:\/\/szekacs.lutheran.hu\/iskola\/emlekezesek-gondolatok-a-25-ev-kapcsan\/","title":{"rendered":"Eml\u00e9kez\u00e9sek, gondolatok a 25 \u00e9v kapcs\u00e1n"},"content":{"rendered":"\n<p>Besz\u00e9lget\u00e9sek, eml\u00e9kek, benyom\u00e1sok a 25 \u00e9ves Sz\u00e9k\u00e1cs Evang\u00e9likus Iskol\u00e1r\u00f3l. Kedves arcok, \u0151szinte mondatok. Egy r\u00f6vid interj\u00facsokor a jubileumi \u00fcnneps\u00e9g r\u00e9sztvev\u0151it\u0151l. Az Evang\u00e9likus nevel\u00e9s munkat\u00e1rsai k\u00e9sz\u00edtett\u00e9k ezt a vide\u00f3t 2021. m\u00e1jus 29-\u00e9n.<\/p>\n\n\n\n<figure class=\"wp-block-embed-youtube wp-block-embed is-type-video is-provider-youtube wp-embed-aspect-16-9 wp-has-aspect-ratio\"><div class=\"wp-block-embed__wrapper\">\n<iframe loading=\"lazy\" title=\"25 \u00e9ves a Sz\u00e9k\u00e1cs\" width=\"500\" height=\"281\" src=\"https:\/\/www.youtube.com\/embed\/UY48xKlx4OE?start=9&#038;feature=oembed\" frameborder=\"0\" allow=\"accelerometer; autoplay; clipboard-write; encrypted-media; gyroscope; picture-in-picture; web-share\" referrerpolicy=\"strict-origin-when-cross-origin\" allowfullscreen><\/iframe>\n<\/div><\/figure>\n\n\n\n<p> K\u00f6sz\u00f6nj\u00fck, hogy egy\u00fctt \u00fcnnepelt\u00fcnk! <\/p>\n","protected":false},"excerpt":{"rendered":"<p>Besz\u00e9lget\u00e9sek, eml\u00e9kek, benyom\u00e1sok a 25 \u00e9ves Sz\u00e9k\u00e1cs Evang\u00e9likus Iskol\u00e1r\u00f3l. Kedves arcok, \u0151szinte mondatok. Egy r\u00f6vid interj\u00facsokor a jubileumi \u00fcnneps\u00e9g r\u00e9sztvev\u0151it\u0151l&#8230;.<\/p>\n","protected":false},"author":1,"featured_media":23657,"comment_status":"closed","ping_status":"closed","sticky":false,"template":"","format":"standard","meta":{"footnotes":""},"categories":[42,43],"tags":[],"class_list":["post-24141","post","type-post","status-publish","format-standard","has-post-thumbnail","hentry","category-aktualis","category-iskolai-elet"],"yoast_head":"<!-- This site is optimized with the Yoast SEO plugin v26.2 - https:\/\/yoast.com\/wordpress\/plugins\/seo\/ -->\n<title>Eml\u00e9kez\u00e9sek, gondolatok a 25 \u00e9v kapcs\u00e1n - Sz\u00e9k\u00e1cs J\u00f3zsef Evang\u00e9likus \u00d3voda, \u00c1ltal\u00e1nos Iskola \u00e9s Gimn\u00e1zium<\/title>\n<meta name=\"robots\" content=\"index, follow, max-snippet:-1, max-image-preview:large, max-video-preview:-1\" \/>\n<link rel=\"canonical\" href=\"https:\/\/szekacs.lutheran.hu\/iskola\/emlekezesek-gondolatok-a-25-ev-kapcsan\/\" \/>\n<meta property=\"og:locale\" content=\"hu_HU\" \/>\n<meta property=\"og:type\" content=\"article\" \/>\n<meta property=\"og:title\" content=\"Eml\u00e9kez\u00e9sek, gondolatok a 25 \u00e9v kapcs\u00e1n - Sz\u00e9k\u00e1cs J\u00f3zsef Evang\u00e9likus \u00d3voda, \u00c1ltal\u00e1nos Iskola \u00e9s Gimn\u00e1zium\" \/>\n<meta property=\"og:description\" content=\"Besz\u00e9lget\u00e9sek, eml\u00e9kek, benyom\u00e1sok a 25 \u00e9ves Sz\u00e9k\u00e1cs Evang\u00e9likus Iskol\u00e1r\u00f3l. Kedves arcok, \u0151szinte mondatok. Egy r\u00f6vid interj\u00facsokor a jubileumi \u00fcnneps\u00e9g r\u00e9sztvev\u0151it\u0151l....\" \/>\n<meta property=\"og:url\" content=\"https:\/\/szekacs.lutheran.hu\/iskola\/emlekezesek-gondolatok-a-25-ev-kapcsan\/\" \/>\n<meta property=\"og:site_name\" content=\"Sz\u00e9k\u00e1cs J\u00f3zsef Evang\u00e9likus \u00d3voda, \u00c1ltal\u00e1nos Iskola \u00e9s Gimn\u00e1zium\" \/>\n<meta property=\"article:published_time\" content=\"2021-06-10T07:02:18+00:00\" \/>\n<meta property=\"article:modified_time\" content=\"2021-06-10T07:02:22+00:00\" \/>\n<meta property=\"og:image\" content=\"https:\/\/szekacs.lutheran.hu\/iskola\/wp-content\/uploads\/2021\/06\/DSC_0996.jpg\" \/>\n\t<meta property=\"og:image:width\" content=\"3456\" \/>\n\t<meta property=\"og:image:height\" content=\"2304\" \/>\n\t<meta property=\"og:image:type\" content=\"image\/jpeg\" \/>\n<meta name=\"author\" content=\"admin\" \/>\n<meta name=\"twitter:card\" content=\"summary_large_image\" \/>\n<meta name=\"twitter:label1\" content=\"Szerz\u0151:\" \/>\n\t<meta name=\"twitter:data1\" content=\"admin\" \/>\n<script type=\"application\/ld+json\" class=\"yoast-schema-graph\">{\"@context\":\"https:\/\/schema.org\",\"@graph\":[{\"@type\":\"WebPage\",\"@id\":\"https:\/\/szekacs.lutheran.hu\/iskola\/emlekezesek-gondolatok-a-25-ev-kapcsan\/\",\"url\":\"https:\/\/szekacs.lutheran.hu\/iskola\/emlekezesek-gondolatok-a-25-ev-kapcsan\/\",\"name\":\"Eml\u00e9kez\u00e9sek, gondolatok a 25 \u00e9v kapcs\u00e1n - Sz\u00e9k\u00e1cs J\u00f3zsef Evang\u00e9likus \u00d3voda, \u00c1ltal\u00e1nos Iskola \u00e9s Gimn\u00e1zium\",\"isPartOf\":{\"@id\":\"https:\/\/szekacs.lutheran.hu\/iskola\/#website\"},\"primaryImageOfPage\":{\"@id\":\"https:\/\/szekacs.lutheran.hu\/iskola\/emlekezesek-gondolatok-a-25-ev-kapcsan\/#primaryimage\"},\"image\":{\"@id\":\"https:\/\/szekacs.lutheran.hu\/iskola\/emlekezesek-gondolatok-a-25-ev-kapcsan\/#primaryimage\"},\"thumbnailUrl\":\"https:\/\/szekacs.lutheran.hu\/iskola\/wp-content\/uploads\/2021\/06\/DSC_0996.jpg\",\"datePublished\":\"2021-06-10T07:02:18+00:00\",\"dateModified\":\"2021-06-10T07:02:22+00:00\",\"author\":{\"@id\":\"https:\/\/szekacs.lutheran.hu\/iskola\/#\/schema\/person\/c2ed2e14631babb098c586494bc7d5df\"},\"breadcrumb\":{\"@id\":\"https:\/\/szekacs.lutheran.hu\/iskola\/emlekezesek-gondolatok-a-25-ev-kapcsan\/#breadcrumb\"},\"inLanguage\":\"hu\",\"potentialAction\":[{\"@type\":\"ReadAction\",\"target\":[\"https:\/\/szekacs.lutheran.hu\/iskola\/emlekezesek-gondolatok-a-25-ev-kapcsan\/\"]}]},{\"@type\":\"ImageObject\",\"inLanguage\":\"hu\",\"@id\":\"https:\/\/szekacs.lutheran.hu\/iskola\/emlekezesek-gondolatok-a-25-ev-kapcsan\/#primaryimage\",\"url\":\"https:\/\/szekacs.lutheran.hu\/iskola\/wp-content\/uploads\/2021\/06\/DSC_0996.jpg\",\"contentUrl\":\"https:\/\/szekacs.lutheran.hu\/iskola\/wp-content\/uploads\/2021\/06\/DSC_0996.jpg\",\"width\":3456,\"height\":2304},{\"@type\":\"BreadcrumbList\",\"@id\":\"https:\/\/szekacs.lutheran.hu\/iskola\/emlekezesek-gondolatok-a-25-ev-kapcsan\/#breadcrumb\",\"itemListElement\":[{\"@type\":\"ListItem\",\"position\":1,\"name\":\"Home\",\"item\":\"https:\/\/szekacs.lutheran.hu\/iskola\/\"},{\"@type\":\"ListItem\",\"position\":2,\"name\":\"Eml\u00e9kez\u00e9sek, gondolatok a 25 \u00e9v kapcs\u00e1n\"}]},{\"@type\":\"WebSite\",\"@id\":\"https:\/\/szekacs.lutheran.hu\/iskola\/#website\",\"url\":\"https:\/\/szekacs.lutheran.hu\/iskola\/\",\"name\":\"Sz\u00e9k\u00e1cs J\u00f3zsef Evang\u00e9likus \u00d3voda, \u00c1ltal\u00e1nos Iskola \u00e9s Gimn\u00e1zium\",\"description\":\"\",\"potentialAction\":[{\"@type\":\"SearchAction\",\"target\":{\"@type\":\"EntryPoint\",\"urlTemplate\":\"https:\/\/szekacs.lutheran.hu\/iskola\/?s={search_term_string}\"},\"query-input\":{\"@type\":\"PropertyValueSpecification\",\"valueRequired\":true,\"valueName\":\"search_term_string\"}}],\"inLanguage\":\"hu\"},{\"@type\":\"Person\",\"@id\":\"https:\/\/szekacs.lutheran.hu\/iskola\/#\/schema\/person\/c2ed2e14631babb098c586494bc7d5df\",\"name\":\"admin\",\"image\":{\"@type\":\"ImageObject\",\"inLanguage\":\"hu\",\"@id\":\"https:\/\/szekacs.lutheran.hu\/iskola\/#\/schema\/person\/image\/\",\"url\":\"https:\/\/secure.gravatar.com\/avatar\/2d9a947cd9a162ca4e5eb73e817e43edd8dcbc6e501b39fb999fb53d65e181f4?s=96&d=mm&r=g\",\"contentUrl\":\"https:\/\/secure.gravatar.com\/avatar\/2d9a947cd9a162ca4e5eb73e817e43edd8dcbc6e501b39fb999fb53d65e181f4?s=96&d=mm&r=g\",\"caption\":\"admin\"},\"url\":\"https:\/\/szekacs.lutheran.hu\/iskola\/author\/admin\/\"}]}<\/script>\n<!-- \/ Yoast SEO plugin. -->","yoast_head_json":{"title":"Eml\u00e9kez\u00e9sek, gondolatok a 25 \u00e9v kapcs\u00e1n - Sz\u00e9k\u00e1cs J\u00f3zsef Evang\u00e9likus \u00d3voda, \u00c1ltal\u00e1nos Iskola \u00e9s Gimn\u00e1zium","robots":{"index":"index","follow":"follow","max-snippet":"max-snippet:-1","max-image-preview":"max-image-preview:large","max-video-preview":"max-video-preview:-1"},"canonical":"https:\/\/szekacs.lutheran.hu\/iskola\/emlekezesek-gondolatok-a-25-ev-kapcsan\/","og_locale":"hu_HU","og_type":"article","og_title":"Eml\u00e9kez\u00e9sek, gondolatok a 25 \u00e9v kapcs\u00e1n - Sz\u00e9k\u00e1cs J\u00f3zsef Evang\u00e9likus \u00d3voda, \u00c1ltal\u00e1nos Iskola \u00e9s Gimn\u00e1zium","og_description":"Besz\u00e9lget\u00e9sek, eml\u00e9kek, benyom\u00e1sok a 25 \u00e9ves Sz\u00e9k\u00e1cs Evang\u00e9likus Iskol\u00e1r\u00f3l. Kedves arcok, \u0151szinte mondatok. Egy r\u00f6vid interj\u00facsokor a jubileumi \u00fcnneps\u00e9g r\u00e9sztvev\u0151it\u0151l....","og_url":"https:\/\/szekacs.lutheran.hu\/iskola\/emlekezesek-gondolatok-a-25-ev-kapcsan\/","og_site_name":"Sz\u00e9k\u00e1cs J\u00f3zsef Evang\u00e9likus \u00d3voda, \u00c1ltal\u00e1nos Iskola \u00e9s Gimn\u00e1zium","article_published_time":"2021-06-10T07:02:18+00:00","article_modified_time":"2021-06-10T07:02:22+00:00","og_image":[{"width":3456,"height":2304,"url":"https:\/\/szekacs.lutheran.hu\/iskola\/wp-content\/uploads\/2021\/06\/DSC_0996.jpg","type":"image\/jpeg"}],"author":"admin","twitter_card":"summary_large_image","twitter_misc":{"Szerz\u0151:":"admin"},"schema":{"@context":"https:\/\/schema.org","@graph":[{"@type":"WebPage","@id":"https:\/\/szekacs.lutheran.hu\/iskola\/emlekezesek-gondolatok-a-25-ev-kapcsan\/","url":"https:\/\/szekacs.lutheran.hu\/iskola\/emlekezesek-gondolatok-a-25-ev-kapcsan\/","name":"Eml\u00e9kez\u00e9sek, gondolatok a 25 \u00e9v kapcs\u00e1n - Sz\u00e9k\u00e1cs J\u00f3zsef Evang\u00e9likus \u00d3voda, \u00c1ltal\u00e1nos Iskola \u00e9s Gimn\u00e1zium","isPartOf":{"@id":"https:\/\/szekacs.lutheran.hu\/iskola\/#website"},"primaryImageOfPage":{"@id":"https:\/\/szekacs.lutheran.hu\/iskola\/emlekezesek-gondolatok-a-25-ev-kapcsan\/#primaryimage"},"image":{"@id":"https:\/\/szekacs.lutheran.hu\/iskola\/emlekezesek-gondolatok-a-25-ev-kapcsan\/#primaryimage"},"thumbnailUrl":"https:\/\/szekacs.lutheran.hu\/iskola\/wp-content\/uploads\/2021\/06\/DSC_0996.jpg","datePublished":"2021-06-10T07:02:18+00:00","dateModified":"2021-06-10T07:02:22+00:00","author":{"@id":"https:\/\/szekacs.lutheran.hu\/iskola\/#\/schema\/person\/c2ed2e14631babb098c586494bc7d5df"},"breadcrumb":{"@id":"https:\/\/szekacs.lutheran.hu\/iskola\/emlekezesek-gondolatok-a-25-ev-kapcsan\/#breadcrumb"},"inLanguage":"hu","potentialAction":[{"@type":"ReadAction","target":["https:\/\/szekacs.lutheran.hu\/iskola\/emlekezesek-gondolatok-a-25-ev-kapcsan\/"]}]},{"@type":"ImageObject","inLanguage":"hu","@id":"https:\/\/szekacs.lutheran.hu\/iskola\/emlekezesek-gondolatok-a-25-ev-kapcsan\/#primaryimage","url":"https:\/\/szekacs.lutheran.hu\/iskola\/wp-content\/uploads\/2021\/06\/DSC_0996.jpg","contentUrl":"https:\/\/szekacs.lutheran.hu\/iskola\/wp-content\/uploads\/2021\/06\/DSC_0996.jpg","width":3456,"height":2304},{"@type":"BreadcrumbList","@id":"https:\/\/szekacs.lutheran.hu\/iskola\/emlekezesek-gondolatok-a-25-ev-kapcsan\/#breadcrumb","itemListElement":[{"@type":"ListItem","position":1,"name":"Home","item":"https:\/\/szekacs.lutheran.hu\/iskola\/"},{"@type":"ListItem","position":2,"name":"Eml\u00e9kez\u00e9sek, gondolatok a 25 \u00e9v kapcs\u00e1n"}]},{"@type":"WebSite","@id":"https:\/\/szekacs.lutheran.hu\/iskola\/#website","url":"https:\/\/szekacs.lutheran.hu\/iskola\/","name":"Sz\u00e9k\u00e1cs J\u00f3zsef Evang\u00e9likus \u00d3voda, \u00c1ltal\u00e1nos Iskola \u00e9s Gimn\u00e1zium","description":"","potentialAction":[{"@type":"SearchAction","target":{"@type":"EntryPoint","urlTemplate":"https:\/\/szekacs.lutheran.hu\/iskola\/?s={search_term_string}"},"query-input":{"@type":"PropertyValueSpecification","valueRequired":true,"valueName":"search_term_string"}}],"inLanguage":"hu"},{"@type":"Person","@id":"https:\/\/szekacs.lutheran.hu\/iskola\/#\/schema\/person\/c2ed2e14631babb098c586494bc7d5df","name":"admin","image":{"@type":"ImageObject","inLanguage":"hu","@id":"https:\/\/szekacs.lutheran.hu\/iskola\/#\/schema\/person\/image\/","url":"https:\/\/secure.gravatar.com\/avatar\/2d9a947cd9a162ca4e5eb73e817e43edd8dcbc6e501b39fb999fb53d65e181f4?s=96&d=mm&r=g","contentUrl":"https:\/\/secure.gravatar.com\/avatar\/2d9a947cd9a162ca4e5eb73e817e43edd8dcbc6e501b39fb999fb53d65e181f4?s=96&d=mm&r=g","caption":"admin"},"url":"https:\/\/szekacs.lutheran.hu\/iskola\/author\/admin\/"}]}},"_links":{"self":[{"href":"https:\/\/szekacs.lutheran.hu\/iskola\/wp-json\/wp\/v2\/posts\/24141","targetHints":{"allow":["GET"]}}],"collection":[{"href":"https:\/\/szekacs.lutheran.hu\/iskola\/wp-json\/wp\/v2\/posts"}],"about":[{"href":"https:\/\/szekacs.lutheran.hu\/iskola\/wp-json\/wp\/v2\/types\/post"}],"author":[{"embeddable":true,"href":"https:\/\/szekacs.lutheran.hu\/iskola\/wp-json\/wp\/v2\/users\/1"}],"replies":[{"embeddable":true,"href":"https:\/\/szekacs.lutheran.hu\/iskola\/wp-json\/wp\/v2\/comments?post=24141"}],"version-history":[{"count":1,"href":"https:\/\/szekacs.lutheran.hu\/iskola\/wp-json\/wp\/v2\/posts\/24141\/revisions"}],"predecessor-version":[{"id":24143,"href":"https:\/\/szekacs.lutheran.hu\/iskola\/wp-json\/wp\/v2\/posts\/24141\/revisions\/24143"}],"wp:featuredmedia":[{"embeddable":true,"href":"https:\/\/szekacs.lutheran.hu\/iskola\/wp-json\/wp\/v2\/media\/23657"}],"wp:attachment":[{"href":"https:\/\/szekacs.lutheran.hu\/iskola\/wp-json\/wp\/v2\/media?parent=24141"}],"wp:term":[{"taxonomy":"category","embeddable":true,"href":"https:\/\/szekacs.lutheran.hu\/iskola\/wp-json\/wp\/v2\/categories?post=24141"},{"taxonomy":"post_tag","embeddable":true,"href":"https:\/\/szekacs.lutheran.hu\/iskola\/wp-json\/wp\/v2\/tags?post=24141"}],"curies":[{"name":"wp","href":"https:\/\/api.w.org\/{rel}","templated":true}]}}