{"id":23677,"date":"2021-06-08T06:38:26","date_gmt":"2021-06-08T06:38:26","guid":{"rendered":"https:\/\/szekacs.lutheran.hu\/iskola\/?p=23677"},"modified":"2021-06-08T06:38:28","modified_gmt":"2021-06-08T06:38:28","slug":"jatekfelhivas","status":"publish","type":"post","link":"https:\/\/szekacs.lutheran.hu\/iskola\/jatekfelhivas\/","title":{"rendered":"J\u00e1t\u00e9kfelh\u00edv\u00e1s"},"content":{"rendered":"\n<p>KEDVES DI\u00c1KOK!<\/p>\n\n\n\n<p>A Sz\u00e9k\u00e1cs suli f\u00e9nyk\u00e9pkeres\u0151 j\u00e1t\u00e9k\u00e1ra h\u00edvunk benneteket. Nem kell m\u00e1st tennetek, mint kital\u00e1lnotok, hogy mit \u00e1br\u00e1zol az iskola ter\u00fclet\u00e9n k\u00e9sz\u00fclt 25 db fot\u00f3. <\/p>\n\n\n\n<p><strong>Mikor tudtok r\u00e9szt venni a versenyen? <\/strong><\/p>\n\n\n\n<p>J\u00fanius 8- 11. k\u00f6z\u00f6tt b\u00e1rmikor.<\/p>\n\n\n\n<p><strong>Mi\nlesz a nyertes jutalma? <\/strong><\/p>\n\n\n\n<p>A legt\u00f6bb j\u00f3 v\u00e1laszt ad\u00f3 jutalma: 1 darab <em>1000 Ft-os <\/em>b\u00fcf\u00e9 kupon. Pontegyenl\u0151s\u00e9g eset\u00e9n sorsol\u00e1s d\u00f6nt.<\/p>\n\n\n\n<p><strong>Hol tal\u00e1lom meg a fot\u00f3kat? Hogy tudok r\u00e9szt venni a j\u00e1t\u00e9kban?<\/strong><\/p>\n\n\n\n<p>Kattints a linkre: <a rel=\"noreferrer noopener\" aria-label=\" (\u00faj f\u00fcl\u00f6n nyitja meg)\" href=\"https:\/\/bit.ly\/3puGVHv\" target=\"_blank\">https:\/\/bit.ly\/3puGVHv <\/a><\/p>\n\n\n\n<p>Sok sikert k\u00edv\u00e1nunk!<\/p>\n","protected":false},"excerpt":{"rendered":"<p>KEDVES DI\u00c1KOK! A Sz\u00e9k\u00e1cs suli f\u00e9nyk\u00e9pkeres\u0151 j\u00e1t\u00e9k\u00e1ra h\u00edvunk benneteket. Nem kell m\u00e1st tennetek, mint kital\u00e1lnotok, hogy mit \u00e1br\u00e1zol az iskola&#8230;<\/p>\n","protected":false},"author":1,"featured_media":23679,"comment_status":"closed","ping_status":"closed","sticky":false,"template":"","format":"standard","meta":{"footnotes":""},"categories":[42,43],"tags":[],"class_list":["post-23677","post","type-post","status-publish","format-standard","has-post-thumbnail","hentry","category-aktualis","category-iskolai-elet"],"yoast_head":"<!-- This site is optimized with the Yoast SEO plugin v26.2 - https:\/\/yoast.com\/wordpress\/plugins\/seo\/ -->\n<title>J\u00e1t\u00e9kfelh\u00edv\u00e1s - Sz\u00e9k\u00e1cs J\u00f3zsef Evang\u00e9likus \u00d3voda, \u00c1ltal\u00e1nos Iskola \u00e9s Gimn\u00e1zium<\/title>\n<meta name=\"robots\" content=\"index, follow, max-snippet:-1, max-image-preview:large, max-video-preview:-1\" \/>\n<link rel=\"canonical\" href=\"https:\/\/szekacs.lutheran.hu\/iskola\/jatekfelhivas\/\" \/>\n<meta property=\"og:locale\" content=\"hu_HU\" \/>\n<meta property=\"og:type\" content=\"article\" \/>\n<meta property=\"og:title\" content=\"J\u00e1t\u00e9kfelh\u00edv\u00e1s - Sz\u00e9k\u00e1cs J\u00f3zsef Evang\u00e9likus \u00d3voda, \u00c1ltal\u00e1nos Iskola \u00e9s Gimn\u00e1zium\" \/>\n<meta property=\"og:description\" content=\"KEDVES DI\u00c1KOK! A Sz\u00e9k\u00e1cs suli f\u00e9nyk\u00e9pkeres\u0151 j\u00e1t\u00e9k\u00e1ra h\u00edvunk benneteket. Nem kell m\u00e1st tennetek, mint kital\u00e1lnotok, hogy mit \u00e1br\u00e1zol az iskola...\" \/>\n<meta property=\"og:url\" content=\"https:\/\/szekacs.lutheran.hu\/iskola\/jatekfelhivas\/\" \/>\n<meta property=\"og:site_name\" content=\"Sz\u00e9k\u00e1cs J\u00f3zsef Evang\u00e9likus \u00d3voda, \u00c1ltal\u00e1nos Iskola \u00e9s Gimn\u00e1zium\" \/>\n<meta property=\"article:published_time\" content=\"2021-06-08T06:38:26+00:00\" \/>\n<meta property=\"article:modified_time\" content=\"2021-06-08T06:38:28+00:00\" \/>\n<meta property=\"og:image\" content=\"https:\/\/szekacs.lutheran.hu\/iskola\/wp-content\/uploads\/2021\/06\/nyomozo.jpeg\" \/>\n\t<meta property=\"og:image:width\" content=\"300\" \/>\n\t<meta property=\"og:image:height\" content=\"300\" \/>\n\t<meta property=\"og:image:type\" content=\"image\/jpeg\" \/>\n<meta name=\"author\" content=\"admin\" \/>\n<meta name=\"twitter:card\" content=\"summary_large_image\" \/>\n<meta name=\"twitter:label1\" content=\"Szerz\u0151:\" \/>\n\t<meta name=\"twitter:data1\" content=\"admin\" \/>\n\t<meta name=\"twitter:label2\" content=\"Becs\u00fclt olvas\u00e1si id\u0151\" \/>\n\t<meta name=\"twitter:data2\" content=\"1 perc\" \/>\n<script type=\"application\/ld+json\" class=\"yoast-schema-graph\">{\"@context\":\"https:\/\/schema.org\",\"@graph\":[{\"@type\":\"WebPage\",\"@id\":\"https:\/\/szekacs.lutheran.hu\/iskola\/jatekfelhivas\/\",\"url\":\"https:\/\/szekacs.lutheran.hu\/iskola\/jatekfelhivas\/\",\"name\":\"J\u00e1t\u00e9kfelh\u00edv\u00e1s - Sz\u00e9k\u00e1cs J\u00f3zsef Evang\u00e9likus \u00d3voda, \u00c1ltal\u00e1nos Iskola \u00e9s Gimn\u00e1zium\",\"isPartOf\":{\"@id\":\"https:\/\/szekacs.lutheran.hu\/iskola\/#website\"},\"primaryImageOfPage\":{\"@id\":\"https:\/\/szekacs.lutheran.hu\/iskola\/jatekfelhivas\/#primaryimage\"},\"image\":{\"@id\":\"https:\/\/szekacs.lutheran.hu\/iskola\/jatekfelhivas\/#primaryimage\"},\"thumbnailUrl\":\"https:\/\/szekacs.lutheran.hu\/iskola\/wp-content\/uploads\/2021\/06\/nyomozo.jpeg\",\"datePublished\":\"2021-06-08T06:38:26+00:00\",\"dateModified\":\"2021-06-08T06:38:28+00:00\",\"author\":{\"@id\":\"https:\/\/szekacs.lutheran.hu\/iskola\/#\/schema\/person\/c2ed2e14631babb098c586494bc7d5df\"},\"breadcrumb\":{\"@id\":\"https:\/\/szekacs.lutheran.hu\/iskola\/jatekfelhivas\/#breadcrumb\"},\"inLanguage\":\"hu\",\"potentialAction\":[{\"@type\":\"ReadAction\",\"target\":[\"https:\/\/szekacs.lutheran.hu\/iskola\/jatekfelhivas\/\"]}]},{\"@type\":\"ImageObject\",\"inLanguage\":\"hu\",\"@id\":\"https:\/\/szekacs.lutheran.hu\/iskola\/jatekfelhivas\/#primaryimage\",\"url\":\"https:\/\/szekacs.lutheran.hu\/iskola\/wp-content\/uploads\/2021\/06\/nyomozo.jpeg\",\"contentUrl\":\"https:\/\/szekacs.lutheran.hu\/iskola\/wp-content\/uploads\/2021\/06\/nyomozo.jpeg\",\"width\":300,\"height\":300},{\"@type\":\"BreadcrumbList\",\"@id\":\"https:\/\/szekacs.lutheran.hu\/iskola\/jatekfelhivas\/#breadcrumb\",\"itemListElement\":[{\"@type\":\"ListItem\",\"position\":1,\"name\":\"Home\",\"item\":\"https:\/\/szekacs.lutheran.hu\/iskola\/\"},{\"@type\":\"ListItem\",\"position\":2,\"name\":\"J\u00e1t\u00e9kfelh\u00edv\u00e1s\"}]},{\"@type\":\"WebSite\",\"@id\":\"https:\/\/szekacs.lutheran.hu\/iskola\/#website\",\"url\":\"https:\/\/szekacs.lutheran.hu\/iskola\/\",\"name\":\"Sz\u00e9k\u00e1cs J\u00f3zsef Evang\u00e9likus \u00d3voda, \u00c1ltal\u00e1nos Iskola \u00e9s Gimn\u00e1zium\",\"description\":\"\",\"potentialAction\":[{\"@type\":\"SearchAction\",\"target\":{\"@type\":\"EntryPoint\",\"urlTemplate\":\"https:\/\/szekacs.lutheran.hu\/iskola\/?s={search_term_string}\"},\"query-input\":{\"@type\":\"PropertyValueSpecification\",\"valueRequired\":true,\"valueName\":\"search_term_string\"}}],\"inLanguage\":\"hu\"},{\"@type\":\"Person\",\"@id\":\"https:\/\/szekacs.lutheran.hu\/iskola\/#\/schema\/person\/c2ed2e14631babb098c586494bc7d5df\",\"name\":\"admin\",\"image\":{\"@type\":\"ImageObject\",\"inLanguage\":\"hu\",\"@id\":\"https:\/\/szekacs.lutheran.hu\/iskola\/#\/schema\/person\/image\/\",\"url\":\"https:\/\/secure.gravatar.com\/avatar\/2d9a947cd9a162ca4e5eb73e817e43edd8dcbc6e501b39fb999fb53d65e181f4?s=96&d=mm&r=g\",\"contentUrl\":\"https:\/\/secure.gravatar.com\/avatar\/2d9a947cd9a162ca4e5eb73e817e43edd8dcbc6e501b39fb999fb53d65e181f4?s=96&d=mm&r=g\",\"caption\":\"admin\"},\"url\":\"https:\/\/szekacs.lutheran.hu\/iskola\/author\/admin\/\"}]}<\/script>\n<!-- \/ Yoast SEO plugin. -->","yoast_head_json":{"title":"J\u00e1t\u00e9kfelh\u00edv\u00e1s - Sz\u00e9k\u00e1cs J\u00f3zsef Evang\u00e9likus \u00d3voda, \u00c1ltal\u00e1nos Iskola \u00e9s Gimn\u00e1zium","robots":{"index":"index","follow":"follow","max-snippet":"max-snippet:-1","max-image-preview":"max-image-preview:large","max-video-preview":"max-video-preview:-1"},"canonical":"https:\/\/szekacs.lutheran.hu\/iskola\/jatekfelhivas\/","og_locale":"hu_HU","og_type":"article","og_title":"J\u00e1t\u00e9kfelh\u00edv\u00e1s - Sz\u00e9k\u00e1cs J\u00f3zsef Evang\u00e9likus \u00d3voda, \u00c1ltal\u00e1nos Iskola \u00e9s Gimn\u00e1zium","og_description":"KEDVES DI\u00c1KOK! A Sz\u00e9k\u00e1cs suli f\u00e9nyk\u00e9pkeres\u0151 j\u00e1t\u00e9k\u00e1ra h\u00edvunk benneteket. Nem kell m\u00e1st tennetek, mint kital\u00e1lnotok, hogy mit \u00e1br\u00e1zol az iskola...","og_url":"https:\/\/szekacs.lutheran.hu\/iskola\/jatekfelhivas\/","og_site_name":"Sz\u00e9k\u00e1cs J\u00f3zsef Evang\u00e9likus \u00d3voda, \u00c1ltal\u00e1nos Iskola \u00e9s Gimn\u00e1zium","article_published_time":"2021-06-08T06:38:26+00:00","article_modified_time":"2021-06-08T06:38:28+00:00","og_image":[{"width":300,"height":300,"url":"https:\/\/szekacs.lutheran.hu\/iskola\/wp-content\/uploads\/2021\/06\/nyomozo.jpeg","type":"image\/jpeg"}],"author":"admin","twitter_card":"summary_large_image","twitter_misc":{"Szerz\u0151:":"admin","Becs\u00fclt olvas\u00e1si id\u0151":"1 perc"},"schema":{"@context":"https:\/\/schema.org","@graph":[{"@type":"WebPage","@id":"https:\/\/szekacs.lutheran.hu\/iskola\/jatekfelhivas\/","url":"https:\/\/szekacs.lutheran.hu\/iskola\/jatekfelhivas\/","name":"J\u00e1t\u00e9kfelh\u00edv\u00e1s - Sz\u00e9k\u00e1cs J\u00f3zsef Evang\u00e9likus \u00d3voda, \u00c1ltal\u00e1nos Iskola \u00e9s Gimn\u00e1zium","isPartOf":{"@id":"https:\/\/szekacs.lutheran.hu\/iskola\/#website"},"primaryImageOfPage":{"@id":"https:\/\/szekacs.lutheran.hu\/iskola\/jatekfelhivas\/#primaryimage"},"image":{"@id":"https:\/\/szekacs.lutheran.hu\/iskola\/jatekfelhivas\/#primaryimage"},"thumbnailUrl":"https:\/\/szekacs.lutheran.hu\/iskola\/wp-content\/uploads\/2021\/06\/nyomozo.jpeg","datePublished":"2021-06-08T06:38:26+00:00","dateModified":"2021-06-08T06:38:28+00:00","author":{"@id":"https:\/\/szekacs.lutheran.hu\/iskola\/#\/schema\/person\/c2ed2e14631babb098c586494bc7d5df"},"breadcrumb":{"@id":"https:\/\/szekacs.lutheran.hu\/iskola\/jatekfelhivas\/#breadcrumb"},"inLanguage":"hu","potentialAction":[{"@type":"ReadAction","target":["https:\/\/szekacs.lutheran.hu\/iskola\/jatekfelhivas\/"]}]},{"@type":"ImageObject","inLanguage":"hu","@id":"https:\/\/szekacs.lutheran.hu\/iskola\/jatekfelhivas\/#primaryimage","url":"https:\/\/szekacs.lutheran.hu\/iskola\/wp-content\/uploads\/2021\/06\/nyomozo.jpeg","contentUrl":"https:\/\/szekacs.lutheran.hu\/iskola\/wp-content\/uploads\/2021\/06\/nyomozo.jpeg","width":300,"height":300},{"@type":"BreadcrumbList","@id":"https:\/\/szekacs.lutheran.hu\/iskola\/jatekfelhivas\/#breadcrumb","itemListElement":[{"@type":"ListItem","position":1,"name":"Home","item":"https:\/\/szekacs.lutheran.hu\/iskola\/"},{"@type":"ListItem","position":2,"name":"J\u00e1t\u00e9kfelh\u00edv\u00e1s"}]},{"@type":"WebSite","@id":"https:\/\/szekacs.lutheran.hu\/iskola\/#website","url":"https:\/\/szekacs.lutheran.hu\/iskola\/","name":"Sz\u00e9k\u00e1cs J\u00f3zsef Evang\u00e9likus \u00d3voda, \u00c1ltal\u00e1nos Iskola \u00e9s Gimn\u00e1zium","description":"","potentialAction":[{"@type":"SearchAction","target":{"@type":"EntryPoint","urlTemplate":"https:\/\/szekacs.lutheran.hu\/iskola\/?s={search_term_string}"},"query-input":{"@type":"PropertyValueSpecification","valueRequired":true,"valueName":"search_term_string"}}],"inLanguage":"hu"},{"@type":"Person","@id":"https:\/\/szekacs.lutheran.hu\/iskola\/#\/schema\/person\/c2ed2e14631babb098c586494bc7d5df","name":"admin","image":{"@type":"ImageObject","inLanguage":"hu","@id":"https:\/\/szekacs.lutheran.hu\/iskola\/#\/schema\/person\/image\/","url":"https:\/\/secure.gravatar.com\/avatar\/2d9a947cd9a162ca4e5eb73e817e43edd8dcbc6e501b39fb999fb53d65e181f4?s=96&d=mm&r=g","contentUrl":"https:\/\/secure.gravatar.com\/avatar\/2d9a947cd9a162ca4e5eb73e817e43edd8dcbc6e501b39fb999fb53d65e181f4?s=96&d=mm&r=g","caption":"admin"},"url":"https:\/\/szekacs.lutheran.hu\/iskola\/author\/admin\/"}]}},"_links":{"self":[{"href":"https:\/\/szekacs.lutheran.hu\/iskola\/wp-json\/wp\/v2\/posts\/23677","targetHints":{"allow":["GET"]}}],"collection":[{"href":"https:\/\/szekacs.lutheran.hu\/iskola\/wp-json\/wp\/v2\/posts"}],"about":[{"href":"https:\/\/szekacs.lutheran.hu\/iskola\/wp-json\/wp\/v2\/types\/post"}],"author":[{"embeddable":true,"href":"https:\/\/szekacs.lutheran.hu\/iskola\/wp-json\/wp\/v2\/users\/1"}],"replies":[{"embeddable":true,"href":"https:\/\/szekacs.lutheran.hu\/iskola\/wp-json\/wp\/v2\/comments?post=23677"}],"version-history":[{"count":1,"href":"https:\/\/szekacs.lutheran.hu\/iskola\/wp-json\/wp\/v2\/posts\/23677\/revisions"}],"predecessor-version":[{"id":23680,"href":"https:\/\/szekacs.lutheran.hu\/iskola\/wp-json\/wp\/v2\/posts\/23677\/revisions\/23680"}],"wp:featuredmedia":[{"embeddable":true,"href":"https:\/\/szekacs.lutheran.hu\/iskola\/wp-json\/wp\/v2\/media\/23679"}],"wp:attachment":[{"href":"https:\/\/szekacs.lutheran.hu\/iskola\/wp-json\/wp\/v2\/media?parent=23677"}],"wp:term":[{"taxonomy":"category","embeddable":true,"href":"https:\/\/szekacs.lutheran.hu\/iskola\/wp-json\/wp\/v2\/categories?post=23677"},{"taxonomy":"post_tag","embeddable":true,"href":"https:\/\/szekacs.lutheran.hu\/iskola\/wp-json\/wp\/v2\/tags?post=23677"}],"curies":[{"name":"wp","href":"https:\/\/api.w.org\/{rel}","templated":true}]}}