{"id":23664,"date":"2021-06-07T10:29:01","date_gmt":"2021-06-07T10:29:01","guid":{"rendered":"https:\/\/szekacs.lutheran.hu\/iskola\/?p=23664"},"modified":"2021-06-07T13:38:15","modified_gmt":"2021-06-07T13:38:15","slug":"kolcsey-palyazat-eredmenye","status":"publish","type":"post","link":"https:\/\/szekacs.lutheran.hu\/iskola\/kolcsey-palyazat-eredmenye\/","title":{"rendered":"K\u00f6lcsey p\u00e1ly\u00e1zat eredm\u00e9nye"},"content":{"rendered":"\n<p>Iskol\u00e1nk\nebben a tan\u00e9vben is meghirdette a K\u00f6lcsey k\u00e9pz\u0151m\u0171v\u00e9szeti p\u00e1ly\u00e1zatot, melynek\nt\u00e9m\u00e1ja: <em>\u201eAmi\u00e9rt h\u00e1l\u00e1s lehetek 2020-ban.\u201d<\/em>\nA p\u00e1ly\u00e1zatra sz\u00e1mos k\u00e9pz\u0151m\u0171v\u00e9szeti alkot\u00e1s, fot\u00f3 \u00e9s anim\u00e1ci\u00f3 \u00e9rkezett, melynek\n\u00e9rt\u00e9kel\u00e9se megt\u00f6rt\u00e9nt.<\/p>\n\n\n\n<p>Az\neredm\u00e9nyhirdet\u00e9st nem tudtuk az eredeti terveknek megfelel\u0151en megtartani, de az\nalkot\u00e1sokb\u00f3l rendezett ki\u00e1ll\u00edt\u00e1st l\u00e1thatt\u00e1k a jubileumi h\u00e1laad\u00f3 istentisztelet\u00fcnk\nr\u00e9sztvev\u0151i, most pedig \u2013 az eredm\u00e9nyekkel egy\u00fctt \u2013 szeretn\u00e9nk \u00f6n\u00f6kkel is\nmegosztani.<\/p>\n\n\n\n<p>A be\u00e9rkezett munk\u00e1kb\u00f3l k\u00e9sz\u00fclt vide\u00f3 megtekinthet\u0151 az iskola youtube csatorn\u00e1j\u00e1n, illetve honlapunkon:<\/p>\n\n\n\n<figure class=\"wp-block-embed-youtube wp-block-embed is-type-video is-provider-youtube wp-embed-aspect-16-9 wp-has-aspect-ratio\"><div class=\"wp-block-embed__wrapper\">\n<iframe loading=\"lazy\" title=\"K\u00f6lcsey k\u00e9pz\u0151m\u0171v\u00e9szeti p\u00e1ly\u00e1zat eredm\u00e9nye (2021.)\" width=\"500\" height=\"281\" src=\"https:\/\/www.youtube.com\/embed\/LmETdfvxsiw?feature=oembed\" frameborder=\"0\" allow=\"accelerometer; autoplay; clipboard-write; encrypted-media; gyroscope; picture-in-picture; web-share\" referrerpolicy=\"strict-origin-when-cross-origin\" allowfullscreen><\/iframe>\n<\/div><\/figure>\n\n\n\n<p>\u00d6r\u00fcl\u00fcnk, hogy sokan r\u00e9szt vettek a p\u00e1ly\u00e1zaton, \u00e9s hozz\u00e1j\u00e1rultak ahhoz, hogy az \u00dar Istent\u0151l kapott \u00f6r\u00f6m\u00f6k ism\u00e9t a k\u00f6z\u00e9ppontba ker\u00fcljenek. Az okleveleket \u00e9s az aj\u00e1nd\u00e9kk\u00f6nyveket post\u00e1n k\u00fcldj\u00fck el. K\u00f6sz\u00f6nj\u00fck a felk\u00e9sz\u00edt\u0151 tan\u00e1rok munk\u00e1j\u00e1t is, Isten \u00e1ld\u00e1s\u00e1t k\u00edv\u00e1njuk tov\u00e1bbi szolg\u00e1latukra!<\/p>\n\n\n\n<p><strong><em>K\u00f6lcsey k\u00e9pz\u0151m\u0171v\u00e9szeti p\u00e1ly\u00e1zat eredm\u00e9nyei 2021.<\/em><\/strong><\/p>\n\n\n\n<p><strong>K\u00e9pz\u0151m\u0171v\u00e9szeti p\u00e1ly\u00e1zat gimn\u00e1ziumi korcsoport:<\/strong><\/p>\n\n\n\n<p>I.&nbsp;&nbsp;&nbsp;&nbsp;&nbsp;&nbsp;&nbsp;&nbsp;&nbsp; Mauer Kata &nbsp;&nbsp;&nbsp; &nbsp;Berzsenyi D\u00e1niel\nEvang\u00e9likus (L\u00edceum) Gimn\u00e1zium, Koll\u00e9gium <\/p>\n\n\n\n<p>II. (megosztott):&nbsp;&nbsp;&nbsp;&nbsp;&nbsp;&nbsp;&nbsp;&nbsp; Kohut Gy\u00f6ngy &nbsp;&nbsp;&nbsp;&nbsp;&nbsp;&nbsp;&nbsp;&nbsp;&nbsp;&nbsp; &nbsp;Vajda P\u00e9ter Evang\u00e9likus\nGimn\u00e1zium <\/p>\n\n\n\n<p>      Kusnyar Zsuzsanna &nbsp;&nbsp; &nbsp;Vajda P\u00e9ter Evang\u00e9likus Gimn\u00e1zium <\/p>\n\n\n\n<p>III.&nbsp;&nbsp;&nbsp;&nbsp;&nbsp;&nbsp; Kov\u00e1cs Bogl\u00e1rka &nbsp;&nbsp;&nbsp;&nbsp;&nbsp;&nbsp; &nbsp;Budapest-Fasori\nEvang\u00e9likus Gimn\u00e1zium<\/p>\n\n\n\n<p><strong>K\u00e9pz\u0151m\u0171v\u00e9szeti p\u00e1ly\u00e1zat 7.-8. oszt\u00e1lyos korcsoport:<\/strong><\/p>\n\n\n\n<p>I.&nbsp;&nbsp;&nbsp;&nbsp;&nbsp;&nbsp;&nbsp;&nbsp;&nbsp; Varga Lilla &nbsp;&nbsp;&nbsp; &nbsp;Budapest-Fasori\nEvang\u00e9likus Gimn\u00e1zium<\/p>\n\n\n\n<p>II. (megosztott):&nbsp;&nbsp;&nbsp;&nbsp;&nbsp;&nbsp;&nbsp;&nbsp; Putz Franciska &nbsp;&nbsp;&nbsp;&nbsp;&nbsp;&nbsp;&nbsp;&nbsp;&nbsp;&nbsp; Budapest-Fasori Evang\u00e9likus Gimn\u00e1zium<\/p>\n\n\n\n<p>      Kov\u00e1cs Georgina &nbsp;&nbsp;&nbsp;&nbsp;&nbsp; Sz\u00e9k\u00e1cs Evang\u00e9likus Iskola <\/p>\n\n\n\n<p>III. (megosztott):&nbsp;&nbsp;&nbsp;&nbsp;&nbsp;&nbsp; Zov Aimi &nbsp;&nbsp;&nbsp;&nbsp;&nbsp;&nbsp; &nbsp;&nbsp;&nbsp;&nbsp;&nbsp;&nbsp;&nbsp;&nbsp;&nbsp;&nbsp;&nbsp; Budapest-Fasori\nEvang\u00e9likus Gimn\u00e1zium<\/p>\n\n\n\n<p>     T\u00f3th Rigler Emma &nbsp;&nbsp;&nbsp; Benka Gyula Evang\u00e9likus Angol K\u00e9t Tan\u00edt\u00e1si Nyelv\u0171 \u00c1ltal\u00e1nos Iskola \u00e9s\n\u00d3voda <\/p>\n\n\n\n<p><strong>Fot\u00f3p\u00e1ly\u00e1zat gimn\u00e1ziumi korcsoport:<\/strong><\/p>\n\n\n\n<p>I.&nbsp;&nbsp;&nbsp;&nbsp;&nbsp;&nbsp;&nbsp;&nbsp;&nbsp; Paksi Alex Mih\u00e1ly &nbsp;&nbsp;&nbsp; Sz\u00e9k\u00e1cs Evang\u00e9likus Iskola <\/p>\n\n\n\n<p>II.&nbsp;&nbsp;&nbsp;&nbsp;&nbsp;&nbsp;&nbsp; Sz\u00e1sz Gerg\u0151&nbsp;&nbsp;  &nbsp;&nbsp;&nbsp;&nbsp;&nbsp;&nbsp;&nbsp;&nbsp;&nbsp;&nbsp; Sz\u00e9k\u00e1cs\nEvang\u00e9likus Iskola <\/p>\n\n\n\n<p>III.&nbsp;&nbsp;&nbsp;&nbsp;&nbsp;&nbsp; Juh\u00e1sz Johanna&nbsp;&nbsp;&nbsp;&nbsp;&nbsp;&nbsp;&nbsp;&nbsp;&nbsp;&nbsp; Sz\u00e9k\u00e1cs Evang\u00e9likus Iskola <\/p>\n\n\n\n<p><strong>Fot\u00f3p\u00e1ly\u00e1zat 7.-8. oszt\u00e1lyos korcsoport:<\/strong><\/p>\n\n\n\n<p>I.&nbsp;&nbsp;&nbsp;&nbsp;&nbsp;&nbsp;&nbsp;&nbsp;&nbsp; Palacsik M\u00e1t\u00e9 &nbsp;&nbsp;&nbsp;&nbsp;&nbsp;&nbsp;&nbsp;&nbsp;&nbsp;&nbsp;&nbsp; &nbsp;&nbsp;&nbsp;&nbsp;&nbsp;&nbsp;&nbsp;&nbsp;&nbsp;&nbsp;&nbsp; Sz\u00e9k\u00e1cs Evang\u00e9likus Iskola<\/p>\n\n\n\n<p>II.&nbsp;&nbsp;&nbsp;&nbsp;&nbsp;&nbsp;&nbsp; Szunyoghy Kata &nbsp;&nbsp;&nbsp;&nbsp;&nbsp;&nbsp;&nbsp; &nbsp;Podmaniczky J\u00e1nos\nEvang\u00e9likus \u00c1ltal\u00e1nos Iskola<\/p>\n\n\n\n<p>III.&nbsp;&nbsp;&nbsp;&nbsp;&nbsp;&nbsp; Kelemen Klaudia &nbsp;&nbsp;&nbsp;&nbsp;&nbsp; &nbsp;Sz\u00e9k\u00e1cs Evang\u00e9likus\nIskola<\/p>\n\n\n\n<p><strong>Anim\u00e1ci\u00f3 7.-8. oszt\u00e1lyos korcsoport<\/strong><\/p>\n\n\n\n<p>I.&nbsp;&nbsp;&nbsp;&nbsp;&nbsp;&nbsp;&nbsp;&nbsp;&nbsp; L\u00e1da R\u00e9ka &nbsp;&nbsp;&nbsp;&nbsp; &nbsp;Sz\u00e9k\u00e1cs Evang\u00e9likus\nIskola <\/p>\n","protected":false},"excerpt":{"rendered":"<p>Iskol\u00e1nk ebben a tan\u00e9vben is meghirdette a K\u00f6lcsey k\u00e9pz\u0151m\u0171v\u00e9szeti p\u00e1ly\u00e1zatot, melynek t\u00e9m\u00e1ja: \u201eAmi\u00e9rt h\u00e1l\u00e1s lehetek 2020-ban.\u201d A p\u00e1ly\u00e1zatra sz\u00e1mos k\u00e9pz\u0151m\u0171v\u00e9szeti&#8230;<\/p>\n","protected":false},"author":1,"featured_media":23670,"comment_status":"closed","ping_status":"closed","sticky":false,"template":"","format":"standard","meta":{"footnotes":""},"categories":[42,43],"tags":[],"class_list":["post-23664","post","type-post","status-publish","format-standard","has-post-thumbnail","hentry","category-aktualis","category-iskolai-elet"],"yoast_head":"<!-- This site is optimized with the Yoast SEO plugin v26.2 - https:\/\/yoast.com\/wordpress\/plugins\/seo\/ -->\n<title>K\u00f6lcsey p\u00e1ly\u00e1zat eredm\u00e9nye - Sz\u00e9k\u00e1cs J\u00f3zsef Evang\u00e9likus \u00d3voda, \u00c1ltal\u00e1nos Iskola \u00e9s Gimn\u00e1zium<\/title>\n<meta name=\"robots\" content=\"index, follow, max-snippet:-1, max-image-preview:large, max-video-preview:-1\" \/>\n<link rel=\"canonical\" href=\"https:\/\/szekacs.lutheran.hu\/iskola\/kolcsey-palyazat-eredmenye\/\" \/>\n<meta property=\"og:locale\" content=\"hu_HU\" \/>\n<meta property=\"og:type\" content=\"article\" \/>\n<meta property=\"og:title\" content=\"K\u00f6lcsey p\u00e1ly\u00e1zat eredm\u00e9nye - Sz\u00e9k\u00e1cs J\u00f3zsef Evang\u00e9likus \u00d3voda, \u00c1ltal\u00e1nos Iskola \u00e9s Gimn\u00e1zium\" \/>\n<meta property=\"og:description\" content=\"Iskol\u00e1nk ebben a tan\u00e9vben is meghirdette a K\u00f6lcsey k\u00e9pz\u0151m\u0171v\u00e9szeti p\u00e1ly\u00e1zatot, melynek t\u00e9m\u00e1ja: \u201eAmi\u00e9rt h\u00e1l\u00e1s lehetek 2020-ban.\u201d A p\u00e1ly\u00e1zatra sz\u00e1mos k\u00e9pz\u0151m\u0171v\u00e9szeti...\" \/>\n<meta property=\"og:url\" content=\"https:\/\/szekacs.lutheran.hu\/iskola\/kolcsey-palyazat-eredmenye\/\" \/>\n<meta property=\"og:site_name\" content=\"Sz\u00e9k\u00e1cs J\u00f3zsef Evang\u00e9likus \u00d3voda, \u00c1ltal\u00e1nos Iskola \u00e9s Gimn\u00e1zium\" \/>\n<meta property=\"article:published_time\" content=\"2021-06-07T10:29:01+00:00\" \/>\n<meta property=\"article:modified_time\" content=\"2021-06-07T13:38:15+00:00\" \/>\n<meta property=\"og:image\" content=\"https:\/\/szekacs.lutheran.hu\/iskola\/wp-content\/uploads\/2021\/06\/R\u00e9ka-L\u00e1da-7.oeml\u00e9keim-az-elm\u00falt-id\u0151szakb\u00f3l.jpg\" \/>\n\t<meta property=\"og:image:width\" content=\"2396\" \/>\n\t<meta property=\"og:image:height\" content=\"1615\" \/>\n\t<meta property=\"og:image:type\" content=\"image\/jpeg\" \/>\n<meta name=\"author\" content=\"admin\" \/>\n<meta name=\"twitter:card\" content=\"summary_large_image\" \/>\n<meta name=\"twitter:label1\" content=\"Szerz\u0151:\" \/>\n\t<meta name=\"twitter:data1\" content=\"admin\" \/>\n\t<meta name=\"twitter:label2\" content=\"Becs\u00fclt olvas\u00e1si id\u0151\" \/>\n\t<meta name=\"twitter:data2\" content=\"3 perc\" \/>\n<script type=\"application\/ld+json\" class=\"yoast-schema-graph\">{\"@context\":\"https:\/\/schema.org\",\"@graph\":[{\"@type\":\"WebPage\",\"@id\":\"https:\/\/szekacs.lutheran.hu\/iskola\/kolcsey-palyazat-eredmenye\/\",\"url\":\"https:\/\/szekacs.lutheran.hu\/iskola\/kolcsey-palyazat-eredmenye\/\",\"name\":\"K\u00f6lcsey p\u00e1ly\u00e1zat eredm\u00e9nye - Sz\u00e9k\u00e1cs J\u00f3zsef Evang\u00e9likus \u00d3voda, \u00c1ltal\u00e1nos Iskola \u00e9s Gimn\u00e1zium\",\"isPartOf\":{\"@id\":\"https:\/\/szekacs.lutheran.hu\/iskola\/#website\"},\"primaryImageOfPage\":{\"@id\":\"https:\/\/szekacs.lutheran.hu\/iskola\/kolcsey-palyazat-eredmenye\/#primaryimage\"},\"image\":{\"@id\":\"https:\/\/szekacs.lutheran.hu\/iskola\/kolcsey-palyazat-eredmenye\/#primaryimage\"},\"thumbnailUrl\":\"https:\/\/szekacs.lutheran.hu\/iskola\/wp-content\/uploads\/2021\/06\/R\u00e9ka-L\u00e1da-7.oeml\u00e9keim-az-elm\u00falt-id\u0151szakb\u00f3l.jpg\",\"datePublished\":\"2021-06-07T10:29:01+00:00\",\"dateModified\":\"2021-06-07T13:38:15+00:00\",\"author\":{\"@id\":\"https:\/\/szekacs.lutheran.hu\/iskola\/#\/schema\/person\/c2ed2e14631babb098c586494bc7d5df\"},\"breadcrumb\":{\"@id\":\"https:\/\/szekacs.lutheran.hu\/iskola\/kolcsey-palyazat-eredmenye\/#breadcrumb\"},\"inLanguage\":\"hu\",\"potentialAction\":[{\"@type\":\"ReadAction\",\"target\":[\"https:\/\/szekacs.lutheran.hu\/iskola\/kolcsey-palyazat-eredmenye\/\"]}]},{\"@type\":\"ImageObject\",\"inLanguage\":\"hu\",\"@id\":\"https:\/\/szekacs.lutheran.hu\/iskola\/kolcsey-palyazat-eredmenye\/#primaryimage\",\"url\":\"https:\/\/szekacs.lutheran.hu\/iskola\/wp-content\/uploads\/2021\/06\/R\u00e9ka-L\u00e1da-7.oeml\u00e9keim-az-elm\u00falt-id\u0151szakb\u00f3l.jpg\",\"contentUrl\":\"https:\/\/szekacs.lutheran.hu\/iskola\/wp-content\/uploads\/2021\/06\/R\u00e9ka-L\u00e1da-7.oeml\u00e9keim-az-elm\u00falt-id\u0151szakb\u00f3l.jpg\",\"width\":2396,\"height\":1615},{\"@type\":\"BreadcrumbList\",\"@id\":\"https:\/\/szekacs.lutheran.hu\/iskola\/kolcsey-palyazat-eredmenye\/#breadcrumb\",\"itemListElement\":[{\"@type\":\"ListItem\",\"position\":1,\"name\":\"Home\",\"item\":\"https:\/\/szekacs.lutheran.hu\/iskola\/\"},{\"@type\":\"ListItem\",\"position\":2,\"name\":\"K\u00f6lcsey p\u00e1ly\u00e1zat eredm\u00e9nye\"}]},{\"@type\":\"WebSite\",\"@id\":\"https:\/\/szekacs.lutheran.hu\/iskola\/#website\",\"url\":\"https:\/\/szekacs.lutheran.hu\/iskola\/\",\"name\":\"Sz\u00e9k\u00e1cs J\u00f3zsef Evang\u00e9likus \u00d3voda, \u00c1ltal\u00e1nos Iskola \u00e9s Gimn\u00e1zium\",\"description\":\"\",\"potentialAction\":[{\"@type\":\"SearchAction\",\"target\":{\"@type\":\"EntryPoint\",\"urlTemplate\":\"https:\/\/szekacs.lutheran.hu\/iskola\/?s={search_term_string}\"},\"query-input\":{\"@type\":\"PropertyValueSpecification\",\"valueRequired\":true,\"valueName\":\"search_term_string\"}}],\"inLanguage\":\"hu\"},{\"@type\":\"Person\",\"@id\":\"https:\/\/szekacs.lutheran.hu\/iskola\/#\/schema\/person\/c2ed2e14631babb098c586494bc7d5df\",\"name\":\"admin\",\"image\":{\"@type\":\"ImageObject\",\"inLanguage\":\"hu\",\"@id\":\"https:\/\/szekacs.lutheran.hu\/iskola\/#\/schema\/person\/image\/\",\"url\":\"https:\/\/secure.gravatar.com\/avatar\/2d9a947cd9a162ca4e5eb73e817e43edd8dcbc6e501b39fb999fb53d65e181f4?s=96&d=mm&r=g\",\"contentUrl\":\"https:\/\/secure.gravatar.com\/avatar\/2d9a947cd9a162ca4e5eb73e817e43edd8dcbc6e501b39fb999fb53d65e181f4?s=96&d=mm&r=g\",\"caption\":\"admin\"},\"url\":\"https:\/\/szekacs.lutheran.hu\/iskola\/author\/admin\/\"}]}<\/script>\n<!-- \/ Yoast SEO plugin. -->","yoast_head_json":{"title":"K\u00f6lcsey p\u00e1ly\u00e1zat eredm\u00e9nye - Sz\u00e9k\u00e1cs J\u00f3zsef Evang\u00e9likus \u00d3voda, \u00c1ltal\u00e1nos Iskola \u00e9s Gimn\u00e1zium","robots":{"index":"index","follow":"follow","max-snippet":"max-snippet:-1","max-image-preview":"max-image-preview:large","max-video-preview":"max-video-preview:-1"},"canonical":"https:\/\/szekacs.lutheran.hu\/iskola\/kolcsey-palyazat-eredmenye\/","og_locale":"hu_HU","og_type":"article","og_title":"K\u00f6lcsey p\u00e1ly\u00e1zat eredm\u00e9nye - Sz\u00e9k\u00e1cs J\u00f3zsef Evang\u00e9likus \u00d3voda, \u00c1ltal\u00e1nos Iskola \u00e9s Gimn\u00e1zium","og_description":"Iskol\u00e1nk ebben a tan\u00e9vben is meghirdette a K\u00f6lcsey k\u00e9pz\u0151m\u0171v\u00e9szeti p\u00e1ly\u00e1zatot, melynek t\u00e9m\u00e1ja: \u201eAmi\u00e9rt h\u00e1l\u00e1s lehetek 2020-ban.\u201d A p\u00e1ly\u00e1zatra sz\u00e1mos k\u00e9pz\u0151m\u0171v\u00e9szeti...","og_url":"https:\/\/szekacs.lutheran.hu\/iskola\/kolcsey-palyazat-eredmenye\/","og_site_name":"Sz\u00e9k\u00e1cs J\u00f3zsef Evang\u00e9likus \u00d3voda, \u00c1ltal\u00e1nos Iskola \u00e9s Gimn\u00e1zium","article_published_time":"2021-06-07T10:29:01+00:00","article_modified_time":"2021-06-07T13:38:15+00:00","og_image":[{"width":2396,"height":1615,"url":"https:\/\/szekacs.lutheran.hu\/iskola\/wp-content\/uploads\/2021\/06\/R\u00e9ka-L\u00e1da-7.oeml\u00e9keim-az-elm\u00falt-id\u0151szakb\u00f3l.jpg","type":"image\/jpeg"}],"author":"admin","twitter_card":"summary_large_image","twitter_misc":{"Szerz\u0151:":"admin","Becs\u00fclt olvas\u00e1si id\u0151":"3 perc"},"schema":{"@context":"https:\/\/schema.org","@graph":[{"@type":"WebPage","@id":"https:\/\/szekacs.lutheran.hu\/iskola\/kolcsey-palyazat-eredmenye\/","url":"https:\/\/szekacs.lutheran.hu\/iskola\/kolcsey-palyazat-eredmenye\/","name":"K\u00f6lcsey p\u00e1ly\u00e1zat eredm\u00e9nye - Sz\u00e9k\u00e1cs J\u00f3zsef Evang\u00e9likus \u00d3voda, \u00c1ltal\u00e1nos Iskola \u00e9s Gimn\u00e1zium","isPartOf":{"@id":"https:\/\/szekacs.lutheran.hu\/iskola\/#website"},"primaryImageOfPage":{"@id":"https:\/\/szekacs.lutheran.hu\/iskola\/kolcsey-palyazat-eredmenye\/#primaryimage"},"image":{"@id":"https:\/\/szekacs.lutheran.hu\/iskola\/kolcsey-palyazat-eredmenye\/#primaryimage"},"thumbnailUrl":"https:\/\/szekacs.lutheran.hu\/iskola\/wp-content\/uploads\/2021\/06\/R\u00e9ka-L\u00e1da-7.oeml\u00e9keim-az-elm\u00falt-id\u0151szakb\u00f3l.jpg","datePublished":"2021-06-07T10:29:01+00:00","dateModified":"2021-06-07T13:38:15+00:00","author":{"@id":"https:\/\/szekacs.lutheran.hu\/iskola\/#\/schema\/person\/c2ed2e14631babb098c586494bc7d5df"},"breadcrumb":{"@id":"https:\/\/szekacs.lutheran.hu\/iskola\/kolcsey-palyazat-eredmenye\/#breadcrumb"},"inLanguage":"hu","potentialAction":[{"@type":"ReadAction","target":["https:\/\/szekacs.lutheran.hu\/iskola\/kolcsey-palyazat-eredmenye\/"]}]},{"@type":"ImageObject","inLanguage":"hu","@id":"https:\/\/szekacs.lutheran.hu\/iskola\/kolcsey-palyazat-eredmenye\/#primaryimage","url":"https:\/\/szekacs.lutheran.hu\/iskola\/wp-content\/uploads\/2021\/06\/R\u00e9ka-L\u00e1da-7.oeml\u00e9keim-az-elm\u00falt-id\u0151szakb\u00f3l.jpg","contentUrl":"https:\/\/szekacs.lutheran.hu\/iskola\/wp-content\/uploads\/2021\/06\/R\u00e9ka-L\u00e1da-7.oeml\u00e9keim-az-elm\u00falt-id\u0151szakb\u00f3l.jpg","width":2396,"height":1615},{"@type":"BreadcrumbList","@id":"https:\/\/szekacs.lutheran.hu\/iskola\/kolcsey-palyazat-eredmenye\/#breadcrumb","itemListElement":[{"@type":"ListItem","position":1,"name":"Home","item":"https:\/\/szekacs.lutheran.hu\/iskola\/"},{"@type":"ListItem","position":2,"name":"K\u00f6lcsey p\u00e1ly\u00e1zat eredm\u00e9nye"}]},{"@type":"WebSite","@id":"https:\/\/szekacs.lutheran.hu\/iskola\/#website","url":"https:\/\/szekacs.lutheran.hu\/iskola\/","name":"Sz\u00e9k\u00e1cs J\u00f3zsef Evang\u00e9likus \u00d3voda, \u00c1ltal\u00e1nos Iskola \u00e9s Gimn\u00e1zium","description":"","potentialAction":[{"@type":"SearchAction","target":{"@type":"EntryPoint","urlTemplate":"https:\/\/szekacs.lutheran.hu\/iskola\/?s={search_term_string}"},"query-input":{"@type":"PropertyValueSpecification","valueRequired":true,"valueName":"search_term_string"}}],"inLanguage":"hu"},{"@type":"Person","@id":"https:\/\/szekacs.lutheran.hu\/iskola\/#\/schema\/person\/c2ed2e14631babb098c586494bc7d5df","name":"admin","image":{"@type":"ImageObject","inLanguage":"hu","@id":"https:\/\/szekacs.lutheran.hu\/iskola\/#\/schema\/person\/image\/","url":"https:\/\/secure.gravatar.com\/avatar\/2d9a947cd9a162ca4e5eb73e817e43edd8dcbc6e501b39fb999fb53d65e181f4?s=96&d=mm&r=g","contentUrl":"https:\/\/secure.gravatar.com\/avatar\/2d9a947cd9a162ca4e5eb73e817e43edd8dcbc6e501b39fb999fb53d65e181f4?s=96&d=mm&r=g","caption":"admin"},"url":"https:\/\/szekacs.lutheran.hu\/iskola\/author\/admin\/"}]}},"_links":{"self":[{"href":"https:\/\/szekacs.lutheran.hu\/iskola\/wp-json\/wp\/v2\/posts\/23664","targetHints":{"allow":["GET"]}}],"collection":[{"href":"https:\/\/szekacs.lutheran.hu\/iskola\/wp-json\/wp\/v2\/posts"}],"about":[{"href":"https:\/\/szekacs.lutheran.hu\/iskola\/wp-json\/wp\/v2\/types\/post"}],"author":[{"embeddable":true,"href":"https:\/\/szekacs.lutheran.hu\/iskola\/wp-json\/wp\/v2\/users\/1"}],"replies":[{"embeddable":true,"href":"https:\/\/szekacs.lutheran.hu\/iskola\/wp-json\/wp\/v2\/comments?post=23664"}],"version-history":[{"count":2,"href":"https:\/\/szekacs.lutheran.hu\/iskola\/wp-json\/wp\/v2\/posts\/23664\/revisions"}],"predecessor-version":[{"id":23676,"href":"https:\/\/szekacs.lutheran.hu\/iskola\/wp-json\/wp\/v2\/posts\/23664\/revisions\/23676"}],"wp:featuredmedia":[{"embeddable":true,"href":"https:\/\/szekacs.lutheran.hu\/iskola\/wp-json\/wp\/v2\/media\/23670"}],"wp:attachment":[{"href":"https:\/\/szekacs.lutheran.hu\/iskola\/wp-json\/wp\/v2\/media?parent=23664"}],"wp:term":[{"taxonomy":"category","embeddable":true,"href":"https:\/\/szekacs.lutheran.hu\/iskola\/wp-json\/wp\/v2\/categories?post=23664"},{"taxonomy":"post_tag","embeddable":true,"href":"https:\/\/szekacs.lutheran.hu\/iskola\/wp-json\/wp\/v2\/tags?post=23664"}],"curies":[{"name":"wp","href":"https:\/\/api.w.org\/{rel}","templated":true}]}}