{"id":23514,"date":"2021-06-02T14:05:28","date_gmt":"2021-06-02T14:05:28","guid":{"rendered":"https:\/\/szekacs.lutheran.hu\/iskola\/?p=23514"},"modified":"2021-06-07T09:16:01","modified_gmt":"2021-06-07T09:16:01","slug":"halaado-jubileumi-istentisztelet","status":"publish","type":"post","link":"https:\/\/szekacs.lutheran.hu\/iskola\/halaado-jubileumi-istentisztelet\/","title":{"rendered":"H\u00e1laad\u00f3 jubileumi istentisztelet"},"content":{"rendered":"\n<p>2021. j\u00fanius 29-\u00e9n, szombaton h\u00e1laad\u00f3 istentiszteleten eml\u00e9kezt\u00fcnk meg arr\u00f3l, hogy iskol\u00e1nk 25 \u00e9ve m\u0171k\u00f6dik evang\u00e9likus egyh\u00e1zi fenntart\u00e1sban. Az alkalmon ig\u00e9t hirdetett Kondor P\u00e9ter p\u00fcsp\u00f6k. <\/p>\n\n\n\n<p>A visszaeml\u00e9kez\u0151 \u00fcnneps\u00e9g sz\u00e9p m\u0171sora ut\u00e1n k\u00f6sz\u00f6nt\u0151t mondtak:<\/p>\n\n\n\n<ul class=\"wp-block-list\"><li><strong>L\u00e1z\u00e1r Zsolt<\/strong>, a Nyugat-B\u00e9k\u00e9si Egyh\u00e1zmegye esperese<\/li><li><strong>R\u00e9v\u00e9sz J\u00f3zsefn\u00e9 <\/strong>alap\u00edt\u00f3 \u00f3vodavezet\u0151<\/li><li><strong>Gy\u0151ri G\u00e1bor<\/strong> kor\u00e1bbi orosh\u00e1zi lelk\u00e9sz, a Pestszentl\u0151rinci Evang\u00e9likus Egyh\u00e1zk\u00f6zs\u00e9g lelk\u00e9sze, Pesti Evang\u00e9likus Egyh\u00e1zmegye esperese<\/li><li><strong>D\u00e1vid Zolt\u00e1n<\/strong>, Orosh\u00e1za v\u00e1ros polg\u00e1rmestere <\/li><li><strong>Zalai Mih\u00e1ly<\/strong>, a B\u00e9k\u00e9s Megyei K\u00f6zgy\u0171l\u00e9s eln\u00f6ke<\/li><li><strong>dr. Abonyi Lajos<\/strong>, a N\u00e9met Nemzetis\u00e9gi \u00d6nkorm\u00e1nyzat els\u0151 eln\u00f6ke<\/li><\/ul>\n\n\n\n<p>Elk\u00fcldt\u00e9k k\u00f6sz\u00f6nt\u00e9s\u00fcket: <\/p>\n\n\n\n<ul class=\"wp-block-list\"><li><strong>Jantos Istv\u00e1nn\u00e9<\/strong> alap\u00edt\u00f3 igazgat\u00f3<\/li><li><strong>Rib\u00e1r J\u00e1nos<\/strong>, a Nyugat-B\u00e9k\u00e9si Egyh\u00e1zmegye nyugalmazott esperese<\/li><li><strong>Musztafa Szulim\u00e1nn\u00e9 <\/strong>nyugalmazott tan\u00edt\u00f3<\/li><\/ul>\n\n\n\n<p>Az \u00fcnneps\u00e9gen k\u00e9sz\u00fclt f\u00e9nyk\u00e9peket <a href=\"https:\/\/szekacs.lutheran.hu\/iskola\/galeriak\/2021-05-29\/\" target=\"_blank\" rel=\"noreferrer noopener\" aria-label=\"megtekinthetik honlapunkon. (\u00faj f\u00fcl\u00f6n nyitja meg)\">megtekinthetik honlapunkon.<\/a><\/p>\n","protected":false},"excerpt":{"rendered":"<p>2021. j\u00fanius 29-\u00e9n, szombaton h\u00e1laad\u00f3 istentiszteleten eml\u00e9kezt\u00fcnk meg arr\u00f3l, hogy iskol\u00e1nk 25 \u00e9ve m\u0171k\u00f6dik evang\u00e9likus egyh\u00e1zi fenntart\u00e1sban. Az alkalmon ig\u00e9t&#8230;<\/p>\n","protected":false},"author":1,"featured_media":23645,"comment_status":"closed","ping_status":"closed","sticky":false,"template":"","format":"standard","meta":{"footnotes":""},"categories":[42,43],"tags":[],"class_list":["post-23514","post","type-post","status-publish","format-standard","has-post-thumbnail","hentry","category-aktualis","category-iskolai-elet"],"yoast_head":"<!-- This site is optimized with the Yoast SEO plugin v26.2 - https:\/\/yoast.com\/wordpress\/plugins\/seo\/ -->\n<title>H\u00e1laad\u00f3 jubileumi istentisztelet - Sz\u00e9k\u00e1cs J\u00f3zsef Evang\u00e9likus \u00d3voda, \u00c1ltal\u00e1nos Iskola \u00e9s Gimn\u00e1zium<\/title>\n<meta name=\"robots\" content=\"index, follow, max-snippet:-1, max-image-preview:large, max-video-preview:-1\" \/>\n<link rel=\"canonical\" href=\"https:\/\/szekacs.lutheran.hu\/iskola\/halaado-jubileumi-istentisztelet\/\" \/>\n<meta property=\"og:locale\" content=\"hu_HU\" \/>\n<meta property=\"og:type\" content=\"article\" \/>\n<meta property=\"og:title\" content=\"H\u00e1laad\u00f3 jubileumi istentisztelet - Sz\u00e9k\u00e1cs J\u00f3zsef Evang\u00e9likus \u00d3voda, \u00c1ltal\u00e1nos Iskola \u00e9s Gimn\u00e1zium\" \/>\n<meta property=\"og:description\" content=\"2021. j\u00fanius 29-\u00e9n, szombaton h\u00e1laad\u00f3 istentiszteleten eml\u00e9kezt\u00fcnk meg arr\u00f3l, hogy iskol\u00e1nk 25 \u00e9ve m\u0171k\u00f6dik evang\u00e9likus egyh\u00e1zi fenntart\u00e1sban. Az alkalmon ig\u00e9t...\" \/>\n<meta property=\"og:url\" content=\"https:\/\/szekacs.lutheran.hu\/iskola\/halaado-jubileumi-istentisztelet\/\" \/>\n<meta property=\"og:site_name\" content=\"Sz\u00e9k\u00e1cs J\u00f3zsef Evang\u00e9likus \u00d3voda, \u00c1ltal\u00e1nos Iskola \u00e9s Gimn\u00e1zium\" \/>\n<meta property=\"article:published_time\" content=\"2021-06-02T14:05:28+00:00\" \/>\n<meta property=\"article:modified_time\" content=\"2021-06-07T09:16:01+00:00\" \/>\n<meta property=\"og:image\" content=\"https:\/\/szekacs.lutheran.hu\/iskola\/wp-content\/uploads\/2021\/06\/DSC_0971.jpg\" \/>\n\t<meta property=\"og:image:width\" content=\"3456\" \/>\n\t<meta property=\"og:image:height\" content=\"2304\" \/>\n\t<meta property=\"og:image:type\" content=\"image\/jpeg\" \/>\n<meta name=\"author\" content=\"admin\" \/>\n<meta name=\"twitter:card\" content=\"summary_large_image\" \/>\n<meta name=\"twitter:label1\" content=\"Szerz\u0151:\" \/>\n\t<meta name=\"twitter:data1\" content=\"admin\" \/>\n\t<meta name=\"twitter:label2\" content=\"Becs\u00fclt olvas\u00e1si id\u0151\" \/>\n\t<meta name=\"twitter:data2\" content=\"1 perc\" \/>\n<script type=\"application\/ld+json\" class=\"yoast-schema-graph\">{\"@context\":\"https:\/\/schema.org\",\"@graph\":[{\"@type\":\"WebPage\",\"@id\":\"https:\/\/szekacs.lutheran.hu\/iskola\/halaado-jubileumi-istentisztelet\/\",\"url\":\"https:\/\/szekacs.lutheran.hu\/iskola\/halaado-jubileumi-istentisztelet\/\",\"name\":\"H\u00e1laad\u00f3 jubileumi istentisztelet - Sz\u00e9k\u00e1cs J\u00f3zsef Evang\u00e9likus \u00d3voda, \u00c1ltal\u00e1nos Iskola \u00e9s Gimn\u00e1zium\",\"isPartOf\":{\"@id\":\"https:\/\/szekacs.lutheran.hu\/iskola\/#website\"},\"primaryImageOfPage\":{\"@id\":\"https:\/\/szekacs.lutheran.hu\/iskola\/halaado-jubileumi-istentisztelet\/#primaryimage\"},\"image\":{\"@id\":\"https:\/\/szekacs.lutheran.hu\/iskola\/halaado-jubileumi-istentisztelet\/#primaryimage\"},\"thumbnailUrl\":\"https:\/\/szekacs.lutheran.hu\/iskola\/wp-content\/uploads\/2021\/06\/DSC_0971.jpg\",\"datePublished\":\"2021-06-02T14:05:28+00:00\",\"dateModified\":\"2021-06-07T09:16:01+00:00\",\"author\":{\"@id\":\"https:\/\/szekacs.lutheran.hu\/iskola\/#\/schema\/person\/c2ed2e14631babb098c586494bc7d5df\"},\"breadcrumb\":{\"@id\":\"https:\/\/szekacs.lutheran.hu\/iskola\/halaado-jubileumi-istentisztelet\/#breadcrumb\"},\"inLanguage\":\"hu\",\"potentialAction\":[{\"@type\":\"ReadAction\",\"target\":[\"https:\/\/szekacs.lutheran.hu\/iskola\/halaado-jubileumi-istentisztelet\/\"]}]},{\"@type\":\"ImageObject\",\"inLanguage\":\"hu\",\"@id\":\"https:\/\/szekacs.lutheran.hu\/iskola\/halaado-jubileumi-istentisztelet\/#primaryimage\",\"url\":\"https:\/\/szekacs.lutheran.hu\/iskola\/wp-content\/uploads\/2021\/06\/DSC_0971.jpg\",\"contentUrl\":\"https:\/\/szekacs.lutheran.hu\/iskola\/wp-content\/uploads\/2021\/06\/DSC_0971.jpg\",\"width\":3456,\"height\":2304},{\"@type\":\"BreadcrumbList\",\"@id\":\"https:\/\/szekacs.lutheran.hu\/iskola\/halaado-jubileumi-istentisztelet\/#breadcrumb\",\"itemListElement\":[{\"@type\":\"ListItem\",\"position\":1,\"name\":\"Home\",\"item\":\"https:\/\/szekacs.lutheran.hu\/iskola\/\"},{\"@type\":\"ListItem\",\"position\":2,\"name\":\"H\u00e1laad\u00f3 jubileumi istentisztelet\"}]},{\"@type\":\"WebSite\",\"@id\":\"https:\/\/szekacs.lutheran.hu\/iskola\/#website\",\"url\":\"https:\/\/szekacs.lutheran.hu\/iskola\/\",\"name\":\"Sz\u00e9k\u00e1cs J\u00f3zsef Evang\u00e9likus \u00d3voda, \u00c1ltal\u00e1nos Iskola \u00e9s Gimn\u00e1zium\",\"description\":\"\",\"potentialAction\":[{\"@type\":\"SearchAction\",\"target\":{\"@type\":\"EntryPoint\",\"urlTemplate\":\"https:\/\/szekacs.lutheran.hu\/iskola\/?s={search_term_string}\"},\"query-input\":{\"@type\":\"PropertyValueSpecification\",\"valueRequired\":true,\"valueName\":\"search_term_string\"}}],\"inLanguage\":\"hu\"},{\"@type\":\"Person\",\"@id\":\"https:\/\/szekacs.lutheran.hu\/iskola\/#\/schema\/person\/c2ed2e14631babb098c586494bc7d5df\",\"name\":\"admin\",\"image\":{\"@type\":\"ImageObject\",\"inLanguage\":\"hu\",\"@id\":\"https:\/\/szekacs.lutheran.hu\/iskola\/#\/schema\/person\/image\/\",\"url\":\"https:\/\/secure.gravatar.com\/avatar\/2d9a947cd9a162ca4e5eb73e817e43edd8dcbc6e501b39fb999fb53d65e181f4?s=96&d=mm&r=g\",\"contentUrl\":\"https:\/\/secure.gravatar.com\/avatar\/2d9a947cd9a162ca4e5eb73e817e43edd8dcbc6e501b39fb999fb53d65e181f4?s=96&d=mm&r=g\",\"caption\":\"admin\"},\"url\":\"https:\/\/szekacs.lutheran.hu\/iskola\/author\/admin\/\"}]}<\/script>\n<!-- \/ Yoast SEO plugin. -->","yoast_head_json":{"title":"H\u00e1laad\u00f3 jubileumi istentisztelet - Sz\u00e9k\u00e1cs J\u00f3zsef Evang\u00e9likus \u00d3voda, \u00c1ltal\u00e1nos Iskola \u00e9s Gimn\u00e1zium","robots":{"index":"index","follow":"follow","max-snippet":"max-snippet:-1","max-image-preview":"max-image-preview:large","max-video-preview":"max-video-preview:-1"},"canonical":"https:\/\/szekacs.lutheran.hu\/iskola\/halaado-jubileumi-istentisztelet\/","og_locale":"hu_HU","og_type":"article","og_title":"H\u00e1laad\u00f3 jubileumi istentisztelet - Sz\u00e9k\u00e1cs J\u00f3zsef Evang\u00e9likus \u00d3voda, \u00c1ltal\u00e1nos Iskola \u00e9s Gimn\u00e1zium","og_description":"2021. j\u00fanius 29-\u00e9n, szombaton h\u00e1laad\u00f3 istentiszteleten eml\u00e9kezt\u00fcnk meg arr\u00f3l, hogy iskol\u00e1nk 25 \u00e9ve m\u0171k\u00f6dik evang\u00e9likus egyh\u00e1zi fenntart\u00e1sban. Az alkalmon ig\u00e9t...","og_url":"https:\/\/szekacs.lutheran.hu\/iskola\/halaado-jubileumi-istentisztelet\/","og_site_name":"Sz\u00e9k\u00e1cs J\u00f3zsef Evang\u00e9likus \u00d3voda, \u00c1ltal\u00e1nos Iskola \u00e9s Gimn\u00e1zium","article_published_time":"2021-06-02T14:05:28+00:00","article_modified_time":"2021-06-07T09:16:01+00:00","og_image":[{"width":3456,"height":2304,"url":"https:\/\/szekacs.lutheran.hu\/iskola\/wp-content\/uploads\/2021\/06\/DSC_0971.jpg","type":"image\/jpeg"}],"author":"admin","twitter_card":"summary_large_image","twitter_misc":{"Szerz\u0151:":"admin","Becs\u00fclt olvas\u00e1si id\u0151":"1 perc"},"schema":{"@context":"https:\/\/schema.org","@graph":[{"@type":"WebPage","@id":"https:\/\/szekacs.lutheran.hu\/iskola\/halaado-jubileumi-istentisztelet\/","url":"https:\/\/szekacs.lutheran.hu\/iskola\/halaado-jubileumi-istentisztelet\/","name":"H\u00e1laad\u00f3 jubileumi istentisztelet - Sz\u00e9k\u00e1cs J\u00f3zsef Evang\u00e9likus \u00d3voda, \u00c1ltal\u00e1nos Iskola \u00e9s Gimn\u00e1zium","isPartOf":{"@id":"https:\/\/szekacs.lutheran.hu\/iskola\/#website"},"primaryImageOfPage":{"@id":"https:\/\/szekacs.lutheran.hu\/iskola\/halaado-jubileumi-istentisztelet\/#primaryimage"},"image":{"@id":"https:\/\/szekacs.lutheran.hu\/iskola\/halaado-jubileumi-istentisztelet\/#primaryimage"},"thumbnailUrl":"https:\/\/szekacs.lutheran.hu\/iskola\/wp-content\/uploads\/2021\/06\/DSC_0971.jpg","datePublished":"2021-06-02T14:05:28+00:00","dateModified":"2021-06-07T09:16:01+00:00","author":{"@id":"https:\/\/szekacs.lutheran.hu\/iskola\/#\/schema\/person\/c2ed2e14631babb098c586494bc7d5df"},"breadcrumb":{"@id":"https:\/\/szekacs.lutheran.hu\/iskola\/halaado-jubileumi-istentisztelet\/#breadcrumb"},"inLanguage":"hu","potentialAction":[{"@type":"ReadAction","target":["https:\/\/szekacs.lutheran.hu\/iskola\/halaado-jubileumi-istentisztelet\/"]}]},{"@type":"ImageObject","inLanguage":"hu","@id":"https:\/\/szekacs.lutheran.hu\/iskola\/halaado-jubileumi-istentisztelet\/#primaryimage","url":"https:\/\/szekacs.lutheran.hu\/iskola\/wp-content\/uploads\/2021\/06\/DSC_0971.jpg","contentUrl":"https:\/\/szekacs.lutheran.hu\/iskola\/wp-content\/uploads\/2021\/06\/DSC_0971.jpg","width":3456,"height":2304},{"@type":"BreadcrumbList","@id":"https:\/\/szekacs.lutheran.hu\/iskola\/halaado-jubileumi-istentisztelet\/#breadcrumb","itemListElement":[{"@type":"ListItem","position":1,"name":"Home","item":"https:\/\/szekacs.lutheran.hu\/iskola\/"},{"@type":"ListItem","position":2,"name":"H\u00e1laad\u00f3 jubileumi istentisztelet"}]},{"@type":"WebSite","@id":"https:\/\/szekacs.lutheran.hu\/iskola\/#website","url":"https:\/\/szekacs.lutheran.hu\/iskola\/","name":"Sz\u00e9k\u00e1cs J\u00f3zsef Evang\u00e9likus \u00d3voda, \u00c1ltal\u00e1nos Iskola \u00e9s Gimn\u00e1zium","description":"","potentialAction":[{"@type":"SearchAction","target":{"@type":"EntryPoint","urlTemplate":"https:\/\/szekacs.lutheran.hu\/iskola\/?s={search_term_string}"},"query-input":{"@type":"PropertyValueSpecification","valueRequired":true,"valueName":"search_term_string"}}],"inLanguage":"hu"},{"@type":"Person","@id":"https:\/\/szekacs.lutheran.hu\/iskola\/#\/schema\/person\/c2ed2e14631babb098c586494bc7d5df","name":"admin","image":{"@type":"ImageObject","inLanguage":"hu","@id":"https:\/\/szekacs.lutheran.hu\/iskola\/#\/schema\/person\/image\/","url":"https:\/\/secure.gravatar.com\/avatar\/2d9a947cd9a162ca4e5eb73e817e43edd8dcbc6e501b39fb999fb53d65e181f4?s=96&d=mm&r=g","contentUrl":"https:\/\/secure.gravatar.com\/avatar\/2d9a947cd9a162ca4e5eb73e817e43edd8dcbc6e501b39fb999fb53d65e181f4?s=96&d=mm&r=g","caption":"admin"},"url":"https:\/\/szekacs.lutheran.hu\/iskola\/author\/admin\/"}]}},"_links":{"self":[{"href":"https:\/\/szekacs.lutheran.hu\/iskola\/wp-json\/wp\/v2\/posts\/23514","targetHints":{"allow":["GET"]}}],"collection":[{"href":"https:\/\/szekacs.lutheran.hu\/iskola\/wp-json\/wp\/v2\/posts"}],"about":[{"href":"https:\/\/szekacs.lutheran.hu\/iskola\/wp-json\/wp\/v2\/types\/post"}],"author":[{"embeddable":true,"href":"https:\/\/szekacs.lutheran.hu\/iskola\/wp-json\/wp\/v2\/users\/1"}],"replies":[{"embeddable":true,"href":"https:\/\/szekacs.lutheran.hu\/iskola\/wp-json\/wp\/v2\/comments?post=23514"}],"version-history":[{"count":2,"href":"https:\/\/szekacs.lutheran.hu\/iskola\/wp-json\/wp\/v2\/posts\/23514\/revisions"}],"predecessor-version":[{"id":23663,"href":"https:\/\/szekacs.lutheran.hu\/iskola\/wp-json\/wp\/v2\/posts\/23514\/revisions\/23663"}],"wp:featuredmedia":[{"embeddable":true,"href":"https:\/\/szekacs.lutheran.hu\/iskola\/wp-json\/wp\/v2\/media\/23645"}],"wp:attachment":[{"href":"https:\/\/szekacs.lutheran.hu\/iskola\/wp-json\/wp\/v2\/media?parent=23514"}],"wp:term":[{"taxonomy":"category","embeddable":true,"href":"https:\/\/szekacs.lutheran.hu\/iskola\/wp-json\/wp\/v2\/categories?post=23514"},{"taxonomy":"post_tag","embeddable":true,"href":"https:\/\/szekacs.lutheran.hu\/iskola\/wp-json\/wp\/v2\/tags?post=23514"}],"curies":[{"name":"wp","href":"https:\/\/api.w.org\/{rel}","templated":true}]}}