{"id":23509,"date":"2021-05-27T13:07:27","date_gmt":"2021-05-27T13:07:27","guid":{"rendered":"https:\/\/szekacs.lutheran.hu\/iskola\/?p=23509"},"modified":"2021-05-28T13:58:11","modified_gmt":"2021-05-28T13:58:11","slug":"jubileumi-nap","status":"publish","type":"post","link":"https:\/\/szekacs.lutheran.hu\/iskola\/jubileumi-nap\/","title":{"rendered":"Jubileumi nap"},"content":{"rendered":"\n<p>2021. m\u00e1jus 29. szombat. Nagyszab\u00e1s\u00fa jubileumi napra k\u00e9sz\u00fclt\u00fcnk &#8211; egy istentiszteletre van most lehet\u0151s\u00e9g\u00fcnk. Azonban hissz\u00fck, hogy ebben \u00f6sszegz\u0151dni tud mindaz a  gazdags\u00e1g, \u00f6r\u00f6m, aj\u00e1nd\u00e9k, amit az iskol\u00e1n kereszt\u00fcl Isten kegyelm\u00e9b\u0151l meg\u00e9lhett\u00fcnk. <\/p>\n\n\n\n<p>A h\u00e1laad\u00f3 istentisztelet 10 \u00f3rakor kezd\u0151dik az orosh\u00e1zi evang\u00e9likus templomban. Megh\u00edv\u00e1st kaptak r\u00e1 a gy\u00fclekezet tagjai \u00e9s az iskola jelenlegi tanul\u00f3- \u00e9s dolgoz\u00f3i k\u00f6z\u00f6ss\u00e9ge mellett az int\u00e9zm\u00e9ny \u00e9let\u00e9ben, eltelt 25 \u00e9v\u00e9ben fontos szerepet j\u00e1tsz\u00f3 lelk\u00e9szek, pedag\u00f3gusok \u00e9s az iskol\u00e1hoz szorosan k\u00f6t\u0151d\u0151 volt di\u00e1kok \u00e9s sz\u00fcl\u0151k. Az igehirdet\u00e9s szolg\u00e1lat\u00e1t Kondor P\u00e9ter p\u00fcsp\u00f6k v\u00e9gzi, a liturgi\u00e1ban szerepet kapnak az Orosh\u00e1zi Evang\u00e9likus Egyh\u00e1zk\u00f6zs\u00e9g lelk\u00e9szei, iskolalelk\u00e9sz\u00fcnk \u00e9s L\u00e1z\u00e1r Zsolt esperes is.<\/p>\n\n\n\n<p>Az istentiszteletet k\u00f6vet\u0151 \u00fcnneps\u00e9get az iskol\u00e1sok r\u00f6vid m\u0171sora nyitja: <\/p>\n\n\n\n<ul class=\"wp-block-list\"><li>Zsoldi Anna (2.a) Kis Istv\u00e1n: Bet\u0171vet\u00e9s c. vers\u00e9t mondja.<\/li><li>Domj\u00e1nn\u00e9 Sz\u00f3lik Anik\u00f3 tan\u00edtv\u00e1nyai *** \u00e9nek: Csizmadia Laura (11\/6), Nagy Emma (9\/6), Zalai Bernadett (9\/6); heged\u0171 \u00e9s fuvola: Nagy Luca (12\/6); zongora: Palacsik J\u00e1nos (11\/6) **** a K\u00eds\u00e9rjen \u00e1ld\u00e1s! c. ifj\u00fas\u00e1gi \u00e9neket, T\u00farmezei Erzs\u00e9bet vers\u00e9nek zen\u00e9s feldolgoz\u00e1s\u00e1t adj\u00e1k el\u0151.<\/li><li>St\u00e9f\u00e1n Zs\u00f3fia Bernadett (10\/4) T\u00farmezei Erzs\u00e9bet: A magyar fa c. k\u00f6ltem\u00e9ny\u00e9t szavalja.<\/li><\/ul>\n\n\n\n<p>A visszaeml\u00e9kez\u0151 \u00fcnneps\u00e9gen k\u00f6sz\u00f6nt\u0151k hangzanak el. Megsz\u00f3lal t\u00f6bbek k\u00f6z\u00f6tt Gy\u0151ri G\u00e1bor alap\u00edt\u00f3 lelk\u00e9sz, R\u00e9v\u00e9szn\u00e9 T\u00f3th Erzs\u00e9bet alap\u00edt\u00f3 \u00f3vodavezet\u0151, Zalai Mih\u00e1ly megyei k\u00f6zgy\u0171l\u00e9si eln\u00f6k, D\u00e1vid Zolt\u00e1n polg\u00e1rmester \u00e9s dr. Abonyi Lajos, a N\u00e9met Nemzetis\u00e9gi \u00d6nkorm\u00e1nyzat els\u0151 eln\u00f6ke is. Az \u00fcnneps\u00e9g h\u00e1zigazd\u00e1i Nagy R\u00f3bert int\u00e9zm\u00e9nyvezet\u0151 \u00e9s \u00d6rd\u00f6g Endre igazgat\u00f3 lelk\u00e9sz.<\/p>\n\n\n\n<p>Az \u00fcnnepi esem\u00e9nyek \u00e9l\u0151ben k\u00f6vethet\u0151k a gy\u00fclekezet Facebook oldal\u00e1n vagy Youtube csatorn\u00e1j\u00e1n, illetve k\u00e9s\u0151bb visszan\u00e9zhet\u0151k: <a href=\"https:\/\/youtu.be\/FkILcZGvjMQ\" target=\"_blank\" rel=\"noreferrer noopener\" aria-label=\" (\u00faj f\u00fcl\u00f6n nyitja meg)\">https:\/\/youtu.be\/FkILcZGvjMQ <\/a> <\/p>\n","protected":false},"excerpt":{"rendered":"<p>2021. m\u00e1jus 29. szombat. Nagyszab\u00e1s\u00fa jubileumi napra k\u00e9sz\u00fclt\u00fcnk &#8211; egy istentiszteletre van most lehet\u0151s\u00e9g\u00fcnk. Azonban hissz\u00fck, hogy ebben \u00f6sszegz\u0151dni tud&#8230;<\/p>\n","protected":false},"author":1,"featured_media":23510,"comment_status":"closed","ping_status":"closed","sticky":false,"template":"","format":"standard","meta":{"footnotes":""},"categories":[42,43],"tags":[],"class_list":["post-23509","post","type-post","status-publish","format-standard","has-post-thumbnail","hentry","category-aktualis","category-iskolai-elet"],"yoast_head":"<!-- This site is optimized with the Yoast SEO plugin v26.2 - https:\/\/yoast.com\/wordpress\/plugins\/seo\/ -->\n<title>Jubileumi nap - Sz\u00e9k\u00e1cs J\u00f3zsef Evang\u00e9likus \u00d3voda, \u00c1ltal\u00e1nos Iskola \u00e9s Gimn\u00e1zium<\/title>\n<meta name=\"robots\" content=\"index, follow, max-snippet:-1, max-image-preview:large, max-video-preview:-1\" \/>\n<link rel=\"canonical\" href=\"https:\/\/szekacs.lutheran.hu\/iskola\/jubileumi-nap\/\" \/>\n<meta property=\"og:locale\" content=\"hu_HU\" \/>\n<meta property=\"og:type\" content=\"article\" \/>\n<meta property=\"og:title\" content=\"Jubileumi nap - Sz\u00e9k\u00e1cs J\u00f3zsef Evang\u00e9likus \u00d3voda, \u00c1ltal\u00e1nos Iskola \u00e9s Gimn\u00e1zium\" \/>\n<meta property=\"og:description\" content=\"2021. m\u00e1jus 29. szombat. Nagyszab\u00e1s\u00fa jubileumi napra k\u00e9sz\u00fclt\u00fcnk &#8211; egy istentiszteletre van most lehet\u0151s\u00e9g\u00fcnk. Azonban hissz\u00fck, hogy ebben \u00f6sszegz\u0151dni tud...\" \/>\n<meta property=\"og:url\" content=\"https:\/\/szekacs.lutheran.hu\/iskola\/jubileumi-nap\/\" \/>\n<meta property=\"og:site_name\" content=\"Sz\u00e9k\u00e1cs J\u00f3zsef Evang\u00e9likus \u00d3voda, \u00c1ltal\u00e1nos Iskola \u00e9s Gimn\u00e1zium\" \/>\n<meta property=\"article:published_time\" content=\"2021-05-27T13:07:27+00:00\" \/>\n<meta property=\"article:modified_time\" content=\"2021-05-28T13:58:11+00:00\" \/>\n<meta property=\"og:image\" content=\"https:\/\/szekacs.lutheran.hu\/iskola\/wp-content\/uploads\/2021\/05\/Megh\u00edv\u00f3-2.png\" \/>\n\t<meta property=\"og:image:width\" content=\"783\" \/>\n\t<meta property=\"og:image:height\" content=\"747\" \/>\n\t<meta property=\"og:image:type\" content=\"image\/png\" \/>\n<meta name=\"author\" content=\"admin\" \/>\n<meta name=\"twitter:card\" content=\"summary_large_image\" \/>\n<meta name=\"twitter:label1\" content=\"Szerz\u0151:\" \/>\n\t<meta name=\"twitter:data1\" content=\"admin\" \/>\n\t<meta name=\"twitter:label2\" content=\"Becs\u00fclt olvas\u00e1si id\u0151\" \/>\n\t<meta name=\"twitter:data2\" content=\"2 perc\" \/>\n<script type=\"application\/ld+json\" class=\"yoast-schema-graph\">{\"@context\":\"https:\/\/schema.org\",\"@graph\":[{\"@type\":\"WebPage\",\"@id\":\"https:\/\/szekacs.lutheran.hu\/iskola\/jubileumi-nap\/\",\"url\":\"https:\/\/szekacs.lutheran.hu\/iskola\/jubileumi-nap\/\",\"name\":\"Jubileumi nap - Sz\u00e9k\u00e1cs J\u00f3zsef Evang\u00e9likus \u00d3voda, \u00c1ltal\u00e1nos Iskola \u00e9s Gimn\u00e1zium\",\"isPartOf\":{\"@id\":\"https:\/\/szekacs.lutheran.hu\/iskola\/#website\"},\"primaryImageOfPage\":{\"@id\":\"https:\/\/szekacs.lutheran.hu\/iskola\/jubileumi-nap\/#primaryimage\"},\"image\":{\"@id\":\"https:\/\/szekacs.lutheran.hu\/iskola\/jubileumi-nap\/#primaryimage\"},\"thumbnailUrl\":\"https:\/\/szekacs.lutheran.hu\/iskola\/wp-content\/uploads\/2021\/05\/Megh\u00edv\u00f3-2.png\",\"datePublished\":\"2021-05-27T13:07:27+00:00\",\"dateModified\":\"2021-05-28T13:58:11+00:00\",\"author\":{\"@id\":\"https:\/\/szekacs.lutheran.hu\/iskola\/#\/schema\/person\/c2ed2e14631babb098c586494bc7d5df\"},\"breadcrumb\":{\"@id\":\"https:\/\/szekacs.lutheran.hu\/iskola\/jubileumi-nap\/#breadcrumb\"},\"inLanguage\":\"hu\",\"potentialAction\":[{\"@type\":\"ReadAction\",\"target\":[\"https:\/\/szekacs.lutheran.hu\/iskola\/jubileumi-nap\/\"]}]},{\"@type\":\"ImageObject\",\"inLanguage\":\"hu\",\"@id\":\"https:\/\/szekacs.lutheran.hu\/iskola\/jubileumi-nap\/#primaryimage\",\"url\":\"https:\/\/szekacs.lutheran.hu\/iskola\/wp-content\/uploads\/2021\/05\/Megh\u00edv\u00f3-2.png\",\"contentUrl\":\"https:\/\/szekacs.lutheran.hu\/iskola\/wp-content\/uploads\/2021\/05\/Megh\u00edv\u00f3-2.png\",\"width\":783,\"height\":747},{\"@type\":\"BreadcrumbList\",\"@id\":\"https:\/\/szekacs.lutheran.hu\/iskola\/jubileumi-nap\/#breadcrumb\",\"itemListElement\":[{\"@type\":\"ListItem\",\"position\":1,\"name\":\"Home\",\"item\":\"https:\/\/szekacs.lutheran.hu\/iskola\/\"},{\"@type\":\"ListItem\",\"position\":2,\"name\":\"Jubileumi nap\"}]},{\"@type\":\"WebSite\",\"@id\":\"https:\/\/szekacs.lutheran.hu\/iskola\/#website\",\"url\":\"https:\/\/szekacs.lutheran.hu\/iskola\/\",\"name\":\"Sz\u00e9k\u00e1cs J\u00f3zsef Evang\u00e9likus \u00d3voda, \u00c1ltal\u00e1nos Iskola \u00e9s Gimn\u00e1zium\",\"description\":\"\",\"potentialAction\":[{\"@type\":\"SearchAction\",\"target\":{\"@type\":\"EntryPoint\",\"urlTemplate\":\"https:\/\/szekacs.lutheran.hu\/iskola\/?s={search_term_string}\"},\"query-input\":{\"@type\":\"PropertyValueSpecification\",\"valueRequired\":true,\"valueName\":\"search_term_string\"}}],\"inLanguage\":\"hu\"},{\"@type\":\"Person\",\"@id\":\"https:\/\/szekacs.lutheran.hu\/iskola\/#\/schema\/person\/c2ed2e14631babb098c586494bc7d5df\",\"name\":\"admin\",\"image\":{\"@type\":\"ImageObject\",\"inLanguage\":\"hu\",\"@id\":\"https:\/\/szekacs.lutheran.hu\/iskola\/#\/schema\/person\/image\/\",\"url\":\"https:\/\/secure.gravatar.com\/avatar\/2d9a947cd9a162ca4e5eb73e817e43edd8dcbc6e501b39fb999fb53d65e181f4?s=96&d=mm&r=g\",\"contentUrl\":\"https:\/\/secure.gravatar.com\/avatar\/2d9a947cd9a162ca4e5eb73e817e43edd8dcbc6e501b39fb999fb53d65e181f4?s=96&d=mm&r=g\",\"caption\":\"admin\"},\"url\":\"https:\/\/szekacs.lutheran.hu\/iskola\/author\/admin\/\"}]}<\/script>\n<!-- \/ Yoast SEO plugin. -->","yoast_head_json":{"title":"Jubileumi nap - Sz\u00e9k\u00e1cs J\u00f3zsef Evang\u00e9likus \u00d3voda, \u00c1ltal\u00e1nos Iskola \u00e9s Gimn\u00e1zium","robots":{"index":"index","follow":"follow","max-snippet":"max-snippet:-1","max-image-preview":"max-image-preview:large","max-video-preview":"max-video-preview:-1"},"canonical":"https:\/\/szekacs.lutheran.hu\/iskola\/jubileumi-nap\/","og_locale":"hu_HU","og_type":"article","og_title":"Jubileumi nap - Sz\u00e9k\u00e1cs J\u00f3zsef Evang\u00e9likus \u00d3voda, \u00c1ltal\u00e1nos Iskola \u00e9s Gimn\u00e1zium","og_description":"2021. m\u00e1jus 29. szombat. Nagyszab\u00e1s\u00fa jubileumi napra k\u00e9sz\u00fclt\u00fcnk &#8211; egy istentiszteletre van most lehet\u0151s\u00e9g\u00fcnk. Azonban hissz\u00fck, hogy ebben \u00f6sszegz\u0151dni tud...","og_url":"https:\/\/szekacs.lutheran.hu\/iskola\/jubileumi-nap\/","og_site_name":"Sz\u00e9k\u00e1cs J\u00f3zsef Evang\u00e9likus \u00d3voda, \u00c1ltal\u00e1nos Iskola \u00e9s Gimn\u00e1zium","article_published_time":"2021-05-27T13:07:27+00:00","article_modified_time":"2021-05-28T13:58:11+00:00","og_image":[{"width":783,"height":747,"url":"https:\/\/szekacs.lutheran.hu\/iskola\/wp-content\/uploads\/2021\/05\/Megh\u00edv\u00f3-2.png","type":"image\/png"}],"author":"admin","twitter_card":"summary_large_image","twitter_misc":{"Szerz\u0151:":"admin","Becs\u00fclt olvas\u00e1si id\u0151":"2 perc"},"schema":{"@context":"https:\/\/schema.org","@graph":[{"@type":"WebPage","@id":"https:\/\/szekacs.lutheran.hu\/iskola\/jubileumi-nap\/","url":"https:\/\/szekacs.lutheran.hu\/iskola\/jubileumi-nap\/","name":"Jubileumi nap - Sz\u00e9k\u00e1cs J\u00f3zsef Evang\u00e9likus \u00d3voda, \u00c1ltal\u00e1nos Iskola \u00e9s Gimn\u00e1zium","isPartOf":{"@id":"https:\/\/szekacs.lutheran.hu\/iskola\/#website"},"primaryImageOfPage":{"@id":"https:\/\/szekacs.lutheran.hu\/iskola\/jubileumi-nap\/#primaryimage"},"image":{"@id":"https:\/\/szekacs.lutheran.hu\/iskola\/jubileumi-nap\/#primaryimage"},"thumbnailUrl":"https:\/\/szekacs.lutheran.hu\/iskola\/wp-content\/uploads\/2021\/05\/Megh\u00edv\u00f3-2.png","datePublished":"2021-05-27T13:07:27+00:00","dateModified":"2021-05-28T13:58:11+00:00","author":{"@id":"https:\/\/szekacs.lutheran.hu\/iskola\/#\/schema\/person\/c2ed2e14631babb098c586494bc7d5df"},"breadcrumb":{"@id":"https:\/\/szekacs.lutheran.hu\/iskola\/jubileumi-nap\/#breadcrumb"},"inLanguage":"hu","potentialAction":[{"@type":"ReadAction","target":["https:\/\/szekacs.lutheran.hu\/iskola\/jubileumi-nap\/"]}]},{"@type":"ImageObject","inLanguage":"hu","@id":"https:\/\/szekacs.lutheran.hu\/iskola\/jubileumi-nap\/#primaryimage","url":"https:\/\/szekacs.lutheran.hu\/iskola\/wp-content\/uploads\/2021\/05\/Megh\u00edv\u00f3-2.png","contentUrl":"https:\/\/szekacs.lutheran.hu\/iskola\/wp-content\/uploads\/2021\/05\/Megh\u00edv\u00f3-2.png","width":783,"height":747},{"@type":"BreadcrumbList","@id":"https:\/\/szekacs.lutheran.hu\/iskola\/jubileumi-nap\/#breadcrumb","itemListElement":[{"@type":"ListItem","position":1,"name":"Home","item":"https:\/\/szekacs.lutheran.hu\/iskola\/"},{"@type":"ListItem","position":2,"name":"Jubileumi nap"}]},{"@type":"WebSite","@id":"https:\/\/szekacs.lutheran.hu\/iskola\/#website","url":"https:\/\/szekacs.lutheran.hu\/iskola\/","name":"Sz\u00e9k\u00e1cs J\u00f3zsef Evang\u00e9likus \u00d3voda, \u00c1ltal\u00e1nos Iskola \u00e9s Gimn\u00e1zium","description":"","potentialAction":[{"@type":"SearchAction","target":{"@type":"EntryPoint","urlTemplate":"https:\/\/szekacs.lutheran.hu\/iskola\/?s={search_term_string}"},"query-input":{"@type":"PropertyValueSpecification","valueRequired":true,"valueName":"search_term_string"}}],"inLanguage":"hu"},{"@type":"Person","@id":"https:\/\/szekacs.lutheran.hu\/iskola\/#\/schema\/person\/c2ed2e14631babb098c586494bc7d5df","name":"admin","image":{"@type":"ImageObject","inLanguage":"hu","@id":"https:\/\/szekacs.lutheran.hu\/iskola\/#\/schema\/person\/image\/","url":"https:\/\/secure.gravatar.com\/avatar\/2d9a947cd9a162ca4e5eb73e817e43edd8dcbc6e501b39fb999fb53d65e181f4?s=96&d=mm&r=g","contentUrl":"https:\/\/secure.gravatar.com\/avatar\/2d9a947cd9a162ca4e5eb73e817e43edd8dcbc6e501b39fb999fb53d65e181f4?s=96&d=mm&r=g","caption":"admin"},"url":"https:\/\/szekacs.lutheran.hu\/iskola\/author\/admin\/"}]}},"_links":{"self":[{"href":"https:\/\/szekacs.lutheran.hu\/iskola\/wp-json\/wp\/v2\/posts\/23509","targetHints":{"allow":["GET"]}}],"collection":[{"href":"https:\/\/szekacs.lutheran.hu\/iskola\/wp-json\/wp\/v2\/posts"}],"about":[{"href":"https:\/\/szekacs.lutheran.hu\/iskola\/wp-json\/wp\/v2\/types\/post"}],"author":[{"embeddable":true,"href":"https:\/\/szekacs.lutheran.hu\/iskola\/wp-json\/wp\/v2\/users\/1"}],"replies":[{"embeddable":true,"href":"https:\/\/szekacs.lutheran.hu\/iskola\/wp-json\/wp\/v2\/comments?post=23509"}],"version-history":[{"count":2,"href":"https:\/\/szekacs.lutheran.hu\/iskola\/wp-json\/wp\/v2\/posts\/23509\/revisions"}],"predecessor-version":[{"id":23512,"href":"https:\/\/szekacs.lutheran.hu\/iskola\/wp-json\/wp\/v2\/posts\/23509\/revisions\/23512"}],"wp:featuredmedia":[{"embeddable":true,"href":"https:\/\/szekacs.lutheran.hu\/iskola\/wp-json\/wp\/v2\/media\/23510"}],"wp:attachment":[{"href":"https:\/\/szekacs.lutheran.hu\/iskola\/wp-json\/wp\/v2\/media?parent=23509"}],"wp:term":[{"taxonomy":"category","embeddable":true,"href":"https:\/\/szekacs.lutheran.hu\/iskola\/wp-json\/wp\/v2\/categories?post=23509"},{"taxonomy":"post_tag","embeddable":true,"href":"https:\/\/szekacs.lutheran.hu\/iskola\/wp-json\/wp\/v2\/tags?post=23509"}],"curies":[{"name":"wp","href":"https:\/\/api.w.org\/{rel}","templated":true}]}}