{"id":23489,"date":"2021-05-03T09:45:51","date_gmt":"2021-05-03T09:45:51","guid":{"rendered":"https:\/\/szekacs.lutheran.hu\/iskola\/?p=23489"},"modified":"2021-05-03T09:45:54","modified_gmt":"2021-05-03T09:45:54","slug":"elkezdodott-az-erettsegi-vizsga","status":"publish","type":"post","link":"https:\/\/szekacs.lutheran.hu\/iskola\/elkezdodott-az-erettsegi-vizsga\/","title":{"rendered":"Elkezd\u0151d\u00f6tt az \u00e9retts\u00e9gi vizsga"},"content":{"rendered":"\n<p>A tavalyi \u00e9vhez hasonl\u00f3an 2021-ben sem a hagyom\u00e1nyos m\u00f3don z\u00e1rul a 12.-esek utols\u00f3 \u00e9ve. <\/p>\n\n\n\n<p>Az \u00e9retts\u00e9git megel\u0151z\u0151 ballag\u00e1st most sem tudtuk megrendezni, terveink szerint j\u00fanius 5-\u00e9n 10 \u00f3r\u00e1t\u00f3l az evang\u00e9likus templomban tartand\u00f3 ballag\u00e1si \u00fcnneps\u00e9gen vesz\u00fcnk majd b\u00facs\u00fat a v\u00e9gz\u0151s\u00f6kt\u0151l.<\/p>\n\n\n\n<p>Az &#8222;\u00e9retts\u00e9giz\u0151k remeg\u0151 l\u00e1b\u00fa istentisztelete&#8221; helyett iskolalelk\u00e9sz\u00fcnk \u00e1h\u00edtattal b\u00facs\u00faztatta \u0151ket, hogy ne \u00fcres tariszny\u00e1val kezd\u0151djenek meg az \u00e9retts\u00e9gi vizsg\u00e1k:<\/p>\n\n\n\n<figure class=\"wp-block-embed-youtube wp-block-embed is-type-video is-provider-youtube wp-embed-aspect-16-9 wp-has-aspect-ratio\"><div class=\"wp-block-embed__wrapper\">\n<iframe loading=\"lazy\" title=\"Remeg\u0151 l\u00e1b\u00faak \u00e1h\u00edtata 2021.\" width=\"500\" height=\"281\" src=\"https:\/\/www.youtube.com\/embed\/ZTPvWZcBH74?feature=oembed\" frameborder=\"0\" allow=\"accelerometer; autoplay; clipboard-write; encrypted-media; gyroscope; picture-in-picture; web-share\" referrerpolicy=\"strict-origin-when-cross-origin\" allowfullscreen><\/iframe>\n<\/div><\/figure>\n\n\n\n<p>A jelk\u00e9pes tarisznya megt\u00f6lt\u00e9s\u00e9n m\u00e1sok is f\u00e1radoztak: <\/p>\n\n\n\n<ul class=\"wp-block-list\"><li>a ballagtat\u00f3 11. \u00e9vfolyamosok b\u00e1tor\u00edt\u00f3 \u00fczeneteket helyeztek el az iskol\u00e1ban,<\/li><li>az Ifidiak\u00f3ni\u00e1ban szolg\u00e1l\u00f3 di\u00e1kok \u00fcvegbe z\u00e1rt ig\u00e9s \u00fczenettel v\u00e1rt\u00e1k az \u00e9retts\u00e9giz\u0151ket,<\/li><li>az orosh\u00e1zi kreat\u00edvok k\u00f6z\u00fcl pedig Brachna Judit \u00e9s Kriczki Zita asztald\u00edszekkel tette szebb\u00e9 a vizsgatermeket.<\/li><\/ul>\n","protected":false},"excerpt":{"rendered":"<p>A tavalyi \u00e9vhez hasonl\u00f3an 2021-ben sem a hagyom\u00e1nyos m\u00f3don z\u00e1rul a 12.-esek utols\u00f3 \u00e9ve. Az \u00e9retts\u00e9git megel\u0151z\u0151 ballag\u00e1st most sem&#8230;<\/p>\n","protected":false},"author":1,"featured_media":23492,"comment_status":"closed","ping_status":"closed","sticky":false,"template":"","format":"standard","meta":{"footnotes":""},"categories":[42,43],"tags":[],"class_list":["post-23489","post","type-post","status-publish","format-standard","has-post-thumbnail","hentry","category-aktualis","category-iskolai-elet"],"yoast_head":"<!-- This site is optimized with the Yoast SEO plugin v26.2 - https:\/\/yoast.com\/wordpress\/plugins\/seo\/ -->\n<title>Elkezd\u0151d\u00f6tt az \u00e9retts\u00e9gi vizsga - Sz\u00e9k\u00e1cs J\u00f3zsef Evang\u00e9likus \u00d3voda, \u00c1ltal\u00e1nos Iskola \u00e9s Gimn\u00e1zium<\/title>\n<meta name=\"robots\" content=\"index, follow, max-snippet:-1, max-image-preview:large, max-video-preview:-1\" \/>\n<link rel=\"canonical\" href=\"https:\/\/szekacs.lutheran.hu\/iskola\/elkezdodott-az-erettsegi-vizsga\/\" \/>\n<meta property=\"og:locale\" content=\"hu_HU\" \/>\n<meta property=\"og:type\" content=\"article\" \/>\n<meta property=\"og:title\" content=\"Elkezd\u0151d\u00f6tt az \u00e9retts\u00e9gi vizsga - Sz\u00e9k\u00e1cs J\u00f3zsef Evang\u00e9likus \u00d3voda, \u00c1ltal\u00e1nos Iskola \u00e9s Gimn\u00e1zium\" \/>\n<meta property=\"og:description\" content=\"A tavalyi \u00e9vhez hasonl\u00f3an 2021-ben sem a hagyom\u00e1nyos m\u00f3don z\u00e1rul a 12.-esek utols\u00f3 \u00e9ve. Az \u00e9retts\u00e9git megel\u0151z\u0151 ballag\u00e1st most sem...\" \/>\n<meta property=\"og:url\" content=\"https:\/\/szekacs.lutheran.hu\/iskola\/elkezdodott-az-erettsegi-vizsga\/\" \/>\n<meta property=\"og:site_name\" content=\"Sz\u00e9k\u00e1cs J\u00f3zsef Evang\u00e9likus \u00d3voda, \u00c1ltal\u00e1nos Iskola \u00e9s Gimn\u00e1zium\" \/>\n<meta property=\"article:published_time\" content=\"2021-05-03T09:45:51+00:00\" \/>\n<meta property=\"article:modified_time\" content=\"2021-05-03T09:45:54+00:00\" \/>\n<meta property=\"og:image\" content=\"https:\/\/szekacs.lutheran.hu\/iskola\/wp-content\/uploads\/2021\/05\/IMG_9611-1024x683.jpg\" \/>\n\t<meta property=\"og:image:width\" content=\"1024\" \/>\n\t<meta property=\"og:image:height\" content=\"683\" \/>\n\t<meta property=\"og:image:type\" content=\"image\/jpeg\" \/>\n<meta name=\"author\" content=\"admin\" \/>\n<meta name=\"twitter:card\" content=\"summary_large_image\" \/>\n<meta name=\"twitter:label1\" content=\"Szerz\u0151:\" \/>\n\t<meta name=\"twitter:data1\" content=\"admin\" \/>\n\t<meta name=\"twitter:label2\" content=\"Becs\u00fclt olvas\u00e1si id\u0151\" \/>\n\t<meta name=\"twitter:data2\" content=\"1 perc\" \/>\n<script type=\"application\/ld+json\" class=\"yoast-schema-graph\">{\"@context\":\"https:\/\/schema.org\",\"@graph\":[{\"@type\":\"WebPage\",\"@id\":\"https:\/\/szekacs.lutheran.hu\/iskola\/elkezdodott-az-erettsegi-vizsga\/\",\"url\":\"https:\/\/szekacs.lutheran.hu\/iskola\/elkezdodott-az-erettsegi-vizsga\/\",\"name\":\"Elkezd\u0151d\u00f6tt az \u00e9retts\u00e9gi vizsga - Sz\u00e9k\u00e1cs J\u00f3zsef Evang\u00e9likus \u00d3voda, \u00c1ltal\u00e1nos Iskola \u00e9s Gimn\u00e1zium\",\"isPartOf\":{\"@id\":\"https:\/\/szekacs.lutheran.hu\/iskola\/#website\"},\"primaryImageOfPage\":{\"@id\":\"https:\/\/szekacs.lutheran.hu\/iskola\/elkezdodott-az-erettsegi-vizsga\/#primaryimage\"},\"image\":{\"@id\":\"https:\/\/szekacs.lutheran.hu\/iskola\/elkezdodott-az-erettsegi-vizsga\/#primaryimage\"},\"thumbnailUrl\":\"https:\/\/szekacs.lutheran.hu\/iskola\/wp-content\/uploads\/2021\/05\/IMG_9611.jpg\",\"datePublished\":\"2021-05-03T09:45:51+00:00\",\"dateModified\":\"2021-05-03T09:45:54+00:00\",\"author\":{\"@id\":\"https:\/\/szekacs.lutheran.hu\/iskola\/#\/schema\/person\/c2ed2e14631babb098c586494bc7d5df\"},\"breadcrumb\":{\"@id\":\"https:\/\/szekacs.lutheran.hu\/iskola\/elkezdodott-az-erettsegi-vizsga\/#breadcrumb\"},\"inLanguage\":\"hu\",\"potentialAction\":[{\"@type\":\"ReadAction\",\"target\":[\"https:\/\/szekacs.lutheran.hu\/iskola\/elkezdodott-az-erettsegi-vizsga\/\"]}]},{\"@type\":\"ImageObject\",\"inLanguage\":\"hu\",\"@id\":\"https:\/\/szekacs.lutheran.hu\/iskola\/elkezdodott-az-erettsegi-vizsga\/#primaryimage\",\"url\":\"https:\/\/szekacs.lutheran.hu\/iskola\/wp-content\/uploads\/2021\/05\/IMG_9611.jpg\",\"contentUrl\":\"https:\/\/szekacs.lutheran.hu\/iskola\/wp-content\/uploads\/2021\/05\/IMG_9611.jpg\",\"width\":5184,\"height\":3456},{\"@type\":\"BreadcrumbList\",\"@id\":\"https:\/\/szekacs.lutheran.hu\/iskola\/elkezdodott-az-erettsegi-vizsga\/#breadcrumb\",\"itemListElement\":[{\"@type\":\"ListItem\",\"position\":1,\"name\":\"Home\",\"item\":\"https:\/\/szekacs.lutheran.hu\/iskola\/\"},{\"@type\":\"ListItem\",\"position\":2,\"name\":\"Elkezd\u0151d\u00f6tt az \u00e9retts\u00e9gi vizsga\"}]},{\"@type\":\"WebSite\",\"@id\":\"https:\/\/szekacs.lutheran.hu\/iskola\/#website\",\"url\":\"https:\/\/szekacs.lutheran.hu\/iskola\/\",\"name\":\"Sz\u00e9k\u00e1cs J\u00f3zsef Evang\u00e9likus \u00d3voda, \u00c1ltal\u00e1nos Iskola \u00e9s Gimn\u00e1zium\",\"description\":\"\",\"potentialAction\":[{\"@type\":\"SearchAction\",\"target\":{\"@type\":\"EntryPoint\",\"urlTemplate\":\"https:\/\/szekacs.lutheran.hu\/iskola\/?s={search_term_string}\"},\"query-input\":{\"@type\":\"PropertyValueSpecification\",\"valueRequired\":true,\"valueName\":\"search_term_string\"}}],\"inLanguage\":\"hu\"},{\"@type\":\"Person\",\"@id\":\"https:\/\/szekacs.lutheran.hu\/iskola\/#\/schema\/person\/c2ed2e14631babb098c586494bc7d5df\",\"name\":\"admin\",\"image\":{\"@type\":\"ImageObject\",\"inLanguage\":\"hu\",\"@id\":\"https:\/\/szekacs.lutheran.hu\/iskola\/#\/schema\/person\/image\/\",\"url\":\"https:\/\/secure.gravatar.com\/avatar\/2d9a947cd9a162ca4e5eb73e817e43edd8dcbc6e501b39fb999fb53d65e181f4?s=96&d=mm&r=g\",\"contentUrl\":\"https:\/\/secure.gravatar.com\/avatar\/2d9a947cd9a162ca4e5eb73e817e43edd8dcbc6e501b39fb999fb53d65e181f4?s=96&d=mm&r=g\",\"caption\":\"admin\"},\"url\":\"https:\/\/szekacs.lutheran.hu\/iskola\/author\/admin\/\"}]}<\/script>\n<!-- \/ Yoast SEO plugin. -->","yoast_head_json":{"title":"Elkezd\u0151d\u00f6tt az \u00e9retts\u00e9gi vizsga - Sz\u00e9k\u00e1cs J\u00f3zsef Evang\u00e9likus \u00d3voda, \u00c1ltal\u00e1nos Iskola \u00e9s Gimn\u00e1zium","robots":{"index":"index","follow":"follow","max-snippet":"max-snippet:-1","max-image-preview":"max-image-preview:large","max-video-preview":"max-video-preview:-1"},"canonical":"https:\/\/szekacs.lutheran.hu\/iskola\/elkezdodott-az-erettsegi-vizsga\/","og_locale":"hu_HU","og_type":"article","og_title":"Elkezd\u0151d\u00f6tt az \u00e9retts\u00e9gi vizsga - Sz\u00e9k\u00e1cs J\u00f3zsef Evang\u00e9likus \u00d3voda, \u00c1ltal\u00e1nos Iskola \u00e9s Gimn\u00e1zium","og_description":"A tavalyi \u00e9vhez hasonl\u00f3an 2021-ben sem a hagyom\u00e1nyos m\u00f3don z\u00e1rul a 12.-esek utols\u00f3 \u00e9ve. Az \u00e9retts\u00e9git megel\u0151z\u0151 ballag\u00e1st most sem...","og_url":"https:\/\/szekacs.lutheran.hu\/iskola\/elkezdodott-az-erettsegi-vizsga\/","og_site_name":"Sz\u00e9k\u00e1cs J\u00f3zsef Evang\u00e9likus \u00d3voda, \u00c1ltal\u00e1nos Iskola \u00e9s Gimn\u00e1zium","article_published_time":"2021-05-03T09:45:51+00:00","article_modified_time":"2021-05-03T09:45:54+00:00","og_image":[{"width":1024,"height":683,"url":"https:\/\/szekacs.lutheran.hu\/iskola\/wp-content\/uploads\/2021\/05\/IMG_9611-1024x683.jpg","type":"image\/jpeg"}],"author":"admin","twitter_card":"summary_large_image","twitter_misc":{"Szerz\u0151:":"admin","Becs\u00fclt olvas\u00e1si id\u0151":"1 perc"},"schema":{"@context":"https:\/\/schema.org","@graph":[{"@type":"WebPage","@id":"https:\/\/szekacs.lutheran.hu\/iskola\/elkezdodott-az-erettsegi-vizsga\/","url":"https:\/\/szekacs.lutheran.hu\/iskola\/elkezdodott-az-erettsegi-vizsga\/","name":"Elkezd\u0151d\u00f6tt az \u00e9retts\u00e9gi vizsga - Sz\u00e9k\u00e1cs J\u00f3zsef Evang\u00e9likus \u00d3voda, \u00c1ltal\u00e1nos Iskola \u00e9s Gimn\u00e1zium","isPartOf":{"@id":"https:\/\/szekacs.lutheran.hu\/iskola\/#website"},"primaryImageOfPage":{"@id":"https:\/\/szekacs.lutheran.hu\/iskola\/elkezdodott-az-erettsegi-vizsga\/#primaryimage"},"image":{"@id":"https:\/\/szekacs.lutheran.hu\/iskola\/elkezdodott-az-erettsegi-vizsga\/#primaryimage"},"thumbnailUrl":"https:\/\/szekacs.lutheran.hu\/iskola\/wp-content\/uploads\/2021\/05\/IMG_9611.jpg","datePublished":"2021-05-03T09:45:51+00:00","dateModified":"2021-05-03T09:45:54+00:00","author":{"@id":"https:\/\/szekacs.lutheran.hu\/iskola\/#\/schema\/person\/c2ed2e14631babb098c586494bc7d5df"},"breadcrumb":{"@id":"https:\/\/szekacs.lutheran.hu\/iskola\/elkezdodott-az-erettsegi-vizsga\/#breadcrumb"},"inLanguage":"hu","potentialAction":[{"@type":"ReadAction","target":["https:\/\/szekacs.lutheran.hu\/iskola\/elkezdodott-az-erettsegi-vizsga\/"]}]},{"@type":"ImageObject","inLanguage":"hu","@id":"https:\/\/szekacs.lutheran.hu\/iskola\/elkezdodott-az-erettsegi-vizsga\/#primaryimage","url":"https:\/\/szekacs.lutheran.hu\/iskola\/wp-content\/uploads\/2021\/05\/IMG_9611.jpg","contentUrl":"https:\/\/szekacs.lutheran.hu\/iskola\/wp-content\/uploads\/2021\/05\/IMG_9611.jpg","width":5184,"height":3456},{"@type":"BreadcrumbList","@id":"https:\/\/szekacs.lutheran.hu\/iskola\/elkezdodott-az-erettsegi-vizsga\/#breadcrumb","itemListElement":[{"@type":"ListItem","position":1,"name":"Home","item":"https:\/\/szekacs.lutheran.hu\/iskola\/"},{"@type":"ListItem","position":2,"name":"Elkezd\u0151d\u00f6tt az \u00e9retts\u00e9gi vizsga"}]},{"@type":"WebSite","@id":"https:\/\/szekacs.lutheran.hu\/iskola\/#website","url":"https:\/\/szekacs.lutheran.hu\/iskola\/","name":"Sz\u00e9k\u00e1cs J\u00f3zsef Evang\u00e9likus \u00d3voda, \u00c1ltal\u00e1nos Iskola \u00e9s Gimn\u00e1zium","description":"","potentialAction":[{"@type":"SearchAction","target":{"@type":"EntryPoint","urlTemplate":"https:\/\/szekacs.lutheran.hu\/iskola\/?s={search_term_string}"},"query-input":{"@type":"PropertyValueSpecification","valueRequired":true,"valueName":"search_term_string"}}],"inLanguage":"hu"},{"@type":"Person","@id":"https:\/\/szekacs.lutheran.hu\/iskola\/#\/schema\/person\/c2ed2e14631babb098c586494bc7d5df","name":"admin","image":{"@type":"ImageObject","inLanguage":"hu","@id":"https:\/\/szekacs.lutheran.hu\/iskola\/#\/schema\/person\/image\/","url":"https:\/\/secure.gravatar.com\/avatar\/2d9a947cd9a162ca4e5eb73e817e43edd8dcbc6e501b39fb999fb53d65e181f4?s=96&d=mm&r=g","contentUrl":"https:\/\/secure.gravatar.com\/avatar\/2d9a947cd9a162ca4e5eb73e817e43edd8dcbc6e501b39fb999fb53d65e181f4?s=96&d=mm&r=g","caption":"admin"},"url":"https:\/\/szekacs.lutheran.hu\/iskola\/author\/admin\/"}]}},"_links":{"self":[{"href":"https:\/\/szekacs.lutheran.hu\/iskola\/wp-json\/wp\/v2\/posts\/23489","targetHints":{"allow":["GET"]}}],"collection":[{"href":"https:\/\/szekacs.lutheran.hu\/iskola\/wp-json\/wp\/v2\/posts"}],"about":[{"href":"https:\/\/szekacs.lutheran.hu\/iskola\/wp-json\/wp\/v2\/types\/post"}],"author":[{"embeddable":true,"href":"https:\/\/szekacs.lutheran.hu\/iskola\/wp-json\/wp\/v2\/users\/1"}],"replies":[{"embeddable":true,"href":"https:\/\/szekacs.lutheran.hu\/iskola\/wp-json\/wp\/v2\/comments?post=23489"}],"version-history":[{"count":1,"href":"https:\/\/szekacs.lutheran.hu\/iskola\/wp-json\/wp\/v2\/posts\/23489\/revisions"}],"predecessor-version":[{"id":23493,"href":"https:\/\/szekacs.lutheran.hu\/iskola\/wp-json\/wp\/v2\/posts\/23489\/revisions\/23493"}],"wp:featuredmedia":[{"embeddable":true,"href":"https:\/\/szekacs.lutheran.hu\/iskola\/wp-json\/wp\/v2\/media\/23492"}],"wp:attachment":[{"href":"https:\/\/szekacs.lutheran.hu\/iskola\/wp-json\/wp\/v2\/media?parent=23489"}],"wp:term":[{"taxonomy":"category","embeddable":true,"href":"https:\/\/szekacs.lutheran.hu\/iskola\/wp-json\/wp\/v2\/categories?post=23489"},{"taxonomy":"post_tag","embeddable":true,"href":"https:\/\/szekacs.lutheran.hu\/iskola\/wp-json\/wp\/v2\/tags?post=23489"}],"curies":[{"name":"wp","href":"https:\/\/api.w.org\/{rel}","templated":true}]}}