{"id":23440,"date":"2021-04-22T11:52:21","date_gmt":"2021-04-22T11:52:21","guid":{"rendered":"https:\/\/szekacs.lutheran.hu\/iskola\/?p=23440"},"modified":"2021-04-22T13:17:52","modified_gmt":"2021-04-22T13:17:52","slug":"a-fold-napja-2021-ben","status":"publish","type":"post","link":"https:\/\/szekacs.lutheran.hu\/iskola\/a-fold-napja-2021-ben\/","title":{"rendered":"A F\u00f6ld napja 2021-ben"},"content":{"rendered":"\n<p><strong>\u00c1prilis 22.  a F\u00f6ld napja<\/strong>.<strong> <\/strong> A m\u00e9lt\u00f3 megeml\u00e9kez\u00e9s az iskol\u00e1sok k\u00f6r\u00e9ben csak szem\u00e9lyes jelenl\u00e9ttel, cselekedetekkel, \u00e9rzelmileg r\u00e1hangol\u00f3dva val\u00f3sulhat meg. Most erre csak korl\u00e1tozottan van lehet\u0151s\u00e9g\u00fcnk, de a pedag\u00f3gusok odaad\u00e1s\u00e1nak k\u00f6sz\u00f6nhet\u0151en ebben az esztend\u0151ben sem marad el ez az \u00fcnnep. <\/p>\n\n\n\n<p>A fenti plak\u00e1tot az 5.a k\u00e9sz\u00edtette, de a kisebbek k\u00f6z\u00fcl is sokan megeml\u00e9keztek err\u0151l a jeles napr\u00f3l.<\/p>\n\n\n\n<p>Minden als\u00f3s oszt\u00e1ly k\u00e9sz\u00edtett rajzot vagy valamilyen technikai munk\u00e1t, a 2.b-sek vir\u00e1gokat \u00fcltettek az iskola udvar\u00e1ra. <a href=\"http:\/\/szekacs.lutheran.hu\/iskola\/galeriak\/21-04-22-fold-napja\/\" target=\"_blank\" rel=\"noreferrer noopener\" aria-label=\"A k\u00e9pgal\u00e9ria el\u00e9rhet\u0151 innen is (\u00faj f\u00fcl\u00f6n nyitja meg)\">A k\u00e9pgal\u00e9ria el\u00e9rhet\u0151 innen is<\/a>.<\/p>\n\n\n\n<p>Aki szeretne arr\u00f3l olvasni, mit tehet\u00fcnk a F\u00f6ld\u00e9rt kereszt\u00e9nyk\u00e9nt, aj\u00e1nljuk a <a href=\"http:\/\/kotoszo.blog.hu\/2021\/04\/22\/igy_mentsd_meg_a_foldet_keresztenykent_keresztenykent_mit_teszel_mit_tehetsz_a_fold_megmenteseert\" target=\"_blank\" rel=\"noreferrer noopener\" aria-label=\"K\u00f6t\u0151sz\u00f3 cikk\u00e9t. (\u00faj f\u00fcl\u00f6n nyitja meg)\">K\u00f6t\u0151sz\u00f3 cikk\u00e9t.<\/a><\/p>\n","protected":false},"excerpt":{"rendered":"<p>\u00c1prilis 22. a F\u00f6ld napja. A m\u00e9lt\u00f3 megeml\u00e9kez\u00e9s az iskol\u00e1sok k\u00f6r\u00e9ben csak szem\u00e9lyes jelenl\u00e9ttel, cselekedetekkel, \u00e9rzelmileg r\u00e1hangol\u00f3dva val\u00f3sulhat meg. Most&#8230;<\/p>\n","protected":false},"author":1,"featured_media":23442,"comment_status":"closed","ping_status":"closed","sticky":false,"template":"","format":"standard","meta":{"footnotes":""},"categories":[42,43,47],"tags":[],"class_list":["post-23440","post","type-post","status-publish","format-standard","has-post-thumbnail","hentry","category-aktualis","category-iskolai-elet","category-orokos-okoiskola"],"yoast_head":"<!-- This site is optimized with the Yoast SEO plugin v26.2 - https:\/\/yoast.com\/wordpress\/plugins\/seo\/ -->\n<title>A F\u00f6ld napja 2021-ben - Sz\u00e9k\u00e1cs J\u00f3zsef Evang\u00e9likus \u00d3voda, \u00c1ltal\u00e1nos Iskola \u00e9s Gimn\u00e1zium<\/title>\n<meta name=\"robots\" content=\"index, follow, max-snippet:-1, max-image-preview:large, max-video-preview:-1\" \/>\n<link rel=\"canonical\" href=\"https:\/\/szekacs.lutheran.hu\/iskola\/a-fold-napja-2021-ben\/\" \/>\n<meta property=\"og:locale\" content=\"hu_HU\" \/>\n<meta property=\"og:type\" content=\"article\" \/>\n<meta property=\"og:title\" content=\"A F\u00f6ld napja 2021-ben - Sz\u00e9k\u00e1cs J\u00f3zsef Evang\u00e9likus \u00d3voda, \u00c1ltal\u00e1nos Iskola \u00e9s Gimn\u00e1zium\" \/>\n<meta property=\"og:description\" content=\"\u00c1prilis 22. a F\u00f6ld napja. A m\u00e9lt\u00f3 megeml\u00e9kez\u00e9s az iskol\u00e1sok k\u00f6r\u00e9ben csak szem\u00e9lyes jelenl\u00e9ttel, cselekedetekkel, \u00e9rzelmileg r\u00e1hangol\u00f3dva val\u00f3sulhat meg. Most...\" \/>\n<meta property=\"og:url\" content=\"https:\/\/szekacs.lutheran.hu\/iskola\/a-fold-napja-2021-ben\/\" \/>\n<meta property=\"og:site_name\" content=\"Sz\u00e9k\u00e1cs J\u00f3zsef Evang\u00e9likus \u00d3voda, \u00c1ltal\u00e1nos Iskola \u00e9s Gimn\u00e1zium\" \/>\n<meta property=\"article:published_time\" content=\"2021-04-22T11:52:21+00:00\" \/>\n<meta property=\"article:modified_time\" content=\"2021-04-22T13:17:52+00:00\" \/>\n<meta property=\"og:image\" content=\"https:\/\/szekacs.lutheran.hu\/iskola\/wp-content\/uploads\/2021\/04\/F\u00f6ld-napja-5a.png\" \/>\n\t<meta property=\"og:image:width\" content=\"606\" \/>\n\t<meta property=\"og:image:height\" content=\"854\" \/>\n\t<meta property=\"og:image:type\" content=\"image\/png\" \/>\n<meta name=\"author\" content=\"admin\" \/>\n<meta name=\"twitter:card\" content=\"summary_large_image\" \/>\n<meta name=\"twitter:label1\" content=\"Szerz\u0151:\" \/>\n\t<meta name=\"twitter:data1\" content=\"admin\" \/>\n\t<meta name=\"twitter:label2\" content=\"Becs\u00fclt olvas\u00e1si id\u0151\" \/>\n\t<meta name=\"twitter:data2\" content=\"1 perc\" \/>\n<script type=\"application\/ld+json\" class=\"yoast-schema-graph\">{\"@context\":\"https:\/\/schema.org\",\"@graph\":[{\"@type\":\"WebPage\",\"@id\":\"https:\/\/szekacs.lutheran.hu\/iskola\/a-fold-napja-2021-ben\/\",\"url\":\"https:\/\/szekacs.lutheran.hu\/iskola\/a-fold-napja-2021-ben\/\",\"name\":\"A F\u00f6ld napja 2021-ben - Sz\u00e9k\u00e1cs J\u00f3zsef Evang\u00e9likus \u00d3voda, \u00c1ltal\u00e1nos Iskola \u00e9s Gimn\u00e1zium\",\"isPartOf\":{\"@id\":\"https:\/\/szekacs.lutheran.hu\/iskola\/#website\"},\"primaryImageOfPage\":{\"@id\":\"https:\/\/szekacs.lutheran.hu\/iskola\/a-fold-napja-2021-ben\/#primaryimage\"},\"image\":{\"@id\":\"https:\/\/szekacs.lutheran.hu\/iskola\/a-fold-napja-2021-ben\/#primaryimage\"},\"thumbnailUrl\":\"https:\/\/szekacs.lutheran.hu\/iskola\/wp-content\/uploads\/2021\/04\/F\u00f6ld-napja-5a.png\",\"datePublished\":\"2021-04-22T11:52:21+00:00\",\"dateModified\":\"2021-04-22T13:17:52+00:00\",\"author\":{\"@id\":\"https:\/\/szekacs.lutheran.hu\/iskola\/#\/schema\/person\/c2ed2e14631babb098c586494bc7d5df\"},\"breadcrumb\":{\"@id\":\"https:\/\/szekacs.lutheran.hu\/iskola\/a-fold-napja-2021-ben\/#breadcrumb\"},\"inLanguage\":\"hu\",\"potentialAction\":[{\"@type\":\"ReadAction\",\"target\":[\"https:\/\/szekacs.lutheran.hu\/iskola\/a-fold-napja-2021-ben\/\"]}]},{\"@type\":\"ImageObject\",\"inLanguage\":\"hu\",\"@id\":\"https:\/\/szekacs.lutheran.hu\/iskola\/a-fold-napja-2021-ben\/#primaryimage\",\"url\":\"https:\/\/szekacs.lutheran.hu\/iskola\/wp-content\/uploads\/2021\/04\/F\u00f6ld-napja-5a.png\",\"contentUrl\":\"https:\/\/szekacs.lutheran.hu\/iskola\/wp-content\/uploads\/2021\/04\/F\u00f6ld-napja-5a.png\",\"width\":606,\"height\":854},{\"@type\":\"BreadcrumbList\",\"@id\":\"https:\/\/szekacs.lutheran.hu\/iskola\/a-fold-napja-2021-ben\/#breadcrumb\",\"itemListElement\":[{\"@type\":\"ListItem\",\"position\":1,\"name\":\"Home\",\"item\":\"https:\/\/szekacs.lutheran.hu\/iskola\/\"},{\"@type\":\"ListItem\",\"position\":2,\"name\":\"A F\u00f6ld napja 2021-ben\"}]},{\"@type\":\"WebSite\",\"@id\":\"https:\/\/szekacs.lutheran.hu\/iskola\/#website\",\"url\":\"https:\/\/szekacs.lutheran.hu\/iskola\/\",\"name\":\"Sz\u00e9k\u00e1cs J\u00f3zsef Evang\u00e9likus \u00d3voda, \u00c1ltal\u00e1nos Iskola \u00e9s Gimn\u00e1zium\",\"description\":\"\",\"potentialAction\":[{\"@type\":\"SearchAction\",\"target\":{\"@type\":\"EntryPoint\",\"urlTemplate\":\"https:\/\/szekacs.lutheran.hu\/iskola\/?s={search_term_string}\"},\"query-input\":{\"@type\":\"PropertyValueSpecification\",\"valueRequired\":true,\"valueName\":\"search_term_string\"}}],\"inLanguage\":\"hu\"},{\"@type\":\"Person\",\"@id\":\"https:\/\/szekacs.lutheran.hu\/iskola\/#\/schema\/person\/c2ed2e14631babb098c586494bc7d5df\",\"name\":\"admin\",\"image\":{\"@type\":\"ImageObject\",\"inLanguage\":\"hu\",\"@id\":\"https:\/\/szekacs.lutheran.hu\/iskola\/#\/schema\/person\/image\/\",\"url\":\"https:\/\/secure.gravatar.com\/avatar\/2d9a947cd9a162ca4e5eb73e817e43edd8dcbc6e501b39fb999fb53d65e181f4?s=96&d=mm&r=g\",\"contentUrl\":\"https:\/\/secure.gravatar.com\/avatar\/2d9a947cd9a162ca4e5eb73e817e43edd8dcbc6e501b39fb999fb53d65e181f4?s=96&d=mm&r=g\",\"caption\":\"admin\"},\"url\":\"https:\/\/szekacs.lutheran.hu\/iskola\/author\/admin\/\"}]}<\/script>\n<!-- \/ Yoast SEO plugin. -->","yoast_head_json":{"title":"A F\u00f6ld napja 2021-ben - Sz\u00e9k\u00e1cs J\u00f3zsef Evang\u00e9likus \u00d3voda, \u00c1ltal\u00e1nos Iskola \u00e9s Gimn\u00e1zium","robots":{"index":"index","follow":"follow","max-snippet":"max-snippet:-1","max-image-preview":"max-image-preview:large","max-video-preview":"max-video-preview:-1"},"canonical":"https:\/\/szekacs.lutheran.hu\/iskola\/a-fold-napja-2021-ben\/","og_locale":"hu_HU","og_type":"article","og_title":"A F\u00f6ld napja 2021-ben - Sz\u00e9k\u00e1cs J\u00f3zsef Evang\u00e9likus \u00d3voda, \u00c1ltal\u00e1nos Iskola \u00e9s Gimn\u00e1zium","og_description":"\u00c1prilis 22. a F\u00f6ld napja. A m\u00e9lt\u00f3 megeml\u00e9kez\u00e9s az iskol\u00e1sok k\u00f6r\u00e9ben csak szem\u00e9lyes jelenl\u00e9ttel, cselekedetekkel, \u00e9rzelmileg r\u00e1hangol\u00f3dva val\u00f3sulhat meg. Most...","og_url":"https:\/\/szekacs.lutheran.hu\/iskola\/a-fold-napja-2021-ben\/","og_site_name":"Sz\u00e9k\u00e1cs J\u00f3zsef Evang\u00e9likus \u00d3voda, \u00c1ltal\u00e1nos Iskola \u00e9s Gimn\u00e1zium","article_published_time":"2021-04-22T11:52:21+00:00","article_modified_time":"2021-04-22T13:17:52+00:00","og_image":[{"width":606,"height":854,"url":"https:\/\/szekacs.lutheran.hu\/iskola\/wp-content\/uploads\/2021\/04\/F\u00f6ld-napja-5a.png","type":"image\/png"}],"author":"admin","twitter_card":"summary_large_image","twitter_misc":{"Szerz\u0151:":"admin","Becs\u00fclt olvas\u00e1si id\u0151":"1 perc"},"schema":{"@context":"https:\/\/schema.org","@graph":[{"@type":"WebPage","@id":"https:\/\/szekacs.lutheran.hu\/iskola\/a-fold-napja-2021-ben\/","url":"https:\/\/szekacs.lutheran.hu\/iskola\/a-fold-napja-2021-ben\/","name":"A F\u00f6ld napja 2021-ben - Sz\u00e9k\u00e1cs J\u00f3zsef Evang\u00e9likus \u00d3voda, \u00c1ltal\u00e1nos Iskola \u00e9s Gimn\u00e1zium","isPartOf":{"@id":"https:\/\/szekacs.lutheran.hu\/iskola\/#website"},"primaryImageOfPage":{"@id":"https:\/\/szekacs.lutheran.hu\/iskola\/a-fold-napja-2021-ben\/#primaryimage"},"image":{"@id":"https:\/\/szekacs.lutheran.hu\/iskola\/a-fold-napja-2021-ben\/#primaryimage"},"thumbnailUrl":"https:\/\/szekacs.lutheran.hu\/iskola\/wp-content\/uploads\/2021\/04\/F\u00f6ld-napja-5a.png","datePublished":"2021-04-22T11:52:21+00:00","dateModified":"2021-04-22T13:17:52+00:00","author":{"@id":"https:\/\/szekacs.lutheran.hu\/iskola\/#\/schema\/person\/c2ed2e14631babb098c586494bc7d5df"},"breadcrumb":{"@id":"https:\/\/szekacs.lutheran.hu\/iskola\/a-fold-napja-2021-ben\/#breadcrumb"},"inLanguage":"hu","potentialAction":[{"@type":"ReadAction","target":["https:\/\/szekacs.lutheran.hu\/iskola\/a-fold-napja-2021-ben\/"]}]},{"@type":"ImageObject","inLanguage":"hu","@id":"https:\/\/szekacs.lutheran.hu\/iskola\/a-fold-napja-2021-ben\/#primaryimage","url":"https:\/\/szekacs.lutheran.hu\/iskola\/wp-content\/uploads\/2021\/04\/F\u00f6ld-napja-5a.png","contentUrl":"https:\/\/szekacs.lutheran.hu\/iskola\/wp-content\/uploads\/2021\/04\/F\u00f6ld-napja-5a.png","width":606,"height":854},{"@type":"BreadcrumbList","@id":"https:\/\/szekacs.lutheran.hu\/iskola\/a-fold-napja-2021-ben\/#breadcrumb","itemListElement":[{"@type":"ListItem","position":1,"name":"Home","item":"https:\/\/szekacs.lutheran.hu\/iskola\/"},{"@type":"ListItem","position":2,"name":"A F\u00f6ld napja 2021-ben"}]},{"@type":"WebSite","@id":"https:\/\/szekacs.lutheran.hu\/iskola\/#website","url":"https:\/\/szekacs.lutheran.hu\/iskola\/","name":"Sz\u00e9k\u00e1cs J\u00f3zsef Evang\u00e9likus \u00d3voda, \u00c1ltal\u00e1nos Iskola \u00e9s Gimn\u00e1zium","description":"","potentialAction":[{"@type":"SearchAction","target":{"@type":"EntryPoint","urlTemplate":"https:\/\/szekacs.lutheran.hu\/iskola\/?s={search_term_string}"},"query-input":{"@type":"PropertyValueSpecification","valueRequired":true,"valueName":"search_term_string"}}],"inLanguage":"hu"},{"@type":"Person","@id":"https:\/\/szekacs.lutheran.hu\/iskola\/#\/schema\/person\/c2ed2e14631babb098c586494bc7d5df","name":"admin","image":{"@type":"ImageObject","inLanguage":"hu","@id":"https:\/\/szekacs.lutheran.hu\/iskola\/#\/schema\/person\/image\/","url":"https:\/\/secure.gravatar.com\/avatar\/2d9a947cd9a162ca4e5eb73e817e43edd8dcbc6e501b39fb999fb53d65e181f4?s=96&d=mm&r=g","contentUrl":"https:\/\/secure.gravatar.com\/avatar\/2d9a947cd9a162ca4e5eb73e817e43edd8dcbc6e501b39fb999fb53d65e181f4?s=96&d=mm&r=g","caption":"admin"},"url":"https:\/\/szekacs.lutheran.hu\/iskola\/author\/admin\/"}]}},"_links":{"self":[{"href":"https:\/\/szekacs.lutheran.hu\/iskola\/wp-json\/wp\/v2\/posts\/23440","targetHints":{"allow":["GET"]}}],"collection":[{"href":"https:\/\/szekacs.lutheran.hu\/iskola\/wp-json\/wp\/v2\/posts"}],"about":[{"href":"https:\/\/szekacs.lutheran.hu\/iskola\/wp-json\/wp\/v2\/types\/post"}],"author":[{"embeddable":true,"href":"https:\/\/szekacs.lutheran.hu\/iskola\/wp-json\/wp\/v2\/users\/1"}],"replies":[{"embeddable":true,"href":"https:\/\/szekacs.lutheran.hu\/iskola\/wp-json\/wp\/v2\/comments?post=23440"}],"version-history":[{"count":2,"href":"https:\/\/szekacs.lutheran.hu\/iskola\/wp-json\/wp\/v2\/posts\/23440\/revisions"}],"predecessor-version":[{"id":23476,"href":"https:\/\/szekacs.lutheran.hu\/iskola\/wp-json\/wp\/v2\/posts\/23440\/revisions\/23476"}],"wp:featuredmedia":[{"embeddable":true,"href":"https:\/\/szekacs.lutheran.hu\/iskola\/wp-json\/wp\/v2\/media\/23442"}],"wp:attachment":[{"href":"https:\/\/szekacs.lutheran.hu\/iskola\/wp-json\/wp\/v2\/media?parent=23440"}],"wp:term":[{"taxonomy":"category","embeddable":true,"href":"https:\/\/szekacs.lutheran.hu\/iskola\/wp-json\/wp\/v2\/categories?post=23440"},{"taxonomy":"post_tag","embeddable":true,"href":"https:\/\/szekacs.lutheran.hu\/iskola\/wp-json\/wp\/v2\/tags?post=23440"}],"curies":[{"name":"wp","href":"https:\/\/api.w.org\/{rel}","templated":true}]}}