{"id":23408,"date":"2021-04-16T05:45:50","date_gmt":"2021-04-16T05:45:50","guid":{"rendered":"https:\/\/szekacs.lutheran.hu\/iskola\/?p=23408"},"modified":"2021-04-16T07:49:34","modified_gmt":"2021-04-16T07:49:34","slug":"ujra-iskolaban-az-also-tagozat","status":"publish","type":"post","link":"https:\/\/szekacs.lutheran.hu\/iskola\/ujra-iskolaban-az-also-tagozat\/","title":{"rendered":"\u00dajra iskol\u00e1ban az als\u00f3 tagozat"},"content":{"rendered":"\n<p>Kedves Als\u00f3sok!<\/p>\n\n\n\n<p>Nagy \u00f6r\u00f6mmel v\u00e1runk vissza benneteket, hogy az iskola falai k\u00f6z\u00f6tt folytassuk a tanul\u00e1st, \u00fajra a t\u00e1rsak k\u00f6r\u00e9ben telhessenek a h\u00e9tk\u00f6znapok. Az\u00e9rt, hogy ez ne vesz\u00e9lyeztesse az eg\u00e9szs\u00e9g\u00fcnket, kieg\u00e9sz\u00edtett\u00fck a j\u00e1rv\u00e1ny\u00fcgyi protokollt. A legfontosabb v\u00e1ltoz\u00e1s az, hogy \u00e1prilis 19-t\u0151l az iskola k\u00f6z\u00f6ss\u00e9gi tereiben az als\u00f3 tagozatosoknak is k\u00f6telez\u0151 a maszk visel\u00e9se. <a href=\"https:\/\/szekacs.lutheran.hu\/iskola\/aprilis19\/\" target=\"_blank\" rel=\"noreferrer noopener\" aria-label=\"A teljes szab\u00e1lyoz\u00e1s itt olvashat\u00f3. (\u00faj f\u00fcl\u00f6n nyitja meg)\">A teljes szab\u00e1lyoz\u00e1s itt olvashat\u00f3.<\/a><\/p>\n\n\n\n<p>A fels\u0151 tagozaton \u00e9s a gimiben a digit\u00e1lis oktat\u00e1s tov\u00e1bb folyik. De mindent megtesz\u00fcnk annak \u00e9rdek\u00e9ben, hogy a  lehet\u0151 legkisebb lemarad\u00e1ssal \u00e9s lehet\u0151 legjobb ked\u00e9ly\u00e1llapottal t\u00e9rjetek majd vissza a h\u00e9tk\u00f6znapi oktat\u00e1sba. <\/p>\n\n\n\n<p>A tal\u00e1lkoz\u00e1sig minden j\u00f3t, j\u00f3 eg\u00e9szs\u00e9get k\u00edv\u00e1nunk! Er\u0151s v\u00e1r a mi Isten\u00fcnk!<\/p>\n","protected":false},"excerpt":{"rendered":"<p>Kedves Als\u00f3sok! Nagy \u00f6r\u00f6mmel v\u00e1runk vissza benneteket, hogy az iskola falai k\u00f6z\u00f6tt folytassuk a tanul\u00e1st, \u00fajra a t\u00e1rsak k\u00f6r\u00e9ben telhessenek&#8230;<\/p>\n","protected":false},"author":1,"featured_media":23410,"comment_status":"closed","ping_status":"closed","sticky":false,"template":"","format":"standard","meta":{"footnotes":""},"categories":[42,43,46],"tags":[],"class_list":["post-23408","post","type-post","status-publish","format-standard","has-post-thumbnail","hentry","category-aktualis","category-iskolai-elet","category-jarvany"],"yoast_head":"<!-- This site is optimized with the Yoast SEO plugin v26.2 - https:\/\/yoast.com\/wordpress\/plugins\/seo\/ -->\n<title>\u00dajra iskol\u00e1ban az als\u00f3 tagozat - Sz\u00e9k\u00e1cs J\u00f3zsef Evang\u00e9likus \u00d3voda, \u00c1ltal\u00e1nos Iskola \u00e9s Gimn\u00e1zium<\/title>\n<meta name=\"robots\" content=\"index, follow, max-snippet:-1, max-image-preview:large, max-video-preview:-1\" \/>\n<link rel=\"canonical\" href=\"https:\/\/szekacs.lutheran.hu\/iskola\/ujra-iskolaban-az-also-tagozat\/\" \/>\n<meta property=\"og:locale\" content=\"hu_HU\" \/>\n<meta property=\"og:type\" content=\"article\" \/>\n<meta property=\"og:title\" content=\"\u00dajra iskol\u00e1ban az als\u00f3 tagozat - Sz\u00e9k\u00e1cs J\u00f3zsef Evang\u00e9likus \u00d3voda, \u00c1ltal\u00e1nos Iskola \u00e9s Gimn\u00e1zium\" \/>\n<meta property=\"og:description\" content=\"Kedves Als\u00f3sok! Nagy \u00f6r\u00f6mmel v\u00e1runk vissza benneteket, hogy az iskola falai k\u00f6z\u00f6tt folytassuk a tanul\u00e1st, \u00fajra a t\u00e1rsak k\u00f6r\u00e9ben telhessenek...\" \/>\n<meta property=\"og:url\" content=\"https:\/\/szekacs.lutheran.hu\/iskola\/ujra-iskolaban-az-also-tagozat\/\" \/>\n<meta property=\"og:site_name\" content=\"Sz\u00e9k\u00e1cs J\u00f3zsef Evang\u00e9likus \u00d3voda, \u00c1ltal\u00e1nos Iskola \u00e9s Gimn\u00e1zium\" \/>\n<meta property=\"article:published_time\" content=\"2021-04-16T05:45:50+00:00\" \/>\n<meta property=\"article:modified_time\" content=\"2021-04-16T07:49:34+00:00\" \/>\n<meta property=\"og:image\" content=\"https:\/\/szekacs.lutheran.hu\/iskola\/wp-content\/uploads\/2021\/04\/aprilis-19.jpg\" \/>\n\t<meta property=\"og:image:width\" content=\"885\" \/>\n\t<meta property=\"og:image:height\" content=\"1121\" \/>\n\t<meta property=\"og:image:type\" content=\"image\/jpeg\" \/>\n<meta name=\"author\" content=\"admin\" \/>\n<meta name=\"twitter:card\" content=\"summary_large_image\" \/>\n<meta name=\"twitter:label1\" content=\"Szerz\u0151:\" \/>\n\t<meta name=\"twitter:data1\" content=\"admin\" \/>\n\t<meta name=\"twitter:label2\" content=\"Becs\u00fclt olvas\u00e1si id\u0151\" \/>\n\t<meta name=\"twitter:data2\" content=\"1 perc\" \/>\n<script type=\"application\/ld+json\" class=\"yoast-schema-graph\">{\"@context\":\"https:\/\/schema.org\",\"@graph\":[{\"@type\":\"WebPage\",\"@id\":\"https:\/\/szekacs.lutheran.hu\/iskola\/ujra-iskolaban-az-also-tagozat\/\",\"url\":\"https:\/\/szekacs.lutheran.hu\/iskola\/ujra-iskolaban-az-also-tagozat\/\",\"name\":\"\u00dajra iskol\u00e1ban az als\u00f3 tagozat - Sz\u00e9k\u00e1cs J\u00f3zsef Evang\u00e9likus \u00d3voda, \u00c1ltal\u00e1nos Iskola \u00e9s Gimn\u00e1zium\",\"isPartOf\":{\"@id\":\"https:\/\/szekacs.lutheran.hu\/iskola\/#website\"},\"primaryImageOfPage\":{\"@id\":\"https:\/\/szekacs.lutheran.hu\/iskola\/ujra-iskolaban-az-also-tagozat\/#primaryimage\"},\"image\":{\"@id\":\"https:\/\/szekacs.lutheran.hu\/iskola\/ujra-iskolaban-az-also-tagozat\/#primaryimage\"},\"thumbnailUrl\":\"https:\/\/szekacs.lutheran.hu\/iskola\/wp-content\/uploads\/2021\/04\/aprilis-19.jpg\",\"datePublished\":\"2021-04-16T05:45:50+00:00\",\"dateModified\":\"2021-04-16T07:49:34+00:00\",\"author\":{\"@id\":\"https:\/\/szekacs.lutheran.hu\/iskola\/#\/schema\/person\/c2ed2e14631babb098c586494bc7d5df\"},\"breadcrumb\":{\"@id\":\"https:\/\/szekacs.lutheran.hu\/iskola\/ujra-iskolaban-az-also-tagozat\/#breadcrumb\"},\"inLanguage\":\"hu\",\"potentialAction\":[{\"@type\":\"ReadAction\",\"target\":[\"https:\/\/szekacs.lutheran.hu\/iskola\/ujra-iskolaban-az-also-tagozat\/\"]}]},{\"@type\":\"ImageObject\",\"inLanguage\":\"hu\",\"@id\":\"https:\/\/szekacs.lutheran.hu\/iskola\/ujra-iskolaban-az-also-tagozat\/#primaryimage\",\"url\":\"https:\/\/szekacs.lutheran.hu\/iskola\/wp-content\/uploads\/2021\/04\/aprilis-19.jpg\",\"contentUrl\":\"https:\/\/szekacs.lutheran.hu\/iskola\/wp-content\/uploads\/2021\/04\/aprilis-19.jpg\",\"width\":885,\"height\":1121},{\"@type\":\"BreadcrumbList\",\"@id\":\"https:\/\/szekacs.lutheran.hu\/iskola\/ujra-iskolaban-az-also-tagozat\/#breadcrumb\",\"itemListElement\":[{\"@type\":\"ListItem\",\"position\":1,\"name\":\"Home\",\"item\":\"https:\/\/szekacs.lutheran.hu\/iskola\/\"},{\"@type\":\"ListItem\",\"position\":2,\"name\":\"\u00dajra iskol\u00e1ban az als\u00f3 tagozat\"}]},{\"@type\":\"WebSite\",\"@id\":\"https:\/\/szekacs.lutheran.hu\/iskola\/#website\",\"url\":\"https:\/\/szekacs.lutheran.hu\/iskola\/\",\"name\":\"Sz\u00e9k\u00e1cs J\u00f3zsef Evang\u00e9likus \u00d3voda, \u00c1ltal\u00e1nos Iskola \u00e9s Gimn\u00e1zium\",\"description\":\"\",\"potentialAction\":[{\"@type\":\"SearchAction\",\"target\":{\"@type\":\"EntryPoint\",\"urlTemplate\":\"https:\/\/szekacs.lutheran.hu\/iskola\/?s={search_term_string}\"},\"query-input\":{\"@type\":\"PropertyValueSpecification\",\"valueRequired\":true,\"valueName\":\"search_term_string\"}}],\"inLanguage\":\"hu\"},{\"@type\":\"Person\",\"@id\":\"https:\/\/szekacs.lutheran.hu\/iskola\/#\/schema\/person\/c2ed2e14631babb098c586494bc7d5df\",\"name\":\"admin\",\"image\":{\"@type\":\"ImageObject\",\"inLanguage\":\"hu\",\"@id\":\"https:\/\/szekacs.lutheran.hu\/iskola\/#\/schema\/person\/image\/\",\"url\":\"https:\/\/secure.gravatar.com\/avatar\/2d9a947cd9a162ca4e5eb73e817e43edd8dcbc6e501b39fb999fb53d65e181f4?s=96&d=mm&r=g\",\"contentUrl\":\"https:\/\/secure.gravatar.com\/avatar\/2d9a947cd9a162ca4e5eb73e817e43edd8dcbc6e501b39fb999fb53d65e181f4?s=96&d=mm&r=g\",\"caption\":\"admin\"},\"url\":\"https:\/\/szekacs.lutheran.hu\/iskola\/author\/admin\/\"}]}<\/script>\n<!-- \/ Yoast SEO plugin. -->","yoast_head_json":{"title":"\u00dajra iskol\u00e1ban az als\u00f3 tagozat - Sz\u00e9k\u00e1cs J\u00f3zsef Evang\u00e9likus \u00d3voda, \u00c1ltal\u00e1nos Iskola \u00e9s Gimn\u00e1zium","robots":{"index":"index","follow":"follow","max-snippet":"max-snippet:-1","max-image-preview":"max-image-preview:large","max-video-preview":"max-video-preview:-1"},"canonical":"https:\/\/szekacs.lutheran.hu\/iskola\/ujra-iskolaban-az-also-tagozat\/","og_locale":"hu_HU","og_type":"article","og_title":"\u00dajra iskol\u00e1ban az als\u00f3 tagozat - Sz\u00e9k\u00e1cs J\u00f3zsef Evang\u00e9likus \u00d3voda, \u00c1ltal\u00e1nos Iskola \u00e9s Gimn\u00e1zium","og_description":"Kedves Als\u00f3sok! Nagy \u00f6r\u00f6mmel v\u00e1runk vissza benneteket, hogy az iskola falai k\u00f6z\u00f6tt folytassuk a tanul\u00e1st, \u00fajra a t\u00e1rsak k\u00f6r\u00e9ben telhessenek...","og_url":"https:\/\/szekacs.lutheran.hu\/iskola\/ujra-iskolaban-az-also-tagozat\/","og_site_name":"Sz\u00e9k\u00e1cs J\u00f3zsef Evang\u00e9likus \u00d3voda, \u00c1ltal\u00e1nos Iskola \u00e9s Gimn\u00e1zium","article_published_time":"2021-04-16T05:45:50+00:00","article_modified_time":"2021-04-16T07:49:34+00:00","og_image":[{"width":885,"height":1121,"url":"https:\/\/szekacs.lutheran.hu\/iskola\/wp-content\/uploads\/2021\/04\/aprilis-19.jpg","type":"image\/jpeg"}],"author":"admin","twitter_card":"summary_large_image","twitter_misc":{"Szerz\u0151:":"admin","Becs\u00fclt olvas\u00e1si id\u0151":"1 perc"},"schema":{"@context":"https:\/\/schema.org","@graph":[{"@type":"WebPage","@id":"https:\/\/szekacs.lutheran.hu\/iskola\/ujra-iskolaban-az-also-tagozat\/","url":"https:\/\/szekacs.lutheran.hu\/iskola\/ujra-iskolaban-az-also-tagozat\/","name":"\u00dajra iskol\u00e1ban az als\u00f3 tagozat - Sz\u00e9k\u00e1cs J\u00f3zsef Evang\u00e9likus \u00d3voda, \u00c1ltal\u00e1nos Iskola \u00e9s Gimn\u00e1zium","isPartOf":{"@id":"https:\/\/szekacs.lutheran.hu\/iskola\/#website"},"primaryImageOfPage":{"@id":"https:\/\/szekacs.lutheran.hu\/iskola\/ujra-iskolaban-az-also-tagozat\/#primaryimage"},"image":{"@id":"https:\/\/szekacs.lutheran.hu\/iskola\/ujra-iskolaban-az-also-tagozat\/#primaryimage"},"thumbnailUrl":"https:\/\/szekacs.lutheran.hu\/iskola\/wp-content\/uploads\/2021\/04\/aprilis-19.jpg","datePublished":"2021-04-16T05:45:50+00:00","dateModified":"2021-04-16T07:49:34+00:00","author":{"@id":"https:\/\/szekacs.lutheran.hu\/iskola\/#\/schema\/person\/c2ed2e14631babb098c586494bc7d5df"},"breadcrumb":{"@id":"https:\/\/szekacs.lutheran.hu\/iskola\/ujra-iskolaban-az-also-tagozat\/#breadcrumb"},"inLanguage":"hu","potentialAction":[{"@type":"ReadAction","target":["https:\/\/szekacs.lutheran.hu\/iskola\/ujra-iskolaban-az-also-tagozat\/"]}]},{"@type":"ImageObject","inLanguage":"hu","@id":"https:\/\/szekacs.lutheran.hu\/iskola\/ujra-iskolaban-az-also-tagozat\/#primaryimage","url":"https:\/\/szekacs.lutheran.hu\/iskola\/wp-content\/uploads\/2021\/04\/aprilis-19.jpg","contentUrl":"https:\/\/szekacs.lutheran.hu\/iskola\/wp-content\/uploads\/2021\/04\/aprilis-19.jpg","width":885,"height":1121},{"@type":"BreadcrumbList","@id":"https:\/\/szekacs.lutheran.hu\/iskola\/ujra-iskolaban-az-also-tagozat\/#breadcrumb","itemListElement":[{"@type":"ListItem","position":1,"name":"Home","item":"https:\/\/szekacs.lutheran.hu\/iskola\/"},{"@type":"ListItem","position":2,"name":"\u00dajra iskol\u00e1ban az als\u00f3 tagozat"}]},{"@type":"WebSite","@id":"https:\/\/szekacs.lutheran.hu\/iskola\/#website","url":"https:\/\/szekacs.lutheran.hu\/iskola\/","name":"Sz\u00e9k\u00e1cs J\u00f3zsef Evang\u00e9likus \u00d3voda, \u00c1ltal\u00e1nos Iskola \u00e9s Gimn\u00e1zium","description":"","potentialAction":[{"@type":"SearchAction","target":{"@type":"EntryPoint","urlTemplate":"https:\/\/szekacs.lutheran.hu\/iskola\/?s={search_term_string}"},"query-input":{"@type":"PropertyValueSpecification","valueRequired":true,"valueName":"search_term_string"}}],"inLanguage":"hu"},{"@type":"Person","@id":"https:\/\/szekacs.lutheran.hu\/iskola\/#\/schema\/person\/c2ed2e14631babb098c586494bc7d5df","name":"admin","image":{"@type":"ImageObject","inLanguage":"hu","@id":"https:\/\/szekacs.lutheran.hu\/iskola\/#\/schema\/person\/image\/","url":"https:\/\/secure.gravatar.com\/avatar\/2d9a947cd9a162ca4e5eb73e817e43edd8dcbc6e501b39fb999fb53d65e181f4?s=96&d=mm&r=g","contentUrl":"https:\/\/secure.gravatar.com\/avatar\/2d9a947cd9a162ca4e5eb73e817e43edd8dcbc6e501b39fb999fb53d65e181f4?s=96&d=mm&r=g","caption":"admin"},"url":"https:\/\/szekacs.lutheran.hu\/iskola\/author\/admin\/"}]}},"_links":{"self":[{"href":"https:\/\/szekacs.lutheran.hu\/iskola\/wp-json\/wp\/v2\/posts\/23408","targetHints":{"allow":["GET"]}}],"collection":[{"href":"https:\/\/szekacs.lutheran.hu\/iskola\/wp-json\/wp\/v2\/posts"}],"about":[{"href":"https:\/\/szekacs.lutheran.hu\/iskola\/wp-json\/wp\/v2\/types\/post"}],"author":[{"embeddable":true,"href":"https:\/\/szekacs.lutheran.hu\/iskola\/wp-json\/wp\/v2\/users\/1"}],"replies":[{"embeddable":true,"href":"https:\/\/szekacs.lutheran.hu\/iskola\/wp-json\/wp\/v2\/comments?post=23408"}],"version-history":[{"count":1,"href":"https:\/\/szekacs.lutheran.hu\/iskola\/wp-json\/wp\/v2\/posts\/23408\/revisions"}],"predecessor-version":[{"id":23409,"href":"https:\/\/szekacs.lutheran.hu\/iskola\/wp-json\/wp\/v2\/posts\/23408\/revisions\/23409"}],"wp:featuredmedia":[{"embeddable":true,"href":"https:\/\/szekacs.lutheran.hu\/iskola\/wp-json\/wp\/v2\/media\/23410"}],"wp:attachment":[{"href":"https:\/\/szekacs.lutheran.hu\/iskola\/wp-json\/wp\/v2\/media?parent=23408"}],"wp:term":[{"taxonomy":"category","embeddable":true,"href":"https:\/\/szekacs.lutheran.hu\/iskola\/wp-json\/wp\/v2\/categories?post=23408"},{"taxonomy":"post_tag","embeddable":true,"href":"https:\/\/szekacs.lutheran.hu\/iskola\/wp-json\/wp\/v2\/tags?post=23408"}],"curies":[{"name":"wp","href":"https:\/\/api.w.org\/{rel}","templated":true}]}}