{"id":23335,"date":"2021-03-16T14:15:13","date_gmt":"2021-03-16T14:15:13","guid":{"rendered":"https:\/\/szekacs.lutheran.hu\/iskola\/?p=23335"},"modified":"2021-07-07T07:47:47","modified_gmt":"2021-07-07T07:47:47","slug":"palyazati-hirlevel-1","status":"publish","type":"post","link":"https:\/\/szekacs.lutheran.hu\/iskola\/palyazati-hirlevel-1\/","title":{"rendered":"P\u00e1ly\u00e1zati h\u00edrlev\u00e9l 1."},"content":{"rendered":"\n<p><strong>J\u00e1t\u00e9k a tanul\u00e1s!<\/strong><\/p>\n\n\n\n<p>A c\u00edmk\u00e9nt\nv\u00e1lasztott jelmondat a c\u00e9lja \u00e9s az alapvet\u0151 hitvall\u00e1sa iskol\u00e1nk \u00faj p\u00e1ly\u00e1zati\nprogramj\u00e1nak, melynek megval\u00f3s\u00edt\u00e1sa a 2020\/21. tan\u00e9vben indult el.<\/p>\n\n\n\n<p>A p\u00e1ly\u00e1zat\nmegval\u00f3s\u00edt\u00e1s\u00e1ban t\u00f6reksz\u00fcnk az int\u00e9zm\u00e9nyben foly\u00f3 integr\u00e1ci\u00f3s tev\u00e9kenys\u00e9g\nmeg\u00faj\u00edt\u00e1s\u00e1ra, melynek eredm\u00e9nyek\u00e9ppen egyr\u00e9szt az SNI \u00e9s BTMN tanul\u00f3k m\u00e9g\nnagyobb sikereket \u00e9rhetnek el a tanul\u00e1sban, m\u00e1sr\u00e9szt programjainkon kereszt\u00fcl\nminden tan\u00e1rban \u00e9s di\u00e1kban er\u0151s\u00f6dhet az elfogad\u00f3-befogad\u00f3 szeml\u00e9let. <\/p>\n\n\n\n<p>Az \u00fcnnepek\nezernyi k\u00e9rd\u00e9st vetnek fel minden csal\u00e1dban. Kivel \u00e9s hogyan \u00fcnnepelj\u00fcnk? Mi a\nc\u00e9lja az \u00fcnnepl\u00e9s\u00fcnknek? Kell-e \u201et\u00f6k\u00e9letes\u201d \u00fcnnep? Kar\u00e1csony el\u0151tt ezekre az\naktu\u00e1lis k\u00e9rd\u00e9sekre v\u00e1laszolt iskolapszichol\u00f3gusunk, <em>Plesovszki-Kov\u00e1cs Annam\u00e1ria<\/em>. Gondolatai, tan\u00e1csai azonban eg\u00e9sz\n\u00e9vre \u00e9rv\u00e9nyesek, legyen sz\u00f3 ak\u00e1r egy sz\u00fclet\u00e9snapr\u00f3l vagy m\u00e1s csal\u00e1di alkalomra\nval\u00f3 k\u00e9sz\u00fcl\u00e9sr\u0151l. Hallgass\u00e1k meg itt a vele k\u00e9sz\u00fclt besz\u00e9lget\u00e9st: <a href=\"https:\/\/oroscafe.hu\/2020\/12\/23\/nem-kell-a-tokeletes-karacsony-beszelgetes-plesovszki-kovacs-annamaria-pszichologussal\/\">https:\/\/oroscafe.hu\/2020\/12\/23\/nem-kell-a-tokeletes-karacsony-beszelgetes-plesovszki-kovacs-annamaria-pszichologussal\/<\/a><\/p>\n\n\n\n<p>Mi t\u00f6rt\u00e9nik\nakkor, amikor tan\u00edt\u00e1s n\u00e9lk\u00fcli munkanap van az iskol\u00e1ban? Sok sz\u00fcl\u0151ben \u00e9s\ndi\u00e1kban mer\u00fclhet fel ez a k\u00e9rd\u00e9s. Febru\u00e1r 12-\u00e9n online tov\u00e1bbk\u00e9pz\u00e9sen vettek\nr\u00e9szt pedag\u00f3gusaink, ahol interakt\u00edv m\u00f3don dolgoztak: tanultak, gondolkodtak\negy\u00fctt a pedag\u00f3giai munk\u00e1nkr\u00f3l, feladatainkr\u00f3l. Az <em>Evang\u00e9likus nevel\u00e9s<\/em> csapata seg\u00edts\u00e9g\u00e9vel most a sz\u00ednfalak m\u00f6g\u00e9 is\nbepillanthatnak az \u00e9rdekl\u0151d\u0151k: <a href=\"https:\/\/youtu.be\/Jetfeoq9pNo\">https:\/\/youtu.be\/Jetfeoq9pNo<\/a><\/p>\n\n\n\n<p>Sz\u00e9ps\u00e9g, kreativit\u00e1s, \u00e9s egy \u0151si technika, ami napjainkban is h\u00f3d\u00edtani tud: ez az enkausztika. Tan\u00edt\u00f3ink ismerkedtek <em>Celusk\u00e1n\u00e9 Csepregi Al\u00edcia<\/em> rajz \u00e9s vizu\u00e1lis kult\u00fara szakos tehets\u00e9gfejleszt\u0151 tan\u00e1r ir\u00e1ny\u00edt\u00e1s\u00e1val a viaszfest\u00e9s m\u0171v\u00e9szet\u00e9nek technik\u00e1j\u00e1val. A p\u00e1ly\u00e1zati forr\u00e1sb\u00f3l ny\u00edlt lehet\u0151s\u00e9ge az int\u00e9zm\u00e9nynek az enkausztika eszk\u00f6z\u00f6k beszerz\u00e9s\u00e9re. B\u00edzunk benne, hogy az enkausztika technik\u00e1j\u00e1val val\u00f3 megismerked\u00e9s \u00f6r\u00f6mforr\u00e1st fog jelenteni a di\u00e1kok sz\u00e1m\u00e1ra. Az evang\u00e9likus port\u00e1lon is szerepelt err\u0151l egy besz\u00e1mol\u00f3: <a href=\"https:\/\/www.evangelikus.hu\/hireink\/aktualis\/ma-a-tanitoknak-is-volt-rajzoraja-nem-is-akarmilyen\">https:\/\/www.evangelikus.hu\/ma-a-tanaroknak-is-volt-rajzoraja-nem-is-akarmilyen-szekacs-evangelikus-iskola-oroshaza<\/a> <\/p>\n","protected":false},"excerpt":{"rendered":"<p>J\u00e1t\u00e9k a tanul\u00e1s! A c\u00edmk\u00e9nt v\u00e1lasztott jelmondat a c\u00e9lja \u00e9s az alapvet\u0151 hitvall\u00e1sa iskol\u00e1nk \u00faj p\u00e1ly\u00e1zati programj\u00e1nak, melynek megval\u00f3s\u00edt\u00e1sa a&#8230;<\/p>\n","protected":false},"author":1,"featured_media":23336,"comment_status":"closed","ping_status":"closed","sticky":false,"template":"","format":"standard","meta":{"footnotes":""},"categories":[42,43],"tags":[],"class_list":["post-23335","post","type-post","status-publish","format-standard","has-post-thumbnail","hentry","category-aktualis","category-iskolai-elet"],"yoast_head":"<!-- This site is optimized with the Yoast SEO plugin v26.2 - https:\/\/yoast.com\/wordpress\/plugins\/seo\/ -->\n<title>P\u00e1ly\u00e1zati h\u00edrlev\u00e9l 1. - Sz\u00e9k\u00e1cs J\u00f3zsef Evang\u00e9likus \u00d3voda, \u00c1ltal\u00e1nos Iskola \u00e9s Gimn\u00e1zium<\/title>\n<meta name=\"robots\" content=\"index, follow, max-snippet:-1, max-image-preview:large, max-video-preview:-1\" \/>\n<link rel=\"canonical\" href=\"https:\/\/szekacs.lutheran.hu\/iskola\/palyazati-hirlevel-1\/\" \/>\n<meta property=\"og:locale\" content=\"hu_HU\" \/>\n<meta property=\"og:type\" content=\"article\" \/>\n<meta property=\"og:title\" content=\"P\u00e1ly\u00e1zati h\u00edrlev\u00e9l 1. - Sz\u00e9k\u00e1cs J\u00f3zsef Evang\u00e9likus \u00d3voda, \u00c1ltal\u00e1nos Iskola \u00e9s Gimn\u00e1zium\" \/>\n<meta property=\"og:description\" content=\"J\u00e1t\u00e9k a tanul\u00e1s! A c\u00edmk\u00e9nt v\u00e1lasztott jelmondat a c\u00e9lja \u00e9s az alapvet\u0151 hitvall\u00e1sa iskol\u00e1nk \u00faj p\u00e1ly\u00e1zati programj\u00e1nak, melynek megval\u00f3s\u00edt\u00e1sa a...\" \/>\n<meta property=\"og:url\" content=\"https:\/\/szekacs.lutheran.hu\/iskola\/palyazati-hirlevel-1\/\" \/>\n<meta property=\"og:site_name\" content=\"Sz\u00e9k\u00e1cs J\u00f3zsef Evang\u00e9likus \u00d3voda, \u00c1ltal\u00e1nos Iskola \u00e9s Gimn\u00e1zium\" \/>\n<meta property=\"article:published_time\" content=\"2021-03-16T14:15:13+00:00\" \/>\n<meta property=\"article:modified_time\" content=\"2021-07-07T07:47:47+00:00\" \/>\n<meta property=\"og:image\" content=\"https:\/\/szekacs.lutheran.hu\/iskola\/wp-content\/uploads\/2021\/03\/P\u00e1l\u00e1yzati-h\u00edrlev\u00e9l.png\" \/>\n\t<meta property=\"og:image:width\" content=\"713\" \/>\n\t<meta property=\"og:image:height\" content=\"593\" \/>\n\t<meta property=\"og:image:type\" content=\"image\/png\" \/>\n<meta name=\"author\" content=\"admin\" \/>\n<meta name=\"twitter:card\" content=\"summary_large_image\" \/>\n<meta name=\"twitter:label1\" content=\"Szerz\u0151:\" \/>\n\t<meta name=\"twitter:data1\" content=\"admin\" \/>\n\t<meta name=\"twitter:label2\" content=\"Becs\u00fclt olvas\u00e1si id\u0151\" \/>\n\t<meta name=\"twitter:data2\" content=\"2 perc\" \/>\n<script type=\"application\/ld+json\" class=\"yoast-schema-graph\">{\"@context\":\"https:\/\/schema.org\",\"@graph\":[{\"@type\":\"WebPage\",\"@id\":\"https:\/\/szekacs.lutheran.hu\/iskola\/palyazati-hirlevel-1\/\",\"url\":\"https:\/\/szekacs.lutheran.hu\/iskola\/palyazati-hirlevel-1\/\",\"name\":\"P\u00e1ly\u00e1zati h\u00edrlev\u00e9l 1. - Sz\u00e9k\u00e1cs J\u00f3zsef Evang\u00e9likus \u00d3voda, \u00c1ltal\u00e1nos Iskola \u00e9s Gimn\u00e1zium\",\"isPartOf\":{\"@id\":\"https:\/\/szekacs.lutheran.hu\/iskola\/#website\"},\"primaryImageOfPage\":{\"@id\":\"https:\/\/szekacs.lutheran.hu\/iskola\/palyazati-hirlevel-1\/#primaryimage\"},\"image\":{\"@id\":\"https:\/\/szekacs.lutheran.hu\/iskola\/palyazati-hirlevel-1\/#primaryimage\"},\"thumbnailUrl\":\"https:\/\/szekacs.lutheran.hu\/iskola\/wp-content\/uploads\/2021\/03\/P\u00e1l\u00e1yzati-h\u00edrlev\u00e9l.png\",\"datePublished\":\"2021-03-16T14:15:13+00:00\",\"dateModified\":\"2021-07-07T07:47:47+00:00\",\"author\":{\"@id\":\"https:\/\/szekacs.lutheran.hu\/iskola\/#\/schema\/person\/c2ed2e14631babb098c586494bc7d5df\"},\"breadcrumb\":{\"@id\":\"https:\/\/szekacs.lutheran.hu\/iskola\/palyazati-hirlevel-1\/#breadcrumb\"},\"inLanguage\":\"hu\",\"potentialAction\":[{\"@type\":\"ReadAction\",\"target\":[\"https:\/\/szekacs.lutheran.hu\/iskola\/palyazati-hirlevel-1\/\"]}]},{\"@type\":\"ImageObject\",\"inLanguage\":\"hu\",\"@id\":\"https:\/\/szekacs.lutheran.hu\/iskola\/palyazati-hirlevel-1\/#primaryimage\",\"url\":\"https:\/\/szekacs.lutheran.hu\/iskola\/wp-content\/uploads\/2021\/03\/P\u00e1l\u00e1yzati-h\u00edrlev\u00e9l.png\",\"contentUrl\":\"https:\/\/szekacs.lutheran.hu\/iskola\/wp-content\/uploads\/2021\/03\/P\u00e1l\u00e1yzati-h\u00edrlev\u00e9l.png\",\"width\":713,\"height\":593},{\"@type\":\"BreadcrumbList\",\"@id\":\"https:\/\/szekacs.lutheran.hu\/iskola\/palyazati-hirlevel-1\/#breadcrumb\",\"itemListElement\":[{\"@type\":\"ListItem\",\"position\":1,\"name\":\"Home\",\"item\":\"https:\/\/szekacs.lutheran.hu\/iskola\/\"},{\"@type\":\"ListItem\",\"position\":2,\"name\":\"P\u00e1ly\u00e1zati h\u00edrlev\u00e9l 1.\"}]},{\"@type\":\"WebSite\",\"@id\":\"https:\/\/szekacs.lutheran.hu\/iskola\/#website\",\"url\":\"https:\/\/szekacs.lutheran.hu\/iskola\/\",\"name\":\"Sz\u00e9k\u00e1cs J\u00f3zsef Evang\u00e9likus \u00d3voda, \u00c1ltal\u00e1nos Iskola \u00e9s Gimn\u00e1zium\",\"description\":\"\",\"potentialAction\":[{\"@type\":\"SearchAction\",\"target\":{\"@type\":\"EntryPoint\",\"urlTemplate\":\"https:\/\/szekacs.lutheran.hu\/iskola\/?s={search_term_string}\"},\"query-input\":{\"@type\":\"PropertyValueSpecification\",\"valueRequired\":true,\"valueName\":\"search_term_string\"}}],\"inLanguage\":\"hu\"},{\"@type\":\"Person\",\"@id\":\"https:\/\/szekacs.lutheran.hu\/iskola\/#\/schema\/person\/c2ed2e14631babb098c586494bc7d5df\",\"name\":\"admin\",\"image\":{\"@type\":\"ImageObject\",\"inLanguage\":\"hu\",\"@id\":\"https:\/\/szekacs.lutheran.hu\/iskola\/#\/schema\/person\/image\/\",\"url\":\"https:\/\/secure.gravatar.com\/avatar\/2d9a947cd9a162ca4e5eb73e817e43edd8dcbc6e501b39fb999fb53d65e181f4?s=96&d=mm&r=g\",\"contentUrl\":\"https:\/\/secure.gravatar.com\/avatar\/2d9a947cd9a162ca4e5eb73e817e43edd8dcbc6e501b39fb999fb53d65e181f4?s=96&d=mm&r=g\",\"caption\":\"admin\"},\"url\":\"https:\/\/szekacs.lutheran.hu\/iskola\/author\/admin\/\"}]}<\/script>\n<!-- \/ Yoast SEO plugin. -->","yoast_head_json":{"title":"P\u00e1ly\u00e1zati h\u00edrlev\u00e9l 1. - Sz\u00e9k\u00e1cs J\u00f3zsef Evang\u00e9likus \u00d3voda, \u00c1ltal\u00e1nos Iskola \u00e9s Gimn\u00e1zium","robots":{"index":"index","follow":"follow","max-snippet":"max-snippet:-1","max-image-preview":"max-image-preview:large","max-video-preview":"max-video-preview:-1"},"canonical":"https:\/\/szekacs.lutheran.hu\/iskola\/palyazati-hirlevel-1\/","og_locale":"hu_HU","og_type":"article","og_title":"P\u00e1ly\u00e1zati h\u00edrlev\u00e9l 1. - Sz\u00e9k\u00e1cs J\u00f3zsef Evang\u00e9likus \u00d3voda, \u00c1ltal\u00e1nos Iskola \u00e9s Gimn\u00e1zium","og_description":"J\u00e1t\u00e9k a tanul\u00e1s! A c\u00edmk\u00e9nt v\u00e1lasztott jelmondat a c\u00e9lja \u00e9s az alapvet\u0151 hitvall\u00e1sa iskol\u00e1nk \u00faj p\u00e1ly\u00e1zati programj\u00e1nak, melynek megval\u00f3s\u00edt\u00e1sa a...","og_url":"https:\/\/szekacs.lutheran.hu\/iskola\/palyazati-hirlevel-1\/","og_site_name":"Sz\u00e9k\u00e1cs J\u00f3zsef Evang\u00e9likus \u00d3voda, \u00c1ltal\u00e1nos Iskola \u00e9s Gimn\u00e1zium","article_published_time":"2021-03-16T14:15:13+00:00","article_modified_time":"2021-07-07T07:47:47+00:00","og_image":[{"width":713,"height":593,"url":"https:\/\/szekacs.lutheran.hu\/iskola\/wp-content\/uploads\/2021\/03\/P\u00e1l\u00e1yzati-h\u00edrlev\u00e9l.png","type":"image\/png"}],"author":"admin","twitter_card":"summary_large_image","twitter_misc":{"Szerz\u0151:":"admin","Becs\u00fclt olvas\u00e1si id\u0151":"2 perc"},"schema":{"@context":"https:\/\/schema.org","@graph":[{"@type":"WebPage","@id":"https:\/\/szekacs.lutheran.hu\/iskola\/palyazati-hirlevel-1\/","url":"https:\/\/szekacs.lutheran.hu\/iskola\/palyazati-hirlevel-1\/","name":"P\u00e1ly\u00e1zati h\u00edrlev\u00e9l 1. - Sz\u00e9k\u00e1cs J\u00f3zsef Evang\u00e9likus \u00d3voda, \u00c1ltal\u00e1nos Iskola \u00e9s Gimn\u00e1zium","isPartOf":{"@id":"https:\/\/szekacs.lutheran.hu\/iskola\/#website"},"primaryImageOfPage":{"@id":"https:\/\/szekacs.lutheran.hu\/iskola\/palyazati-hirlevel-1\/#primaryimage"},"image":{"@id":"https:\/\/szekacs.lutheran.hu\/iskola\/palyazati-hirlevel-1\/#primaryimage"},"thumbnailUrl":"https:\/\/szekacs.lutheran.hu\/iskola\/wp-content\/uploads\/2021\/03\/P\u00e1l\u00e1yzati-h\u00edrlev\u00e9l.png","datePublished":"2021-03-16T14:15:13+00:00","dateModified":"2021-07-07T07:47:47+00:00","author":{"@id":"https:\/\/szekacs.lutheran.hu\/iskola\/#\/schema\/person\/c2ed2e14631babb098c586494bc7d5df"},"breadcrumb":{"@id":"https:\/\/szekacs.lutheran.hu\/iskola\/palyazati-hirlevel-1\/#breadcrumb"},"inLanguage":"hu","potentialAction":[{"@type":"ReadAction","target":["https:\/\/szekacs.lutheran.hu\/iskola\/palyazati-hirlevel-1\/"]}]},{"@type":"ImageObject","inLanguage":"hu","@id":"https:\/\/szekacs.lutheran.hu\/iskola\/palyazati-hirlevel-1\/#primaryimage","url":"https:\/\/szekacs.lutheran.hu\/iskola\/wp-content\/uploads\/2021\/03\/P\u00e1l\u00e1yzati-h\u00edrlev\u00e9l.png","contentUrl":"https:\/\/szekacs.lutheran.hu\/iskola\/wp-content\/uploads\/2021\/03\/P\u00e1l\u00e1yzati-h\u00edrlev\u00e9l.png","width":713,"height":593},{"@type":"BreadcrumbList","@id":"https:\/\/szekacs.lutheran.hu\/iskola\/palyazati-hirlevel-1\/#breadcrumb","itemListElement":[{"@type":"ListItem","position":1,"name":"Home","item":"https:\/\/szekacs.lutheran.hu\/iskola\/"},{"@type":"ListItem","position":2,"name":"P\u00e1ly\u00e1zati h\u00edrlev\u00e9l 1."}]},{"@type":"WebSite","@id":"https:\/\/szekacs.lutheran.hu\/iskola\/#website","url":"https:\/\/szekacs.lutheran.hu\/iskola\/","name":"Sz\u00e9k\u00e1cs J\u00f3zsef Evang\u00e9likus \u00d3voda, \u00c1ltal\u00e1nos Iskola \u00e9s Gimn\u00e1zium","description":"","potentialAction":[{"@type":"SearchAction","target":{"@type":"EntryPoint","urlTemplate":"https:\/\/szekacs.lutheran.hu\/iskola\/?s={search_term_string}"},"query-input":{"@type":"PropertyValueSpecification","valueRequired":true,"valueName":"search_term_string"}}],"inLanguage":"hu"},{"@type":"Person","@id":"https:\/\/szekacs.lutheran.hu\/iskola\/#\/schema\/person\/c2ed2e14631babb098c586494bc7d5df","name":"admin","image":{"@type":"ImageObject","inLanguage":"hu","@id":"https:\/\/szekacs.lutheran.hu\/iskola\/#\/schema\/person\/image\/","url":"https:\/\/secure.gravatar.com\/avatar\/2d9a947cd9a162ca4e5eb73e817e43edd8dcbc6e501b39fb999fb53d65e181f4?s=96&d=mm&r=g","contentUrl":"https:\/\/secure.gravatar.com\/avatar\/2d9a947cd9a162ca4e5eb73e817e43edd8dcbc6e501b39fb999fb53d65e181f4?s=96&d=mm&r=g","caption":"admin"},"url":"https:\/\/szekacs.lutheran.hu\/iskola\/author\/admin\/"}]}},"_links":{"self":[{"href":"https:\/\/szekacs.lutheran.hu\/iskola\/wp-json\/wp\/v2\/posts\/23335","targetHints":{"allow":["GET"]}}],"collection":[{"href":"https:\/\/szekacs.lutheran.hu\/iskola\/wp-json\/wp\/v2\/posts"}],"about":[{"href":"https:\/\/szekacs.lutheran.hu\/iskola\/wp-json\/wp\/v2\/types\/post"}],"author":[{"embeddable":true,"href":"https:\/\/szekacs.lutheran.hu\/iskola\/wp-json\/wp\/v2\/users\/1"}],"replies":[{"embeddable":true,"href":"https:\/\/szekacs.lutheran.hu\/iskola\/wp-json\/wp\/v2\/comments?post=23335"}],"version-history":[{"count":2,"href":"https:\/\/szekacs.lutheran.hu\/iskola\/wp-json\/wp\/v2\/posts\/23335\/revisions"}],"predecessor-version":[{"id":24755,"href":"https:\/\/szekacs.lutheran.hu\/iskola\/wp-json\/wp\/v2\/posts\/23335\/revisions\/24755"}],"wp:featuredmedia":[{"embeddable":true,"href":"https:\/\/szekacs.lutheran.hu\/iskola\/wp-json\/wp\/v2\/media\/23336"}],"wp:attachment":[{"href":"https:\/\/szekacs.lutheran.hu\/iskola\/wp-json\/wp\/v2\/media?parent=23335"}],"wp:term":[{"taxonomy":"category","embeddable":true,"href":"https:\/\/szekacs.lutheran.hu\/iskola\/wp-json\/wp\/v2\/categories?post=23335"},{"taxonomy":"post_tag","embeddable":true,"href":"https:\/\/szekacs.lutheran.hu\/iskola\/wp-json\/wp\/v2\/tags?post=23335"}],"curies":[{"name":"wp","href":"https:\/\/api.w.org\/{rel}","templated":true}]}}