{"id":23216,"date":"2021-02-08T15:04:50","date_gmt":"2021-02-08T15:04:50","guid":{"rendered":"https:\/\/szekacs.lutheran.hu\/iskola\/?p=23216"},"modified":"2021-02-15T10:26:27","modified_gmt":"2021-02-15T10:26:27","slug":"szalagatado-unnepseg","status":"publish","type":"post","link":"https:\/\/szekacs.lutheran.hu\/iskola\/szalagatado-unnepseg\/","title":{"rendered":"Szalag\u00e1tad\u00f3 \u00fcnneps\u00e9g"},"content":{"rendered":"\n<p>Az iskola d\u00edszterm\u00e9ben a 11.-esek helyett az oszt\u00e1lyf\u0151n\u00f6k\u00f6k t\u0171zt\u00e9k fel a szalagot 2021. febru\u00e1r 5-\u00e9n, p\u00e9nteken d\u00e9lut\u00e1n.<\/p>\n\n\n\n<p>A r\u00f6vidke \u00fcnneps\u00e9g k\u00e9t felvon\u00e1sban val\u00f3sult meg, el\u0151bb a 12\/4-es, majd a 12\/6-os oszt\u00e1ly tagjai kapt\u00e1k meg a szalagot, rajtuk k\u00edv\u00fcl csup\u00e1n n\u00e9h\u00e1ny \u0151ket tan\u00edt\u00f3 pedag\u00f3gus volt a t\u00f6bb sz\u00e1z f\u0151s teremben sz\u00e9tsz\u00f3rtan, egym\u00e1st\u00f3l megfelel\u0151 t\u00e1vols\u00e1gban. <\/p>\n\n\n\n<p>A szalagt\u0171z\u00e9st k\u00eds\u00e9r\u0151 szok\u00e1sos m\u0171sor elmaradt, de en\u00e9lk\u00fcl is \u00fcnnep\u00e9lyes, felemel\u0151 pillanatokat \u00e9lhettek \u00e1t ez \u00e9retts\u00e9gi el\u0151tt \u00e1ll\u00f3 di\u00e1kok.<\/p>\n\n\n\n<p>Az esem\u00e9nyen k\u00e9sz\u00fclt fot\u00f3k megtekinthet\u0151k <a href=\"https:\/\/szekacs.lutheran.hu\/iskola\/galeriak\/szalagatado-2021\/\">az iskola honlapj\u00e1n.<\/a><\/p>\n\n\n\n<p>A 12\/4 vide\u00f3ja <a href=\"https:\/\/youtu.be\/g_ly57LFOXQ\">az iskola YouTube csatorn\u00e1j\u00e1n<\/a>.<\/p>\n\n\n\n<p>A 12\/6 \u00e1ltal \u00f6ssze\u00e1ll\u00edtott fot\u00f3sorozat <a href=\"https:\/\/youtu.be\/NGCkB812HTw\">az iskola YouTube csatorn\u00e1j\u00e1n<\/a>.<\/p>\n\n\n\n<p>Az esem\u00e9nyen k\u00e9sz\u00fclt vide\u00f3k a YouTubeon l\u00e1that\u00f3k: <a href=\"https:\/\/youtu.be\/haXKc7XjgdM\">12\/4 oszt\u00e1ly<\/a> \u00e9s <a href=\"https:\/\/youtu.be\/rQxzTYKTNiI\">12\/6 oszt\u00e1ly<\/a><\/p>\n","protected":false},"excerpt":{"rendered":"<p>Az iskola d\u00edszterm\u00e9ben a 11.-esek helyett az oszt\u00e1lyf\u0151n\u00f6k\u00f6k t\u0171zt\u00e9k fel a szalagot 2021. febru\u00e1r 5-\u00e9n, p\u00e9nteken d\u00e9lut\u00e1n. A r\u00f6vidke \u00fcnneps\u00e9g&#8230;<\/p>\n","protected":false},"author":1,"featured_media":23217,"comment_status":"closed","ping_status":"closed","sticky":false,"template":"","format":"standard","meta":{"footnotes":""},"categories":[42,43],"tags":[],"class_list":["post-23216","post","type-post","status-publish","format-standard","has-post-thumbnail","hentry","category-aktualis","category-iskolai-elet"],"yoast_head":"<!-- This site is optimized with the Yoast SEO plugin v26.2 - https:\/\/yoast.com\/wordpress\/plugins\/seo\/ -->\n<title>Szalag\u00e1tad\u00f3 \u00fcnneps\u00e9g - Sz\u00e9k\u00e1cs J\u00f3zsef Evang\u00e9likus \u00d3voda, \u00c1ltal\u00e1nos Iskola \u00e9s Gimn\u00e1zium<\/title>\n<meta name=\"robots\" content=\"index, follow, max-snippet:-1, max-image-preview:large, max-video-preview:-1\" \/>\n<link rel=\"canonical\" href=\"https:\/\/szekacs.lutheran.hu\/iskola\/szalagatado-unnepseg\/\" \/>\n<meta property=\"og:locale\" content=\"hu_HU\" \/>\n<meta property=\"og:type\" content=\"article\" \/>\n<meta property=\"og:title\" content=\"Szalag\u00e1tad\u00f3 \u00fcnneps\u00e9g - Sz\u00e9k\u00e1cs J\u00f3zsef Evang\u00e9likus \u00d3voda, \u00c1ltal\u00e1nos Iskola \u00e9s Gimn\u00e1zium\" \/>\n<meta property=\"og:description\" content=\"Az iskola d\u00edszterm\u00e9ben a 11.-esek helyett az oszt\u00e1lyf\u0151n\u00f6k\u00f6k t\u0171zt\u00e9k fel a szalagot 2021. febru\u00e1r 5-\u00e9n, p\u00e9nteken d\u00e9lut\u00e1n. A r\u00f6vidke \u00fcnneps\u00e9g...\" \/>\n<meta property=\"og:url\" content=\"https:\/\/szekacs.lutheran.hu\/iskola\/szalagatado-unnepseg\/\" \/>\n<meta property=\"og:site_name\" content=\"Sz\u00e9k\u00e1cs J\u00f3zsef Evang\u00e9likus \u00d3voda, \u00c1ltal\u00e1nos Iskola \u00e9s Gimn\u00e1zium\" \/>\n<meta property=\"article:published_time\" content=\"2021-02-08T15:04:50+00:00\" \/>\n<meta property=\"article:modified_time\" content=\"2021-02-15T10:26:27+00:00\" \/>\n<meta property=\"og:image\" content=\"https:\/\/szekacs.lutheran.hu\/iskola\/wp-content\/uploads\/2021\/02\/DSC_0154-3-1024x683.jpg\" \/>\n\t<meta property=\"og:image:width\" content=\"1024\" \/>\n\t<meta property=\"og:image:height\" content=\"683\" \/>\n\t<meta property=\"og:image:type\" content=\"image\/jpeg\" \/>\n<meta name=\"author\" content=\"admin\" \/>\n<meta name=\"twitter:card\" content=\"summary_large_image\" \/>\n<meta name=\"twitter:label1\" content=\"Szerz\u0151:\" \/>\n\t<meta name=\"twitter:data1\" content=\"admin\" \/>\n\t<meta name=\"twitter:label2\" content=\"Becs\u00fclt olvas\u00e1si id\u0151\" \/>\n\t<meta name=\"twitter:data2\" content=\"1 perc\" \/>\n<script type=\"application\/ld+json\" class=\"yoast-schema-graph\">{\"@context\":\"https:\/\/schema.org\",\"@graph\":[{\"@type\":\"WebPage\",\"@id\":\"https:\/\/szekacs.lutheran.hu\/iskola\/szalagatado-unnepseg\/\",\"url\":\"https:\/\/szekacs.lutheran.hu\/iskola\/szalagatado-unnepseg\/\",\"name\":\"Szalag\u00e1tad\u00f3 \u00fcnneps\u00e9g - Sz\u00e9k\u00e1cs J\u00f3zsef Evang\u00e9likus \u00d3voda, \u00c1ltal\u00e1nos Iskola \u00e9s Gimn\u00e1zium\",\"isPartOf\":{\"@id\":\"https:\/\/szekacs.lutheran.hu\/iskola\/#website\"},\"primaryImageOfPage\":{\"@id\":\"https:\/\/szekacs.lutheran.hu\/iskola\/szalagatado-unnepseg\/#primaryimage\"},\"image\":{\"@id\":\"https:\/\/szekacs.lutheran.hu\/iskola\/szalagatado-unnepseg\/#primaryimage\"},\"thumbnailUrl\":\"https:\/\/szekacs.lutheran.hu\/iskola\/wp-content\/uploads\/2021\/02\/DSC_0154-3.jpg\",\"datePublished\":\"2021-02-08T15:04:50+00:00\",\"dateModified\":\"2021-02-15T10:26:27+00:00\",\"author\":{\"@id\":\"https:\/\/szekacs.lutheran.hu\/iskola\/#\/schema\/person\/c2ed2e14631babb098c586494bc7d5df\"},\"breadcrumb\":{\"@id\":\"https:\/\/szekacs.lutheran.hu\/iskola\/szalagatado-unnepseg\/#breadcrumb\"},\"inLanguage\":\"hu\",\"potentialAction\":[{\"@type\":\"ReadAction\",\"target\":[\"https:\/\/szekacs.lutheran.hu\/iskola\/szalagatado-unnepseg\/\"]}]},{\"@type\":\"ImageObject\",\"inLanguage\":\"hu\",\"@id\":\"https:\/\/szekacs.lutheran.hu\/iskola\/szalagatado-unnepseg\/#primaryimage\",\"url\":\"https:\/\/szekacs.lutheran.hu\/iskola\/wp-content\/uploads\/2021\/02\/DSC_0154-3.jpg\",\"contentUrl\":\"https:\/\/szekacs.lutheran.hu\/iskola\/wp-content\/uploads\/2021\/02\/DSC_0154-3.jpg\",\"width\":6000,\"height\":4000},{\"@type\":\"BreadcrumbList\",\"@id\":\"https:\/\/szekacs.lutheran.hu\/iskola\/szalagatado-unnepseg\/#breadcrumb\",\"itemListElement\":[{\"@type\":\"ListItem\",\"position\":1,\"name\":\"Home\",\"item\":\"https:\/\/szekacs.lutheran.hu\/iskola\/\"},{\"@type\":\"ListItem\",\"position\":2,\"name\":\"Szalag\u00e1tad\u00f3 \u00fcnneps\u00e9g\"}]},{\"@type\":\"WebSite\",\"@id\":\"https:\/\/szekacs.lutheran.hu\/iskola\/#website\",\"url\":\"https:\/\/szekacs.lutheran.hu\/iskola\/\",\"name\":\"Sz\u00e9k\u00e1cs J\u00f3zsef Evang\u00e9likus \u00d3voda, \u00c1ltal\u00e1nos Iskola \u00e9s Gimn\u00e1zium\",\"description\":\"\",\"potentialAction\":[{\"@type\":\"SearchAction\",\"target\":{\"@type\":\"EntryPoint\",\"urlTemplate\":\"https:\/\/szekacs.lutheran.hu\/iskola\/?s={search_term_string}\"},\"query-input\":{\"@type\":\"PropertyValueSpecification\",\"valueRequired\":true,\"valueName\":\"search_term_string\"}}],\"inLanguage\":\"hu\"},{\"@type\":\"Person\",\"@id\":\"https:\/\/szekacs.lutheran.hu\/iskola\/#\/schema\/person\/c2ed2e14631babb098c586494bc7d5df\",\"name\":\"admin\",\"image\":{\"@type\":\"ImageObject\",\"inLanguage\":\"hu\",\"@id\":\"https:\/\/szekacs.lutheran.hu\/iskola\/#\/schema\/person\/image\/\",\"url\":\"https:\/\/secure.gravatar.com\/avatar\/2d9a947cd9a162ca4e5eb73e817e43edd8dcbc6e501b39fb999fb53d65e181f4?s=96&d=mm&r=g\",\"contentUrl\":\"https:\/\/secure.gravatar.com\/avatar\/2d9a947cd9a162ca4e5eb73e817e43edd8dcbc6e501b39fb999fb53d65e181f4?s=96&d=mm&r=g\",\"caption\":\"admin\"},\"url\":\"https:\/\/szekacs.lutheran.hu\/iskola\/author\/admin\/\"}]}<\/script>\n<!-- \/ Yoast SEO plugin. -->","yoast_head_json":{"title":"Szalag\u00e1tad\u00f3 \u00fcnneps\u00e9g - Sz\u00e9k\u00e1cs J\u00f3zsef Evang\u00e9likus \u00d3voda, \u00c1ltal\u00e1nos Iskola \u00e9s Gimn\u00e1zium","robots":{"index":"index","follow":"follow","max-snippet":"max-snippet:-1","max-image-preview":"max-image-preview:large","max-video-preview":"max-video-preview:-1"},"canonical":"https:\/\/szekacs.lutheran.hu\/iskola\/szalagatado-unnepseg\/","og_locale":"hu_HU","og_type":"article","og_title":"Szalag\u00e1tad\u00f3 \u00fcnneps\u00e9g - Sz\u00e9k\u00e1cs J\u00f3zsef Evang\u00e9likus \u00d3voda, \u00c1ltal\u00e1nos Iskola \u00e9s Gimn\u00e1zium","og_description":"Az iskola d\u00edszterm\u00e9ben a 11.-esek helyett az oszt\u00e1lyf\u0151n\u00f6k\u00f6k t\u0171zt\u00e9k fel a szalagot 2021. febru\u00e1r 5-\u00e9n, p\u00e9nteken d\u00e9lut\u00e1n. A r\u00f6vidke \u00fcnneps\u00e9g...","og_url":"https:\/\/szekacs.lutheran.hu\/iskola\/szalagatado-unnepseg\/","og_site_name":"Sz\u00e9k\u00e1cs J\u00f3zsef Evang\u00e9likus \u00d3voda, \u00c1ltal\u00e1nos Iskola \u00e9s Gimn\u00e1zium","article_published_time":"2021-02-08T15:04:50+00:00","article_modified_time":"2021-02-15T10:26:27+00:00","og_image":[{"width":1024,"height":683,"url":"https:\/\/szekacs.lutheran.hu\/iskola\/wp-content\/uploads\/2021\/02\/DSC_0154-3-1024x683.jpg","type":"image\/jpeg"}],"author":"admin","twitter_card":"summary_large_image","twitter_misc":{"Szerz\u0151:":"admin","Becs\u00fclt olvas\u00e1si id\u0151":"1 perc"},"schema":{"@context":"https:\/\/schema.org","@graph":[{"@type":"WebPage","@id":"https:\/\/szekacs.lutheran.hu\/iskola\/szalagatado-unnepseg\/","url":"https:\/\/szekacs.lutheran.hu\/iskola\/szalagatado-unnepseg\/","name":"Szalag\u00e1tad\u00f3 \u00fcnneps\u00e9g - Sz\u00e9k\u00e1cs J\u00f3zsef Evang\u00e9likus \u00d3voda, \u00c1ltal\u00e1nos Iskola \u00e9s Gimn\u00e1zium","isPartOf":{"@id":"https:\/\/szekacs.lutheran.hu\/iskola\/#website"},"primaryImageOfPage":{"@id":"https:\/\/szekacs.lutheran.hu\/iskola\/szalagatado-unnepseg\/#primaryimage"},"image":{"@id":"https:\/\/szekacs.lutheran.hu\/iskola\/szalagatado-unnepseg\/#primaryimage"},"thumbnailUrl":"https:\/\/szekacs.lutheran.hu\/iskola\/wp-content\/uploads\/2021\/02\/DSC_0154-3.jpg","datePublished":"2021-02-08T15:04:50+00:00","dateModified":"2021-02-15T10:26:27+00:00","author":{"@id":"https:\/\/szekacs.lutheran.hu\/iskola\/#\/schema\/person\/c2ed2e14631babb098c586494bc7d5df"},"breadcrumb":{"@id":"https:\/\/szekacs.lutheran.hu\/iskola\/szalagatado-unnepseg\/#breadcrumb"},"inLanguage":"hu","potentialAction":[{"@type":"ReadAction","target":["https:\/\/szekacs.lutheran.hu\/iskola\/szalagatado-unnepseg\/"]}]},{"@type":"ImageObject","inLanguage":"hu","@id":"https:\/\/szekacs.lutheran.hu\/iskola\/szalagatado-unnepseg\/#primaryimage","url":"https:\/\/szekacs.lutheran.hu\/iskola\/wp-content\/uploads\/2021\/02\/DSC_0154-3.jpg","contentUrl":"https:\/\/szekacs.lutheran.hu\/iskola\/wp-content\/uploads\/2021\/02\/DSC_0154-3.jpg","width":6000,"height":4000},{"@type":"BreadcrumbList","@id":"https:\/\/szekacs.lutheran.hu\/iskola\/szalagatado-unnepseg\/#breadcrumb","itemListElement":[{"@type":"ListItem","position":1,"name":"Home","item":"https:\/\/szekacs.lutheran.hu\/iskola\/"},{"@type":"ListItem","position":2,"name":"Szalag\u00e1tad\u00f3 \u00fcnneps\u00e9g"}]},{"@type":"WebSite","@id":"https:\/\/szekacs.lutheran.hu\/iskola\/#website","url":"https:\/\/szekacs.lutheran.hu\/iskola\/","name":"Sz\u00e9k\u00e1cs J\u00f3zsef Evang\u00e9likus \u00d3voda, \u00c1ltal\u00e1nos Iskola \u00e9s Gimn\u00e1zium","description":"","potentialAction":[{"@type":"SearchAction","target":{"@type":"EntryPoint","urlTemplate":"https:\/\/szekacs.lutheran.hu\/iskola\/?s={search_term_string}"},"query-input":{"@type":"PropertyValueSpecification","valueRequired":true,"valueName":"search_term_string"}}],"inLanguage":"hu"},{"@type":"Person","@id":"https:\/\/szekacs.lutheran.hu\/iskola\/#\/schema\/person\/c2ed2e14631babb098c586494bc7d5df","name":"admin","image":{"@type":"ImageObject","inLanguage":"hu","@id":"https:\/\/szekacs.lutheran.hu\/iskola\/#\/schema\/person\/image\/","url":"https:\/\/secure.gravatar.com\/avatar\/2d9a947cd9a162ca4e5eb73e817e43edd8dcbc6e501b39fb999fb53d65e181f4?s=96&d=mm&r=g","contentUrl":"https:\/\/secure.gravatar.com\/avatar\/2d9a947cd9a162ca4e5eb73e817e43edd8dcbc6e501b39fb999fb53d65e181f4?s=96&d=mm&r=g","caption":"admin"},"url":"https:\/\/szekacs.lutheran.hu\/iskola\/author\/admin\/"}]}},"_links":{"self":[{"href":"https:\/\/szekacs.lutheran.hu\/iskola\/wp-json\/wp\/v2\/posts\/23216","targetHints":{"allow":["GET"]}}],"collection":[{"href":"https:\/\/szekacs.lutheran.hu\/iskola\/wp-json\/wp\/v2\/posts"}],"about":[{"href":"https:\/\/szekacs.lutheran.hu\/iskola\/wp-json\/wp\/v2\/types\/post"}],"author":[{"embeddable":true,"href":"https:\/\/szekacs.lutheran.hu\/iskola\/wp-json\/wp\/v2\/users\/1"}],"replies":[{"embeddable":true,"href":"https:\/\/szekacs.lutheran.hu\/iskola\/wp-json\/wp\/v2\/comments?post=23216"}],"version-history":[{"count":4,"href":"https:\/\/szekacs.lutheran.hu\/iskola\/wp-json\/wp\/v2\/posts\/23216\/revisions"}],"predecessor-version":[{"id":23288,"href":"https:\/\/szekacs.lutheran.hu\/iskola\/wp-json\/wp\/v2\/posts\/23216\/revisions\/23288"}],"wp:featuredmedia":[{"embeddable":true,"href":"https:\/\/szekacs.lutheran.hu\/iskola\/wp-json\/wp\/v2\/media\/23217"}],"wp:attachment":[{"href":"https:\/\/szekacs.lutheran.hu\/iskola\/wp-json\/wp\/v2\/media?parent=23216"}],"wp:term":[{"taxonomy":"category","embeddable":true,"href":"https:\/\/szekacs.lutheran.hu\/iskola\/wp-json\/wp\/v2\/categories?post=23216"},{"taxonomy":"post_tag","embeddable":true,"href":"https:\/\/szekacs.lutheran.hu\/iskola\/wp-json\/wp\/v2\/tags?post=23216"}],"curies":[{"name":"wp","href":"https:\/\/api.w.org\/{rel}","templated":true}]}}