{"id":22867,"date":"2021-01-11T13:28:32","date_gmt":"2021-01-11T13:28:32","guid":{"rendered":"https:\/\/szekacs.lutheran.hu\/iskola\/?p=22867"},"modified":"2021-01-11T13:28:34","modified_gmt":"2021-01-11T13:28:34","slug":"segitseg-nyolcadikosoknak","status":"publish","type":"post","link":"https:\/\/szekacs.lutheran.hu\/iskola\/segitseg-nyolcadikosoknak\/","title":{"rendered":"Seg\u00edts\u00e9g nyolcadikosoknak"},"content":{"rendered":"\n<p>Van, aki nehezen d\u00f6nt. <\/p>\n\n\n\n<p>Van, aki m\u00e9g bizonytalan.<\/p>\n\n\n\n<p>Van, akinek m\u00e9g k\u00e9rd\u00e9sei vannak.<\/p>\n\n\n\n<p>Van v\u00e1laszunk!<\/p>\n\n\n\n<p><a href=\"https:\/\/szekacs.lutheran.hu\/iskola\/wp-content\/uploads\/2021\/01\/Ny\u00edltnaphelyett-k\u00e9sz-2.mp4\">Az itt l\u00e1that\u00f3 vide\u00f3ban a nyolcadikosoknak szeretn\u00e9nk seg\u00edts\u00e9get ny\u00fajtani. Minden, amit tudni szeretn\u00e9l a Sz\u00e9k\u00e1csban val\u00f3 tov\u00e1bbtanul\u00e1sr\u00f3l&#8230;<\/a><\/p>\n\n\n\n<p>Teljes felv\u00e9teli t\u00e1j\u00e9koztat\u00f3nk <a href=\"https:\/\/szekacs.lutheran.hu\/iskola\/felveteli-tajekoztato\/\">itt olvashat\u00f3<\/a> vagy <a href=\"https:\/\/szekacs.lutheran.hu\/iskola\/wp-content\/uploads\/2020\/10\/Sz\u00e9k\u00e1cs-felv\u00e9teli-t\u00e1j\u00e9koztat\u00f3.pdf\">innen let\u00f6lthet\u0151<\/a>.<\/p>\n","protected":false},"excerpt":{"rendered":"<p>Van, aki nehezen d\u00f6nt. Van, aki m\u00e9g bizonytalan. Van, akinek m\u00e9g k\u00e9rd\u00e9sei vannak. Van v\u00e1laszunk! Az itt l\u00e1that\u00f3 vide\u00f3ban a&#8230;<\/p>\n","protected":false},"author":1,"featured_media":22850,"comment_status":"closed","ping_status":"closed","sticky":false,"template":"","format":"standard","meta":{"footnotes":""},"categories":[42,44],"tags":[],"class_list":["post-22867","post","type-post","status-publish","format-standard","has-post-thumbnail","hentry","category-aktualis","category-leendo-diakjainknak"],"yoast_head":"<!-- This site is optimized with the Yoast SEO plugin v26.2 - https:\/\/yoast.com\/wordpress\/plugins\/seo\/ -->\n<title>Seg\u00edts\u00e9g nyolcadikosoknak - Sz\u00e9k\u00e1cs J\u00f3zsef Evang\u00e9likus \u00d3voda, \u00c1ltal\u00e1nos Iskola \u00e9s Gimn\u00e1zium<\/title>\n<meta name=\"robots\" content=\"index, follow, max-snippet:-1, max-image-preview:large, max-video-preview:-1\" \/>\n<link rel=\"canonical\" href=\"https:\/\/szekacs.lutheran.hu\/iskola\/segitseg-nyolcadikosoknak\/\" \/>\n<meta property=\"og:locale\" content=\"hu_HU\" \/>\n<meta property=\"og:type\" content=\"article\" \/>\n<meta property=\"og:title\" content=\"Seg\u00edts\u00e9g nyolcadikosoknak - Sz\u00e9k\u00e1cs J\u00f3zsef Evang\u00e9likus \u00d3voda, \u00c1ltal\u00e1nos Iskola \u00e9s Gimn\u00e1zium\" \/>\n<meta property=\"og:description\" content=\"Van, aki nehezen d\u00f6nt. Van, aki m\u00e9g bizonytalan. Van, akinek m\u00e9g k\u00e9rd\u00e9sei vannak. Van v\u00e1laszunk! Az itt l\u00e1that\u00f3 vide\u00f3ban a...\" \/>\n<meta property=\"og:url\" content=\"https:\/\/szekacs.lutheran.hu\/iskola\/segitseg-nyolcadikosoknak\/\" \/>\n<meta property=\"og:site_name\" content=\"Sz\u00e9k\u00e1cs J\u00f3zsef Evang\u00e9likus \u00d3voda, \u00c1ltal\u00e1nos Iskola \u00e9s Gimn\u00e1zium\" \/>\n<meta property=\"article:published_time\" content=\"2021-01-11T13:28:32+00:00\" \/>\n<meta property=\"article:modified_time\" content=\"2021-01-11T13:28:34+00:00\" \/>\n<meta property=\"og:image\" content=\"https:\/\/szekacs.lutheran.hu\/iskola\/wp-content\/uploads\/2021\/01\/nyolcadikosoknak-.png\" \/>\n\t<meta property=\"og:image:width\" content=\"1108\" \/>\n\t<meta property=\"og:image:height\" content=\"661\" \/>\n\t<meta property=\"og:image:type\" content=\"image\/png\" \/>\n<meta name=\"author\" content=\"admin\" \/>\n<meta name=\"twitter:card\" content=\"summary_large_image\" \/>\n<meta name=\"twitter:label1\" content=\"Szerz\u0151:\" \/>\n\t<meta name=\"twitter:data1\" content=\"admin\" \/>\n<script type=\"application\/ld+json\" class=\"yoast-schema-graph\">{\"@context\":\"https:\/\/schema.org\",\"@graph\":[{\"@type\":\"WebPage\",\"@id\":\"https:\/\/szekacs.lutheran.hu\/iskola\/segitseg-nyolcadikosoknak\/\",\"url\":\"https:\/\/szekacs.lutheran.hu\/iskola\/segitseg-nyolcadikosoknak\/\",\"name\":\"Seg\u00edts\u00e9g nyolcadikosoknak - Sz\u00e9k\u00e1cs J\u00f3zsef Evang\u00e9likus \u00d3voda, \u00c1ltal\u00e1nos Iskola \u00e9s Gimn\u00e1zium\",\"isPartOf\":{\"@id\":\"https:\/\/szekacs.lutheran.hu\/iskola\/#website\"},\"primaryImageOfPage\":{\"@id\":\"https:\/\/szekacs.lutheran.hu\/iskola\/segitseg-nyolcadikosoknak\/#primaryimage\"},\"image\":{\"@id\":\"https:\/\/szekacs.lutheran.hu\/iskola\/segitseg-nyolcadikosoknak\/#primaryimage\"},\"thumbnailUrl\":\"https:\/\/szekacs.lutheran.hu\/iskola\/wp-content\/uploads\/2021\/01\/nyolcadikosoknak-.png\",\"datePublished\":\"2021-01-11T13:28:32+00:00\",\"dateModified\":\"2021-01-11T13:28:34+00:00\",\"author\":{\"@id\":\"https:\/\/szekacs.lutheran.hu\/iskola\/#\/schema\/person\/c2ed2e14631babb098c586494bc7d5df\"},\"breadcrumb\":{\"@id\":\"https:\/\/szekacs.lutheran.hu\/iskola\/segitseg-nyolcadikosoknak\/#breadcrumb\"},\"inLanguage\":\"hu\",\"potentialAction\":[{\"@type\":\"ReadAction\",\"target\":[\"https:\/\/szekacs.lutheran.hu\/iskola\/segitseg-nyolcadikosoknak\/\"]}]},{\"@type\":\"ImageObject\",\"inLanguage\":\"hu\",\"@id\":\"https:\/\/szekacs.lutheran.hu\/iskola\/segitseg-nyolcadikosoknak\/#primaryimage\",\"url\":\"https:\/\/szekacs.lutheran.hu\/iskola\/wp-content\/uploads\/2021\/01\/nyolcadikosoknak-.png\",\"contentUrl\":\"https:\/\/szekacs.lutheran.hu\/iskola\/wp-content\/uploads\/2021\/01\/nyolcadikosoknak-.png\",\"width\":1108,\"height\":661},{\"@type\":\"BreadcrumbList\",\"@id\":\"https:\/\/szekacs.lutheran.hu\/iskola\/segitseg-nyolcadikosoknak\/#breadcrumb\",\"itemListElement\":[{\"@type\":\"ListItem\",\"position\":1,\"name\":\"Home\",\"item\":\"https:\/\/szekacs.lutheran.hu\/iskola\/\"},{\"@type\":\"ListItem\",\"position\":2,\"name\":\"Seg\u00edts\u00e9g nyolcadikosoknak\"}]},{\"@type\":\"WebSite\",\"@id\":\"https:\/\/szekacs.lutheran.hu\/iskola\/#website\",\"url\":\"https:\/\/szekacs.lutheran.hu\/iskola\/\",\"name\":\"Sz\u00e9k\u00e1cs J\u00f3zsef Evang\u00e9likus \u00d3voda, \u00c1ltal\u00e1nos Iskola \u00e9s Gimn\u00e1zium\",\"description\":\"\",\"potentialAction\":[{\"@type\":\"SearchAction\",\"target\":{\"@type\":\"EntryPoint\",\"urlTemplate\":\"https:\/\/szekacs.lutheran.hu\/iskola\/?s={search_term_string}\"},\"query-input\":{\"@type\":\"PropertyValueSpecification\",\"valueRequired\":true,\"valueName\":\"search_term_string\"}}],\"inLanguage\":\"hu\"},{\"@type\":\"Person\",\"@id\":\"https:\/\/szekacs.lutheran.hu\/iskola\/#\/schema\/person\/c2ed2e14631babb098c586494bc7d5df\",\"name\":\"admin\",\"image\":{\"@type\":\"ImageObject\",\"inLanguage\":\"hu\",\"@id\":\"https:\/\/szekacs.lutheran.hu\/iskola\/#\/schema\/person\/image\/\",\"url\":\"https:\/\/secure.gravatar.com\/avatar\/2d9a947cd9a162ca4e5eb73e817e43edd8dcbc6e501b39fb999fb53d65e181f4?s=96&d=mm&r=g\",\"contentUrl\":\"https:\/\/secure.gravatar.com\/avatar\/2d9a947cd9a162ca4e5eb73e817e43edd8dcbc6e501b39fb999fb53d65e181f4?s=96&d=mm&r=g\",\"caption\":\"admin\"},\"url\":\"https:\/\/szekacs.lutheran.hu\/iskola\/author\/admin\/\"}]}<\/script>\n<!-- \/ Yoast SEO plugin. -->","yoast_head_json":{"title":"Seg\u00edts\u00e9g nyolcadikosoknak - Sz\u00e9k\u00e1cs J\u00f3zsef Evang\u00e9likus \u00d3voda, \u00c1ltal\u00e1nos Iskola \u00e9s Gimn\u00e1zium","robots":{"index":"index","follow":"follow","max-snippet":"max-snippet:-1","max-image-preview":"max-image-preview:large","max-video-preview":"max-video-preview:-1"},"canonical":"https:\/\/szekacs.lutheran.hu\/iskola\/segitseg-nyolcadikosoknak\/","og_locale":"hu_HU","og_type":"article","og_title":"Seg\u00edts\u00e9g nyolcadikosoknak - Sz\u00e9k\u00e1cs J\u00f3zsef Evang\u00e9likus \u00d3voda, \u00c1ltal\u00e1nos Iskola \u00e9s Gimn\u00e1zium","og_description":"Van, aki nehezen d\u00f6nt. Van, aki m\u00e9g bizonytalan. Van, akinek m\u00e9g k\u00e9rd\u00e9sei vannak. Van v\u00e1laszunk! Az itt l\u00e1that\u00f3 vide\u00f3ban a...","og_url":"https:\/\/szekacs.lutheran.hu\/iskola\/segitseg-nyolcadikosoknak\/","og_site_name":"Sz\u00e9k\u00e1cs J\u00f3zsef Evang\u00e9likus \u00d3voda, \u00c1ltal\u00e1nos Iskola \u00e9s Gimn\u00e1zium","article_published_time":"2021-01-11T13:28:32+00:00","article_modified_time":"2021-01-11T13:28:34+00:00","og_image":[{"width":1108,"height":661,"url":"https:\/\/szekacs.lutheran.hu\/iskola\/wp-content\/uploads\/2021\/01\/nyolcadikosoknak-.png","type":"image\/png"}],"author":"admin","twitter_card":"summary_large_image","twitter_misc":{"Szerz\u0151:":"admin"},"schema":{"@context":"https:\/\/schema.org","@graph":[{"@type":"WebPage","@id":"https:\/\/szekacs.lutheran.hu\/iskola\/segitseg-nyolcadikosoknak\/","url":"https:\/\/szekacs.lutheran.hu\/iskola\/segitseg-nyolcadikosoknak\/","name":"Seg\u00edts\u00e9g nyolcadikosoknak - Sz\u00e9k\u00e1cs J\u00f3zsef Evang\u00e9likus \u00d3voda, \u00c1ltal\u00e1nos Iskola \u00e9s Gimn\u00e1zium","isPartOf":{"@id":"https:\/\/szekacs.lutheran.hu\/iskola\/#website"},"primaryImageOfPage":{"@id":"https:\/\/szekacs.lutheran.hu\/iskola\/segitseg-nyolcadikosoknak\/#primaryimage"},"image":{"@id":"https:\/\/szekacs.lutheran.hu\/iskola\/segitseg-nyolcadikosoknak\/#primaryimage"},"thumbnailUrl":"https:\/\/szekacs.lutheran.hu\/iskola\/wp-content\/uploads\/2021\/01\/nyolcadikosoknak-.png","datePublished":"2021-01-11T13:28:32+00:00","dateModified":"2021-01-11T13:28:34+00:00","author":{"@id":"https:\/\/szekacs.lutheran.hu\/iskola\/#\/schema\/person\/c2ed2e14631babb098c586494bc7d5df"},"breadcrumb":{"@id":"https:\/\/szekacs.lutheran.hu\/iskola\/segitseg-nyolcadikosoknak\/#breadcrumb"},"inLanguage":"hu","potentialAction":[{"@type":"ReadAction","target":["https:\/\/szekacs.lutheran.hu\/iskola\/segitseg-nyolcadikosoknak\/"]}]},{"@type":"ImageObject","inLanguage":"hu","@id":"https:\/\/szekacs.lutheran.hu\/iskola\/segitseg-nyolcadikosoknak\/#primaryimage","url":"https:\/\/szekacs.lutheran.hu\/iskola\/wp-content\/uploads\/2021\/01\/nyolcadikosoknak-.png","contentUrl":"https:\/\/szekacs.lutheran.hu\/iskola\/wp-content\/uploads\/2021\/01\/nyolcadikosoknak-.png","width":1108,"height":661},{"@type":"BreadcrumbList","@id":"https:\/\/szekacs.lutheran.hu\/iskola\/segitseg-nyolcadikosoknak\/#breadcrumb","itemListElement":[{"@type":"ListItem","position":1,"name":"Home","item":"https:\/\/szekacs.lutheran.hu\/iskola\/"},{"@type":"ListItem","position":2,"name":"Seg\u00edts\u00e9g nyolcadikosoknak"}]},{"@type":"WebSite","@id":"https:\/\/szekacs.lutheran.hu\/iskola\/#website","url":"https:\/\/szekacs.lutheran.hu\/iskola\/","name":"Sz\u00e9k\u00e1cs J\u00f3zsef Evang\u00e9likus \u00d3voda, \u00c1ltal\u00e1nos Iskola \u00e9s Gimn\u00e1zium","description":"","potentialAction":[{"@type":"SearchAction","target":{"@type":"EntryPoint","urlTemplate":"https:\/\/szekacs.lutheran.hu\/iskola\/?s={search_term_string}"},"query-input":{"@type":"PropertyValueSpecification","valueRequired":true,"valueName":"search_term_string"}}],"inLanguage":"hu"},{"@type":"Person","@id":"https:\/\/szekacs.lutheran.hu\/iskola\/#\/schema\/person\/c2ed2e14631babb098c586494bc7d5df","name":"admin","image":{"@type":"ImageObject","inLanguage":"hu","@id":"https:\/\/szekacs.lutheran.hu\/iskola\/#\/schema\/person\/image\/","url":"https:\/\/secure.gravatar.com\/avatar\/2d9a947cd9a162ca4e5eb73e817e43edd8dcbc6e501b39fb999fb53d65e181f4?s=96&d=mm&r=g","contentUrl":"https:\/\/secure.gravatar.com\/avatar\/2d9a947cd9a162ca4e5eb73e817e43edd8dcbc6e501b39fb999fb53d65e181f4?s=96&d=mm&r=g","caption":"admin"},"url":"https:\/\/szekacs.lutheran.hu\/iskola\/author\/admin\/"}]}},"_links":{"self":[{"href":"https:\/\/szekacs.lutheran.hu\/iskola\/wp-json\/wp\/v2\/posts\/22867","targetHints":{"allow":["GET"]}}],"collection":[{"href":"https:\/\/szekacs.lutheran.hu\/iskola\/wp-json\/wp\/v2\/posts"}],"about":[{"href":"https:\/\/szekacs.lutheran.hu\/iskola\/wp-json\/wp\/v2\/types\/post"}],"author":[{"embeddable":true,"href":"https:\/\/szekacs.lutheran.hu\/iskola\/wp-json\/wp\/v2\/users\/1"}],"replies":[{"embeddable":true,"href":"https:\/\/szekacs.lutheran.hu\/iskola\/wp-json\/wp\/v2\/comments?post=22867"}],"version-history":[{"count":1,"href":"https:\/\/szekacs.lutheran.hu\/iskola\/wp-json\/wp\/v2\/posts\/22867\/revisions"}],"predecessor-version":[{"id":22868,"href":"https:\/\/szekacs.lutheran.hu\/iskola\/wp-json\/wp\/v2\/posts\/22867\/revisions\/22868"}],"wp:featuredmedia":[{"embeddable":true,"href":"https:\/\/szekacs.lutheran.hu\/iskola\/wp-json\/wp\/v2\/media\/22850"}],"wp:attachment":[{"href":"https:\/\/szekacs.lutheran.hu\/iskola\/wp-json\/wp\/v2\/media?parent=22867"}],"wp:term":[{"taxonomy":"category","embeddable":true,"href":"https:\/\/szekacs.lutheran.hu\/iskola\/wp-json\/wp\/v2\/categories?post=22867"},{"taxonomy":"post_tag","embeddable":true,"href":"https:\/\/szekacs.lutheran.hu\/iskola\/wp-json\/wp\/v2\/tags?post=22867"}],"curies":[{"name":"wp","href":"https:\/\/api.w.org\/{rel}","templated":true}]}}