{"id":22862,"date":"2021-01-08T11:45:55","date_gmt":"2021-01-08T11:45:55","guid":{"rendered":"https:\/\/szekacs.lutheran.hu\/iskola\/?p=22862"},"modified":"2021-01-08T11:45:58","modified_gmt":"2021-01-08T11:45:58","slug":"nagycsoportosoknak","status":"publish","type":"post","link":"https:\/\/szekacs.lutheran.hu\/iskola\/nagycsoportosoknak\/","title":{"rendered":"Nagycsoportosoknak"},"content":{"rendered":"\n<p>A  tan\u00edt\u00f3 n\u00e9nik m\u00e1r nagy izgalommal v\u00e1rj\u00e1k az iskol\u00e1ba k\u00e9sz\u00fcl\u0151 nagycsoportos \u00f3vod\u00e1sokat, b\u00e1r egyel\u0151re a kapukat m\u00e9g nem nyithatjuk ki.  <\/p>\n\n\n\n<p>A szem\u00e9lyes tal\u00e1lkoz\u00e1sig is szeretettel gondolunk a csal\u00e1dokra, akik \u00e9let\u00fck egy fontos d\u00f6nt\u00e9s\u00e9t hozz\u00e1k meg, amikor iskol\u00e1ba \u00edratj\u00e1k gyermek\u00fcket. <\/p>\n\n\n\n<p>J\u00f3 sz\u00edvvel aj\u00e1nljuk a Sz\u00e9k\u00e1cs Evang\u00e9likus Iskol\u00e1t mindenkinek, aki szeretn\u00e9, ha gyermeke a sz\u00ednvonalas oktat\u00e1s mellett lelki t\u00e1mogat\u00e1ssal \u00e9s erk\u00f6lcsi \u00e9rt\u00e9kekkel is gazdagodna az iskolapadban. <\/p>\n\n\n\n<p>Amit k\u00edn\u00e1lunk:<\/p>\n\n\n\n<ul class=\"wp-block-list\"><li>Stabil lelki t\u00e1mogat\u00e1s, hiszen a tan\u00edt\u00f3 n\u00e9nik 4. oszt\u00e1ly v\u00e9g\u00e9ig a gyermekekkel maradnak.<\/li><li>Sz\u00ednes programok az iskola szervez\u00e9s\u00e9ben.<\/li><li>Aerobic, asztalitenisz \u00e9s v\u00edv\u00e1s a mindennapos testnevel\u00e9s keret\u00e9n bel\u00fcl.<\/li><li>Sz\u00ednvonalas idegennyelv-oktat\u00e1s.<\/li><li>Gyermekk\u00f6zpont\u00fa nevel\u00e9s sok m\u00f3k\u00e1val \u00e9s kacag\u00e1ssal. <\/li><li>Kiv\u00e1l\u00f3 tan\u00edt\u00f3k, akiknek hitvall\u00e1sa, hogy tan\u00edtani sz\u00edvb\u0151l lehet igaz\u00e1n.<\/li><\/ul>\n\n\n\n<p>Az \u00e1ltal\u00e1nos iskolai beiratkoz\u00e1s id\u0151pontja: 2021. \u00e1prilis 15-16. <\/p>\n\n\n\n<p style=\"text-align:center\">V\u00e1rjuk a jelentkez\u0151ket!<\/p>\n\n\n\n<p>A leend\u0151 els\u0151s tan\u00edt\u00f3 n\u00e9nik:<\/p>\n\n\n\n<p style=\"text-align:center\">1.a oszt\u00e1ly: Szenczi Mariann \u00e9s Nagyp\u00e1l T\u00fcnde<\/p>\n\n\n\n<p style=\"text-align:center\">1.b oszt\u00e1ly: Orb\u00e1nn\u00e9 Kov\u00e1cs Ilona \u00e9s Csehin\u00e9 Gy\u00f6mrei \u00c9va<\/p>\n\n\n\n<figure class=\"wp-block-image\"><img loading=\"lazy\" decoding=\"async\" width=\"768\" height=\"1024\" src=\"https:\/\/szekacs.lutheran.hu\/iskola\/wp-content\/uploads\/2021\/01\/Sz\u00e9k\u00e1cs-plak\u00e1t-2021-768x1024.jpg\" alt=\"\" class=\"wp-image-22864\" srcset=\"https:\/\/szekacs.lutheran.hu\/iskola\/wp-content\/uploads\/2021\/01\/Sz\u00e9k\u00e1cs-plak\u00e1t-2021-768x1024.jpg 768w, https:\/\/szekacs.lutheran.hu\/iskola\/wp-content\/uploads\/2021\/01\/Sz\u00e9k\u00e1cs-plak\u00e1t-2021-225x300.jpg 225w, https:\/\/szekacs.lutheran.hu\/iskola\/wp-content\/uploads\/2021\/01\/Sz\u00e9k\u00e1cs-plak\u00e1t-2021-580x773.jpg 580w, https:\/\/szekacs.lutheran.hu\/iskola\/wp-content\/uploads\/2021\/01\/Sz\u00e9k\u00e1cs-plak\u00e1t-2021-860x1147.jpg 860w, https:\/\/szekacs.lutheran.hu\/iskola\/wp-content\/uploads\/2021\/01\/Sz\u00e9k\u00e1cs-plak\u00e1t-2021.jpg 1008w\" sizes=\"auto, (max-width: 768px) 100vw, 768px\" \/><\/figure>\n","protected":false},"excerpt":{"rendered":"<p>A tan\u00edt\u00f3 n\u00e9nik m\u00e1r nagy izgalommal v\u00e1rj\u00e1k az iskol\u00e1ba k\u00e9sz\u00fcl\u0151 nagycsoportos \u00f3vod\u00e1sokat, b\u00e1r egyel\u0151re a kapukat m\u00e9g nem nyithatjuk ki&#8230;.<\/p>\n","protected":false},"author":1,"featured_media":22863,"comment_status":"closed","ping_status":"closed","sticky":false,"template":"","format":"standard","meta":{"footnotes":""},"categories":[42,44],"tags":[],"class_list":["post-22862","post","type-post","status-publish","format-standard","has-post-thumbnail","hentry","category-aktualis","category-leendo-diakjainknak"],"yoast_head":"<!-- This site is optimized with the Yoast SEO plugin v26.2 - https:\/\/yoast.com\/wordpress\/plugins\/seo\/ -->\n<title>Nagycsoportosoknak - Sz\u00e9k\u00e1cs J\u00f3zsef Evang\u00e9likus \u00d3voda, \u00c1ltal\u00e1nos Iskola \u00e9s Gimn\u00e1zium<\/title>\n<meta name=\"robots\" content=\"index, follow, max-snippet:-1, max-image-preview:large, max-video-preview:-1\" \/>\n<link rel=\"canonical\" href=\"https:\/\/szekacs.lutheran.hu\/iskola\/nagycsoportosoknak\/\" \/>\n<meta property=\"og:locale\" content=\"hu_HU\" \/>\n<meta property=\"og:type\" content=\"article\" \/>\n<meta property=\"og:title\" content=\"Nagycsoportosoknak - Sz\u00e9k\u00e1cs J\u00f3zsef Evang\u00e9likus \u00d3voda, \u00c1ltal\u00e1nos Iskola \u00e9s Gimn\u00e1zium\" \/>\n<meta property=\"og:description\" content=\"A tan\u00edt\u00f3 n\u00e9nik m\u00e1r nagy izgalommal v\u00e1rj\u00e1k az iskol\u00e1ba k\u00e9sz\u00fcl\u0151 nagycsoportos \u00f3vod\u00e1sokat, b\u00e1r egyel\u0151re a kapukat m\u00e9g nem nyithatjuk ki....\" \/>\n<meta property=\"og:url\" content=\"https:\/\/szekacs.lutheran.hu\/iskola\/nagycsoportosoknak\/\" \/>\n<meta property=\"og:site_name\" content=\"Sz\u00e9k\u00e1cs J\u00f3zsef Evang\u00e9likus \u00d3voda, \u00c1ltal\u00e1nos Iskola \u00e9s Gimn\u00e1zium\" \/>\n<meta property=\"article:published_time\" content=\"2021-01-08T11:45:55+00:00\" \/>\n<meta property=\"article:modified_time\" content=\"2021-01-08T11:45:58+00:00\" \/>\n<meta property=\"og:image\" content=\"https:\/\/szekacs.lutheran.hu\/iskola\/wp-content\/uploads\/2021\/01\/tan\u00edt\u00f3k-FB-ra.jpg\" \/>\n\t<meta property=\"og:image:width\" content=\"1280\" \/>\n\t<meta property=\"og:image:height\" content=\"720\" \/>\n\t<meta property=\"og:image:type\" content=\"image\/jpeg\" \/>\n<meta name=\"author\" content=\"admin\" \/>\n<meta name=\"twitter:card\" content=\"summary_large_image\" \/>\n<meta name=\"twitter:label1\" content=\"Szerz\u0151:\" \/>\n\t<meta name=\"twitter:data1\" content=\"admin\" \/>\n\t<meta name=\"twitter:label2\" content=\"Becs\u00fclt olvas\u00e1si id\u0151\" \/>\n\t<meta name=\"twitter:data2\" content=\"1 perc\" \/>\n<script type=\"application\/ld+json\" class=\"yoast-schema-graph\">{\"@context\":\"https:\/\/schema.org\",\"@graph\":[{\"@type\":\"WebPage\",\"@id\":\"https:\/\/szekacs.lutheran.hu\/iskola\/nagycsoportosoknak\/\",\"url\":\"https:\/\/szekacs.lutheran.hu\/iskola\/nagycsoportosoknak\/\",\"name\":\"Nagycsoportosoknak - Sz\u00e9k\u00e1cs J\u00f3zsef Evang\u00e9likus \u00d3voda, \u00c1ltal\u00e1nos Iskola \u00e9s Gimn\u00e1zium\",\"isPartOf\":{\"@id\":\"https:\/\/szekacs.lutheran.hu\/iskola\/#website\"},\"primaryImageOfPage\":{\"@id\":\"https:\/\/szekacs.lutheran.hu\/iskola\/nagycsoportosoknak\/#primaryimage\"},\"image\":{\"@id\":\"https:\/\/szekacs.lutheran.hu\/iskola\/nagycsoportosoknak\/#primaryimage\"},\"thumbnailUrl\":\"https:\/\/szekacs.lutheran.hu\/iskola\/wp-content\/uploads\/2021\/01\/tan\u00edt\u00f3k-FB-ra.jpg\",\"datePublished\":\"2021-01-08T11:45:55+00:00\",\"dateModified\":\"2021-01-08T11:45:58+00:00\",\"author\":{\"@id\":\"https:\/\/szekacs.lutheran.hu\/iskola\/#\/schema\/person\/c2ed2e14631babb098c586494bc7d5df\"},\"breadcrumb\":{\"@id\":\"https:\/\/szekacs.lutheran.hu\/iskola\/nagycsoportosoknak\/#breadcrumb\"},\"inLanguage\":\"hu\",\"potentialAction\":[{\"@type\":\"ReadAction\",\"target\":[\"https:\/\/szekacs.lutheran.hu\/iskola\/nagycsoportosoknak\/\"]}]},{\"@type\":\"ImageObject\",\"inLanguage\":\"hu\",\"@id\":\"https:\/\/szekacs.lutheran.hu\/iskola\/nagycsoportosoknak\/#primaryimage\",\"url\":\"https:\/\/szekacs.lutheran.hu\/iskola\/wp-content\/uploads\/2021\/01\/tan\u00edt\u00f3k-FB-ra.jpg\",\"contentUrl\":\"https:\/\/szekacs.lutheran.hu\/iskola\/wp-content\/uploads\/2021\/01\/tan\u00edt\u00f3k-FB-ra.jpg\",\"width\":1280,\"height\":720},{\"@type\":\"BreadcrumbList\",\"@id\":\"https:\/\/szekacs.lutheran.hu\/iskola\/nagycsoportosoknak\/#breadcrumb\",\"itemListElement\":[{\"@type\":\"ListItem\",\"position\":1,\"name\":\"Home\",\"item\":\"https:\/\/szekacs.lutheran.hu\/iskola\/\"},{\"@type\":\"ListItem\",\"position\":2,\"name\":\"Nagycsoportosoknak\"}]},{\"@type\":\"WebSite\",\"@id\":\"https:\/\/szekacs.lutheran.hu\/iskola\/#website\",\"url\":\"https:\/\/szekacs.lutheran.hu\/iskola\/\",\"name\":\"Sz\u00e9k\u00e1cs J\u00f3zsef Evang\u00e9likus \u00d3voda, \u00c1ltal\u00e1nos Iskola \u00e9s Gimn\u00e1zium\",\"description\":\"\",\"potentialAction\":[{\"@type\":\"SearchAction\",\"target\":{\"@type\":\"EntryPoint\",\"urlTemplate\":\"https:\/\/szekacs.lutheran.hu\/iskola\/?s={search_term_string}\"},\"query-input\":{\"@type\":\"PropertyValueSpecification\",\"valueRequired\":true,\"valueName\":\"search_term_string\"}}],\"inLanguage\":\"hu\"},{\"@type\":\"Person\",\"@id\":\"https:\/\/szekacs.lutheran.hu\/iskola\/#\/schema\/person\/c2ed2e14631babb098c586494bc7d5df\",\"name\":\"admin\",\"image\":{\"@type\":\"ImageObject\",\"inLanguage\":\"hu\",\"@id\":\"https:\/\/szekacs.lutheran.hu\/iskola\/#\/schema\/person\/image\/\",\"url\":\"https:\/\/secure.gravatar.com\/avatar\/2d9a947cd9a162ca4e5eb73e817e43edd8dcbc6e501b39fb999fb53d65e181f4?s=96&d=mm&r=g\",\"contentUrl\":\"https:\/\/secure.gravatar.com\/avatar\/2d9a947cd9a162ca4e5eb73e817e43edd8dcbc6e501b39fb999fb53d65e181f4?s=96&d=mm&r=g\",\"caption\":\"admin\"},\"url\":\"https:\/\/szekacs.lutheran.hu\/iskola\/author\/admin\/\"}]}<\/script>\n<!-- \/ Yoast SEO plugin. -->","yoast_head_json":{"title":"Nagycsoportosoknak - Sz\u00e9k\u00e1cs J\u00f3zsef Evang\u00e9likus \u00d3voda, \u00c1ltal\u00e1nos Iskola \u00e9s Gimn\u00e1zium","robots":{"index":"index","follow":"follow","max-snippet":"max-snippet:-1","max-image-preview":"max-image-preview:large","max-video-preview":"max-video-preview:-1"},"canonical":"https:\/\/szekacs.lutheran.hu\/iskola\/nagycsoportosoknak\/","og_locale":"hu_HU","og_type":"article","og_title":"Nagycsoportosoknak - Sz\u00e9k\u00e1cs J\u00f3zsef Evang\u00e9likus \u00d3voda, \u00c1ltal\u00e1nos Iskola \u00e9s Gimn\u00e1zium","og_description":"A tan\u00edt\u00f3 n\u00e9nik m\u00e1r nagy izgalommal v\u00e1rj\u00e1k az iskol\u00e1ba k\u00e9sz\u00fcl\u0151 nagycsoportos \u00f3vod\u00e1sokat, b\u00e1r egyel\u0151re a kapukat m\u00e9g nem nyithatjuk ki....","og_url":"https:\/\/szekacs.lutheran.hu\/iskola\/nagycsoportosoknak\/","og_site_name":"Sz\u00e9k\u00e1cs J\u00f3zsef Evang\u00e9likus \u00d3voda, \u00c1ltal\u00e1nos Iskola \u00e9s Gimn\u00e1zium","article_published_time":"2021-01-08T11:45:55+00:00","article_modified_time":"2021-01-08T11:45:58+00:00","og_image":[{"width":1280,"height":720,"url":"https:\/\/szekacs.lutheran.hu\/iskola\/wp-content\/uploads\/2021\/01\/tan\u00edt\u00f3k-FB-ra.jpg","type":"image\/jpeg"}],"author":"admin","twitter_card":"summary_large_image","twitter_misc":{"Szerz\u0151:":"admin","Becs\u00fclt olvas\u00e1si id\u0151":"1 perc"},"schema":{"@context":"https:\/\/schema.org","@graph":[{"@type":"WebPage","@id":"https:\/\/szekacs.lutheran.hu\/iskola\/nagycsoportosoknak\/","url":"https:\/\/szekacs.lutheran.hu\/iskola\/nagycsoportosoknak\/","name":"Nagycsoportosoknak - Sz\u00e9k\u00e1cs J\u00f3zsef Evang\u00e9likus \u00d3voda, \u00c1ltal\u00e1nos Iskola \u00e9s Gimn\u00e1zium","isPartOf":{"@id":"https:\/\/szekacs.lutheran.hu\/iskola\/#website"},"primaryImageOfPage":{"@id":"https:\/\/szekacs.lutheran.hu\/iskola\/nagycsoportosoknak\/#primaryimage"},"image":{"@id":"https:\/\/szekacs.lutheran.hu\/iskola\/nagycsoportosoknak\/#primaryimage"},"thumbnailUrl":"https:\/\/szekacs.lutheran.hu\/iskola\/wp-content\/uploads\/2021\/01\/tan\u00edt\u00f3k-FB-ra.jpg","datePublished":"2021-01-08T11:45:55+00:00","dateModified":"2021-01-08T11:45:58+00:00","author":{"@id":"https:\/\/szekacs.lutheran.hu\/iskola\/#\/schema\/person\/c2ed2e14631babb098c586494bc7d5df"},"breadcrumb":{"@id":"https:\/\/szekacs.lutheran.hu\/iskola\/nagycsoportosoknak\/#breadcrumb"},"inLanguage":"hu","potentialAction":[{"@type":"ReadAction","target":["https:\/\/szekacs.lutheran.hu\/iskola\/nagycsoportosoknak\/"]}]},{"@type":"ImageObject","inLanguage":"hu","@id":"https:\/\/szekacs.lutheran.hu\/iskola\/nagycsoportosoknak\/#primaryimage","url":"https:\/\/szekacs.lutheran.hu\/iskola\/wp-content\/uploads\/2021\/01\/tan\u00edt\u00f3k-FB-ra.jpg","contentUrl":"https:\/\/szekacs.lutheran.hu\/iskola\/wp-content\/uploads\/2021\/01\/tan\u00edt\u00f3k-FB-ra.jpg","width":1280,"height":720},{"@type":"BreadcrumbList","@id":"https:\/\/szekacs.lutheran.hu\/iskola\/nagycsoportosoknak\/#breadcrumb","itemListElement":[{"@type":"ListItem","position":1,"name":"Home","item":"https:\/\/szekacs.lutheran.hu\/iskola\/"},{"@type":"ListItem","position":2,"name":"Nagycsoportosoknak"}]},{"@type":"WebSite","@id":"https:\/\/szekacs.lutheran.hu\/iskola\/#website","url":"https:\/\/szekacs.lutheran.hu\/iskola\/","name":"Sz\u00e9k\u00e1cs J\u00f3zsef Evang\u00e9likus \u00d3voda, \u00c1ltal\u00e1nos Iskola \u00e9s Gimn\u00e1zium","description":"","potentialAction":[{"@type":"SearchAction","target":{"@type":"EntryPoint","urlTemplate":"https:\/\/szekacs.lutheran.hu\/iskola\/?s={search_term_string}"},"query-input":{"@type":"PropertyValueSpecification","valueRequired":true,"valueName":"search_term_string"}}],"inLanguage":"hu"},{"@type":"Person","@id":"https:\/\/szekacs.lutheran.hu\/iskola\/#\/schema\/person\/c2ed2e14631babb098c586494bc7d5df","name":"admin","image":{"@type":"ImageObject","inLanguage":"hu","@id":"https:\/\/szekacs.lutheran.hu\/iskola\/#\/schema\/person\/image\/","url":"https:\/\/secure.gravatar.com\/avatar\/2d9a947cd9a162ca4e5eb73e817e43edd8dcbc6e501b39fb999fb53d65e181f4?s=96&d=mm&r=g","contentUrl":"https:\/\/secure.gravatar.com\/avatar\/2d9a947cd9a162ca4e5eb73e817e43edd8dcbc6e501b39fb999fb53d65e181f4?s=96&d=mm&r=g","caption":"admin"},"url":"https:\/\/szekacs.lutheran.hu\/iskola\/author\/admin\/"}]}},"_links":{"self":[{"href":"https:\/\/szekacs.lutheran.hu\/iskola\/wp-json\/wp\/v2\/posts\/22862","targetHints":{"allow":["GET"]}}],"collection":[{"href":"https:\/\/szekacs.lutheran.hu\/iskola\/wp-json\/wp\/v2\/posts"}],"about":[{"href":"https:\/\/szekacs.lutheran.hu\/iskola\/wp-json\/wp\/v2\/types\/post"}],"author":[{"embeddable":true,"href":"https:\/\/szekacs.lutheran.hu\/iskola\/wp-json\/wp\/v2\/users\/1"}],"replies":[{"embeddable":true,"href":"https:\/\/szekacs.lutheran.hu\/iskola\/wp-json\/wp\/v2\/comments?post=22862"}],"version-history":[{"count":1,"href":"https:\/\/szekacs.lutheran.hu\/iskola\/wp-json\/wp\/v2\/posts\/22862\/revisions"}],"predecessor-version":[{"id":22865,"href":"https:\/\/szekacs.lutheran.hu\/iskola\/wp-json\/wp\/v2\/posts\/22862\/revisions\/22865"}],"wp:featuredmedia":[{"embeddable":true,"href":"https:\/\/szekacs.lutheran.hu\/iskola\/wp-json\/wp\/v2\/media\/22863"}],"wp:attachment":[{"href":"https:\/\/szekacs.lutheran.hu\/iskola\/wp-json\/wp\/v2\/media?parent=22862"}],"wp:term":[{"taxonomy":"category","embeddable":true,"href":"https:\/\/szekacs.lutheran.hu\/iskola\/wp-json\/wp\/v2\/categories?post=22862"},{"taxonomy":"post_tag","embeddable":true,"href":"https:\/\/szekacs.lutheran.hu\/iskola\/wp-json\/wp\/v2\/tags?post=22862"}],"curies":[{"name":"wp","href":"https:\/\/api.w.org\/{rel}","templated":true}]}}