{"id":22735,"date":"2020-11-07T05:52:44","date_gmt":"2020-11-07T05:52:44","guid":{"rendered":"https:\/\/szekacs.lutheran.hu\/iskola\/?p=22735"},"modified":"2020-11-21T17:00:22","modified_gmt":"2020-11-21T17:00:22","slug":"fotozz-25-ot","status":"publish","type":"post","link":"https:\/\/szekacs.lutheran.hu\/iskola\/fotozz-25-ot\/","title":{"rendered":"Fot\u00f3zz 25-\u00f6t!"},"content":{"rendered":"\n<p>\nA Sz\u00e9k\u00e1cs J\u00f3zsef Evang\u00e9likus \u00d3voda, \u00c1ltal\u00e1nos Iskola \u00e9s Gimn\u00e1zium 25. jubileumi tan\u00e9v\u00e9nek alkalm\u00e1b\u00f3l meghirdeti \u201eFot\u00f3zz 25-\u00f6t!\u201d p\u00e1ly\u00e1zat\u00e1t<\/p>\n\n\n\n<p>Keress az iskol\u00e1ban, \u00f3vod\u00e1ban, Orosh\u00e1z\u00e1n, k\u00f6nyvben, hirdet\u0151t\u00e1bl\u00e1n, filmben, B\u00c1RHOL 25-\u00f6s sz\u00e1mot, fot\u00f3zz le min\u00e9l t\u00f6bbet, posztold egy k\u00e9pben (mont\u00e1zsban) a Facebook-felh\u00edv\u00e1s alatt hozz\u00e1sz\u00f3l\u00e1sk\u00e9nt \u00e9s NYERJ! D\u00edjazzuk a kreativit\u00e1st, az egyedi fot\u00f3kat \u00e9s a szorgalmat is.<\/p>\n\n\n\n<p>R\u00e9sztvev\u0151i lehetnek:<\/p>\n\n\n\n<ul class=\"wp-block-list\"><li>554 di\u00e1k,<\/li><li>64 tan\u00e1r,<\/li><li>28 technikai dolgoz\u00f3,<\/li><li>13 \u00f3v\u00f3n\u00e9ni,<\/li><li>6 \u00f3vodai csoport,<\/li><\/ul>\n\n\n\n<p>s\u0151t SZ\u00c9K\u00c1CSOS SZ\u00dcL\u0150K JELENTKEZ\u00c9S\u00c9T IS V\u00c1RJUK!<\/p>\n\n\n\n<p>Nyerem\u00e9nyek:<\/p>\n\n\n\n<ul class=\"wp-block-list\"><li>Torta, \u00f3ri\u00e1s pizza, sz\u00fcnetekben limon\u00e1d\u00e9 \u00e9s forr\u00f3 tea, kupon a b\u00fcf\u00e9 finoms\u00e1gaihoz, vacsora 2 f\u0151 r\u00e9sz\u00e9re (ak\u00e1r kisz\u00e1ll\u00edt\u00e1ssal is a La\u2019Rosa Pizz\u00e9ria \u00e9s \u00c9tteremb\u0151l).<\/li><li>A bek\u00fcld\u0151k k\u00f6z\u00f6tt 1db M\u00e1rton-napi lib\u00e1t sorsolunk ki.<\/li><\/ul>\n\n\n\n<p>Bek\u00fcld\u00e9si hat\u00e1rid\u0151: 2020. nov. 30.<\/p>\n","protected":false},"excerpt":{"rendered":"<p>A Sz\u00e9k\u00e1cs J\u00f3zsef Evang\u00e9likus \u00d3voda, \u00c1ltal\u00e1nos Iskola \u00e9s Gimn\u00e1zium 25. jubileumi tan\u00e9v\u00e9nek alkalm\u00e1b\u00f3l meghirdeti \u201eFot\u00f3zz 25-\u00f6t!\u201d p\u00e1ly\u00e1zat\u00e1t Keress az iskol\u00e1ban,&#8230;<\/p>\n","protected":false},"author":1,"featured_media":22736,"comment_status":"closed","ping_status":"closed","sticky":false,"template":"","format":"standard","meta":{"footnotes":""},"categories":[42],"tags":[],"class_list":["post-22735","post","type-post","status-publish","format-standard","has-post-thumbnail","hentry","category-aktualis"],"yoast_head":"<!-- This site is optimized with the Yoast SEO plugin v26.2 - https:\/\/yoast.com\/wordpress\/plugins\/seo\/ -->\n<title>Fot\u00f3zz 25-\u00f6t! - Sz\u00e9k\u00e1cs J\u00f3zsef Evang\u00e9likus \u00d3voda, \u00c1ltal\u00e1nos Iskola \u00e9s Gimn\u00e1zium<\/title>\n<meta name=\"robots\" content=\"index, follow, max-snippet:-1, max-image-preview:large, max-video-preview:-1\" \/>\n<link rel=\"canonical\" href=\"https:\/\/szekacs.lutheran.hu\/iskola\/fotozz-25-ot\/\" \/>\n<meta property=\"og:locale\" content=\"hu_HU\" \/>\n<meta property=\"og:type\" content=\"article\" \/>\n<meta property=\"og:title\" content=\"Fot\u00f3zz 25-\u00f6t! - Sz\u00e9k\u00e1cs J\u00f3zsef Evang\u00e9likus \u00d3voda, \u00c1ltal\u00e1nos Iskola \u00e9s Gimn\u00e1zium\" \/>\n<meta property=\"og:description\" content=\"A Sz\u00e9k\u00e1cs J\u00f3zsef Evang\u00e9likus \u00d3voda, \u00c1ltal\u00e1nos Iskola \u00e9s Gimn\u00e1zium 25. jubileumi tan\u00e9v\u00e9nek alkalm\u00e1b\u00f3l meghirdeti \u201eFot\u00f3zz 25-\u00f6t!\u201d p\u00e1ly\u00e1zat\u00e1t Keress az iskol\u00e1ban,...\" \/>\n<meta property=\"og:url\" content=\"https:\/\/szekacs.lutheran.hu\/iskola\/fotozz-25-ot\/\" \/>\n<meta property=\"og:site_name\" content=\"Sz\u00e9k\u00e1cs J\u00f3zsef Evang\u00e9likus \u00d3voda, \u00c1ltal\u00e1nos Iskola \u00e9s Gimn\u00e1zium\" \/>\n<meta property=\"article:published_time\" content=\"2020-11-07T05:52:44+00:00\" \/>\n<meta property=\"article:modified_time\" content=\"2020-11-21T17:00:22+00:00\" \/>\n<meta property=\"og:image\" content=\"https:\/\/szekacs.lutheran.hu\/iskola\/wp-content\/uploads\/2020\/11\/Fotozz-25.png\" \/>\n\t<meta property=\"og:image:width\" content=\"1920\" \/>\n\t<meta property=\"og:image:height\" content=\"1080\" \/>\n\t<meta property=\"og:image:type\" content=\"image\/png\" \/>\n<meta name=\"author\" content=\"admin\" \/>\n<meta name=\"twitter:card\" content=\"summary_large_image\" \/>\n<meta name=\"twitter:label1\" content=\"Szerz\u0151:\" \/>\n\t<meta name=\"twitter:data1\" content=\"admin\" \/>\n\t<meta name=\"twitter:label2\" content=\"Becs\u00fclt olvas\u00e1si id\u0151\" \/>\n\t<meta name=\"twitter:data2\" content=\"1 perc\" \/>\n<script type=\"application\/ld+json\" class=\"yoast-schema-graph\">{\"@context\":\"https:\/\/schema.org\",\"@graph\":[{\"@type\":\"WebPage\",\"@id\":\"https:\/\/szekacs.lutheran.hu\/iskola\/fotozz-25-ot\/\",\"url\":\"https:\/\/szekacs.lutheran.hu\/iskola\/fotozz-25-ot\/\",\"name\":\"Fot\u00f3zz 25-\u00f6t! - Sz\u00e9k\u00e1cs J\u00f3zsef Evang\u00e9likus \u00d3voda, \u00c1ltal\u00e1nos Iskola \u00e9s Gimn\u00e1zium\",\"isPartOf\":{\"@id\":\"https:\/\/szekacs.lutheran.hu\/iskola\/#website\"},\"primaryImageOfPage\":{\"@id\":\"https:\/\/szekacs.lutheran.hu\/iskola\/fotozz-25-ot\/#primaryimage\"},\"image\":{\"@id\":\"https:\/\/szekacs.lutheran.hu\/iskola\/fotozz-25-ot\/#primaryimage\"},\"thumbnailUrl\":\"https:\/\/szekacs.lutheran.hu\/iskola\/wp-content\/uploads\/2020\/11\/Fotozz-25.png\",\"datePublished\":\"2020-11-07T05:52:44+00:00\",\"dateModified\":\"2020-11-21T17:00:22+00:00\",\"author\":{\"@id\":\"https:\/\/szekacs.lutheran.hu\/iskola\/#\/schema\/person\/c2ed2e14631babb098c586494bc7d5df\"},\"breadcrumb\":{\"@id\":\"https:\/\/szekacs.lutheran.hu\/iskola\/fotozz-25-ot\/#breadcrumb\"},\"inLanguage\":\"hu\",\"potentialAction\":[{\"@type\":\"ReadAction\",\"target\":[\"https:\/\/szekacs.lutheran.hu\/iskola\/fotozz-25-ot\/\"]}]},{\"@type\":\"ImageObject\",\"inLanguage\":\"hu\",\"@id\":\"https:\/\/szekacs.lutheran.hu\/iskola\/fotozz-25-ot\/#primaryimage\",\"url\":\"https:\/\/szekacs.lutheran.hu\/iskola\/wp-content\/uploads\/2020\/11\/Fotozz-25.png\",\"contentUrl\":\"https:\/\/szekacs.lutheran.hu\/iskola\/wp-content\/uploads\/2020\/11\/Fotozz-25.png\",\"width\":1920,\"height\":1080},{\"@type\":\"BreadcrumbList\",\"@id\":\"https:\/\/szekacs.lutheran.hu\/iskola\/fotozz-25-ot\/#breadcrumb\",\"itemListElement\":[{\"@type\":\"ListItem\",\"position\":1,\"name\":\"Home\",\"item\":\"https:\/\/szekacs.lutheran.hu\/iskola\/\"},{\"@type\":\"ListItem\",\"position\":2,\"name\":\"Fot\u00f3zz 25-\u00f6t!\"}]},{\"@type\":\"WebSite\",\"@id\":\"https:\/\/szekacs.lutheran.hu\/iskola\/#website\",\"url\":\"https:\/\/szekacs.lutheran.hu\/iskola\/\",\"name\":\"Sz\u00e9k\u00e1cs J\u00f3zsef Evang\u00e9likus \u00d3voda, \u00c1ltal\u00e1nos Iskola \u00e9s Gimn\u00e1zium\",\"description\":\"\",\"potentialAction\":[{\"@type\":\"SearchAction\",\"target\":{\"@type\":\"EntryPoint\",\"urlTemplate\":\"https:\/\/szekacs.lutheran.hu\/iskola\/?s={search_term_string}\"},\"query-input\":{\"@type\":\"PropertyValueSpecification\",\"valueRequired\":true,\"valueName\":\"search_term_string\"}}],\"inLanguage\":\"hu\"},{\"@type\":\"Person\",\"@id\":\"https:\/\/szekacs.lutheran.hu\/iskola\/#\/schema\/person\/c2ed2e14631babb098c586494bc7d5df\",\"name\":\"admin\",\"image\":{\"@type\":\"ImageObject\",\"inLanguage\":\"hu\",\"@id\":\"https:\/\/szekacs.lutheran.hu\/iskola\/#\/schema\/person\/image\/\",\"url\":\"https:\/\/secure.gravatar.com\/avatar\/2d9a947cd9a162ca4e5eb73e817e43edd8dcbc6e501b39fb999fb53d65e181f4?s=96&d=mm&r=g\",\"contentUrl\":\"https:\/\/secure.gravatar.com\/avatar\/2d9a947cd9a162ca4e5eb73e817e43edd8dcbc6e501b39fb999fb53d65e181f4?s=96&d=mm&r=g\",\"caption\":\"admin\"},\"url\":\"https:\/\/szekacs.lutheran.hu\/iskola\/author\/admin\/\"}]}<\/script>\n<!-- \/ Yoast SEO plugin. -->","yoast_head_json":{"title":"Fot\u00f3zz 25-\u00f6t! - Sz\u00e9k\u00e1cs J\u00f3zsef Evang\u00e9likus \u00d3voda, \u00c1ltal\u00e1nos Iskola \u00e9s Gimn\u00e1zium","robots":{"index":"index","follow":"follow","max-snippet":"max-snippet:-1","max-image-preview":"max-image-preview:large","max-video-preview":"max-video-preview:-1"},"canonical":"https:\/\/szekacs.lutheran.hu\/iskola\/fotozz-25-ot\/","og_locale":"hu_HU","og_type":"article","og_title":"Fot\u00f3zz 25-\u00f6t! - Sz\u00e9k\u00e1cs J\u00f3zsef Evang\u00e9likus \u00d3voda, \u00c1ltal\u00e1nos Iskola \u00e9s Gimn\u00e1zium","og_description":"A Sz\u00e9k\u00e1cs J\u00f3zsef Evang\u00e9likus \u00d3voda, \u00c1ltal\u00e1nos Iskola \u00e9s Gimn\u00e1zium 25. jubileumi tan\u00e9v\u00e9nek alkalm\u00e1b\u00f3l meghirdeti \u201eFot\u00f3zz 25-\u00f6t!\u201d p\u00e1ly\u00e1zat\u00e1t Keress az iskol\u00e1ban,...","og_url":"https:\/\/szekacs.lutheran.hu\/iskola\/fotozz-25-ot\/","og_site_name":"Sz\u00e9k\u00e1cs J\u00f3zsef Evang\u00e9likus \u00d3voda, \u00c1ltal\u00e1nos Iskola \u00e9s Gimn\u00e1zium","article_published_time":"2020-11-07T05:52:44+00:00","article_modified_time":"2020-11-21T17:00:22+00:00","og_image":[{"width":1920,"height":1080,"url":"https:\/\/szekacs.lutheran.hu\/iskola\/wp-content\/uploads\/2020\/11\/Fotozz-25.png","type":"image\/png"}],"author":"admin","twitter_card":"summary_large_image","twitter_misc":{"Szerz\u0151:":"admin","Becs\u00fclt olvas\u00e1si id\u0151":"1 perc"},"schema":{"@context":"https:\/\/schema.org","@graph":[{"@type":"WebPage","@id":"https:\/\/szekacs.lutheran.hu\/iskola\/fotozz-25-ot\/","url":"https:\/\/szekacs.lutheran.hu\/iskola\/fotozz-25-ot\/","name":"Fot\u00f3zz 25-\u00f6t! - Sz\u00e9k\u00e1cs J\u00f3zsef Evang\u00e9likus \u00d3voda, \u00c1ltal\u00e1nos Iskola \u00e9s Gimn\u00e1zium","isPartOf":{"@id":"https:\/\/szekacs.lutheran.hu\/iskola\/#website"},"primaryImageOfPage":{"@id":"https:\/\/szekacs.lutheran.hu\/iskola\/fotozz-25-ot\/#primaryimage"},"image":{"@id":"https:\/\/szekacs.lutheran.hu\/iskola\/fotozz-25-ot\/#primaryimage"},"thumbnailUrl":"https:\/\/szekacs.lutheran.hu\/iskola\/wp-content\/uploads\/2020\/11\/Fotozz-25.png","datePublished":"2020-11-07T05:52:44+00:00","dateModified":"2020-11-21T17:00:22+00:00","author":{"@id":"https:\/\/szekacs.lutheran.hu\/iskola\/#\/schema\/person\/c2ed2e14631babb098c586494bc7d5df"},"breadcrumb":{"@id":"https:\/\/szekacs.lutheran.hu\/iskola\/fotozz-25-ot\/#breadcrumb"},"inLanguage":"hu","potentialAction":[{"@type":"ReadAction","target":["https:\/\/szekacs.lutheran.hu\/iskola\/fotozz-25-ot\/"]}]},{"@type":"ImageObject","inLanguage":"hu","@id":"https:\/\/szekacs.lutheran.hu\/iskola\/fotozz-25-ot\/#primaryimage","url":"https:\/\/szekacs.lutheran.hu\/iskola\/wp-content\/uploads\/2020\/11\/Fotozz-25.png","contentUrl":"https:\/\/szekacs.lutheran.hu\/iskola\/wp-content\/uploads\/2020\/11\/Fotozz-25.png","width":1920,"height":1080},{"@type":"BreadcrumbList","@id":"https:\/\/szekacs.lutheran.hu\/iskola\/fotozz-25-ot\/#breadcrumb","itemListElement":[{"@type":"ListItem","position":1,"name":"Home","item":"https:\/\/szekacs.lutheran.hu\/iskola\/"},{"@type":"ListItem","position":2,"name":"Fot\u00f3zz 25-\u00f6t!"}]},{"@type":"WebSite","@id":"https:\/\/szekacs.lutheran.hu\/iskola\/#website","url":"https:\/\/szekacs.lutheran.hu\/iskola\/","name":"Sz\u00e9k\u00e1cs J\u00f3zsef Evang\u00e9likus \u00d3voda, \u00c1ltal\u00e1nos Iskola \u00e9s Gimn\u00e1zium","description":"","potentialAction":[{"@type":"SearchAction","target":{"@type":"EntryPoint","urlTemplate":"https:\/\/szekacs.lutheran.hu\/iskola\/?s={search_term_string}"},"query-input":{"@type":"PropertyValueSpecification","valueRequired":true,"valueName":"search_term_string"}}],"inLanguage":"hu"},{"@type":"Person","@id":"https:\/\/szekacs.lutheran.hu\/iskola\/#\/schema\/person\/c2ed2e14631babb098c586494bc7d5df","name":"admin","image":{"@type":"ImageObject","inLanguage":"hu","@id":"https:\/\/szekacs.lutheran.hu\/iskola\/#\/schema\/person\/image\/","url":"https:\/\/secure.gravatar.com\/avatar\/2d9a947cd9a162ca4e5eb73e817e43edd8dcbc6e501b39fb999fb53d65e181f4?s=96&d=mm&r=g","contentUrl":"https:\/\/secure.gravatar.com\/avatar\/2d9a947cd9a162ca4e5eb73e817e43edd8dcbc6e501b39fb999fb53d65e181f4?s=96&d=mm&r=g","caption":"admin"},"url":"https:\/\/szekacs.lutheran.hu\/iskola\/author\/admin\/"}]}},"_links":{"self":[{"href":"https:\/\/szekacs.lutheran.hu\/iskola\/wp-json\/wp\/v2\/posts\/22735","targetHints":{"allow":["GET"]}}],"collection":[{"href":"https:\/\/szekacs.lutheran.hu\/iskola\/wp-json\/wp\/v2\/posts"}],"about":[{"href":"https:\/\/szekacs.lutheran.hu\/iskola\/wp-json\/wp\/v2\/types\/post"}],"author":[{"embeddable":true,"href":"https:\/\/szekacs.lutheran.hu\/iskola\/wp-json\/wp\/v2\/users\/1"}],"replies":[{"embeddable":true,"href":"https:\/\/szekacs.lutheran.hu\/iskola\/wp-json\/wp\/v2\/comments?post=22735"}],"version-history":[{"count":1,"href":"https:\/\/szekacs.lutheran.hu\/iskola\/wp-json\/wp\/v2\/posts\/22735\/revisions"}],"predecessor-version":[{"id":22737,"href":"https:\/\/szekacs.lutheran.hu\/iskola\/wp-json\/wp\/v2\/posts\/22735\/revisions\/22737"}],"wp:featuredmedia":[{"embeddable":true,"href":"https:\/\/szekacs.lutheran.hu\/iskola\/wp-json\/wp\/v2\/media\/22736"}],"wp:attachment":[{"href":"https:\/\/szekacs.lutheran.hu\/iskola\/wp-json\/wp\/v2\/media?parent=22735"}],"wp:term":[{"taxonomy":"category","embeddable":true,"href":"https:\/\/szekacs.lutheran.hu\/iskola\/wp-json\/wp\/v2\/categories?post=22735"},{"taxonomy":"post_tag","embeddable":true,"href":"https:\/\/szekacs.lutheran.hu\/iskola\/wp-json\/wp\/v2\/tags?post=22735"}],"curies":[{"name":"wp","href":"https:\/\/api.w.org\/{rel}","templated":true}]}}