{"id":22559,"date":"2020-09-23T12:31:13","date_gmt":"2020-09-23T12:31:13","guid":{"rendered":"https:\/\/szekacs.lutheran.hu\/iskola\/?p=22559"},"modified":"2020-09-23T12:31:15","modified_gmt":"2020-09-23T12:31:15","slug":"vedd-fel-a-polod","status":"publish","type":"post","link":"https:\/\/szekacs.lutheran.hu\/iskola\/vedd-fel-a-polod\/","title":{"rendered":"Vedd fel a p\u00f3l\u00f3d!"},"content":{"rendered":"\n<p>Az idei \u00e9vben k\u00fcl\u00f6nleges \u00f6tlettel\n\u00e1lltak el\u0151 a 72 \u00f3ra szervez\u0151i. Szeptember 17-\u00e9n, cs\u00fct\u00f6rt\u00f6k\u00f6n, 3 h\u00e9ttel a rendezv\u00e9ny\nkezdete el\u0151tt arra h\u00edvt\u00e1k az orsz\u00e1g fiataljait, hogy \u00f6lts\u00e9k&nbsp;magukra a\nkor\u00e1bbi \u00e9vekben kapott 72 \u00f3r\u00e1s&nbsp;p\u00f3l\u00f3t \u00e9s k\u00e9sz\u00edtsenek fot\u00f3t magukr\u00f3l.&nbsp;<\/p>\n\n\n\n<p>A Sz\u00e9k\u00e1cs Evang\u00e9likus Iskola kis- \u00e9s\nnagydi\u00e1kjai \u00e9vek \u00f3ta nagy sz\u00e1mban vesznek r\u00e9szt az \u00f6nk\u00e9ntess\u00e9get n\u00e9pszer\u0171s\u00edt\u0151\nprogramban. Az eddigi gyakorlat az volt, hogy az \u00f6nk\u00e9ntes munk\u00e1ban r\u00e9szt vev\u0151k\naj\u00e1nd\u00e9k p\u00f3l\u00f3t kaptak \u2013 cser\u00e9be a feladatv\u00e1llal\u00e1s\u00e9rt. Ebben az \u00e9vben nem k\u00e9sz\u00fcl\n\u00faj p\u00f3l\u00f3, de a legt\u00f6bb sz\u00e9k\u00e1csos szekr\u00e9ny\u00e9ben t\u00f6bb r\u00e9gi p\u00f3l\u00f3 is ott lapul,\nezekb\u0151l h\u00faztak magukra az akci\u00f3napon, \u00e9s k\u00e9sz\u00fcltek szelfik, p\u00e1ros k\u00e9pek \u00e9s\noszt\u00e1lyfot\u00f3k is. Maszkban, maszk n\u00e9lk\u00fcl, kedvesen, vag\u00e1nyan, b\u00fcszk\u00e9n vagy\nsz\u00e9gyell\u0151sen \u00e1lltak a f\u00e9nyk\u00e9pez\u0151 el\u00e9 a di\u00e1kcsapatok, hogy n\u00e9pszer\u0171s\u00edts\u00e9k az\nidei rendezv\u00e9nyt. A k\u00f6z\u00f6ss\u00e9gi m\u00e9di\u00e1ban (facebookon, instagramon) pedig <a href=\"https:\/\/www.instagram.com\/explore\/tags\/veddfelteis\/\" target=\"_blank\" rel=\"noreferrer noopener\">#veddfelteis<\/a> &nbsp;<a href=\"https:\/\/www.instagram.com\/explore\/tags\/seg%C3%ADts%C3%BCnkegy%C3%BCtt\/\" target=\"_blank\" rel=\"noreferrer noopener\">#seg\u00edts\u00fcnkegy\u00fctt<\/a>&nbsp;<a href=\"https:\/\/www.instagram.com\/explore\/tags\/72%C3%B3ra\/\" target=\"_blank\" rel=\"noreferrer noopener\">#72\u00f3ra<\/a>\nmegjel\u00f6l\u00e9ssel n\u00e9pszer\u0171s\u00edtett\u00e9k a kezdem\u00e9nyez\u00e9st a Vedd fel a p\u00f3l\u00f3d! napon.<\/p>\n","protected":false},"excerpt":{"rendered":"<p>Az idei \u00e9vben k\u00fcl\u00f6nleges \u00f6tlettel \u00e1lltak el\u0151 a 72 \u00f3ra szervez\u0151i. Szeptember 17-\u00e9n, cs\u00fct\u00f6rt\u00f6k\u00f6n, 3 h\u00e9ttel a rendezv\u00e9ny kezdete el\u0151tt&#8230;<\/p>\n","protected":false},"author":1,"featured_media":22560,"comment_status":"closed","ping_status":"closed","sticky":false,"template":"","format":"standard","meta":{"footnotes":""},"categories":[43],"tags":[],"class_list":["post-22559","post","type-post","status-publish","format-standard","has-post-thumbnail","hentry","category-iskolai-elet"],"yoast_head":"<!-- This site is optimized with the Yoast SEO plugin v26.2 - https:\/\/yoast.com\/wordpress\/plugins\/seo\/ -->\n<title>Vedd fel a p\u00f3l\u00f3d! - Sz\u00e9k\u00e1cs J\u00f3zsef Evang\u00e9likus \u00d3voda, \u00c1ltal\u00e1nos Iskola \u00e9s Gimn\u00e1zium<\/title>\n<meta name=\"robots\" content=\"index, follow, max-snippet:-1, max-image-preview:large, max-video-preview:-1\" \/>\n<link rel=\"canonical\" href=\"https:\/\/szekacs.lutheran.hu\/iskola\/vedd-fel-a-polod\/\" \/>\n<meta property=\"og:locale\" content=\"hu_HU\" \/>\n<meta property=\"og:type\" content=\"article\" \/>\n<meta property=\"og:title\" content=\"Vedd fel a p\u00f3l\u00f3d! - Sz\u00e9k\u00e1cs J\u00f3zsef Evang\u00e9likus \u00d3voda, \u00c1ltal\u00e1nos Iskola \u00e9s Gimn\u00e1zium\" \/>\n<meta property=\"og:description\" content=\"Az idei \u00e9vben k\u00fcl\u00f6nleges \u00f6tlettel \u00e1lltak el\u0151 a 72 \u00f3ra szervez\u0151i. Szeptember 17-\u00e9n, cs\u00fct\u00f6rt\u00f6k\u00f6n, 3 h\u00e9ttel a rendezv\u00e9ny kezdete el\u0151tt...\" \/>\n<meta property=\"og:url\" content=\"https:\/\/szekacs.lutheran.hu\/iskola\/vedd-fel-a-polod\/\" \/>\n<meta property=\"og:site_name\" content=\"Sz\u00e9k\u00e1cs J\u00f3zsef Evang\u00e9likus \u00d3voda, \u00c1ltal\u00e1nos Iskola \u00e9s Gimn\u00e1zium\" \/>\n<meta property=\"article:published_time\" content=\"2020-09-23T12:31:13+00:00\" \/>\n<meta property=\"article:modified_time\" content=\"2020-09-23T12:31:15+00:00\" \/>\n<meta property=\"og:image\" content=\"https:\/\/szekacs.lutheran.hu\/iskola\/wp-content\/uploads\/2020\/09\/Vedd-fel-a-p\u00f3l\u00f3d-nap-1024x562.png\" \/>\n\t<meta property=\"og:image:width\" content=\"1024\" \/>\n\t<meta property=\"og:image:height\" content=\"562\" \/>\n\t<meta property=\"og:image:type\" content=\"image\/png\" \/>\n<meta name=\"author\" content=\"admin\" \/>\n<meta name=\"twitter:card\" content=\"summary_large_image\" \/>\n<meta name=\"twitter:label1\" content=\"Szerz\u0151:\" \/>\n\t<meta name=\"twitter:data1\" content=\"admin\" \/>\n\t<meta name=\"twitter:label2\" content=\"Becs\u00fclt olvas\u00e1si id\u0151\" \/>\n\t<meta name=\"twitter:data2\" content=\"1 perc\" \/>\n<script type=\"application\/ld+json\" class=\"yoast-schema-graph\">{\"@context\":\"https:\/\/schema.org\",\"@graph\":[{\"@type\":\"WebPage\",\"@id\":\"https:\/\/szekacs.lutheran.hu\/iskola\/vedd-fel-a-polod\/\",\"url\":\"https:\/\/szekacs.lutheran.hu\/iskola\/vedd-fel-a-polod\/\",\"name\":\"Vedd fel a p\u00f3l\u00f3d! - Sz\u00e9k\u00e1cs J\u00f3zsef Evang\u00e9likus \u00d3voda, \u00c1ltal\u00e1nos Iskola \u00e9s Gimn\u00e1zium\",\"isPartOf\":{\"@id\":\"https:\/\/szekacs.lutheran.hu\/iskola\/#website\"},\"primaryImageOfPage\":{\"@id\":\"https:\/\/szekacs.lutheran.hu\/iskola\/vedd-fel-a-polod\/#primaryimage\"},\"image\":{\"@id\":\"https:\/\/szekacs.lutheran.hu\/iskola\/vedd-fel-a-polod\/#primaryimage\"},\"thumbnailUrl\":\"https:\/\/szekacs.lutheran.hu\/iskola\/wp-content\/uploads\/2020\/09\/Vedd-fel-a-p\u00f3l\u00f3d-nap.png\",\"datePublished\":\"2020-09-23T12:31:13+00:00\",\"dateModified\":\"2020-09-23T12:31:15+00:00\",\"author\":{\"@id\":\"https:\/\/szekacs.lutheran.hu\/iskola\/#\/schema\/person\/c2ed2e14631babb098c586494bc7d5df\"},\"breadcrumb\":{\"@id\":\"https:\/\/szekacs.lutheran.hu\/iskola\/vedd-fel-a-polod\/#breadcrumb\"},\"inLanguage\":\"hu\",\"potentialAction\":[{\"@type\":\"ReadAction\",\"target\":[\"https:\/\/szekacs.lutheran.hu\/iskola\/vedd-fel-a-polod\/\"]}]},{\"@type\":\"ImageObject\",\"inLanguage\":\"hu\",\"@id\":\"https:\/\/szekacs.lutheran.hu\/iskola\/vedd-fel-a-polod\/#primaryimage\",\"url\":\"https:\/\/szekacs.lutheran.hu\/iskola\/wp-content\/uploads\/2020\/09\/Vedd-fel-a-p\u00f3l\u00f3d-nap.png\",\"contentUrl\":\"https:\/\/szekacs.lutheran.hu\/iskola\/wp-content\/uploads\/2020\/09\/Vedd-fel-a-p\u00f3l\u00f3d-nap.png\",\"width\":1907,\"height\":1046},{\"@type\":\"BreadcrumbList\",\"@id\":\"https:\/\/szekacs.lutheran.hu\/iskola\/vedd-fel-a-polod\/#breadcrumb\",\"itemListElement\":[{\"@type\":\"ListItem\",\"position\":1,\"name\":\"Home\",\"item\":\"https:\/\/szekacs.lutheran.hu\/iskola\/\"},{\"@type\":\"ListItem\",\"position\":2,\"name\":\"Vedd fel a p\u00f3l\u00f3d!\"}]},{\"@type\":\"WebSite\",\"@id\":\"https:\/\/szekacs.lutheran.hu\/iskola\/#website\",\"url\":\"https:\/\/szekacs.lutheran.hu\/iskola\/\",\"name\":\"Sz\u00e9k\u00e1cs J\u00f3zsef Evang\u00e9likus \u00d3voda, \u00c1ltal\u00e1nos Iskola \u00e9s Gimn\u00e1zium\",\"description\":\"\",\"potentialAction\":[{\"@type\":\"SearchAction\",\"target\":{\"@type\":\"EntryPoint\",\"urlTemplate\":\"https:\/\/szekacs.lutheran.hu\/iskola\/?s={search_term_string}\"},\"query-input\":{\"@type\":\"PropertyValueSpecification\",\"valueRequired\":true,\"valueName\":\"search_term_string\"}}],\"inLanguage\":\"hu\"},{\"@type\":\"Person\",\"@id\":\"https:\/\/szekacs.lutheran.hu\/iskola\/#\/schema\/person\/c2ed2e14631babb098c586494bc7d5df\",\"name\":\"admin\",\"image\":{\"@type\":\"ImageObject\",\"inLanguage\":\"hu\",\"@id\":\"https:\/\/szekacs.lutheran.hu\/iskola\/#\/schema\/person\/image\/\",\"url\":\"https:\/\/secure.gravatar.com\/avatar\/2d9a947cd9a162ca4e5eb73e817e43edd8dcbc6e501b39fb999fb53d65e181f4?s=96&d=mm&r=g\",\"contentUrl\":\"https:\/\/secure.gravatar.com\/avatar\/2d9a947cd9a162ca4e5eb73e817e43edd8dcbc6e501b39fb999fb53d65e181f4?s=96&d=mm&r=g\",\"caption\":\"admin\"},\"url\":\"https:\/\/szekacs.lutheran.hu\/iskola\/author\/admin\/\"}]}<\/script>\n<!-- \/ Yoast SEO plugin. -->","yoast_head_json":{"title":"Vedd fel a p\u00f3l\u00f3d! - Sz\u00e9k\u00e1cs J\u00f3zsef Evang\u00e9likus \u00d3voda, \u00c1ltal\u00e1nos Iskola \u00e9s Gimn\u00e1zium","robots":{"index":"index","follow":"follow","max-snippet":"max-snippet:-1","max-image-preview":"max-image-preview:large","max-video-preview":"max-video-preview:-1"},"canonical":"https:\/\/szekacs.lutheran.hu\/iskola\/vedd-fel-a-polod\/","og_locale":"hu_HU","og_type":"article","og_title":"Vedd fel a p\u00f3l\u00f3d! - Sz\u00e9k\u00e1cs J\u00f3zsef Evang\u00e9likus \u00d3voda, \u00c1ltal\u00e1nos Iskola \u00e9s Gimn\u00e1zium","og_description":"Az idei \u00e9vben k\u00fcl\u00f6nleges \u00f6tlettel \u00e1lltak el\u0151 a 72 \u00f3ra szervez\u0151i. Szeptember 17-\u00e9n, cs\u00fct\u00f6rt\u00f6k\u00f6n, 3 h\u00e9ttel a rendezv\u00e9ny kezdete el\u0151tt...","og_url":"https:\/\/szekacs.lutheran.hu\/iskola\/vedd-fel-a-polod\/","og_site_name":"Sz\u00e9k\u00e1cs J\u00f3zsef Evang\u00e9likus \u00d3voda, \u00c1ltal\u00e1nos Iskola \u00e9s Gimn\u00e1zium","article_published_time":"2020-09-23T12:31:13+00:00","article_modified_time":"2020-09-23T12:31:15+00:00","og_image":[{"width":1024,"height":562,"url":"https:\/\/szekacs.lutheran.hu\/iskola\/wp-content\/uploads\/2020\/09\/Vedd-fel-a-p\u00f3l\u00f3d-nap-1024x562.png","type":"image\/png"}],"author":"admin","twitter_card":"summary_large_image","twitter_misc":{"Szerz\u0151:":"admin","Becs\u00fclt olvas\u00e1si id\u0151":"1 perc"},"schema":{"@context":"https:\/\/schema.org","@graph":[{"@type":"WebPage","@id":"https:\/\/szekacs.lutheran.hu\/iskola\/vedd-fel-a-polod\/","url":"https:\/\/szekacs.lutheran.hu\/iskola\/vedd-fel-a-polod\/","name":"Vedd fel a p\u00f3l\u00f3d! - Sz\u00e9k\u00e1cs J\u00f3zsef Evang\u00e9likus \u00d3voda, \u00c1ltal\u00e1nos Iskola \u00e9s Gimn\u00e1zium","isPartOf":{"@id":"https:\/\/szekacs.lutheran.hu\/iskola\/#website"},"primaryImageOfPage":{"@id":"https:\/\/szekacs.lutheran.hu\/iskola\/vedd-fel-a-polod\/#primaryimage"},"image":{"@id":"https:\/\/szekacs.lutheran.hu\/iskola\/vedd-fel-a-polod\/#primaryimage"},"thumbnailUrl":"https:\/\/szekacs.lutheran.hu\/iskola\/wp-content\/uploads\/2020\/09\/Vedd-fel-a-p\u00f3l\u00f3d-nap.png","datePublished":"2020-09-23T12:31:13+00:00","dateModified":"2020-09-23T12:31:15+00:00","author":{"@id":"https:\/\/szekacs.lutheran.hu\/iskola\/#\/schema\/person\/c2ed2e14631babb098c586494bc7d5df"},"breadcrumb":{"@id":"https:\/\/szekacs.lutheran.hu\/iskola\/vedd-fel-a-polod\/#breadcrumb"},"inLanguage":"hu","potentialAction":[{"@type":"ReadAction","target":["https:\/\/szekacs.lutheran.hu\/iskola\/vedd-fel-a-polod\/"]}]},{"@type":"ImageObject","inLanguage":"hu","@id":"https:\/\/szekacs.lutheran.hu\/iskola\/vedd-fel-a-polod\/#primaryimage","url":"https:\/\/szekacs.lutheran.hu\/iskola\/wp-content\/uploads\/2020\/09\/Vedd-fel-a-p\u00f3l\u00f3d-nap.png","contentUrl":"https:\/\/szekacs.lutheran.hu\/iskola\/wp-content\/uploads\/2020\/09\/Vedd-fel-a-p\u00f3l\u00f3d-nap.png","width":1907,"height":1046},{"@type":"BreadcrumbList","@id":"https:\/\/szekacs.lutheran.hu\/iskola\/vedd-fel-a-polod\/#breadcrumb","itemListElement":[{"@type":"ListItem","position":1,"name":"Home","item":"https:\/\/szekacs.lutheran.hu\/iskola\/"},{"@type":"ListItem","position":2,"name":"Vedd fel a p\u00f3l\u00f3d!"}]},{"@type":"WebSite","@id":"https:\/\/szekacs.lutheran.hu\/iskola\/#website","url":"https:\/\/szekacs.lutheran.hu\/iskola\/","name":"Sz\u00e9k\u00e1cs J\u00f3zsef Evang\u00e9likus \u00d3voda, \u00c1ltal\u00e1nos Iskola \u00e9s Gimn\u00e1zium","description":"","potentialAction":[{"@type":"SearchAction","target":{"@type":"EntryPoint","urlTemplate":"https:\/\/szekacs.lutheran.hu\/iskola\/?s={search_term_string}"},"query-input":{"@type":"PropertyValueSpecification","valueRequired":true,"valueName":"search_term_string"}}],"inLanguage":"hu"},{"@type":"Person","@id":"https:\/\/szekacs.lutheran.hu\/iskola\/#\/schema\/person\/c2ed2e14631babb098c586494bc7d5df","name":"admin","image":{"@type":"ImageObject","inLanguage":"hu","@id":"https:\/\/szekacs.lutheran.hu\/iskola\/#\/schema\/person\/image\/","url":"https:\/\/secure.gravatar.com\/avatar\/2d9a947cd9a162ca4e5eb73e817e43edd8dcbc6e501b39fb999fb53d65e181f4?s=96&d=mm&r=g","contentUrl":"https:\/\/secure.gravatar.com\/avatar\/2d9a947cd9a162ca4e5eb73e817e43edd8dcbc6e501b39fb999fb53d65e181f4?s=96&d=mm&r=g","caption":"admin"},"url":"https:\/\/szekacs.lutheran.hu\/iskola\/author\/admin\/"}]}},"_links":{"self":[{"href":"https:\/\/szekacs.lutheran.hu\/iskola\/wp-json\/wp\/v2\/posts\/22559","targetHints":{"allow":["GET"]}}],"collection":[{"href":"https:\/\/szekacs.lutheran.hu\/iskola\/wp-json\/wp\/v2\/posts"}],"about":[{"href":"https:\/\/szekacs.lutheran.hu\/iskola\/wp-json\/wp\/v2\/types\/post"}],"author":[{"embeddable":true,"href":"https:\/\/szekacs.lutheran.hu\/iskola\/wp-json\/wp\/v2\/users\/1"}],"replies":[{"embeddable":true,"href":"https:\/\/szekacs.lutheran.hu\/iskola\/wp-json\/wp\/v2\/comments?post=22559"}],"version-history":[{"count":1,"href":"https:\/\/szekacs.lutheran.hu\/iskola\/wp-json\/wp\/v2\/posts\/22559\/revisions"}],"predecessor-version":[{"id":22561,"href":"https:\/\/szekacs.lutheran.hu\/iskola\/wp-json\/wp\/v2\/posts\/22559\/revisions\/22561"}],"wp:featuredmedia":[{"embeddable":true,"href":"https:\/\/szekacs.lutheran.hu\/iskola\/wp-json\/wp\/v2\/media\/22560"}],"wp:attachment":[{"href":"https:\/\/szekacs.lutheran.hu\/iskola\/wp-json\/wp\/v2\/media?parent=22559"}],"wp:term":[{"taxonomy":"category","embeddable":true,"href":"https:\/\/szekacs.lutheran.hu\/iskola\/wp-json\/wp\/v2\/categories?post=22559"},{"taxonomy":"post_tag","embeddable":true,"href":"https:\/\/szekacs.lutheran.hu\/iskola\/wp-json\/wp\/v2\/tags?post=22559"}],"curies":[{"name":"wp","href":"https:\/\/api.w.org\/{rel}","templated":true}]}}