{"id":22555,"date":"2020-09-19T18:12:56","date_gmt":"2020-09-19T18:12:56","guid":{"rendered":"https:\/\/szekacs.lutheran.hu\/iskola\/?p=22555"},"modified":"2020-09-25T08:50:42","modified_gmt":"2020-09-25T08:50:42","slug":"digitalis-oktatas-elrendelese-szeptember-21-tol","status":"publish","type":"post","link":"https:\/\/szekacs.lutheran.hu\/iskola\/digitalis-oktatas-elrendelese-szeptember-21-tol\/","title":{"rendered":"Digit\u00e1lis oktat\u00e1s elrendel\u00e9se szeptember 21-t\u0151l"},"content":{"rendered":"\n<p>Az al\u00e1bbiakban k\u00f6zz\u00e9tessz\u00fck az iskol\u00e1nkhoz \u00e9rkezett levelet:<\/p>\n\n\n\n<p> Tisztelt Int\u00e9zm\u00e9nyvezet\u0151 \u00dar!<br> <br> T\u00e1j\u00e9koztatom, hogy az int\u00e9zm\u00e9nnyel kapcsolatban tett bejelent\u00e9s alapj\u00e1n  az Operat\u00edv T\u00f6rzs fel\u00e9 a k\u00f6znevel\u00e9s\u00e9rt felel\u0151s \u00e1llamtitk\u00e1r azt a  javaslatot tette, hogy a Sz\u00e9k\u00e1cs J\u00f3zsef Evang\u00e9likus \u00d3voda, \u00c1ltal\u00e1nos  Iskola \u00e9s Gimn\u00e1ziumban (OM azonos\u00edt\u00f3: 028280, feladatell\u00e1t\u00e1si  hely azonos\u00edt\u00f3ja: 001) a 4\/A oszt\u00e1ly, a fels\u0151 tagozat, a gimn\u00e1ziumi  oszt\u00e1lyok vonatkoz\u00e1s\u00e1ban 2020. szeptember 21-t\u0151l visszavon\u00e1sig tantermen  k\u00edv\u00fcli, digit\u00e1lis munkarend ker\u00fclj\u00f6n elrendel\u00e9sre.<br> Az Operat\u00edv T\u00f6rzs d\u00f6nt\u00e9s\u00e9r\u0151l hivatalos \u00e9rtes\u00edt\u00e9st v\u00e1rhat\u00f3an 2020.  szeptember 21-\u00e9n kapnak. K\u00e9rem, hogy a sz\u00fcks\u00e9ges int\u00e9zked\u00e9seket tegy\u00e9k  meg. <\/p>\n\n\n\n<p>\u00dcdv\u00f6zlettel: \u00a0 <\/p>\n\n\n\n<p>R\u00f3zsa G\u00e1bor oszt\u00e1lyvezet\u0151 \u00a0 <\/p>\n\n\n\n<p>Emberi Er\u0151forr\u00e1sok Miniszt\u00e9riuma Digit\u00e1lis Tartalomfejleszt\u00e9si Oszt\u00e1ly <\/p>\n","protected":false},"excerpt":{"rendered":"<p>Az al\u00e1bbiakban k\u00f6zz\u00e9tessz\u00fck az iskol\u00e1nkhoz \u00e9rkezett levelet: Tisztelt Int\u00e9zm\u00e9nyvezet\u0151 \u00dar! T\u00e1j\u00e9koztatom, hogy az int\u00e9zm\u00e9nnyel kapcsolatban tett bejelent\u00e9s alapj\u00e1n az Operat\u00edv&#8230;<\/p>\n","protected":false},"author":1,"featured_media":22549,"comment_status":"closed","ping_status":"closed","sticky":false,"template":"","format":"standard","meta":{"footnotes":""},"categories":[42,46],"tags":[],"class_list":["post-22555","post","type-post","status-publish","format-standard","has-post-thumbnail","hentry","category-aktualis","category-jarvany"],"yoast_head":"<!-- This site is optimized with the Yoast SEO plugin v26.2 - https:\/\/yoast.com\/wordpress\/plugins\/seo\/ -->\n<title>Digit\u00e1lis oktat\u00e1s elrendel\u00e9se szeptember 21-t\u0151l - Sz\u00e9k\u00e1cs J\u00f3zsef Evang\u00e9likus \u00d3voda, \u00c1ltal\u00e1nos Iskola \u00e9s Gimn\u00e1zium<\/title>\n<meta name=\"robots\" content=\"index, follow, max-snippet:-1, max-image-preview:large, max-video-preview:-1\" \/>\n<link rel=\"canonical\" href=\"https:\/\/szekacs.lutheran.hu\/iskola\/digitalis-oktatas-elrendelese-szeptember-21-tol\/\" \/>\n<meta property=\"og:locale\" content=\"hu_HU\" \/>\n<meta property=\"og:type\" content=\"article\" \/>\n<meta property=\"og:title\" content=\"Digit\u00e1lis oktat\u00e1s elrendel\u00e9se szeptember 21-t\u0151l - Sz\u00e9k\u00e1cs J\u00f3zsef Evang\u00e9likus \u00d3voda, \u00c1ltal\u00e1nos Iskola \u00e9s Gimn\u00e1zium\" \/>\n<meta property=\"og:description\" content=\"Az al\u00e1bbiakban k\u00f6zz\u00e9tessz\u00fck az iskol\u00e1nkhoz \u00e9rkezett levelet: Tisztelt Int\u00e9zm\u00e9nyvezet\u0151 \u00dar! T\u00e1j\u00e9koztatom, hogy az int\u00e9zm\u00e9nnyel kapcsolatban tett bejelent\u00e9s alapj\u00e1n az Operat\u00edv...\" \/>\n<meta property=\"og:url\" content=\"https:\/\/szekacs.lutheran.hu\/iskola\/digitalis-oktatas-elrendelese-szeptember-21-tol\/\" \/>\n<meta property=\"og:site_name\" content=\"Sz\u00e9k\u00e1cs J\u00f3zsef Evang\u00e9likus \u00d3voda, \u00c1ltal\u00e1nos Iskola \u00e9s Gimn\u00e1zium\" \/>\n<meta property=\"article:published_time\" content=\"2020-09-19T18:12:56+00:00\" \/>\n<meta property=\"article:modified_time\" content=\"2020-09-25T08:50:42+00:00\" \/>\n<meta property=\"og:image\" content=\"https:\/\/szekacs.lutheran.hu\/iskola\/wp-content\/uploads\/2020\/09\/HIVATALOS-T\u00c1J\u00c9KOZTAT\u00c1S.png\" \/>\n\t<meta property=\"og:image:width\" content=\"856\" \/>\n\t<meta property=\"og:image:height\" content=\"720\" \/>\n\t<meta property=\"og:image:type\" content=\"image\/png\" \/>\n<meta name=\"author\" content=\"admin\" \/>\n<meta name=\"twitter:card\" content=\"summary_large_image\" \/>\n<meta name=\"twitter:label1\" content=\"Szerz\u0151:\" \/>\n\t<meta name=\"twitter:data1\" content=\"admin\" \/>\n\t<meta name=\"twitter:label2\" content=\"Becs\u00fclt olvas\u00e1si id\u0151\" \/>\n\t<meta name=\"twitter:data2\" content=\"1 perc\" \/>\n<script type=\"application\/ld+json\" class=\"yoast-schema-graph\">{\"@context\":\"https:\/\/schema.org\",\"@graph\":[{\"@type\":\"WebPage\",\"@id\":\"https:\/\/szekacs.lutheran.hu\/iskola\/digitalis-oktatas-elrendelese-szeptember-21-tol\/\",\"url\":\"https:\/\/szekacs.lutheran.hu\/iskola\/digitalis-oktatas-elrendelese-szeptember-21-tol\/\",\"name\":\"Digit\u00e1lis oktat\u00e1s elrendel\u00e9se szeptember 21-t\u0151l - Sz\u00e9k\u00e1cs J\u00f3zsef Evang\u00e9likus \u00d3voda, \u00c1ltal\u00e1nos Iskola \u00e9s Gimn\u00e1zium\",\"isPartOf\":{\"@id\":\"https:\/\/szekacs.lutheran.hu\/iskola\/#website\"},\"primaryImageOfPage\":{\"@id\":\"https:\/\/szekacs.lutheran.hu\/iskola\/digitalis-oktatas-elrendelese-szeptember-21-tol\/#primaryimage\"},\"image\":{\"@id\":\"https:\/\/szekacs.lutheran.hu\/iskola\/digitalis-oktatas-elrendelese-szeptember-21-tol\/#primaryimage\"},\"thumbnailUrl\":\"https:\/\/szekacs.lutheran.hu\/iskola\/wp-content\/uploads\/2020\/09\/HIVATALOS-T\u00c1J\u00c9KOZTAT\u00c1S.png\",\"datePublished\":\"2020-09-19T18:12:56+00:00\",\"dateModified\":\"2020-09-25T08:50:42+00:00\",\"author\":{\"@id\":\"https:\/\/szekacs.lutheran.hu\/iskola\/#\/schema\/person\/c2ed2e14631babb098c586494bc7d5df\"},\"breadcrumb\":{\"@id\":\"https:\/\/szekacs.lutheran.hu\/iskola\/digitalis-oktatas-elrendelese-szeptember-21-tol\/#breadcrumb\"},\"inLanguage\":\"hu\",\"potentialAction\":[{\"@type\":\"ReadAction\",\"target\":[\"https:\/\/szekacs.lutheran.hu\/iskola\/digitalis-oktatas-elrendelese-szeptember-21-tol\/\"]}]},{\"@type\":\"ImageObject\",\"inLanguage\":\"hu\",\"@id\":\"https:\/\/szekacs.lutheran.hu\/iskola\/digitalis-oktatas-elrendelese-szeptember-21-tol\/#primaryimage\",\"url\":\"https:\/\/szekacs.lutheran.hu\/iskola\/wp-content\/uploads\/2020\/09\/HIVATALOS-T\u00c1J\u00c9KOZTAT\u00c1S.png\",\"contentUrl\":\"https:\/\/szekacs.lutheran.hu\/iskola\/wp-content\/uploads\/2020\/09\/HIVATALOS-T\u00c1J\u00c9KOZTAT\u00c1S.png\",\"width\":856,\"height\":720},{\"@type\":\"BreadcrumbList\",\"@id\":\"https:\/\/szekacs.lutheran.hu\/iskola\/digitalis-oktatas-elrendelese-szeptember-21-tol\/#breadcrumb\",\"itemListElement\":[{\"@type\":\"ListItem\",\"position\":1,\"name\":\"Home\",\"item\":\"https:\/\/szekacs.lutheran.hu\/iskola\/\"},{\"@type\":\"ListItem\",\"position\":2,\"name\":\"Digit\u00e1lis oktat\u00e1s elrendel\u00e9se szeptember 21-t\u0151l\"}]},{\"@type\":\"WebSite\",\"@id\":\"https:\/\/szekacs.lutheran.hu\/iskola\/#website\",\"url\":\"https:\/\/szekacs.lutheran.hu\/iskola\/\",\"name\":\"Sz\u00e9k\u00e1cs J\u00f3zsef Evang\u00e9likus \u00d3voda, \u00c1ltal\u00e1nos Iskola \u00e9s Gimn\u00e1zium\",\"description\":\"\",\"potentialAction\":[{\"@type\":\"SearchAction\",\"target\":{\"@type\":\"EntryPoint\",\"urlTemplate\":\"https:\/\/szekacs.lutheran.hu\/iskola\/?s={search_term_string}\"},\"query-input\":{\"@type\":\"PropertyValueSpecification\",\"valueRequired\":true,\"valueName\":\"search_term_string\"}}],\"inLanguage\":\"hu\"},{\"@type\":\"Person\",\"@id\":\"https:\/\/szekacs.lutheran.hu\/iskola\/#\/schema\/person\/c2ed2e14631babb098c586494bc7d5df\",\"name\":\"admin\",\"image\":{\"@type\":\"ImageObject\",\"inLanguage\":\"hu\",\"@id\":\"https:\/\/szekacs.lutheran.hu\/iskola\/#\/schema\/person\/image\/\",\"url\":\"https:\/\/secure.gravatar.com\/avatar\/2d9a947cd9a162ca4e5eb73e817e43edd8dcbc6e501b39fb999fb53d65e181f4?s=96&d=mm&r=g\",\"contentUrl\":\"https:\/\/secure.gravatar.com\/avatar\/2d9a947cd9a162ca4e5eb73e817e43edd8dcbc6e501b39fb999fb53d65e181f4?s=96&d=mm&r=g\",\"caption\":\"admin\"},\"url\":\"https:\/\/szekacs.lutheran.hu\/iskola\/author\/admin\/\"}]}<\/script>\n<!-- \/ Yoast SEO plugin. -->","yoast_head_json":{"title":"Digit\u00e1lis oktat\u00e1s elrendel\u00e9se szeptember 21-t\u0151l - Sz\u00e9k\u00e1cs J\u00f3zsef Evang\u00e9likus \u00d3voda, \u00c1ltal\u00e1nos Iskola \u00e9s Gimn\u00e1zium","robots":{"index":"index","follow":"follow","max-snippet":"max-snippet:-1","max-image-preview":"max-image-preview:large","max-video-preview":"max-video-preview:-1"},"canonical":"https:\/\/szekacs.lutheran.hu\/iskola\/digitalis-oktatas-elrendelese-szeptember-21-tol\/","og_locale":"hu_HU","og_type":"article","og_title":"Digit\u00e1lis oktat\u00e1s elrendel\u00e9se szeptember 21-t\u0151l - Sz\u00e9k\u00e1cs J\u00f3zsef Evang\u00e9likus \u00d3voda, \u00c1ltal\u00e1nos Iskola \u00e9s Gimn\u00e1zium","og_description":"Az al\u00e1bbiakban k\u00f6zz\u00e9tessz\u00fck az iskol\u00e1nkhoz \u00e9rkezett levelet: Tisztelt Int\u00e9zm\u00e9nyvezet\u0151 \u00dar! T\u00e1j\u00e9koztatom, hogy az int\u00e9zm\u00e9nnyel kapcsolatban tett bejelent\u00e9s alapj\u00e1n az Operat\u00edv...","og_url":"https:\/\/szekacs.lutheran.hu\/iskola\/digitalis-oktatas-elrendelese-szeptember-21-tol\/","og_site_name":"Sz\u00e9k\u00e1cs J\u00f3zsef Evang\u00e9likus \u00d3voda, \u00c1ltal\u00e1nos Iskola \u00e9s Gimn\u00e1zium","article_published_time":"2020-09-19T18:12:56+00:00","article_modified_time":"2020-09-25T08:50:42+00:00","og_image":[{"width":856,"height":720,"url":"https:\/\/szekacs.lutheran.hu\/iskola\/wp-content\/uploads\/2020\/09\/HIVATALOS-T\u00c1J\u00c9KOZTAT\u00c1S.png","type":"image\/png"}],"author":"admin","twitter_card":"summary_large_image","twitter_misc":{"Szerz\u0151:":"admin","Becs\u00fclt olvas\u00e1si id\u0151":"1 perc"},"schema":{"@context":"https:\/\/schema.org","@graph":[{"@type":"WebPage","@id":"https:\/\/szekacs.lutheran.hu\/iskola\/digitalis-oktatas-elrendelese-szeptember-21-tol\/","url":"https:\/\/szekacs.lutheran.hu\/iskola\/digitalis-oktatas-elrendelese-szeptember-21-tol\/","name":"Digit\u00e1lis oktat\u00e1s elrendel\u00e9se szeptember 21-t\u0151l - Sz\u00e9k\u00e1cs J\u00f3zsef Evang\u00e9likus \u00d3voda, \u00c1ltal\u00e1nos Iskola \u00e9s Gimn\u00e1zium","isPartOf":{"@id":"https:\/\/szekacs.lutheran.hu\/iskola\/#website"},"primaryImageOfPage":{"@id":"https:\/\/szekacs.lutheran.hu\/iskola\/digitalis-oktatas-elrendelese-szeptember-21-tol\/#primaryimage"},"image":{"@id":"https:\/\/szekacs.lutheran.hu\/iskola\/digitalis-oktatas-elrendelese-szeptember-21-tol\/#primaryimage"},"thumbnailUrl":"https:\/\/szekacs.lutheran.hu\/iskola\/wp-content\/uploads\/2020\/09\/HIVATALOS-T\u00c1J\u00c9KOZTAT\u00c1S.png","datePublished":"2020-09-19T18:12:56+00:00","dateModified":"2020-09-25T08:50:42+00:00","author":{"@id":"https:\/\/szekacs.lutheran.hu\/iskola\/#\/schema\/person\/c2ed2e14631babb098c586494bc7d5df"},"breadcrumb":{"@id":"https:\/\/szekacs.lutheran.hu\/iskola\/digitalis-oktatas-elrendelese-szeptember-21-tol\/#breadcrumb"},"inLanguage":"hu","potentialAction":[{"@type":"ReadAction","target":["https:\/\/szekacs.lutheran.hu\/iskola\/digitalis-oktatas-elrendelese-szeptember-21-tol\/"]}]},{"@type":"ImageObject","inLanguage":"hu","@id":"https:\/\/szekacs.lutheran.hu\/iskola\/digitalis-oktatas-elrendelese-szeptember-21-tol\/#primaryimage","url":"https:\/\/szekacs.lutheran.hu\/iskola\/wp-content\/uploads\/2020\/09\/HIVATALOS-T\u00c1J\u00c9KOZTAT\u00c1S.png","contentUrl":"https:\/\/szekacs.lutheran.hu\/iskola\/wp-content\/uploads\/2020\/09\/HIVATALOS-T\u00c1J\u00c9KOZTAT\u00c1S.png","width":856,"height":720},{"@type":"BreadcrumbList","@id":"https:\/\/szekacs.lutheran.hu\/iskola\/digitalis-oktatas-elrendelese-szeptember-21-tol\/#breadcrumb","itemListElement":[{"@type":"ListItem","position":1,"name":"Home","item":"https:\/\/szekacs.lutheran.hu\/iskola\/"},{"@type":"ListItem","position":2,"name":"Digit\u00e1lis oktat\u00e1s elrendel\u00e9se szeptember 21-t\u0151l"}]},{"@type":"WebSite","@id":"https:\/\/szekacs.lutheran.hu\/iskola\/#website","url":"https:\/\/szekacs.lutheran.hu\/iskola\/","name":"Sz\u00e9k\u00e1cs J\u00f3zsef Evang\u00e9likus \u00d3voda, \u00c1ltal\u00e1nos Iskola \u00e9s Gimn\u00e1zium","description":"","potentialAction":[{"@type":"SearchAction","target":{"@type":"EntryPoint","urlTemplate":"https:\/\/szekacs.lutheran.hu\/iskola\/?s={search_term_string}"},"query-input":{"@type":"PropertyValueSpecification","valueRequired":true,"valueName":"search_term_string"}}],"inLanguage":"hu"},{"@type":"Person","@id":"https:\/\/szekacs.lutheran.hu\/iskola\/#\/schema\/person\/c2ed2e14631babb098c586494bc7d5df","name":"admin","image":{"@type":"ImageObject","inLanguage":"hu","@id":"https:\/\/szekacs.lutheran.hu\/iskola\/#\/schema\/person\/image\/","url":"https:\/\/secure.gravatar.com\/avatar\/2d9a947cd9a162ca4e5eb73e817e43edd8dcbc6e501b39fb999fb53d65e181f4?s=96&d=mm&r=g","contentUrl":"https:\/\/secure.gravatar.com\/avatar\/2d9a947cd9a162ca4e5eb73e817e43edd8dcbc6e501b39fb999fb53d65e181f4?s=96&d=mm&r=g","caption":"admin"},"url":"https:\/\/szekacs.lutheran.hu\/iskola\/author\/admin\/"}]}},"_links":{"self":[{"href":"https:\/\/szekacs.lutheran.hu\/iskola\/wp-json\/wp\/v2\/posts\/22555","targetHints":{"allow":["GET"]}}],"collection":[{"href":"https:\/\/szekacs.lutheran.hu\/iskola\/wp-json\/wp\/v2\/posts"}],"about":[{"href":"https:\/\/szekacs.lutheran.hu\/iskola\/wp-json\/wp\/v2\/types\/post"}],"author":[{"embeddable":true,"href":"https:\/\/szekacs.lutheran.hu\/iskola\/wp-json\/wp\/v2\/users\/1"}],"replies":[{"embeddable":true,"href":"https:\/\/szekacs.lutheran.hu\/iskola\/wp-json\/wp\/v2\/comments?post=22555"}],"version-history":[{"count":1,"href":"https:\/\/szekacs.lutheran.hu\/iskola\/wp-json\/wp\/v2\/posts\/22555\/revisions"}],"predecessor-version":[{"id":22556,"href":"https:\/\/szekacs.lutheran.hu\/iskola\/wp-json\/wp\/v2\/posts\/22555\/revisions\/22556"}],"wp:featuredmedia":[{"embeddable":true,"href":"https:\/\/szekacs.lutheran.hu\/iskola\/wp-json\/wp\/v2\/media\/22549"}],"wp:attachment":[{"href":"https:\/\/szekacs.lutheran.hu\/iskola\/wp-json\/wp\/v2\/media?parent=22555"}],"wp:term":[{"taxonomy":"category","embeddable":true,"href":"https:\/\/szekacs.lutheran.hu\/iskola\/wp-json\/wp\/v2\/categories?post=22555"},{"taxonomy":"post_tag","embeddable":true,"href":"https:\/\/szekacs.lutheran.hu\/iskola\/wp-json\/wp\/v2\/tags?post=22555"}],"curies":[{"name":"wp","href":"https:\/\/api.w.org\/{rel}","templated":true}]}}