{"id":22012,"date":"2020-05-21T12:34:27","date_gmt":"2020-05-21T12:34:27","guid":{"rendered":"https:\/\/szekacs.lutheran.hu\/iskola\/?p=22012"},"modified":"2020-09-23T11:51:53","modified_gmt":"2020-09-23T11:51:53","slug":"tajekoztatas-a-juniusi-munkarendrol","status":"publish","type":"post","link":"https:\/\/szekacs.lutheran.hu\/iskola\/tajekoztatas-a-juniusi-munkarendrol\/","title":{"rendered":"T\u00e1j\u00e9koztat\u00e1s a j\u00faniusi munkarendr\u0151l"},"content":{"rendered":"\n<p>Tisztelt Sz\u00fcl\u0151k!<\/p>\n\n\n\n<p>Dr. Maruzsa Zolt\u00e1n k\u00f6znevel\u00e9s\u00e9rt felel\u0151s\n\u00e1llamtitk\u00e1r 2020. m\u00e1jus 20-\u00e1n bejelentette a tan\u00e9v utols\u00f3 heteire vonatkoz\u00f3\nkorm\u00e1nyd\u00f6nt\u00e9seket. <strong>A tantermen k\u00edv\u00fcli\ndigit\u00e1lis munkarend 2020. j\u00fanius 15-ig \u2013 a tan\u00e9v utols\u00f3 napj\u00e1ig \u2013 \u00e9rv\u00e9nyben\nmarad.<\/strong> <em>Ez azt jelenti, hogy a\ndi\u00e1koknak ebben a tan\u00e9vben m\u00e1r nem kell iskol\u00e1ba j\u00f6nni\u00fck.<\/em> <strong>J\u00fanius 2-\u00e1t\u00f3l oktat\u00e1si c\u00e9llal\ntal\u00e1lkozhatnak az iskol\u00e1ban a pedag\u00f3gusok \u00e9s a tanul\u00f3k, megtarthatj\u00e1k a kiscsoportos\nkonzult\u00e1ci\u00f3kat \u00e9s az egy\u00e9ni felk\u00e9sz\u00edt\u00e9seket az elm\u00falt h\u00f3napok tud\u00e1s\u00e1nak\nmeger\u0151s\u00edt\u00e9s\u00e9\u00e9rt vagy az esetlegesen lemarad\u00f3 tanul\u00f3k felz\u00e1rk\u00f3ztat\u00e1s\u00e1\u00e9rt.<\/strong> <em>Ez azt jelenti, hogy a di\u00e1koknak a tan\u00e9v\nutols\u00f3 k\u00e9t het\u00e9ben \u2013 nem az eredeti \u00f3rarendi keretek k\u00f6z\u00f6tt \u2013 szabad\niskol\u00e1ba j\u00f6nni\u00fck.<\/em><\/p>\n\n\n\n<p>Az oszt\u00e1lyf\u0151n\u00f6k\u00f6k <strong>m\u00e1jus 25-ig felm\u00e9rik, hogy oszt\u00e1lyaikban<\/strong> <strong>mely di\u00e1koknak \u00e9s mely tant\u00e1rgyakb\u00f3l van felt\u00e9tlen\u00fcl sz\u00fcks\u00e9ge<\/strong>\nkonzult\u00e1ci\u00f3kra, illetve mely csal\u00e1dok r\u00e9sz\u00e9r\u0151l \u00e9rkezik erre vagy a\ngyermekfel\u00fcgyeletre vonatkoz\u00f3 hat\u00e1rozott ig\u00e9ny. <\/p>\n\n\n\n<p>Tisztelettel arra k\u00e9rj\u00fck a sz\u00fcl\u0151ket, hogy\namely csal\u00e1dokban j\u00f3l megoldott a jelenlegi digit\u00e1lis munkarendben val\u00f3\ntanul\u00e1s, ott j\u00faniusban is ebben a munkarendben maradjanak a tanul\u00f3k, hogy az\niskolai konzult\u00e1ci\u00f3k \u00e9s gyermekfel\u00fcgyelet val\u00f3ban <strong>kis csoportokban legyen megszervezhet\u0151 \u00e9s kell\u0151 hat\u00e9konys\u00e1ggal\nm\u0171k\u00f6dhessen<\/strong> az arra t\u00e9nylegesen r\u00e1szorul\u00f3 tanul\u00f3k eset\u00e9ben.<\/p>\n","protected":false},"excerpt":{"rendered":"<p>Tisztelt Sz\u00fcl\u0151k! Dr. Maruzsa Zolt\u00e1n k\u00f6znevel\u00e9s\u00e9rt felel\u0151s \u00e1llamtitk\u00e1r 2020. m\u00e1jus 20-\u00e1n bejelentette a tan\u00e9v utols\u00f3 heteire vonatkoz\u00f3 korm\u00e1nyd\u00f6nt\u00e9seket. A tantermen&#8230;<\/p>\n","protected":false},"author":1,"featured_media":22013,"comment_status":"closed","ping_status":"closed","sticky":false,"template":"","format":"standard","meta":{"footnotes":""},"categories":[42],"tags":[],"class_list":["post-22012","post","type-post","status-publish","format-standard","has-post-thumbnail","hentry","category-aktualis"],"yoast_head":"<!-- This site is optimized with the Yoast SEO plugin v26.2 - https:\/\/yoast.com\/wordpress\/plugins\/seo\/ -->\n<title>T\u00e1j\u00e9koztat\u00e1s a j\u00faniusi munkarendr\u0151l - Sz\u00e9k\u00e1cs J\u00f3zsef Evang\u00e9likus \u00d3voda, \u00c1ltal\u00e1nos Iskola \u00e9s Gimn\u00e1zium<\/title>\n<meta name=\"robots\" content=\"index, follow, max-snippet:-1, max-image-preview:large, max-video-preview:-1\" \/>\n<link rel=\"canonical\" href=\"https:\/\/szekacs.lutheran.hu\/iskola\/tajekoztatas-a-juniusi-munkarendrol\/\" \/>\n<meta property=\"og:locale\" content=\"hu_HU\" \/>\n<meta property=\"og:type\" content=\"article\" \/>\n<meta property=\"og:title\" content=\"T\u00e1j\u00e9koztat\u00e1s a j\u00faniusi munkarendr\u0151l - Sz\u00e9k\u00e1cs J\u00f3zsef Evang\u00e9likus \u00d3voda, \u00c1ltal\u00e1nos Iskola \u00e9s Gimn\u00e1zium\" \/>\n<meta property=\"og:description\" content=\"Tisztelt Sz\u00fcl\u0151k! Dr. Maruzsa Zolt\u00e1n k\u00f6znevel\u00e9s\u00e9rt felel\u0151s \u00e1llamtitk\u00e1r 2020. m\u00e1jus 20-\u00e1n bejelentette a tan\u00e9v utols\u00f3 heteire vonatkoz\u00f3 korm\u00e1nyd\u00f6nt\u00e9seket. A tantermen...\" \/>\n<meta property=\"og:url\" content=\"https:\/\/szekacs.lutheran.hu\/iskola\/tajekoztatas-a-juniusi-munkarendrol\/\" \/>\n<meta property=\"og:site_name\" content=\"Sz\u00e9k\u00e1cs J\u00f3zsef Evang\u00e9likus \u00d3voda, \u00c1ltal\u00e1nos Iskola \u00e9s Gimn\u00e1zium\" \/>\n<meta property=\"article:published_time\" content=\"2020-05-21T12:34:27+00:00\" \/>\n<meta property=\"article:modified_time\" content=\"2020-09-23T11:51:53+00:00\" \/>\n<meta property=\"og:image\" content=\"https:\/\/szekacs.lutheran.hu\/iskola\/wp-content\/uploads\/2020\/05\/T\u00e1j\u00e9koztat\u00e1s-2.png\" \/>\n\t<meta property=\"og:image:width\" content=\"620\" \/>\n\t<meta property=\"og:image:height\" content=\"452\" \/>\n\t<meta property=\"og:image:type\" content=\"image\/png\" \/>\n<meta name=\"author\" content=\"admin\" \/>\n<meta name=\"twitter:card\" content=\"summary_large_image\" \/>\n<meta name=\"twitter:label1\" content=\"Szerz\u0151:\" \/>\n\t<meta name=\"twitter:data1\" content=\"admin\" \/>\n\t<meta name=\"twitter:label2\" content=\"Becs\u00fclt olvas\u00e1si id\u0151\" \/>\n\t<meta name=\"twitter:data2\" content=\"1 perc\" \/>\n<script type=\"application\/ld+json\" class=\"yoast-schema-graph\">{\"@context\":\"https:\/\/schema.org\",\"@graph\":[{\"@type\":\"WebPage\",\"@id\":\"https:\/\/szekacs.lutheran.hu\/iskola\/tajekoztatas-a-juniusi-munkarendrol\/\",\"url\":\"https:\/\/szekacs.lutheran.hu\/iskola\/tajekoztatas-a-juniusi-munkarendrol\/\",\"name\":\"T\u00e1j\u00e9koztat\u00e1s a j\u00faniusi munkarendr\u0151l - Sz\u00e9k\u00e1cs J\u00f3zsef Evang\u00e9likus \u00d3voda, \u00c1ltal\u00e1nos Iskola \u00e9s Gimn\u00e1zium\",\"isPartOf\":{\"@id\":\"https:\/\/szekacs.lutheran.hu\/iskola\/#website\"},\"primaryImageOfPage\":{\"@id\":\"https:\/\/szekacs.lutheran.hu\/iskola\/tajekoztatas-a-juniusi-munkarendrol\/#primaryimage\"},\"image\":{\"@id\":\"https:\/\/szekacs.lutheran.hu\/iskola\/tajekoztatas-a-juniusi-munkarendrol\/#primaryimage\"},\"thumbnailUrl\":\"https:\/\/szekacs.lutheran.hu\/iskola\/wp-content\/uploads\/2020\/05\/T\u00e1j\u00e9koztat\u00e1s-2.png\",\"datePublished\":\"2020-05-21T12:34:27+00:00\",\"dateModified\":\"2020-09-23T11:51:53+00:00\",\"author\":{\"@id\":\"https:\/\/szekacs.lutheran.hu\/iskola\/#\/schema\/person\/c2ed2e14631babb098c586494bc7d5df\"},\"breadcrumb\":{\"@id\":\"https:\/\/szekacs.lutheran.hu\/iskola\/tajekoztatas-a-juniusi-munkarendrol\/#breadcrumb\"},\"inLanguage\":\"hu\",\"potentialAction\":[{\"@type\":\"ReadAction\",\"target\":[\"https:\/\/szekacs.lutheran.hu\/iskola\/tajekoztatas-a-juniusi-munkarendrol\/\"]}]},{\"@type\":\"ImageObject\",\"inLanguage\":\"hu\",\"@id\":\"https:\/\/szekacs.lutheran.hu\/iskola\/tajekoztatas-a-juniusi-munkarendrol\/#primaryimage\",\"url\":\"https:\/\/szekacs.lutheran.hu\/iskola\/wp-content\/uploads\/2020\/05\/T\u00e1j\u00e9koztat\u00e1s-2.png\",\"contentUrl\":\"https:\/\/szekacs.lutheran.hu\/iskola\/wp-content\/uploads\/2020\/05\/T\u00e1j\u00e9koztat\u00e1s-2.png\",\"width\":620,\"height\":452},{\"@type\":\"BreadcrumbList\",\"@id\":\"https:\/\/szekacs.lutheran.hu\/iskola\/tajekoztatas-a-juniusi-munkarendrol\/#breadcrumb\",\"itemListElement\":[{\"@type\":\"ListItem\",\"position\":1,\"name\":\"Home\",\"item\":\"https:\/\/szekacs.lutheran.hu\/iskola\/\"},{\"@type\":\"ListItem\",\"position\":2,\"name\":\"T\u00e1j\u00e9koztat\u00e1s a j\u00faniusi munkarendr\u0151l\"}]},{\"@type\":\"WebSite\",\"@id\":\"https:\/\/szekacs.lutheran.hu\/iskola\/#website\",\"url\":\"https:\/\/szekacs.lutheran.hu\/iskola\/\",\"name\":\"Sz\u00e9k\u00e1cs J\u00f3zsef Evang\u00e9likus \u00d3voda, \u00c1ltal\u00e1nos Iskola \u00e9s Gimn\u00e1zium\",\"description\":\"\",\"potentialAction\":[{\"@type\":\"SearchAction\",\"target\":{\"@type\":\"EntryPoint\",\"urlTemplate\":\"https:\/\/szekacs.lutheran.hu\/iskola\/?s={search_term_string}\"},\"query-input\":{\"@type\":\"PropertyValueSpecification\",\"valueRequired\":true,\"valueName\":\"search_term_string\"}}],\"inLanguage\":\"hu\"},{\"@type\":\"Person\",\"@id\":\"https:\/\/szekacs.lutheran.hu\/iskola\/#\/schema\/person\/c2ed2e14631babb098c586494bc7d5df\",\"name\":\"admin\",\"image\":{\"@type\":\"ImageObject\",\"inLanguage\":\"hu\",\"@id\":\"https:\/\/szekacs.lutheran.hu\/iskola\/#\/schema\/person\/image\/\",\"url\":\"https:\/\/secure.gravatar.com\/avatar\/2d9a947cd9a162ca4e5eb73e817e43edd8dcbc6e501b39fb999fb53d65e181f4?s=96&d=mm&r=g\",\"contentUrl\":\"https:\/\/secure.gravatar.com\/avatar\/2d9a947cd9a162ca4e5eb73e817e43edd8dcbc6e501b39fb999fb53d65e181f4?s=96&d=mm&r=g\",\"caption\":\"admin\"},\"url\":\"https:\/\/szekacs.lutheran.hu\/iskola\/author\/admin\/\"}]}<\/script>\n<!-- \/ Yoast SEO plugin. -->","yoast_head_json":{"title":"T\u00e1j\u00e9koztat\u00e1s a j\u00faniusi munkarendr\u0151l - Sz\u00e9k\u00e1cs J\u00f3zsef Evang\u00e9likus \u00d3voda, \u00c1ltal\u00e1nos Iskola \u00e9s Gimn\u00e1zium","robots":{"index":"index","follow":"follow","max-snippet":"max-snippet:-1","max-image-preview":"max-image-preview:large","max-video-preview":"max-video-preview:-1"},"canonical":"https:\/\/szekacs.lutheran.hu\/iskola\/tajekoztatas-a-juniusi-munkarendrol\/","og_locale":"hu_HU","og_type":"article","og_title":"T\u00e1j\u00e9koztat\u00e1s a j\u00faniusi munkarendr\u0151l - Sz\u00e9k\u00e1cs J\u00f3zsef Evang\u00e9likus \u00d3voda, \u00c1ltal\u00e1nos Iskola \u00e9s Gimn\u00e1zium","og_description":"Tisztelt Sz\u00fcl\u0151k! Dr. Maruzsa Zolt\u00e1n k\u00f6znevel\u00e9s\u00e9rt felel\u0151s \u00e1llamtitk\u00e1r 2020. m\u00e1jus 20-\u00e1n bejelentette a tan\u00e9v utols\u00f3 heteire vonatkoz\u00f3 korm\u00e1nyd\u00f6nt\u00e9seket. A tantermen...","og_url":"https:\/\/szekacs.lutheran.hu\/iskola\/tajekoztatas-a-juniusi-munkarendrol\/","og_site_name":"Sz\u00e9k\u00e1cs J\u00f3zsef Evang\u00e9likus \u00d3voda, \u00c1ltal\u00e1nos Iskola \u00e9s Gimn\u00e1zium","article_published_time":"2020-05-21T12:34:27+00:00","article_modified_time":"2020-09-23T11:51:53+00:00","og_image":[{"width":620,"height":452,"url":"https:\/\/szekacs.lutheran.hu\/iskola\/wp-content\/uploads\/2020\/05\/T\u00e1j\u00e9koztat\u00e1s-2.png","type":"image\/png"}],"author":"admin","twitter_card":"summary_large_image","twitter_misc":{"Szerz\u0151:":"admin","Becs\u00fclt olvas\u00e1si id\u0151":"1 perc"},"schema":{"@context":"https:\/\/schema.org","@graph":[{"@type":"WebPage","@id":"https:\/\/szekacs.lutheran.hu\/iskola\/tajekoztatas-a-juniusi-munkarendrol\/","url":"https:\/\/szekacs.lutheran.hu\/iskola\/tajekoztatas-a-juniusi-munkarendrol\/","name":"T\u00e1j\u00e9koztat\u00e1s a j\u00faniusi munkarendr\u0151l - Sz\u00e9k\u00e1cs J\u00f3zsef Evang\u00e9likus \u00d3voda, \u00c1ltal\u00e1nos Iskola \u00e9s Gimn\u00e1zium","isPartOf":{"@id":"https:\/\/szekacs.lutheran.hu\/iskola\/#website"},"primaryImageOfPage":{"@id":"https:\/\/szekacs.lutheran.hu\/iskola\/tajekoztatas-a-juniusi-munkarendrol\/#primaryimage"},"image":{"@id":"https:\/\/szekacs.lutheran.hu\/iskola\/tajekoztatas-a-juniusi-munkarendrol\/#primaryimage"},"thumbnailUrl":"https:\/\/szekacs.lutheran.hu\/iskola\/wp-content\/uploads\/2020\/05\/T\u00e1j\u00e9koztat\u00e1s-2.png","datePublished":"2020-05-21T12:34:27+00:00","dateModified":"2020-09-23T11:51:53+00:00","author":{"@id":"https:\/\/szekacs.lutheran.hu\/iskola\/#\/schema\/person\/c2ed2e14631babb098c586494bc7d5df"},"breadcrumb":{"@id":"https:\/\/szekacs.lutheran.hu\/iskola\/tajekoztatas-a-juniusi-munkarendrol\/#breadcrumb"},"inLanguage":"hu","potentialAction":[{"@type":"ReadAction","target":["https:\/\/szekacs.lutheran.hu\/iskola\/tajekoztatas-a-juniusi-munkarendrol\/"]}]},{"@type":"ImageObject","inLanguage":"hu","@id":"https:\/\/szekacs.lutheran.hu\/iskola\/tajekoztatas-a-juniusi-munkarendrol\/#primaryimage","url":"https:\/\/szekacs.lutheran.hu\/iskola\/wp-content\/uploads\/2020\/05\/T\u00e1j\u00e9koztat\u00e1s-2.png","contentUrl":"https:\/\/szekacs.lutheran.hu\/iskola\/wp-content\/uploads\/2020\/05\/T\u00e1j\u00e9koztat\u00e1s-2.png","width":620,"height":452},{"@type":"BreadcrumbList","@id":"https:\/\/szekacs.lutheran.hu\/iskola\/tajekoztatas-a-juniusi-munkarendrol\/#breadcrumb","itemListElement":[{"@type":"ListItem","position":1,"name":"Home","item":"https:\/\/szekacs.lutheran.hu\/iskola\/"},{"@type":"ListItem","position":2,"name":"T\u00e1j\u00e9koztat\u00e1s a j\u00faniusi munkarendr\u0151l"}]},{"@type":"WebSite","@id":"https:\/\/szekacs.lutheran.hu\/iskola\/#website","url":"https:\/\/szekacs.lutheran.hu\/iskola\/","name":"Sz\u00e9k\u00e1cs J\u00f3zsef Evang\u00e9likus \u00d3voda, \u00c1ltal\u00e1nos Iskola \u00e9s Gimn\u00e1zium","description":"","potentialAction":[{"@type":"SearchAction","target":{"@type":"EntryPoint","urlTemplate":"https:\/\/szekacs.lutheran.hu\/iskola\/?s={search_term_string}"},"query-input":{"@type":"PropertyValueSpecification","valueRequired":true,"valueName":"search_term_string"}}],"inLanguage":"hu"},{"@type":"Person","@id":"https:\/\/szekacs.lutheran.hu\/iskola\/#\/schema\/person\/c2ed2e14631babb098c586494bc7d5df","name":"admin","image":{"@type":"ImageObject","inLanguage":"hu","@id":"https:\/\/szekacs.lutheran.hu\/iskola\/#\/schema\/person\/image\/","url":"https:\/\/secure.gravatar.com\/avatar\/2d9a947cd9a162ca4e5eb73e817e43edd8dcbc6e501b39fb999fb53d65e181f4?s=96&d=mm&r=g","contentUrl":"https:\/\/secure.gravatar.com\/avatar\/2d9a947cd9a162ca4e5eb73e817e43edd8dcbc6e501b39fb999fb53d65e181f4?s=96&d=mm&r=g","caption":"admin"},"url":"https:\/\/szekacs.lutheran.hu\/iskola\/author\/admin\/"}]}},"_links":{"self":[{"href":"https:\/\/szekacs.lutheran.hu\/iskola\/wp-json\/wp\/v2\/posts\/22012","targetHints":{"allow":["GET"]}}],"collection":[{"href":"https:\/\/szekacs.lutheran.hu\/iskola\/wp-json\/wp\/v2\/posts"}],"about":[{"href":"https:\/\/szekacs.lutheran.hu\/iskola\/wp-json\/wp\/v2\/types\/post"}],"author":[{"embeddable":true,"href":"https:\/\/szekacs.lutheran.hu\/iskola\/wp-json\/wp\/v2\/users\/1"}],"replies":[{"embeddable":true,"href":"https:\/\/szekacs.lutheran.hu\/iskola\/wp-json\/wp\/v2\/comments?post=22012"}],"version-history":[{"count":1,"href":"https:\/\/szekacs.lutheran.hu\/iskola\/wp-json\/wp\/v2\/posts\/22012\/revisions"}],"predecessor-version":[{"id":22014,"href":"https:\/\/szekacs.lutheran.hu\/iskola\/wp-json\/wp\/v2\/posts\/22012\/revisions\/22014"}],"wp:featuredmedia":[{"embeddable":true,"href":"https:\/\/szekacs.lutheran.hu\/iskola\/wp-json\/wp\/v2\/media\/22013"}],"wp:attachment":[{"href":"https:\/\/szekacs.lutheran.hu\/iskola\/wp-json\/wp\/v2\/media?parent=22012"}],"wp:term":[{"taxonomy":"category","embeddable":true,"href":"https:\/\/szekacs.lutheran.hu\/iskola\/wp-json\/wp\/v2\/categories?post=22012"},{"taxonomy":"post_tag","embeddable":true,"href":"https:\/\/szekacs.lutheran.hu\/iskola\/wp-json\/wp\/v2\/tags?post=22012"}],"curies":[{"name":"wp","href":"https:\/\/api.w.org\/{rel}","templated":true}]}}