{"id":21987,"date":"2020-05-06T10:59:35","date_gmt":"2020-05-06T10:59:35","guid":{"rendered":"https:\/\/szekacs.lutheran.hu\/iskola\/?p=21987"},"modified":"2020-09-23T11:52:28","modified_gmt":"2020-09-23T11:52:28","slug":"ballagas-maskepp","status":"publish","type":"post","link":"https:\/\/szekacs.lutheran.hu\/iskola\/ballagas-maskepp\/","title":{"rendered":"Ballag\u00e1s &#8211; m\u00e1sk\u00e9pp&#8230;"},"content":{"rendered":"\n<p>Virtu\u00e1lis ballag\u00e1s volt ebben a tan\u00e9vben az orosh\u00e1zi Sz\u00e9k\u00e1cs J\u00f3zsef Evang\u00e9likus \u00d3voda, \u00c1ltal\u00e1nos Iskola \u00e9s Gimn\u00e1zium \u00e9retts\u00e9giz\u0151 di\u00e1kjai sz\u00e1m\u00e1ra. A b\u00facs\u00faz\u00e1st egybek\u00f6t\u00f6tt\u00fck a hagyom\u00e1nyos remeg\u0151 l\u00e1b\u00faak istentisztelet\u00e9vel, \u00e9s \u00edgy sz\u00fcletett meg az iskola youtube csatorn\u00e1j\u00e1n l\u00e1that\u00f3 vide\u00f3: <a href=\"https:\/\/youtu.be\/-v1ajixmyVA\">https:\/\/youtu.be\/-v1ajixmyVA<\/a><\/p>\n\n\n\n<p>Az online alkalomban igei \u00e9s b\u00e1tor\u00edt\u00f3 gondolatokkal k\u00f6zrem\u0171k\u00f6dtek a megsz\u00f3lal\u00e1s sorrendj\u00e9ben: <br>Szigethy Szil\u00e1rd &#8211; iskolalelk\u00e9sz <br>Felegyi-N\u00e9meth M\u00e1ria &#8211; iskolalelk\u00e9sz <br>Fazekas Andr\u00e1s &#8211; a 12\/6 oszt\u00e1lyf\u0151n\u00f6ke <br>Sz\u0151ke-Kili\u00e1n Szilvia &#8211; a 12\/4 oszt\u00e1lyf\u0151n\u00f6ke <br>Nagy R\u00f3bert &#8211; iskolaigazgat\u00f3 <\/p>\n\n\n\n<p>ZENE: <br>K\u00f6zel egy\u00fcttes: T\u00e9gy eggy\u00e9 c\u00edm\u0171 CD  <br>&#8211; Er\u0151s v\u00e1r a mi Isten\u00fcnk  <br>&#8211; Tengereken \u00e1t <br>VoG: Sz\u00e9lr\u00f3zsa Live <br>&#8211; El\u0151tal\u00e1lkoz\u00f3 (2020) <br>&#8211; VoG koncertfelv\u00e9tel  <br>&#8211; Megh\u00edvt\u00e1l, hogy v\u00edzre l\u00e9pjek <br>A Mi vagyunk a grund! c\u00edm\u0171 sz\u00e1mot az als\u00f3 tagozatosok kisk\u00f3rus\u00e1nak Domj\u00e1nn\u00e9 Sz\u00f3lik Anik\u00f3 \u00e9nektan\u00e1r tan\u00edtotta be. <\/p>\n","protected":false},"excerpt":{"rendered":"<p>Virtu\u00e1lis ballag\u00e1s volt ebben a tan\u00e9vben az orosh\u00e1zi Sz\u00e9k\u00e1cs J\u00f3zsef Evang\u00e9likus \u00d3voda, \u00c1ltal\u00e1nos Iskola \u00e9s Gimn\u00e1zium \u00e9retts\u00e9giz\u0151 di\u00e1kjai sz\u00e1m\u00e1ra. A&#8230;<\/p>\n","protected":false},"author":1,"featured_media":21988,"comment_status":"closed","ping_status":"closed","sticky":false,"template":"","format":"standard","meta":{"footnotes":""},"categories":[43],"tags":[],"class_list":["post-21987","post","type-post","status-publish","format-standard","has-post-thumbnail","hentry","category-iskolai-elet"],"yoast_head":"<!-- This site is optimized with the Yoast SEO plugin v26.2 - https:\/\/yoast.com\/wordpress\/plugins\/seo\/ -->\n<title>Ballag\u00e1s - m\u00e1sk\u00e9pp... - Sz\u00e9k\u00e1cs J\u00f3zsef Evang\u00e9likus \u00d3voda, \u00c1ltal\u00e1nos Iskola \u00e9s Gimn\u00e1zium<\/title>\n<meta name=\"robots\" content=\"index, follow, max-snippet:-1, max-image-preview:large, max-video-preview:-1\" \/>\n<link rel=\"canonical\" href=\"https:\/\/szekacs.lutheran.hu\/iskola\/ballagas-maskepp\/\" \/>\n<meta property=\"og:locale\" content=\"hu_HU\" \/>\n<meta property=\"og:type\" content=\"article\" \/>\n<meta property=\"og:title\" content=\"Ballag\u00e1s - m\u00e1sk\u00e9pp... - Sz\u00e9k\u00e1cs J\u00f3zsef Evang\u00e9likus \u00d3voda, \u00c1ltal\u00e1nos Iskola \u00e9s Gimn\u00e1zium\" \/>\n<meta property=\"og:description\" content=\"Virtu\u00e1lis ballag\u00e1s volt ebben a tan\u00e9vben az orosh\u00e1zi Sz\u00e9k\u00e1cs J\u00f3zsef Evang\u00e9likus \u00d3voda, \u00c1ltal\u00e1nos Iskola \u00e9s Gimn\u00e1zium \u00e9retts\u00e9giz\u0151 di\u00e1kjai sz\u00e1m\u00e1ra. A...\" \/>\n<meta property=\"og:url\" content=\"https:\/\/szekacs.lutheran.hu\/iskola\/ballagas-maskepp\/\" \/>\n<meta property=\"og:site_name\" content=\"Sz\u00e9k\u00e1cs J\u00f3zsef Evang\u00e9likus \u00d3voda, \u00c1ltal\u00e1nos Iskola \u00e9s Gimn\u00e1zium\" \/>\n<meta property=\"article:published_time\" content=\"2020-05-06T10:59:35+00:00\" \/>\n<meta property=\"article:modified_time\" content=\"2020-09-23T11:52:28+00:00\" \/>\n<meta property=\"og:image\" content=\"https:\/\/szekacs.lutheran.hu\/iskola\/wp-content\/uploads\/2020\/05\/Ballag\u00e1s-helyett.png\" \/>\n\t<meta property=\"og:image:width\" content=\"1180\" \/>\n\t<meta property=\"og:image:height\" content=\"612\" \/>\n\t<meta property=\"og:image:type\" content=\"image\/png\" \/>\n<meta name=\"author\" content=\"admin\" \/>\n<meta name=\"twitter:card\" content=\"summary_large_image\" \/>\n<meta name=\"twitter:label1\" content=\"Szerz\u0151:\" \/>\n\t<meta name=\"twitter:data1\" content=\"admin\" \/>\n\t<meta name=\"twitter:label2\" content=\"Becs\u00fclt olvas\u00e1si id\u0151\" \/>\n\t<meta name=\"twitter:data2\" content=\"1 perc\" \/>\n<script type=\"application\/ld+json\" class=\"yoast-schema-graph\">{\"@context\":\"https:\/\/schema.org\",\"@graph\":[{\"@type\":\"WebPage\",\"@id\":\"https:\/\/szekacs.lutheran.hu\/iskola\/ballagas-maskepp\/\",\"url\":\"https:\/\/szekacs.lutheran.hu\/iskola\/ballagas-maskepp\/\",\"name\":\"Ballag\u00e1s - m\u00e1sk\u00e9pp... - Sz\u00e9k\u00e1cs J\u00f3zsef Evang\u00e9likus \u00d3voda, \u00c1ltal\u00e1nos Iskola \u00e9s Gimn\u00e1zium\",\"isPartOf\":{\"@id\":\"https:\/\/szekacs.lutheran.hu\/iskola\/#website\"},\"primaryImageOfPage\":{\"@id\":\"https:\/\/szekacs.lutheran.hu\/iskola\/ballagas-maskepp\/#primaryimage\"},\"image\":{\"@id\":\"https:\/\/szekacs.lutheran.hu\/iskola\/ballagas-maskepp\/#primaryimage\"},\"thumbnailUrl\":\"https:\/\/szekacs.lutheran.hu\/iskola\/wp-content\/uploads\/2020\/05\/Ballag\u00e1s-helyett.png\",\"datePublished\":\"2020-05-06T10:59:35+00:00\",\"dateModified\":\"2020-09-23T11:52:28+00:00\",\"author\":{\"@id\":\"https:\/\/szekacs.lutheran.hu\/iskola\/#\/schema\/person\/c2ed2e14631babb098c586494bc7d5df\"},\"breadcrumb\":{\"@id\":\"https:\/\/szekacs.lutheran.hu\/iskola\/ballagas-maskepp\/#breadcrumb\"},\"inLanguage\":\"hu\",\"potentialAction\":[{\"@type\":\"ReadAction\",\"target\":[\"https:\/\/szekacs.lutheran.hu\/iskola\/ballagas-maskepp\/\"]}]},{\"@type\":\"ImageObject\",\"inLanguage\":\"hu\",\"@id\":\"https:\/\/szekacs.lutheran.hu\/iskola\/ballagas-maskepp\/#primaryimage\",\"url\":\"https:\/\/szekacs.lutheran.hu\/iskola\/wp-content\/uploads\/2020\/05\/Ballag\u00e1s-helyett.png\",\"contentUrl\":\"https:\/\/szekacs.lutheran.hu\/iskola\/wp-content\/uploads\/2020\/05\/Ballag\u00e1s-helyett.png\",\"width\":1180,\"height\":612},{\"@type\":\"BreadcrumbList\",\"@id\":\"https:\/\/szekacs.lutheran.hu\/iskola\/ballagas-maskepp\/#breadcrumb\",\"itemListElement\":[{\"@type\":\"ListItem\",\"position\":1,\"name\":\"Home\",\"item\":\"https:\/\/szekacs.lutheran.hu\/iskola\/\"},{\"@type\":\"ListItem\",\"position\":2,\"name\":\"Ballag\u00e1s &#8211; m\u00e1sk\u00e9pp&#8230;\"}]},{\"@type\":\"WebSite\",\"@id\":\"https:\/\/szekacs.lutheran.hu\/iskola\/#website\",\"url\":\"https:\/\/szekacs.lutheran.hu\/iskola\/\",\"name\":\"Sz\u00e9k\u00e1cs J\u00f3zsef Evang\u00e9likus \u00d3voda, \u00c1ltal\u00e1nos Iskola \u00e9s Gimn\u00e1zium\",\"description\":\"\",\"potentialAction\":[{\"@type\":\"SearchAction\",\"target\":{\"@type\":\"EntryPoint\",\"urlTemplate\":\"https:\/\/szekacs.lutheran.hu\/iskola\/?s={search_term_string}\"},\"query-input\":{\"@type\":\"PropertyValueSpecification\",\"valueRequired\":true,\"valueName\":\"search_term_string\"}}],\"inLanguage\":\"hu\"},{\"@type\":\"Person\",\"@id\":\"https:\/\/szekacs.lutheran.hu\/iskola\/#\/schema\/person\/c2ed2e14631babb098c586494bc7d5df\",\"name\":\"admin\",\"image\":{\"@type\":\"ImageObject\",\"inLanguage\":\"hu\",\"@id\":\"https:\/\/szekacs.lutheran.hu\/iskola\/#\/schema\/person\/image\/\",\"url\":\"https:\/\/secure.gravatar.com\/avatar\/2d9a947cd9a162ca4e5eb73e817e43edd8dcbc6e501b39fb999fb53d65e181f4?s=96&d=mm&r=g\",\"contentUrl\":\"https:\/\/secure.gravatar.com\/avatar\/2d9a947cd9a162ca4e5eb73e817e43edd8dcbc6e501b39fb999fb53d65e181f4?s=96&d=mm&r=g\",\"caption\":\"admin\"},\"url\":\"https:\/\/szekacs.lutheran.hu\/iskola\/author\/admin\/\"}]}<\/script>\n<!-- \/ Yoast SEO plugin. -->","yoast_head_json":{"title":"Ballag\u00e1s - m\u00e1sk\u00e9pp... - Sz\u00e9k\u00e1cs J\u00f3zsef Evang\u00e9likus \u00d3voda, \u00c1ltal\u00e1nos Iskola \u00e9s Gimn\u00e1zium","robots":{"index":"index","follow":"follow","max-snippet":"max-snippet:-1","max-image-preview":"max-image-preview:large","max-video-preview":"max-video-preview:-1"},"canonical":"https:\/\/szekacs.lutheran.hu\/iskola\/ballagas-maskepp\/","og_locale":"hu_HU","og_type":"article","og_title":"Ballag\u00e1s - m\u00e1sk\u00e9pp... - Sz\u00e9k\u00e1cs J\u00f3zsef Evang\u00e9likus \u00d3voda, \u00c1ltal\u00e1nos Iskola \u00e9s Gimn\u00e1zium","og_description":"Virtu\u00e1lis ballag\u00e1s volt ebben a tan\u00e9vben az orosh\u00e1zi Sz\u00e9k\u00e1cs J\u00f3zsef Evang\u00e9likus \u00d3voda, \u00c1ltal\u00e1nos Iskola \u00e9s Gimn\u00e1zium \u00e9retts\u00e9giz\u0151 di\u00e1kjai sz\u00e1m\u00e1ra. A...","og_url":"https:\/\/szekacs.lutheran.hu\/iskola\/ballagas-maskepp\/","og_site_name":"Sz\u00e9k\u00e1cs J\u00f3zsef Evang\u00e9likus \u00d3voda, \u00c1ltal\u00e1nos Iskola \u00e9s Gimn\u00e1zium","article_published_time":"2020-05-06T10:59:35+00:00","article_modified_time":"2020-09-23T11:52:28+00:00","og_image":[{"width":1180,"height":612,"url":"https:\/\/szekacs.lutheran.hu\/iskola\/wp-content\/uploads\/2020\/05\/Ballag\u00e1s-helyett.png","type":"image\/png"}],"author":"admin","twitter_card":"summary_large_image","twitter_misc":{"Szerz\u0151:":"admin","Becs\u00fclt olvas\u00e1si id\u0151":"1 perc"},"schema":{"@context":"https:\/\/schema.org","@graph":[{"@type":"WebPage","@id":"https:\/\/szekacs.lutheran.hu\/iskola\/ballagas-maskepp\/","url":"https:\/\/szekacs.lutheran.hu\/iskola\/ballagas-maskepp\/","name":"Ballag\u00e1s - m\u00e1sk\u00e9pp... - Sz\u00e9k\u00e1cs J\u00f3zsef Evang\u00e9likus \u00d3voda, \u00c1ltal\u00e1nos Iskola \u00e9s Gimn\u00e1zium","isPartOf":{"@id":"https:\/\/szekacs.lutheran.hu\/iskola\/#website"},"primaryImageOfPage":{"@id":"https:\/\/szekacs.lutheran.hu\/iskola\/ballagas-maskepp\/#primaryimage"},"image":{"@id":"https:\/\/szekacs.lutheran.hu\/iskola\/ballagas-maskepp\/#primaryimage"},"thumbnailUrl":"https:\/\/szekacs.lutheran.hu\/iskola\/wp-content\/uploads\/2020\/05\/Ballag\u00e1s-helyett.png","datePublished":"2020-05-06T10:59:35+00:00","dateModified":"2020-09-23T11:52:28+00:00","author":{"@id":"https:\/\/szekacs.lutheran.hu\/iskola\/#\/schema\/person\/c2ed2e14631babb098c586494bc7d5df"},"breadcrumb":{"@id":"https:\/\/szekacs.lutheran.hu\/iskola\/ballagas-maskepp\/#breadcrumb"},"inLanguage":"hu","potentialAction":[{"@type":"ReadAction","target":["https:\/\/szekacs.lutheran.hu\/iskola\/ballagas-maskepp\/"]}]},{"@type":"ImageObject","inLanguage":"hu","@id":"https:\/\/szekacs.lutheran.hu\/iskola\/ballagas-maskepp\/#primaryimage","url":"https:\/\/szekacs.lutheran.hu\/iskola\/wp-content\/uploads\/2020\/05\/Ballag\u00e1s-helyett.png","contentUrl":"https:\/\/szekacs.lutheran.hu\/iskola\/wp-content\/uploads\/2020\/05\/Ballag\u00e1s-helyett.png","width":1180,"height":612},{"@type":"BreadcrumbList","@id":"https:\/\/szekacs.lutheran.hu\/iskola\/ballagas-maskepp\/#breadcrumb","itemListElement":[{"@type":"ListItem","position":1,"name":"Home","item":"https:\/\/szekacs.lutheran.hu\/iskola\/"},{"@type":"ListItem","position":2,"name":"Ballag\u00e1s &#8211; m\u00e1sk\u00e9pp&#8230;"}]},{"@type":"WebSite","@id":"https:\/\/szekacs.lutheran.hu\/iskola\/#website","url":"https:\/\/szekacs.lutheran.hu\/iskola\/","name":"Sz\u00e9k\u00e1cs J\u00f3zsef Evang\u00e9likus \u00d3voda, \u00c1ltal\u00e1nos Iskola \u00e9s Gimn\u00e1zium","description":"","potentialAction":[{"@type":"SearchAction","target":{"@type":"EntryPoint","urlTemplate":"https:\/\/szekacs.lutheran.hu\/iskola\/?s={search_term_string}"},"query-input":{"@type":"PropertyValueSpecification","valueRequired":true,"valueName":"search_term_string"}}],"inLanguage":"hu"},{"@type":"Person","@id":"https:\/\/szekacs.lutheran.hu\/iskola\/#\/schema\/person\/c2ed2e14631babb098c586494bc7d5df","name":"admin","image":{"@type":"ImageObject","inLanguage":"hu","@id":"https:\/\/szekacs.lutheran.hu\/iskola\/#\/schema\/person\/image\/","url":"https:\/\/secure.gravatar.com\/avatar\/2d9a947cd9a162ca4e5eb73e817e43edd8dcbc6e501b39fb999fb53d65e181f4?s=96&d=mm&r=g","contentUrl":"https:\/\/secure.gravatar.com\/avatar\/2d9a947cd9a162ca4e5eb73e817e43edd8dcbc6e501b39fb999fb53d65e181f4?s=96&d=mm&r=g","caption":"admin"},"url":"https:\/\/szekacs.lutheran.hu\/iskola\/author\/admin\/"}]}},"_links":{"self":[{"href":"https:\/\/szekacs.lutheran.hu\/iskola\/wp-json\/wp\/v2\/posts\/21987","targetHints":{"allow":["GET"]}}],"collection":[{"href":"https:\/\/szekacs.lutheran.hu\/iskola\/wp-json\/wp\/v2\/posts"}],"about":[{"href":"https:\/\/szekacs.lutheran.hu\/iskola\/wp-json\/wp\/v2\/types\/post"}],"author":[{"embeddable":true,"href":"https:\/\/szekacs.lutheran.hu\/iskola\/wp-json\/wp\/v2\/users\/1"}],"replies":[{"embeddable":true,"href":"https:\/\/szekacs.lutheran.hu\/iskola\/wp-json\/wp\/v2\/comments?post=21987"}],"version-history":[{"count":1,"href":"https:\/\/szekacs.lutheran.hu\/iskola\/wp-json\/wp\/v2\/posts\/21987\/revisions"}],"predecessor-version":[{"id":21989,"href":"https:\/\/szekacs.lutheran.hu\/iskola\/wp-json\/wp\/v2\/posts\/21987\/revisions\/21989"}],"wp:featuredmedia":[{"embeddable":true,"href":"https:\/\/szekacs.lutheran.hu\/iskola\/wp-json\/wp\/v2\/media\/21988"}],"wp:attachment":[{"href":"https:\/\/szekacs.lutheran.hu\/iskola\/wp-json\/wp\/v2\/media?parent=21987"}],"wp:term":[{"taxonomy":"category","embeddable":true,"href":"https:\/\/szekacs.lutheran.hu\/iskola\/wp-json\/wp\/v2\/categories?post=21987"},{"taxonomy":"post_tag","embeddable":true,"href":"https:\/\/szekacs.lutheran.hu\/iskola\/wp-json\/wp\/v2\/tags?post=21987"}],"curies":[{"name":"wp","href":"https:\/\/api.w.org\/{rel}","templated":true}]}}