{"id":21943,"date":"2020-03-20T13:40:16","date_gmt":"2020-03-20T13:40:16","guid":{"rendered":"https:\/\/szekacs.lutheran.hu\/iskola\/?p=21943"},"modified":"2020-09-23T12:25:36","modified_gmt":"2020-09-23T12:25:36","slug":"a-grund-mi-vagyunk-2","status":"publish","type":"post","link":"https:\/\/szekacs.lutheran.hu\/iskola\/a-grund-mi-vagyunk-2\/","title":{"rendered":"&#8222;A Grund mi vagyunk&#8221;"},"content":{"rendered":"\n<p>A koronav\u00edrus-fert\u0151z\u00e9s j\u00e1rv\u00e1nyszer\u0171 elterjed\u00e9s\u00e9nek\nmegakad\u00e1lyoz\u00e1sa \u00e9rdek\u00e9ben ebben az \u00e9vben nem a Sz\u00e9k\u00e1cs-h\u00e9thez kapcsol\u00f3dik a\ntehets\u00e9ges di\u00e1kokat bemutat\u00f3 <strong>Sz\u00e9k\u00e1cs\ng\u00e1la<\/strong>, hanem egy k\u00e9s\u0151bbi id\u0151pontban fogjuk megrendezni. Az elm\u00falt hetekben\nsokan gyakoroltak m\u00e1r, hogy fell\u00e9phessenek az iskola \u00e9s a v\u00e1ros k\u00f6z\u00f6ns\u00e9ge\nel\u0151tt.<\/p>\n\n\n\n<p>\u201eA Grund mi vagyunk\u201d &#8211; ezzel a jelmondattal k\u00e9sz\u00fclt\u00fcnk a <strong>Sz\u00e9k\u00e1cs g\u00e1l\u00e1ra<\/strong>. Ma 18 \u00f3r\u00e1ra tervezt\u00fck. Az esem\u00e9nyek m\u00e1sk\u00e9pp alakultak, az \u00e9let fel\u00fcl\u00edrta a terveket, mi m\u00e9gis \u00fagy \u00e9rezz\u00fck: <strong>b\u00e1r most \u00e9pp virtu\u00e1lis ez a Grund, m\u00e9gis mind idetartozunk<\/strong>! <\/p>\n\n\n\n<p>Az als\u00f3 tagozatosok kisk\u00f3rusa a n\u00e9pszer\u0171 musical bet\u00e9tdal\u00e1val k\u00e9sz\u00fclt. Ebb\u0151l l\u00e1thatnak egy kis \u00edzel\u00edt\u0151t \u2013 mintegy k\u00e1rp\u00f3tl\u00e1sul az elmaradt a g\u00e1l\u00e1\u00e9rt, \u00e9s rem\u00e9nys\u00e9gk\u00e9nt a j\u00f6v\u0151re n\u00e9zve. <\/p>\n\n\n\n<figure class=\"wp-block-video\"><video controls src=\"https:\/\/szekacs.lutheran.hu\/iskola\/wp-content\/uploads\/2020\/03\/A-grund-mi-vagyunk-kiskorus-2.mp4\"><\/video><\/figure>\n","protected":false},"excerpt":{"rendered":"<p>A koronav\u00edrus-fert\u0151z\u00e9s j\u00e1rv\u00e1nyszer\u0171 elterjed\u00e9s\u00e9nek megakad\u00e1lyoz\u00e1sa \u00e9rdek\u00e9ben ebben az \u00e9vben nem a Sz\u00e9k\u00e1cs-h\u00e9thez kapcsol\u00f3dik a tehets\u00e9ges di\u00e1kokat bemutat\u00f3 Sz\u00e9k\u00e1cs g\u00e1la, hanem&#8230;<\/p>\n","protected":false},"author":1,"featured_media":21937,"comment_status":"closed","ping_status":"closed","sticky":false,"template":"","format":"video","meta":{"footnotes":""},"categories":[43],"tags":[],"class_list":["post-21943","post","type-post","status-publish","format-video","has-post-thumbnail","hentry","category-iskolai-elet","post_format-post-format-video"],"yoast_head":"<!-- This site is optimized with the Yoast SEO plugin v26.2 - https:\/\/yoast.com\/wordpress\/plugins\/seo\/ -->\n<title>&quot;A Grund mi vagyunk&quot; - Sz\u00e9k\u00e1cs J\u00f3zsef Evang\u00e9likus \u00d3voda, \u00c1ltal\u00e1nos Iskola \u00e9s Gimn\u00e1zium<\/title>\n<meta name=\"robots\" content=\"index, follow, max-snippet:-1, max-image-preview:large, max-video-preview:-1\" \/>\n<link rel=\"canonical\" href=\"https:\/\/szekacs.lutheran.hu\/iskola\/a-grund-mi-vagyunk-2\/\" \/>\n<meta property=\"og:locale\" content=\"hu_HU\" \/>\n<meta property=\"og:type\" content=\"article\" \/>\n<meta property=\"og:title\" content=\"&quot;A Grund mi vagyunk&quot; - Sz\u00e9k\u00e1cs J\u00f3zsef Evang\u00e9likus \u00d3voda, \u00c1ltal\u00e1nos Iskola \u00e9s Gimn\u00e1zium\" \/>\n<meta property=\"og:description\" content=\"A koronav\u00edrus-fert\u0151z\u00e9s j\u00e1rv\u00e1nyszer\u0171 elterjed\u00e9s\u00e9nek megakad\u00e1lyoz\u00e1sa \u00e9rdek\u00e9ben ebben az \u00e9vben nem a Sz\u00e9k\u00e1cs-h\u00e9thez kapcsol\u00f3dik a tehets\u00e9ges di\u00e1kokat bemutat\u00f3 Sz\u00e9k\u00e1cs g\u00e1la, hanem...\" \/>\n<meta property=\"og:url\" content=\"https:\/\/szekacs.lutheran.hu\/iskola\/a-grund-mi-vagyunk-2\/\" \/>\n<meta property=\"og:site_name\" content=\"Sz\u00e9k\u00e1cs J\u00f3zsef Evang\u00e9likus \u00d3voda, \u00c1ltal\u00e1nos Iskola \u00e9s Gimn\u00e1zium\" \/>\n<meta property=\"article:published_time\" content=\"2020-03-20T13:40:16+00:00\" \/>\n<meta property=\"article:modified_time\" content=\"2020-09-23T12:25:36+00:00\" \/>\n<meta property=\"og:image\" content=\"https:\/\/szekacs.lutheran.hu\/iskola\/wp-content\/uploads\/2020\/03\/A-Grund-mi-vagyunk.png\" \/>\n\t<meta property=\"og:image:width\" content=\"945\" \/>\n\t<meta property=\"og:image:height\" content=\"520\" \/>\n\t<meta property=\"og:image:type\" content=\"image\/png\" \/>\n<meta name=\"author\" content=\"admin\" \/>\n<meta name=\"twitter:card\" content=\"summary_large_image\" \/>\n<meta name=\"twitter:label1\" content=\"Szerz\u0151:\" \/>\n\t<meta name=\"twitter:data1\" content=\"admin\" \/>\n\t<meta name=\"twitter:label2\" content=\"Becs\u00fclt olvas\u00e1si id\u0151\" \/>\n\t<meta name=\"twitter:data2\" content=\"1 perc\" \/>\n<script type=\"application\/ld+json\" class=\"yoast-schema-graph\">{\"@context\":\"https:\/\/schema.org\",\"@graph\":[{\"@type\":\"WebPage\",\"@id\":\"https:\/\/szekacs.lutheran.hu\/iskola\/a-grund-mi-vagyunk-2\/\",\"url\":\"https:\/\/szekacs.lutheran.hu\/iskola\/a-grund-mi-vagyunk-2\/\",\"name\":\"\\\"A Grund mi vagyunk\\\" - Sz\u00e9k\u00e1cs J\u00f3zsef Evang\u00e9likus \u00d3voda, \u00c1ltal\u00e1nos Iskola \u00e9s Gimn\u00e1zium\",\"isPartOf\":{\"@id\":\"https:\/\/szekacs.lutheran.hu\/iskola\/#website\"},\"primaryImageOfPage\":{\"@id\":\"https:\/\/szekacs.lutheran.hu\/iskola\/a-grund-mi-vagyunk-2\/#primaryimage\"},\"image\":{\"@id\":\"https:\/\/szekacs.lutheran.hu\/iskola\/a-grund-mi-vagyunk-2\/#primaryimage\"},\"thumbnailUrl\":\"https:\/\/szekacs.lutheran.hu\/iskola\/wp-content\/uploads\/2020\/03\/A-Grund-mi-vagyunk.png\",\"datePublished\":\"2020-03-20T13:40:16+00:00\",\"dateModified\":\"2020-09-23T12:25:36+00:00\",\"author\":{\"@id\":\"https:\/\/szekacs.lutheran.hu\/iskola\/#\/schema\/person\/c2ed2e14631babb098c586494bc7d5df\"},\"breadcrumb\":{\"@id\":\"https:\/\/szekacs.lutheran.hu\/iskola\/a-grund-mi-vagyunk-2\/#breadcrumb\"},\"inLanguage\":\"hu\",\"potentialAction\":[{\"@type\":\"ReadAction\",\"target\":[\"https:\/\/szekacs.lutheran.hu\/iskola\/a-grund-mi-vagyunk-2\/\"]}]},{\"@type\":\"ImageObject\",\"inLanguage\":\"hu\",\"@id\":\"https:\/\/szekacs.lutheran.hu\/iskola\/a-grund-mi-vagyunk-2\/#primaryimage\",\"url\":\"https:\/\/szekacs.lutheran.hu\/iskola\/wp-content\/uploads\/2020\/03\/A-Grund-mi-vagyunk.png\",\"contentUrl\":\"https:\/\/szekacs.lutheran.hu\/iskola\/wp-content\/uploads\/2020\/03\/A-Grund-mi-vagyunk.png\",\"width\":945,\"height\":520},{\"@type\":\"BreadcrumbList\",\"@id\":\"https:\/\/szekacs.lutheran.hu\/iskola\/a-grund-mi-vagyunk-2\/#breadcrumb\",\"itemListElement\":[{\"@type\":\"ListItem\",\"position\":1,\"name\":\"Home\",\"item\":\"https:\/\/szekacs.lutheran.hu\/iskola\/\"},{\"@type\":\"ListItem\",\"position\":2,\"name\":\"&#8222;A Grund mi vagyunk&#8221;\"}]},{\"@type\":\"WebSite\",\"@id\":\"https:\/\/szekacs.lutheran.hu\/iskola\/#website\",\"url\":\"https:\/\/szekacs.lutheran.hu\/iskola\/\",\"name\":\"Sz\u00e9k\u00e1cs J\u00f3zsef Evang\u00e9likus \u00d3voda, \u00c1ltal\u00e1nos Iskola \u00e9s Gimn\u00e1zium\",\"description\":\"\",\"potentialAction\":[{\"@type\":\"SearchAction\",\"target\":{\"@type\":\"EntryPoint\",\"urlTemplate\":\"https:\/\/szekacs.lutheran.hu\/iskola\/?s={search_term_string}\"},\"query-input\":{\"@type\":\"PropertyValueSpecification\",\"valueRequired\":true,\"valueName\":\"search_term_string\"}}],\"inLanguage\":\"hu\"},{\"@type\":\"Person\",\"@id\":\"https:\/\/szekacs.lutheran.hu\/iskola\/#\/schema\/person\/c2ed2e14631babb098c586494bc7d5df\",\"name\":\"admin\",\"image\":{\"@type\":\"ImageObject\",\"inLanguage\":\"hu\",\"@id\":\"https:\/\/szekacs.lutheran.hu\/iskola\/#\/schema\/person\/image\/\",\"url\":\"https:\/\/secure.gravatar.com\/avatar\/2d9a947cd9a162ca4e5eb73e817e43edd8dcbc6e501b39fb999fb53d65e181f4?s=96&d=mm&r=g\",\"contentUrl\":\"https:\/\/secure.gravatar.com\/avatar\/2d9a947cd9a162ca4e5eb73e817e43edd8dcbc6e501b39fb999fb53d65e181f4?s=96&d=mm&r=g\",\"caption\":\"admin\"},\"url\":\"https:\/\/szekacs.lutheran.hu\/iskola\/author\/admin\/\"}]}<\/script>\n<!-- \/ Yoast SEO plugin. -->","yoast_head_json":{"title":"\"A Grund mi vagyunk\" - Sz\u00e9k\u00e1cs J\u00f3zsef Evang\u00e9likus \u00d3voda, \u00c1ltal\u00e1nos Iskola \u00e9s Gimn\u00e1zium","robots":{"index":"index","follow":"follow","max-snippet":"max-snippet:-1","max-image-preview":"max-image-preview:large","max-video-preview":"max-video-preview:-1"},"canonical":"https:\/\/szekacs.lutheran.hu\/iskola\/a-grund-mi-vagyunk-2\/","og_locale":"hu_HU","og_type":"article","og_title":"\"A Grund mi vagyunk\" - Sz\u00e9k\u00e1cs J\u00f3zsef Evang\u00e9likus \u00d3voda, \u00c1ltal\u00e1nos Iskola \u00e9s Gimn\u00e1zium","og_description":"A koronav\u00edrus-fert\u0151z\u00e9s j\u00e1rv\u00e1nyszer\u0171 elterjed\u00e9s\u00e9nek megakad\u00e1lyoz\u00e1sa \u00e9rdek\u00e9ben ebben az \u00e9vben nem a Sz\u00e9k\u00e1cs-h\u00e9thez kapcsol\u00f3dik a tehets\u00e9ges di\u00e1kokat bemutat\u00f3 Sz\u00e9k\u00e1cs g\u00e1la, hanem...","og_url":"https:\/\/szekacs.lutheran.hu\/iskola\/a-grund-mi-vagyunk-2\/","og_site_name":"Sz\u00e9k\u00e1cs J\u00f3zsef Evang\u00e9likus \u00d3voda, \u00c1ltal\u00e1nos Iskola \u00e9s Gimn\u00e1zium","article_published_time":"2020-03-20T13:40:16+00:00","article_modified_time":"2020-09-23T12:25:36+00:00","og_image":[{"width":945,"height":520,"url":"https:\/\/szekacs.lutheran.hu\/iskola\/wp-content\/uploads\/2020\/03\/A-Grund-mi-vagyunk.png","type":"image\/png"}],"author":"admin","twitter_card":"summary_large_image","twitter_misc":{"Szerz\u0151:":"admin","Becs\u00fclt olvas\u00e1si id\u0151":"1 perc"},"schema":{"@context":"https:\/\/schema.org","@graph":[{"@type":"WebPage","@id":"https:\/\/szekacs.lutheran.hu\/iskola\/a-grund-mi-vagyunk-2\/","url":"https:\/\/szekacs.lutheran.hu\/iskola\/a-grund-mi-vagyunk-2\/","name":"\"A Grund mi vagyunk\" - Sz\u00e9k\u00e1cs J\u00f3zsef Evang\u00e9likus \u00d3voda, \u00c1ltal\u00e1nos Iskola \u00e9s Gimn\u00e1zium","isPartOf":{"@id":"https:\/\/szekacs.lutheran.hu\/iskola\/#website"},"primaryImageOfPage":{"@id":"https:\/\/szekacs.lutheran.hu\/iskola\/a-grund-mi-vagyunk-2\/#primaryimage"},"image":{"@id":"https:\/\/szekacs.lutheran.hu\/iskola\/a-grund-mi-vagyunk-2\/#primaryimage"},"thumbnailUrl":"https:\/\/szekacs.lutheran.hu\/iskola\/wp-content\/uploads\/2020\/03\/A-Grund-mi-vagyunk.png","datePublished":"2020-03-20T13:40:16+00:00","dateModified":"2020-09-23T12:25:36+00:00","author":{"@id":"https:\/\/szekacs.lutheran.hu\/iskola\/#\/schema\/person\/c2ed2e14631babb098c586494bc7d5df"},"breadcrumb":{"@id":"https:\/\/szekacs.lutheran.hu\/iskola\/a-grund-mi-vagyunk-2\/#breadcrumb"},"inLanguage":"hu","potentialAction":[{"@type":"ReadAction","target":["https:\/\/szekacs.lutheran.hu\/iskola\/a-grund-mi-vagyunk-2\/"]}]},{"@type":"ImageObject","inLanguage":"hu","@id":"https:\/\/szekacs.lutheran.hu\/iskola\/a-grund-mi-vagyunk-2\/#primaryimage","url":"https:\/\/szekacs.lutheran.hu\/iskola\/wp-content\/uploads\/2020\/03\/A-Grund-mi-vagyunk.png","contentUrl":"https:\/\/szekacs.lutheran.hu\/iskola\/wp-content\/uploads\/2020\/03\/A-Grund-mi-vagyunk.png","width":945,"height":520},{"@type":"BreadcrumbList","@id":"https:\/\/szekacs.lutheran.hu\/iskola\/a-grund-mi-vagyunk-2\/#breadcrumb","itemListElement":[{"@type":"ListItem","position":1,"name":"Home","item":"https:\/\/szekacs.lutheran.hu\/iskola\/"},{"@type":"ListItem","position":2,"name":"&#8222;A Grund mi vagyunk&#8221;"}]},{"@type":"WebSite","@id":"https:\/\/szekacs.lutheran.hu\/iskola\/#website","url":"https:\/\/szekacs.lutheran.hu\/iskola\/","name":"Sz\u00e9k\u00e1cs J\u00f3zsef Evang\u00e9likus \u00d3voda, \u00c1ltal\u00e1nos Iskola \u00e9s Gimn\u00e1zium","description":"","potentialAction":[{"@type":"SearchAction","target":{"@type":"EntryPoint","urlTemplate":"https:\/\/szekacs.lutheran.hu\/iskola\/?s={search_term_string}"},"query-input":{"@type":"PropertyValueSpecification","valueRequired":true,"valueName":"search_term_string"}}],"inLanguage":"hu"},{"@type":"Person","@id":"https:\/\/szekacs.lutheran.hu\/iskola\/#\/schema\/person\/c2ed2e14631babb098c586494bc7d5df","name":"admin","image":{"@type":"ImageObject","inLanguage":"hu","@id":"https:\/\/szekacs.lutheran.hu\/iskola\/#\/schema\/person\/image\/","url":"https:\/\/secure.gravatar.com\/avatar\/2d9a947cd9a162ca4e5eb73e817e43edd8dcbc6e501b39fb999fb53d65e181f4?s=96&d=mm&r=g","contentUrl":"https:\/\/secure.gravatar.com\/avatar\/2d9a947cd9a162ca4e5eb73e817e43edd8dcbc6e501b39fb999fb53d65e181f4?s=96&d=mm&r=g","caption":"admin"},"url":"https:\/\/szekacs.lutheran.hu\/iskola\/author\/admin\/"}]}},"_links":{"self":[{"href":"https:\/\/szekacs.lutheran.hu\/iskola\/wp-json\/wp\/v2\/posts\/21943","targetHints":{"allow":["GET"]}}],"collection":[{"href":"https:\/\/szekacs.lutheran.hu\/iskola\/wp-json\/wp\/v2\/posts"}],"about":[{"href":"https:\/\/szekacs.lutheran.hu\/iskola\/wp-json\/wp\/v2\/types\/post"}],"author":[{"embeddable":true,"href":"https:\/\/szekacs.lutheran.hu\/iskola\/wp-json\/wp\/v2\/users\/1"}],"replies":[{"embeddable":true,"href":"https:\/\/szekacs.lutheran.hu\/iskola\/wp-json\/wp\/v2\/comments?post=21943"}],"version-history":[{"count":2,"href":"https:\/\/szekacs.lutheran.hu\/iskola\/wp-json\/wp\/v2\/posts\/21943\/revisions"}],"predecessor-version":[{"id":21946,"href":"https:\/\/szekacs.lutheran.hu\/iskola\/wp-json\/wp\/v2\/posts\/21943\/revisions\/21946"}],"wp:featuredmedia":[{"embeddable":true,"href":"https:\/\/szekacs.lutheran.hu\/iskola\/wp-json\/wp\/v2\/media\/21937"}],"wp:attachment":[{"href":"https:\/\/szekacs.lutheran.hu\/iskola\/wp-json\/wp\/v2\/media?parent=21943"}],"wp:term":[{"taxonomy":"category","embeddable":true,"href":"https:\/\/szekacs.lutheran.hu\/iskola\/wp-json\/wp\/v2\/categories?post=21943"},{"taxonomy":"post_tag","embeddable":true,"href":"https:\/\/szekacs.lutheran.hu\/iskola\/wp-json\/wp\/v2\/tags?post=21943"}],"curies":[{"name":"wp","href":"https:\/\/api.w.org\/{rel}","templated":true}]}}